{"id":48805,"date":"2011-07-12T07:32:57","date_gmt":"2011-07-12T06:32:57","guid":{"rendered":"http:\/\/www.visit-ulcinj.com\/blog\/?p=48805"},"modified":"2011-07-12T07:33:08","modified_gmt":"2011-07-12T06:33:08","slug":"gostiju-mnogo-para-malo","status":"publish","type":"post","link":"https:\/\/www.visit-ulcinj.com\/blog\/2011\/07\/12\/gostiju-mnogo-para-malo\/","title":{"rendered":"Gostiju mnogo, para malo"},"content":{"rendered":"<p><a href=\"http:\/\/www.visit-ulcinj.com\/blog\/wp-content\/uploads\/2011\/07\/Ulcinj_Guzva-i-u-moru_Crna-Gora.jpg\"><img loading=\"lazy\" class=\"alignleft size-full wp-image-48806\" title=\"Ulcinj_Guzva-i-u-moru_Crna Gora\" src=\"http:\/\/www.visit-ulcinj.com\/blog\/wp-content\/uploads\/2011\/07\/Ulcinj_Guzva-i-u-moru_Crna-Gora.jpg\" alt=\"\" width=\"508\" height=\"380\" srcset=\"https:\/\/www.visit-ulcinj.com\/blog\/wp-content\/uploads\/2011\/07\/Ulcinj_Guzva-i-u-moru_Crna-Gora.jpg 800w, https:\/\/www.visit-ulcinj.com\/blog\/wp-content\/uploads\/2011\/07\/Ulcinj_Guzva-i-u-moru_Crna-Gora-300x225.jpg 300w\" sizes=\"(max-width: 508px) 100vw, 508px\" \/><\/a>Zvani\u010dni podaci o broju no\u0107enja pokazuju da je na ulcinjskoj rivijeri sezona veoma dobra. Gostiju je za \u010dak za 30 odsto vi\u0161e nego lani, a u hotelima dva puta vi\u0161e. I struktura je znatno izmijenjena u odnosu na pro\u0161le godine: mnogo je vi\u0161e turista iz Srednje Evrope. Poljaci, Slovaci i \u010cesi, mogu se vi\u0111eti na svakom koraku. Najmanje je, me\u0111utim, onih koje Ulcinjani najvi\u0161e vole i na koje uvijek pomisle kada je turizam u pitanju: Njemaca.<\/p>\n<p>ZONA: Ono \u0161to je za sve koji u Ulcinju \u017eive od ove privredne grane, odnosno za 80 odsto stanovni\u0161tva va\u017eno, jeste da je sezona ove godine po\u010dela desetak dana ranije nego prethodnih. Pune pla\u017ee, zastoji u saobra\u0107aju, gu\u017eve u prodavnicama i kafi\u0107ima svjedo\u010de o tome da je gostiju bar tri puta vi\u0161e od registrovanog broja. Da bi se izbjegao kolaps u saobra\u0107aju i da bi se pje\u0161acima omogu\u0107ila nesmetana \u0161etnja, ve\u0107 15. juna dio puta od \u010car\u0161ije prema Maloj pla\u017ei, kao i taj dio grada pretvoreni su u pje\u0161a\u010dku zonu. No, pitanje je koliko \u0107e biti gostiju manje u avgustu, posebno onih iz Bosne i Hercegovine i sa Kosova, jer \u0107e sveti muslimanski mjesec posta ramazan, ove godine po\u010deti upravo 1. avgusta. Mo\u017eda se taj pad, ipak, nadoknadi u septembru. Hiljade gostiju uglavnom s Kosova sti\u017eu u Ulcinj i vikendima izvan sezone, autoputem preko Albanije. Iz Pri\u0161tine se u Ulcinj ugodno putuje za \u010detiri sata. Vi\u0161e je, kako se sla\u017eu turisti\u010dki radnici u toj op\u0161tini, za ulcinjski turizam zna\u010dio taj autoput nego sve investicije dr\u017eave u protekle dvije decenije. Mjera njezinih neuspjeha jeste upravo tu\u017eno stanje puta od Ulcinja prema grani\u010dnom prijelazu Sukobin, koji u sezoni svakodnevno pre\u0111e preko deset hiljada vozila!<\/p>\n<p>POSAO: ,,Dosada\u0161nji tok sezone pokazuje da najbolje posluju oni koji poslu najozbiljnije pristupaju, oni koji su spremni posvetiti se turizmu od juna do septembra gotovo 24 sata na dan. Turizam danas nije samo nauka, ve\u0107 i zanat, posve\u0107enost, ljubav &#8220;, ka\u017ee za Monitor jedan od najpoznatijih turisti\u010dkih radnika u toj op\u0161tini D\u017eaudet-D\u017eo Abazovi\u0107.<\/p>\n<p>&nbsp;<\/p>\n<h3><a href=\"http:\/\/www.monitor.co.me\/index.php?option=com_content&amp;view=article&amp;id=1337:gostiju-mnogo-para-malo&amp;catid=133:novi-broj-tekstovi&amp;Itemid=1267\" target=\"_blank\"><strong><strong>Pro\u010ditaj vijest do kraja &gt;&gt; Monitor Online &gt;&gt; Mustafa CANKA<\/strong><\/strong><\/a><\/h3>\n<!--YouTube Error: bad URL entered-->\n","protected":false},"excerpt":{"rendered":"<p>Zvani\u010dni podaci o broju no\u0107enja pokazuju da je na ulcinjskoj rivijeri sezona veoma dobra. Gostiju je za \u010dak za 30 odsto vi\u0161e nego lani, a u hotelima dva puta vi\u0161e. I struktura je znatno izmijenjena u odnosu na pro\u0161le godine: mnogo je vi\u0161e turista iz Srednje Evrope. Poljaci, Slovaci i \u010cesi, mogu se vi\u0111eti na [&hellip;]<\/p>\n","protected":false},"author":1,"featured_media":0,"comment_status":"open","ping_status":"closed","sticky":false,"template":"","format":"standard","meta":{"spay_email":"","jetpack_publicize_message":"","jetpack_is_tweetstorm":false,"jetpack_publicize_feature_enabled":true},"categories":[8337],"tags":[5276,19],"jetpack_publicize_connections":[],"yoast_head":"<!-- This site is optimized with the Yoast SEO plugin v19.1 - https:\/\/yoast.com\/wordpress\/plugins\/seo\/ -->\n<title>Gostiju mnogo, para malo - Lajme nga Ulqini<\/title>\n<meta name=\"description\" content=\"Zvani\u010dni podaci o broju no\u0107enja pokazuju da je na ulcinjskoj rivijeri sezona veoma dobra. Gostiju je za \u010dak za 30 odsto vi\u0161e nego lani, a u hotelima dva\" \/>\n<meta name=\"robots\" content=\"index, follow, max-snippet:-1, max-image-preview:large, max-video-preview:-1\" \/>\n<link rel=\"canonical\" href=\"https:\/\/www.visit-ulcinj.com\/blog\/2011\/07\/12\/gostiju-mnogo-para-malo\/\" \/>\n<meta property=\"og:locale\" content=\"en_US\" \/>\n<meta property=\"og:type\" content=\"article\" \/>\n<meta property=\"og:title\" content=\"Gostiju mnogo, para malo - Lajme nga Ulqini\" \/>\n<meta property=\"og:description\" content=\"Zvani\u010dni podaci o broju no\u0107enja pokazuju da je na ulcinjskoj rivijeri sezona veoma dobra. Gostiju je za \u010dak za 30 odsto vi\u0161e nego lani, a u hotelima dva\" \/>\n<meta property=\"og:url\" content=\"https:\/\/www.visit-ulcinj.com\/blog\/2011\/07\/12\/gostiju-mnogo-para-malo\/\" \/>\n<meta property=\"og:site_name\" content=\"Lajme nga Ulqini\" \/>\n<meta property=\"article:published_time\" content=\"2011-07-12T06:32:57+00:00\" \/>\n<meta property=\"article:modified_time\" content=\"2011-07-12T06:33:08+00:00\" \/>\n<meta property=\"og:image\" content=\"http:\/\/www.visit-ulcinj.com\/blog\/wp-content\/uploads\/2011\/07\/Ulcinj_Guzva-i-u-moru_Crna-Gora.jpg\" \/>\n<meta name=\"twitter:label1\" content=\"Written by\" \/>\n\t<meta name=\"twitter:data1\" content=\"ulqini\" \/>\n\t<meta name=\"twitter:label2\" content=\"Est. reading time\" \/>\n\t<meta name=\"twitter:data2\" content=\"2 minutes\" \/>\n<script type=\"application\/ld+json\" class=\"yoast-schema-graph\">{\"@context\":\"https:\/\/schema.org\",\"@graph\":[{\"@type\":\"WebSite\",\"@id\":\"https:\/\/www.visit-ulcinj.com\/blog\/#website\",\"url\":\"https:\/\/www.visit-ulcinj.com\/blog\/\",\"name\":\"Lajme nga Ulqini\",\"description\":\"Lajme,Vijesti,Ulqini,Ulqin,Crna Gora,Mali i Zi\",\"potentialAction\":[{\"@type\":\"SearchAction\",\"target\":{\"@type\":\"EntryPoint\",\"urlTemplate\":\"https:\/\/www.visit-ulcinj.com\/blog\/?s={search_term_string}\"},\"query-input\":\"required name=search_term_string\"}],\"inLanguage\":\"en-US\"},{\"@type\":\"ImageObject\",\"inLanguage\":\"en-US\",\"@id\":\"https:\/\/www.visit-ulcinj.com\/blog\/2011\/07\/12\/gostiju-mnogo-para-malo\/#primaryimage\",\"url\":\"https:\/\/www.visit-ulcinj.com\/blog\/wp-content\/uploads\/2011\/07\/Ulcinj_Guzva-i-u-moru_Crna-Gora.jpg\",\"contentUrl\":\"https:\/\/www.visit-ulcinj.com\/blog\/wp-content\/uploads\/2011\/07\/Ulcinj_Guzva-i-u-moru_Crna-Gora.jpg\",\"width\":\"800\",\"height\":\"600\"},{\"@type\":\"WebPage\",\"@id\":\"https:\/\/www.visit-ulcinj.com\/blog\/2011\/07\/12\/gostiju-mnogo-para-malo\/#webpage\",\"url\":\"https:\/\/www.visit-ulcinj.com\/blog\/2011\/07\/12\/gostiju-mnogo-para-malo\/\",\"name\":\"Gostiju mnogo, para malo - Lajme nga Ulqini\",\"isPartOf\":{\"@id\":\"https:\/\/www.visit-ulcinj.com\/blog\/#website\"},\"primaryImageOfPage\":{\"@id\":\"https:\/\/www.visit-ulcinj.com\/blog\/2011\/07\/12\/gostiju-mnogo-para-malo\/#primaryimage\"},\"datePublished\":\"2011-07-12T06:32:57+00:00\",\"dateModified\":\"2011-07-12T06:33:08+00:00\",\"author\":{\"@id\":\"https:\/\/www.visit-ulcinj.com\/blog\/#\/schema\/person\/dcab619c614d3038751c63bc2aadc06d\"},\"description\":\"Zvani\u010dni podaci o broju no\u0107enja pokazuju da je na ulcinjskoj rivijeri sezona veoma dobra. Gostiju je za \u010dak za 30 odsto vi\u0161e nego lani, a u hotelima dva\",\"breadcrumb\":{\"@id\":\"https:\/\/www.visit-ulcinj.com\/blog\/2011\/07\/12\/gostiju-mnogo-para-malo\/#breadcrumb\"},\"inLanguage\":\"en-US\",\"potentialAction\":[{\"@type\":\"ReadAction\",\"target\":[\"https:\/\/www.visit-ulcinj.com\/blog\/2011\/07\/12\/gostiju-mnogo-para-malo\/\"]}]},{\"@type\":\"BreadcrumbList\",\"@id\":\"https:\/\/www.visit-ulcinj.com\/blog\/2011\/07\/12\/gostiju-mnogo-para-malo\/#breadcrumb\",\"itemListElement\":[{\"@type\":\"ListItem\",\"position\":1,\"name\":\"Gostiju mnogo, para malo\"}]},{\"@type\":\"Person\",\"@id\":\"https:\/\/www.visit-ulcinj.com\/blog\/#\/schema\/person\/dcab619c614d3038751c63bc2aadc06d\",\"name\":\"ulqini\",\"sameAs\":[\"http:\/\/www.visit-ulcinj.com\"],\"url\":\"https:\/\/www.visit-ulcinj.com\/blog\/author\/admin\/\"}]}<\/script>\n<!-- \/ Yoast SEO plugin. -->","yoast_head_json":{"title":"Gostiju mnogo, para malo - Lajme nga Ulqini","description":"Zvani\u010dni podaci o broju no\u0107enja pokazuju da je na ulcinjskoj rivijeri sezona veoma dobra. Gostiju je za \u010dak za 30 odsto vi\u0161e nego lani, a u hotelima dva","robots":{"index":"index","follow":"follow","max-snippet":"max-snippet:-1","max-image-preview":"max-image-preview:large","max-video-preview":"max-video-preview:-1"},"canonical":"https:\/\/www.visit-ulcinj.com\/blog\/2011\/07\/12\/gostiju-mnogo-para-malo\/","og_locale":"en_US","og_type":"article","og_title":"Gostiju mnogo, para malo - Lajme nga Ulqini","og_description":"Zvani\u010dni podaci o broju no\u0107enja pokazuju da je na ulcinjskoj rivijeri sezona veoma dobra. Gostiju je za \u010dak za 30 odsto vi\u0161e nego lani, a u hotelima dva","og_url":"https:\/\/www.visit-ulcinj.com\/blog\/2011\/07\/12\/gostiju-mnogo-para-malo\/","og_site_name":"Lajme nga Ulqini","article_published_time":"2011-07-12T06:32:57+00:00","article_modified_time":"2011-07-12T06:33:08+00:00","og_image":[{"url":"http:\/\/www.visit-ulcinj.com\/blog\/wp-content\/uploads\/2011\/07\/Ulcinj_Guzva-i-u-moru_Crna-Gora.jpg"}],"twitter_misc":{"Written by":"ulqini","Est. reading time":"2 minutes"},"schema":{"@context":"https:\/\/schema.org","@graph":[{"@type":"WebSite","@id":"https:\/\/www.visit-ulcinj.com\/blog\/#website","url":"https:\/\/www.visit-ulcinj.com\/blog\/","name":"Lajme nga Ulqini","description":"Lajme,Vijesti,Ulqini,Ulqin,Crna Gora,Mali i Zi","potentialAction":[{"@type":"SearchAction","target":{"@type":"EntryPoint","urlTemplate":"https:\/\/www.visit-ulcinj.com\/blog\/?s={search_term_string}"},"query-input":"required name=search_term_string"}],"inLanguage":"en-US"},{"@type":"ImageObject","inLanguage":"en-US","@id":"https:\/\/www.visit-ulcinj.com\/blog\/2011\/07\/12\/gostiju-mnogo-para-malo\/#primaryimage","url":"https:\/\/www.visit-ulcinj.com\/blog\/wp-content\/uploads\/2011\/07\/Ulcinj_Guzva-i-u-moru_Crna-Gora.jpg","contentUrl":"https:\/\/www.visit-ulcinj.com\/blog\/wp-content\/uploads\/2011\/07\/Ulcinj_Guzva-i-u-moru_Crna-Gora.jpg","width":"800","height":"600"},{"@type":"WebPage","@id":"https:\/\/www.visit-ulcinj.com\/blog\/2011\/07\/12\/gostiju-mnogo-para-malo\/#webpage","url":"https:\/\/www.visit-ulcinj.com\/blog\/2011\/07\/12\/gostiju-mnogo-para-malo\/","name":"Gostiju mnogo, para malo - Lajme nga Ulqini","isPartOf":{"@id":"https:\/\/www.visit-ulcinj.com\/blog\/#website"},"primaryImageOfPage":{"@id":"https:\/\/www.visit-ulcinj.com\/blog\/2011\/07\/12\/gostiju-mnogo-para-malo\/#primaryimage"},"datePublished":"2011-07-12T06:32:57+00:00","dateModified":"2011-07-12T06:33:08+00:00","author":{"@id":"https:\/\/www.visit-ulcinj.com\/blog\/#\/schema\/person\/dcab619c614d3038751c63bc2aadc06d"},"description":"Zvani\u010dni podaci o broju no\u0107enja pokazuju da je na ulcinjskoj rivijeri sezona veoma dobra. Gostiju je za \u010dak za 30 odsto vi\u0161e nego lani, a u hotelima dva","breadcrumb":{"@id":"https:\/\/www.visit-ulcinj.com\/blog\/2011\/07\/12\/gostiju-mnogo-para-malo\/#breadcrumb"},"inLanguage":"en-US","potentialAction":[{"@type":"ReadAction","target":["https:\/\/www.visit-ulcinj.com\/blog\/2011\/07\/12\/gostiju-mnogo-para-malo\/"]}]},{"@type":"BreadcrumbList","@id":"https:\/\/www.visit-ulcinj.com\/blog\/2011\/07\/12\/gostiju-mnogo-para-malo\/#breadcrumb","itemListElement":[{"@type":"ListItem","position":1,"name":"Gostiju mnogo, para malo"}]},{"@type":"Person","@id":"https:\/\/www.visit-ulcinj.com\/blog\/#\/schema\/person\/dcab619c614d3038751c63bc2aadc06d","name":"ulqini","sameAs":["http:\/\/www.visit-ulcinj.com"],"url":"https:\/\/www.visit-ulcinj.com\/blog\/author\/admin\/"}]}},"jetpack_featured_media_url":"","jetpack_sharing_enabled":true,"jetpack_shortlink":"https:\/\/wp.me\/pe6lTn-cHb","_links":{"self":[{"href":"https:\/\/www.visit-ulcinj.com\/blog\/wp-json\/wp\/v2\/posts\/48805"}],"collection":[{"href":"https:\/\/www.visit-ulcinj.com\/blog\/wp-json\/wp\/v2\/posts"}],"about":[{"href":"https:\/\/www.visit-ulcinj.com\/blog\/wp-json\/wp\/v2\/types\/post"}],"author":[{"embeddable":true,"href":"https:\/\/www.visit-ulcinj.com\/blog\/wp-json\/wp\/v2\/users\/1"}],"replies":[{"embeddable":true,"href":"https:\/\/www.visit-ulcinj.com\/blog\/wp-json\/wp\/v2\/comments?post=48805"}],"version-history":[{"count":2,"href":"https:\/\/www.visit-ulcinj.com\/blog\/wp-json\/wp\/v2\/posts\/48805\/revisions"}],"predecessor-version":[{"id":48808,"href":"https:\/\/www.visit-ulcinj.com\/blog\/wp-json\/wp\/v2\/posts\/48805\/revisions\/48808"}],"wp:attachment":[{"href":"https:\/\/www.visit-ulcinj.com\/blog\/wp-json\/wp\/v2\/media?parent=48805"}],"wp:term":[{"taxonomy":"category","embeddable":true,"href":"https:\/\/www.visit-ulcinj.com\/blog\/wp-json\/wp\/v2\/categories?post=48805"},{"taxonomy":"post_tag","embeddable":true,"href":"https:\/\/www.visit-ulcinj.com\/blog\/wp-json\/wp\/v2\/tags?post=48805"}],"curies":[{"name":"wp","href":"https:\/\/api.w.org\/{rel}","templated":true}]}}