{"id":48819,"date":"2011-07-12T13:07:46","date_gmt":"2011-07-12T12:07:46","guid":{"rendered":"http:\/\/www.visit-ulcinj.com\/blog\/?p=48819"},"modified":"2011-07-12T13:07:46","modified_gmt":"2011-07-12T12:07:46","slug":"tuna-sejdiu-ju-tregoj-pse-mori-fund-martesa-ime-me-rilindin","status":"publish","type":"post","link":"https:\/\/www.visit-ulcinj.com\/blog\/2011\/07\/12\/tuna-sejdiu-ju-tregoj-pse-mori-fund-martesa-ime-me-rilindin\/","title":{"rendered":"Tuna Sejdiu, ju tregoj pse mori fund martesa ime me Rilindin"},"content":{"rendered":"<p><img loading=\"lazy\" class=\"alignleft size-full wp-image-48820\" title=\"Altuna-Sejdi-1\" src=\"http:\/\/www.visit-ulcinj.com\/blog\/wp-content\/uploads\/2011\/07\/Altuna-Sejdi-1.jpg\" alt=\"\" width=\"508\" height=\"720\" \/><\/p>\n<p>Asnj\u00ebher\u00eb nuk ka dashur t\u00eb zbuloj\u00eb detaje nga jeta e saj private por e provokuar nga nj\u00eb seri shkrimesh n\u00eb mediat, ka pranuar t\u00eb flas\u00eb p\u00ebr divorcin e saj. \u201cKjo \u00ebsht\u00eb hera e par\u00eb dhe e fundit q\u00eb flas p\u00ebr k\u00ebt\u00eb tem\u00eb\u201d, thekson k\u00ebng\u00ebtarja. Pas keqkuptimeve me bashk\u00ebshortin, si\u00e7 tregon, puna nuk i jep shum\u00eb hap\u00ebsir\u00eb p\u00ebr luks emocional. \u201cDo t\u00eb bazohem n\u00eb th\u00ebnien se koha \u00ebsht\u00eb ila\u00e7i m\u00eb i mir\u00eb\u201d, Rilindi \u00ebsht\u00eb nj\u00eb person perfekt. N\u00eb t\u00eb ardhmen ekziston nj\u00eb klim\u00eb pozitive edhe p\u00ebr shoq\u00ebri si\u00e7 ndodh tek t\u00eb gjitha \u00e7iftet moderne dhe t\u00eb divorcuar\u201d, thekson Tuna.<\/p>\n<p><strong>Vet\u00ebm pas nj\u00eb viti martes\u00eb me Rilind Rek\u00ebn, vendos\u00ebt q\u00eb p\u00ebr t\u00eb dy, m\u00eb mir\u00eb \u00ebsht\u00eb t\u00eb ndaheni. Kur kuptove se ishit larguar nga nj\u00ebri-tjetri?<\/strong><\/p>\n<p>Ne t\u00eb dy kishim nj\u00eb jet\u00eb shum\u00eb dinamike. Kishim shum\u00eb mospajtime dhe para se t\u00eb mbaroj\u00eb dhe luga e fundit e mjaltit vendosa q\u00eb mos t\u00eb viktimizohem m\u00eb shum\u00eb. Jemi ulur dhe kemi vendosur q\u00eb t\u00eb ndahemi p\u00ebr t\u00eb mir\u00ebn e t\u00eb dyve.<\/p>\n<p><strong>M\u00eb r\u00ebnd\u00eb e ke p\u00ebrjetuar momentin q\u00eb ke vendosur p\u00ebr ndarje apo iden\u00eb se \u00e7far\u00eb do t\u00eb ndodh\u00eb m\u00eb von\u00eb?<\/strong><\/p>\n<p>Secili imazh i bukur i nj\u00eb personi publik nuk e tregon brend\u00ebsin\u00eb e tij. Un\u00eb nuk jam e mbrojtur nga emocionet dhe nuk mbaj mbrojt\u00ebse t\u00eb gjelb\u00ebrt n\u00eb zem\u00ebr. Vendimin e kemi marr\u00eb q\u00eb t\u00eb pasoj\u00eb di\u00e7ka m\u00eb e bukur. Jam spontane n\u00eb k\u00ebt\u00eb aspekt, mbahem ashtu si\u00e7 di, pasi jeta m\u00eb ka m\u00ebsuar t\u00eb ec\u00eb me kok\u00ebn lart.<\/p>\n<p><a href=\"http:\/\/www.visit-ulcinj.com\/blog\/wp-content\/uploads\/2011\/07\/Altuna-Sejdi-3.jpg\"><img loading=\"lazy\" class=\"alignleft size-full wp-image-48822\" title=\"Altuna-Sejdi-3\" src=\"http:\/\/www.visit-ulcinj.com\/blog\/wp-content\/uploads\/2011\/07\/Altuna-Sejdi-3.jpg\" alt=\"\" width=\"508\" height=\"700\" \/><\/a><\/p>\n<p><strong>Do e kishe pak m\u00eb t\u00eb v\u00ebshtir\u00eb t\u00eb merrje nj\u00eb vendim t\u00eb till\u00eb n\u00ebse nd\u00ebrkoh\u00eb do t\u00eb kishit zgjeruar familjen?<\/strong><\/p>\n<p>Nuk jam person q\u00eb do t\u00eb kisha menduar \u201c\u00e7far\u00eb do t\u00eb kishte ndodhur sikur t\u00eb ishte\u201d. E jetoj t\u00eb sotshmen ashtu si\u00e7 \u00ebsht\u00eb.<\/p>\n<p><a href=\"http:\/\/www.visit-ulcinj.com\/blog\/wp-content\/uploads\/2011\/07\/Altuna-Sejdi-4.jpg\"><img loading=\"lazy\" class=\"alignleft size-full wp-image-48823\" title=\"Altuna-Sejdi-4\" src=\"http:\/\/www.visit-ulcinj.com\/blog\/wp-content\/uploads\/2011\/07\/Altuna-Sejdi-4.jpg\" alt=\"\" width=\"508\" height=\"320\" \/><\/a><\/p>\n<p><strong>N\u00eb \u00e7far\u00eb raporte je tani me ish bashk\u00ebshortin?<\/strong><\/p>\n<p>Kuptohet q\u00eb tani momentalisht ka nj\u00eb vakum mes nesh. Do bazohem n\u00eb th\u00ebnien se \u201ckoha \u00ebsht\u00eb ila\u00e7i m\u00eb i mir\u00eb\u201d. Rilindi \u00ebsht\u00eb nj\u00eb person perfekt, sado q\u00eb mediat t\u00eb hedhin helm, ne t\u00eb dy njihemi shum\u00eb mir\u00eb. N\u00eb t\u00eb ardhmen do ket\u00eb nj\u00eb klim\u00eb pozitive dhe p\u00ebr shoq\u00ebri si\u00e7 ndodh tek t\u00eb gjitha \u00e7iftet moderne dhe t\u00eb divorcuar.<\/p>\n<p><a href=\"http:\/\/www.visit-ulcinj.com\/blog\/wp-content\/uploads\/2011\/07\/Altuna-Sejdi-2.jpg\"><img loading=\"lazy\" class=\"alignleft size-full wp-image-48821\" title=\"Altuna-Sejdi-2\" src=\"http:\/\/www.visit-ulcinj.com\/blog\/wp-content\/uploads\/2011\/07\/Altuna-Sejdi-2.jpg\" alt=\"\" width=\"508\" height=\"610\" \/><\/a><\/p>\n<p><strong>Jeni martuar relativisht e re. Cilat ishit t\u00eb pritshm\u00ebrit\u00eb tuaja nga martesa si institucion dhe nga \u00e7far\u00eb je d\u00ebshpruar m\u00eb shum\u00eb?<\/strong><\/p>\n<p>Sa dukem e fort\u00eb, ndonj\u00ebher\u00eb e pranoj se jam naive. P\u00ebrrallat hollivudiane e arrit\u00ebn q\u00ebllimin edhe tek un\u00eb, dhe p\u00ebr k\u00ebt\u00eb arsye mendova se martesa \u00ebsht\u00eb \u2026., e di q\u00eb her\u00ebn tjet\u00ebr do mendohem m\u00eb mir\u00eb. Martesa \u00ebsht\u00eb institucion deri kur n\u00eb m\u00ebnyr\u00eb perfekte \u00ebsht\u00eb tek ne. Nuk mund t\u00eb them se martesa si hap ishte gabim tek un\u00eb. M\u00ebsova shum\u00eb dhe jam pjekur n\u00eb nj\u00eb m\u00ebnyr\u00eb.<\/p>\n<p><strong>Si ka reaguar familja jote?<\/strong><\/p>\n<p>Un\u00eb jam e lumtur q\u00eb rrjedh nga nj\u00eb familje q\u00eb gjithmon\u00eb ka nj\u00eb mendim t\u00eb lir\u00eb. Prind\u00ebrit e mi asnj\u00ebher\u00eb nuk jan\u00eb p\u00ebrzier n\u00eb vendimet e mia sa i p\u00ebrket jet\u00ebs time private. E kam p\u00ebrkrahjen e tyre si gjithmon\u00eb, edh\u00eb n\u00eb karrier\u00eb edhe n\u00eb jet\u00ebn private.<\/p>\n<p><strong>P\u00ebr momentin a je emocionalisht e p\u00ebrmbushur?<\/strong><\/p>\n<p>\u00cbsht\u00eb e \u00e7uditshme se shum\u00eb gj\u00ebra kan\u00eb ndodhur dhe un\u00eb v\u00ebrtet\u00eb jam e p\u00ebrmbushur. Puna nuk m\u00eb jep shum\u00eb vend p\u00ebr luks emocional. K\u00ebtu jan\u00eb miqt\u00eb e mi dhe si gjithmon\u00eb shijoj \u00e7do dit\u00eb n\u00eb shoq\u00ebri me ta. Ka pak dit\u00eb q\u00eb jam kthyer nga Turqia, k\u00ebt\u00eb jav\u00eb do t\u00eb promovoj klipin, muajin tjet\u00ebr dhe nj\u00eb klip t\u00eb ri\u2026 habitem ndonj\u00ebher\u00eb nga rrjedh gjith\u00eb kjo energji\u2026<\/p>\n<p><strong>Kush p\u00ebrkujdeset tani p\u00ebr karrier\u00ebn t\u00ebnde? Kush financon projektet?<\/strong><\/p>\n<p>Prej disa vitesh kam t\u00eb angazhuar nj\u00eb agjent p\u00ebr marrdh\u00ebnie me publikun, ai \u00ebsht\u00eb Jellmaz Dervishi q\u00eb nj\u00ebherit \u00ebshte dhe redaktor zbavit\u00ebs n\u00eb Alsat-M, ai \u00ebsht\u00eb bashk\u00ebpun\u00ebtori m\u00eb i mir\u00eb i imi q\u00eb kujdeset p\u00ebr karrier\u00ebn time. Sa u p\u00ebrket projekteve, m\u00eb shum\u00eb i financoj vet\u00eb por ka raste kur edhe bashk\u00ebpunoj me ndonj\u00eb kompani komerciale.<\/p>\n<p><strong>Gazetat gjithmon\u00eb shkruajn p\u00ebr ty. A je m\u00ebsuar tashm\u00eb me k\u00ebt\u00eb prezenc\u00eb kaq t\u00eb madhe mediatike?<\/strong><\/p>\n<p>N\u00eb fillim nuk kam ditur si t\u00eb komportohem por me kalimin e viteve m\u00ebsova si t\u00eb reagoj dhe n\u00eb koh\u00eb t\u00eb caktuara \u00e7far\u00eb pozicioni t\u00eb marr, por m\u00eb duhet t\u00eb pranoj se muajin e fundit jam shokuar se sa i madh \u00ebsht\u00eb kreacioni i mediave. Me t\u00eb v\u00ebrtet\u00eb, nuk e dija q\u00eb p\u00ebr 24 or\u00eb mund t\u00eb jem e pranishme n\u00eb t\u00eb gjitha portalet dhe tabloidet e mundshme shqiptare.<\/p>\n<p><strong>Ke deklaruar se je e destinuar q\u00eb jet\u00ebn ta kalosh gjithmon\u00eb me valixhe n\u00eb dor\u00eb. K\u00ebnaqesh me t\u00eb v\u00ebrtet\u00eb me nj\u00eb axhend\u00eb t\u00eb till\u00eb apo d\u00ebshiron nj\u00eb jet\u00eb m\u00eb t\u00eb qet\u00eb?<\/strong><\/p>\n<p>Nuk e di n\u00ebse k\u00ebnaqem apo jo pasi tashm\u00eb m\u00eb \u00ebsht\u00eb b\u00ebr\u00eb p\u00ebrvoj\u00eb. Nganj\u00ebher\u00eb do t\u00eb doja dhe mbyllesha n\u00eb nj\u00eb dhom\u00eb p\u00ebr t\u00eb pushuar, por duke e njohur veten, kjo gj\u00eb nuk do t\u00eb kishte zgjatur m\u00eb shum\u00eb se 48 or\u00eb. Dua dinamik\u00eb dhe sakrifica. Jetoj n\u00eb vrap me koh\u00ebn!<\/p>\n<p><strong>Pushimet k\u00ebt\u00eb ver\u00eb?<\/strong><\/p>\n<p>Tashm\u00eb e kam shfryt\u00ebzuar momentin dhe kam pushuar nj\u00eb jav\u00eb n\u00eb Greqi dhe nj\u00eb n\u00eb Turqi, ku edhe isha e angazhuar me pun\u00eb. M\u00eb pret nj\u00eb ver\u00eb e nxeht\u00eb, dhe p\u00ebr k\u00ebt\u00eb n\u00eb shtator kam vendosur q\u00eb me shoq\u00ebrin\u00eb time t\u00eb udh\u00ebtoj drejt Shteteve t\u00eb Bashkuara t\u00eb Amerik\u00ebs me mbr\u00ebmje t\u00eb \u00e7mendura n\u00eb Las Vegas.<\/p>\n<!--YouTube Error: bad URL entered-->\n","protected":false},"excerpt":{"rendered":"<p>Asnj\u00ebher\u00eb nuk ka dashur t\u00eb zbuloj\u00eb detaje nga jeta e saj private por e provokuar nga nj\u00eb seri shkrimesh n\u00eb mediat, ka pranuar t\u00eb flas\u00eb p\u00ebr divorcin e saj. \u201cKjo \u00ebsht\u00eb hera e par\u00eb dhe e fundit q\u00eb flas p\u00ebr k\u00ebt\u00eb tem\u00eb\u201d, thekson k\u00ebng\u00ebtarja. Pas keqkuptimeve me bashk\u00ebshortin, si\u00e7 tregon, puna nuk i jep shum\u00eb [&hellip;]<\/p>\n","protected":false},"author":1,"featured_media":0,"comment_status":"open","ping_status":"closed","sticky":false,"template":"","format":"standard","meta":{"spay_email":"","jetpack_publicize_message":"","jetpack_is_tweetstorm":false,"jetpack_publicize_feature_enabled":true},"categories":[1],"tags":[4972,18657,8977,13348,4970],"jetpack_publicize_connections":[],"yoast_head":"<!-- This site is optimized with the Yoast SEO plugin v19.1 - https:\/\/yoast.com\/wordpress\/plugins\/seo\/ -->\n<title>Divorci i paralajm\u00ebruar i Tun\u00ebs - Lajme nga Ulqini<\/title>\n<meta name=\"description\" content=\"K\u00ebt\u00eb her\u00eb thashethemet shqiptar\u00eb kan\u00eb n\u00eb qend\u00ebr t\u00eb tyre ndodhi serioze, si\u00e7 ishte ndarja e Tun\u00ebs nga bashk\u00ebshorti i saj Rilind Reka.\" \/>\n<meta name=\"robots\" content=\"index, follow, max-snippet:-1, max-image-preview:large, max-video-preview:-1\" \/>\n<link rel=\"canonical\" href=\"https:\/\/www.visit-ulcinj.com\/blog\/2011\/07\/12\/tuna-sejdiu-ju-tregoj-pse-mori-fund-martesa-ime-me-rilindin\/\" \/>\n<meta property=\"og:locale\" content=\"en_US\" \/>\n<meta property=\"og:type\" content=\"article\" \/>\n<meta property=\"og:title\" content=\"Divorci i paralajm\u00ebruar i Tun\u00ebs - Lajme nga Ulqini\" \/>\n<meta property=\"og:description\" content=\"K\u00ebt\u00eb her\u00eb thashethemet shqiptar\u00eb kan\u00eb n\u00eb qend\u00ebr t\u00eb tyre ndodhi serioze, si\u00e7 ishte ndarja e Tun\u00ebs nga bashk\u00ebshorti i saj Rilind Reka.\" \/>\n<meta property=\"og:url\" content=\"https:\/\/www.visit-ulcinj.com\/blog\/2011\/07\/12\/tuna-sejdiu-ju-tregoj-pse-mori-fund-martesa-ime-me-rilindin\/\" \/>\n<meta property=\"og:site_name\" content=\"Lajme nga Ulqini\" \/>\n<meta property=\"article:published_time\" content=\"2011-07-12T12:07:46+00:00\" \/>\n<meta property=\"og:image\" content=\"http:\/\/www.visit-ulcinj.com\/blog\/wp-content\/uploads\/2011\/07\/Altuna-Sejdi-1.jpg\" \/>\n<meta name=\"twitter:label1\" content=\"Written by\" \/>\n\t<meta name=\"twitter:data1\" content=\"ulqini\" \/>\n\t<meta name=\"twitter:label2\" content=\"Est. reading time\" \/>\n\t<meta name=\"twitter:data2\" content=\"5 minutes\" \/>\n<script type=\"application\/ld+json\" class=\"yoast-schema-graph\">{\"@context\":\"https:\/\/schema.org\",\"@graph\":[{\"@type\":\"WebSite\",\"@id\":\"https:\/\/www.visit-ulcinj.com\/blog\/#website\",\"url\":\"https:\/\/www.visit-ulcinj.com\/blog\/\",\"name\":\"Lajme nga Ulqini\",\"description\":\"Lajme,Vijesti,Ulqini,Ulqin,Crna Gora,Mali i Zi\",\"potentialAction\":[{\"@type\":\"SearchAction\",\"target\":{\"@type\":\"EntryPoint\",\"urlTemplate\":\"https:\/\/www.visit-ulcinj.com\/blog\/?s={search_term_string}\"},\"query-input\":\"required name=search_term_string\"}],\"inLanguage\":\"en-US\"},{\"@type\":\"ImageObject\",\"inLanguage\":\"en-US\",\"@id\":\"https:\/\/www.visit-ulcinj.com\/blog\/2011\/07\/12\/tuna-sejdiu-ju-tregoj-pse-mori-fund-martesa-ime-me-rilindin\/#primaryimage\",\"url\":\"http:\/\/www.visit-ulcinj.com\/blog\/wp-content\/uploads\/2011\/07\/Altuna-Sejdi-1.jpg\",\"contentUrl\":\"http:\/\/www.visit-ulcinj.com\/blog\/wp-content\/uploads\/2011\/07\/Altuna-Sejdi-1.jpg\"},{\"@type\":\"WebPage\",\"@id\":\"https:\/\/www.visit-ulcinj.com\/blog\/2011\/07\/12\/tuna-sejdiu-ju-tregoj-pse-mori-fund-martesa-ime-me-rilindin\/#webpage\",\"url\":\"https:\/\/www.visit-ulcinj.com\/blog\/2011\/07\/12\/tuna-sejdiu-ju-tregoj-pse-mori-fund-martesa-ime-me-rilindin\/\",\"name\":\"Divorci i paralajm\u00ebruar i Tun\u00ebs - Lajme nga Ulqini\",\"isPartOf\":{\"@id\":\"https:\/\/www.visit-ulcinj.com\/blog\/#website\"},\"primaryImageOfPage\":{\"@id\":\"https:\/\/www.visit-ulcinj.com\/blog\/2011\/07\/12\/tuna-sejdiu-ju-tregoj-pse-mori-fund-martesa-ime-me-rilindin\/#primaryimage\"},\"datePublished\":\"2011-07-12T12:07:46+00:00\",\"dateModified\":\"2011-07-12T12:07:46+00:00\",\"author\":{\"@id\":\"https:\/\/www.visit-ulcinj.com\/blog\/#\/schema\/person\/dcab619c614d3038751c63bc2aadc06d\"},\"description\":\"K\u00ebt\u00eb her\u00eb thashethemet shqiptar\u00eb kan\u00eb n\u00eb qend\u00ebr t\u00eb tyre ndodhi serioze, si\u00e7 ishte ndarja e Tun\u00ebs nga bashk\u00ebshorti i saj Rilind Reka.\",\"breadcrumb\":{\"@id\":\"https:\/\/www.visit-ulcinj.com\/blog\/2011\/07\/12\/tuna-sejdiu-ju-tregoj-pse-mori-fund-martesa-ime-me-rilindin\/#breadcrumb\"},\"inLanguage\":\"en-US\",\"potentialAction\":[{\"@type\":\"ReadAction\",\"target\":[\"https:\/\/www.visit-ulcinj.com\/blog\/2011\/07\/12\/tuna-sejdiu-ju-tregoj-pse-mori-fund-martesa-ime-me-rilindin\/\"]}]},{\"@type\":\"BreadcrumbList\",\"@id\":\"https:\/\/www.visit-ulcinj.com\/blog\/2011\/07\/12\/tuna-sejdiu-ju-tregoj-pse-mori-fund-martesa-ime-me-rilindin\/#breadcrumb\",\"itemListElement\":[{\"@type\":\"ListItem\",\"position\":1,\"name\":\"Tuna Sejdiu, ju tregoj pse mori fund martesa ime me Rilindin\"}]},{\"@type\":\"Person\",\"@id\":\"https:\/\/www.visit-ulcinj.com\/blog\/#\/schema\/person\/dcab619c614d3038751c63bc2aadc06d\",\"name\":\"ulqini\",\"sameAs\":[\"http:\/\/www.visit-ulcinj.com\"],\"url\":\"https:\/\/www.visit-ulcinj.com\/blog\/author\/admin\/\"}]}<\/script>\n<!-- \/ Yoast SEO plugin. -->","yoast_head_json":{"title":"Divorci i paralajm\u00ebruar i Tun\u00ebs - Lajme nga Ulqini","description":"K\u00ebt\u00eb her\u00eb thashethemet shqiptar\u00eb kan\u00eb n\u00eb qend\u00ebr t\u00eb tyre ndodhi serioze, si\u00e7 ishte ndarja e Tun\u00ebs nga bashk\u00ebshorti i saj Rilind Reka.","robots":{"index":"index","follow":"follow","max-snippet":"max-snippet:-1","max-image-preview":"max-image-preview:large","max-video-preview":"max-video-preview:-1"},"canonical":"https:\/\/www.visit-ulcinj.com\/blog\/2011\/07\/12\/tuna-sejdiu-ju-tregoj-pse-mori-fund-martesa-ime-me-rilindin\/","og_locale":"en_US","og_type":"article","og_title":"Divorci i paralajm\u00ebruar i Tun\u00ebs - Lajme nga Ulqini","og_description":"K\u00ebt\u00eb her\u00eb thashethemet shqiptar\u00eb kan\u00eb n\u00eb qend\u00ebr t\u00eb tyre ndodhi serioze, si\u00e7 ishte ndarja e Tun\u00ebs nga bashk\u00ebshorti i saj Rilind Reka.","og_url":"https:\/\/www.visit-ulcinj.com\/blog\/2011\/07\/12\/tuna-sejdiu-ju-tregoj-pse-mori-fund-martesa-ime-me-rilindin\/","og_site_name":"Lajme nga Ulqini","article_published_time":"2011-07-12T12:07:46+00:00","og_image":[{"url":"http:\/\/www.visit-ulcinj.com\/blog\/wp-content\/uploads\/2011\/07\/Altuna-Sejdi-1.jpg"}],"twitter_misc":{"Written by":"ulqini","Est. reading time":"5 minutes"},"schema":{"@context":"https:\/\/schema.org","@graph":[{"@type":"WebSite","@id":"https:\/\/www.visit-ulcinj.com\/blog\/#website","url":"https:\/\/www.visit-ulcinj.com\/blog\/","name":"Lajme nga Ulqini","description":"Lajme,Vijesti,Ulqini,Ulqin,Crna Gora,Mali i Zi","potentialAction":[{"@type":"SearchAction","target":{"@type":"EntryPoint","urlTemplate":"https:\/\/www.visit-ulcinj.com\/blog\/?s={search_term_string}"},"query-input":"required name=search_term_string"}],"inLanguage":"en-US"},{"@type":"ImageObject","inLanguage":"en-US","@id":"https:\/\/www.visit-ulcinj.com\/blog\/2011\/07\/12\/tuna-sejdiu-ju-tregoj-pse-mori-fund-martesa-ime-me-rilindin\/#primaryimage","url":"http:\/\/www.visit-ulcinj.com\/blog\/wp-content\/uploads\/2011\/07\/Altuna-Sejdi-1.jpg","contentUrl":"http:\/\/www.visit-ulcinj.com\/blog\/wp-content\/uploads\/2011\/07\/Altuna-Sejdi-1.jpg"},{"@type":"WebPage","@id":"https:\/\/www.visit-ulcinj.com\/blog\/2011\/07\/12\/tuna-sejdiu-ju-tregoj-pse-mori-fund-martesa-ime-me-rilindin\/#webpage","url":"https:\/\/www.visit-ulcinj.com\/blog\/2011\/07\/12\/tuna-sejdiu-ju-tregoj-pse-mori-fund-martesa-ime-me-rilindin\/","name":"Divorci i paralajm\u00ebruar i Tun\u00ebs - Lajme nga Ulqini","isPartOf":{"@id":"https:\/\/www.visit-ulcinj.com\/blog\/#website"},"primaryImageOfPage":{"@id":"https:\/\/www.visit-ulcinj.com\/blog\/2011\/07\/12\/tuna-sejdiu-ju-tregoj-pse-mori-fund-martesa-ime-me-rilindin\/#primaryimage"},"datePublished":"2011-07-12T12:07:46+00:00","dateModified":"2011-07-12T12:07:46+00:00","author":{"@id":"https:\/\/www.visit-ulcinj.com\/blog\/#\/schema\/person\/dcab619c614d3038751c63bc2aadc06d"},"description":"K\u00ebt\u00eb her\u00eb thashethemet shqiptar\u00eb kan\u00eb n\u00eb qend\u00ebr t\u00eb tyre ndodhi serioze, si\u00e7 ishte ndarja e Tun\u00ebs nga bashk\u00ebshorti i saj Rilind Reka.","breadcrumb":{"@id":"https:\/\/www.visit-ulcinj.com\/blog\/2011\/07\/12\/tuna-sejdiu-ju-tregoj-pse-mori-fund-martesa-ime-me-rilindin\/#breadcrumb"},"inLanguage":"en-US","potentialAction":[{"@type":"ReadAction","target":["https:\/\/www.visit-ulcinj.com\/blog\/2011\/07\/12\/tuna-sejdiu-ju-tregoj-pse-mori-fund-martesa-ime-me-rilindin\/"]}]},{"@type":"BreadcrumbList","@id":"https:\/\/www.visit-ulcinj.com\/blog\/2011\/07\/12\/tuna-sejdiu-ju-tregoj-pse-mori-fund-martesa-ime-me-rilindin\/#breadcrumb","itemListElement":[{"@type":"ListItem","position":1,"name":"Tuna Sejdiu, ju tregoj pse mori fund martesa ime me Rilindin"}]},{"@type":"Person","@id":"https:\/\/www.visit-ulcinj.com\/blog\/#\/schema\/person\/dcab619c614d3038751c63bc2aadc06d","name":"ulqini","sameAs":["http:\/\/www.visit-ulcinj.com"],"url":"https:\/\/www.visit-ulcinj.com\/blog\/author\/admin\/"}]}},"jetpack_featured_media_url":"","jetpack_sharing_enabled":true,"jetpack_shortlink":"https:\/\/wp.me\/pe6lTn-cHp","_links":{"self":[{"href":"https:\/\/www.visit-ulcinj.com\/blog\/wp-json\/wp\/v2\/posts\/48819"}],"collection":[{"href":"https:\/\/www.visit-ulcinj.com\/blog\/wp-json\/wp\/v2\/posts"}],"about":[{"href":"https:\/\/www.visit-ulcinj.com\/blog\/wp-json\/wp\/v2\/types\/post"}],"author":[{"embeddable":true,"href":"https:\/\/www.visit-ulcinj.com\/blog\/wp-json\/wp\/v2\/users\/1"}],"replies":[{"embeddable":true,"href":"https:\/\/www.visit-ulcinj.com\/blog\/wp-json\/wp\/v2\/comments?post=48819"}],"version-history":[{"count":2,"href":"https:\/\/www.visit-ulcinj.com\/blog\/wp-json\/wp\/v2\/posts\/48819\/revisions"}],"predecessor-version":[{"id":48827,"href":"https:\/\/www.visit-ulcinj.com\/blog\/wp-json\/wp\/v2\/posts\/48819\/revisions\/48827"}],"wp:attachment":[{"href":"https:\/\/www.visit-ulcinj.com\/blog\/wp-json\/wp\/v2\/media?parent=48819"}],"wp:term":[{"taxonomy":"category","embeddable":true,"href":"https:\/\/www.visit-ulcinj.com\/blog\/wp-json\/wp\/v2\/categories?post=48819"},{"taxonomy":"post_tag","embeddable":true,"href":"https:\/\/www.visit-ulcinj.com\/blog\/wp-json\/wp\/v2\/tags?post=48819"}],"curies":[{"name":"wp","href":"https:\/\/api.w.org\/{rel}","templated":true}]}}