{"id":48825,"date":"2011-07-12T13:17:18","date_gmt":"2011-07-12T12:17:18","guid":{"rendered":"http:\/\/www.visit-ulcinj.com\/blog\/?p=48825"},"modified":"2011-07-12T13:24:27","modified_gmt":"2011-07-12T12:24:27","slug":"mc-kresha-dhe-lyrical-son-pesojne-aksident-trafiku","status":"publish","type":"post","link":"https:\/\/www.visit-ulcinj.com\/blog\/2011\/07\/12\/mc-kresha-dhe-lyrical-son-pesojne-aksident-trafiku\/","title":{"rendered":"MC Kresha dhe Lyrical Son p\u00ebsojn\u00eb aksident trafiku?"},"content":{"rendered":"<p><strong><a href=\"http:\/\/www.visit-ulcinj.com\/blog\/wp-content\/uploads\/2011\/07\/MC-Kresha-dhe-Lyrical-Son.jpg\"><img loading=\"lazy\" class=\"alignleft size-full wp-image-48828\" title=\"MC Kresha dhe Lyrical Son\" src=\"http:\/\/www.visit-ulcinj.com\/blog\/wp-content\/uploads\/2011\/07\/MC-Kresha-dhe-Lyrical-Son.jpg\" alt=\"\" width=\"508\" height=\"341\" \/><\/a>MC Kresha dhe Lyrical Son s\u00eb bashku me DJ Drit\u2019On kan\u00eb p\u00ebsuar nj\u00eb aksident automobilistik, raporton portali Qendra.info<\/strong><\/p>\n<p>Dy reper\u00ebt ktheheshin nga Ulqini ku ishin p\u00ebr disa koncerte, dhe gjat\u00eb rrug\u00ebs kan\u00eb p\u00ebsuar nj\u00eb aksident t\u00eb leht\u00eb.<\/p>\n<p>M\u00ebsohet se asnj\u00ebri nga ta nuk ishte duke vozitur n\u00eb momentin e aksidentit, por nj\u00eb shoq\u00ebrues i tyre. Megjithat\u00eb t\u00eb gjith\u00eb udh\u00ebtar\u00ebt e gjendur n\u00eb automjet jan\u00eb jasht\u00eb rrezikut p\u00ebr jet\u00eb.<\/p>\n<p><strong>Telegrafi<\/strong><\/p>\n<!--YouTube Error: bad URL entered-->\n","protected":false},"excerpt":{"rendered":"<p>MC Kresha dhe Lyrical Son s\u00eb bashku me DJ Drit\u2019On kan\u00eb p\u00ebsuar nj\u00eb aksident automobilistik, raporton portali Qendra.info Dy reper\u00ebt ktheheshin nga Ulqini ku ishin p\u00ebr disa koncerte, dhe gjat\u00eb rrug\u00ebs kan\u00eb p\u00ebsuar nj\u00eb aksident t\u00eb leht\u00eb. M\u00ebsohet se asnj\u00ebri nga ta nuk ishte duke vozitur n\u00eb momentin e aksidentit, por nj\u00eb shoq\u00ebrues i tyre. [&hellip;]<\/p>\n","protected":false},"author":1,"featured_media":0,"comment_status":"open","ping_status":"closed","sticky":false,"template":"","format":"standard","meta":{"spay_email":"","jetpack_publicize_message":"","jetpack_is_tweetstorm":false,"jetpack_publicize_feature_enabled":true},"categories":[1],"tags":[49,18658,200,18],"jetpack_publicize_connections":[],"yoast_head":"<!-- This site is optimized with the Yoast SEO plugin v19.1 - https:\/\/yoast.com\/wordpress\/plugins\/seo\/ -->\n<title>MC Kresha dhe Lyrical Son p\u00ebsojn\u00eb aksident trafiku? - Lajme nga Ulqini<\/title>\n<meta name=\"description\" content=\"MC Kresha dhe Lyrical Son s\u00eb bashku me DJ Drit\u2019On kan\u00eb p\u00ebsuar nj\u00eb aksident automobilistik, raporton portali Qendra.info Dy reper\u00ebt ktheheshin nga Ulqini\" \/>\n<meta name=\"robots\" content=\"index, follow, max-snippet:-1, max-image-preview:large, max-video-preview:-1\" \/>\n<link rel=\"canonical\" href=\"https:\/\/www.visit-ulcinj.com\/blog\/2011\/07\/12\/mc-kresha-dhe-lyrical-son-pesojne-aksident-trafiku\/\" \/>\n<meta property=\"og:locale\" content=\"en_US\" \/>\n<meta property=\"og:type\" content=\"article\" \/>\n<meta property=\"og:title\" content=\"MC Kresha dhe Lyrical Son p\u00ebsojn\u00eb aksident trafiku? - Lajme nga Ulqini\" \/>\n<meta property=\"og:description\" content=\"MC Kresha dhe Lyrical Son s\u00eb bashku me DJ Drit\u2019On kan\u00eb p\u00ebsuar nj\u00eb aksident automobilistik, raporton portali Qendra.info Dy reper\u00ebt ktheheshin nga Ulqini\" \/>\n<meta property=\"og:url\" content=\"https:\/\/www.visit-ulcinj.com\/blog\/2011\/07\/12\/mc-kresha-dhe-lyrical-son-pesojne-aksident-trafiku\/\" \/>\n<meta property=\"og:site_name\" content=\"Lajme nga Ulqini\" \/>\n<meta property=\"article:published_time\" content=\"2011-07-12T12:17:18+00:00\" \/>\n<meta property=\"article:modified_time\" content=\"2011-07-12T12:24:27+00:00\" \/>\n<meta property=\"og:image\" content=\"http:\/\/www.visit-ulcinj.com\/blog\/wp-content\/uploads\/2011\/07\/MC-Kresha-dhe-Lyrical-Son.jpg\" \/>\n<meta name=\"twitter:label1\" content=\"Written by\" \/>\n\t<meta name=\"twitter:data1\" content=\"ulqini\" \/>\n<script type=\"application\/ld+json\" class=\"yoast-schema-graph\">{\"@context\":\"https:\/\/schema.org\",\"@graph\":[{\"@type\":\"WebSite\",\"@id\":\"https:\/\/www.visit-ulcinj.com\/blog\/#website\",\"url\":\"https:\/\/www.visit-ulcinj.com\/blog\/\",\"name\":\"Lajme nga Ulqini\",\"description\":\"Lajme,Vijesti,Ulqini,Ulqin,Crna Gora,Mali i Zi\",\"potentialAction\":[{\"@type\":\"SearchAction\",\"target\":{\"@type\":\"EntryPoint\",\"urlTemplate\":\"https:\/\/www.visit-ulcinj.com\/blog\/?s={search_term_string}\"},\"query-input\":\"required name=search_term_string\"}],\"inLanguage\":\"en-US\"},{\"@type\":\"ImageObject\",\"inLanguage\":\"en-US\",\"@id\":\"https:\/\/www.visit-ulcinj.com\/blog\/2011\/07\/12\/mc-kresha-dhe-lyrical-son-pesojne-aksident-trafiku\/#primaryimage\",\"url\":\"http:\/\/www.visit-ulcinj.com\/blog\/wp-content\/uploads\/2011\/07\/MC-Kresha-dhe-Lyrical-Son.jpg\",\"contentUrl\":\"http:\/\/www.visit-ulcinj.com\/blog\/wp-content\/uploads\/2011\/07\/MC-Kresha-dhe-Lyrical-Son.jpg\"},{\"@type\":\"WebPage\",\"@id\":\"https:\/\/www.visit-ulcinj.com\/blog\/2011\/07\/12\/mc-kresha-dhe-lyrical-son-pesojne-aksident-trafiku\/#webpage\",\"url\":\"https:\/\/www.visit-ulcinj.com\/blog\/2011\/07\/12\/mc-kresha-dhe-lyrical-son-pesojne-aksident-trafiku\/\",\"name\":\"MC Kresha dhe Lyrical Son p\u00ebsojn\u00eb aksident trafiku? - Lajme nga Ulqini\",\"isPartOf\":{\"@id\":\"https:\/\/www.visit-ulcinj.com\/blog\/#website\"},\"primaryImageOfPage\":{\"@id\":\"https:\/\/www.visit-ulcinj.com\/blog\/2011\/07\/12\/mc-kresha-dhe-lyrical-son-pesojne-aksident-trafiku\/#primaryimage\"},\"datePublished\":\"2011-07-12T12:17:18+00:00\",\"dateModified\":\"2011-07-12T12:24:27+00:00\",\"author\":{\"@id\":\"https:\/\/www.visit-ulcinj.com\/blog\/#\/schema\/person\/dcab619c614d3038751c63bc2aadc06d\"},\"description\":\"MC Kresha dhe Lyrical Son s\u00eb bashku me DJ Drit\u2019On kan\u00eb p\u00ebsuar nj\u00eb aksident automobilistik, raporton portali Qendra.info Dy reper\u00ebt ktheheshin nga Ulqini\",\"breadcrumb\":{\"@id\":\"https:\/\/www.visit-ulcinj.com\/blog\/2011\/07\/12\/mc-kresha-dhe-lyrical-son-pesojne-aksident-trafiku\/#breadcrumb\"},\"inLanguage\":\"en-US\",\"potentialAction\":[{\"@type\":\"ReadAction\",\"target\":[\"https:\/\/www.visit-ulcinj.com\/blog\/2011\/07\/12\/mc-kresha-dhe-lyrical-son-pesojne-aksident-trafiku\/\"]}]},{\"@type\":\"BreadcrumbList\",\"@id\":\"https:\/\/www.visit-ulcinj.com\/blog\/2011\/07\/12\/mc-kresha-dhe-lyrical-son-pesojne-aksident-trafiku\/#breadcrumb\",\"itemListElement\":[{\"@type\":\"ListItem\",\"position\":1,\"name\":\"MC Kresha dhe Lyrical Son p\u00ebsojn\u00eb aksident trafiku?\"}]},{\"@type\":\"Person\",\"@id\":\"https:\/\/www.visit-ulcinj.com\/blog\/#\/schema\/person\/dcab619c614d3038751c63bc2aadc06d\",\"name\":\"ulqini\",\"sameAs\":[\"http:\/\/www.visit-ulcinj.com\"],\"url\":\"https:\/\/www.visit-ulcinj.com\/blog\/author\/admin\/\"}]}<\/script>\n<!-- \/ Yoast SEO plugin. -->","yoast_head_json":{"title":"MC Kresha dhe Lyrical Son p\u00ebsojn\u00eb aksident trafiku? - Lajme nga Ulqini","description":"MC Kresha dhe Lyrical Son s\u00eb bashku me DJ Drit\u2019On kan\u00eb p\u00ebsuar nj\u00eb aksident automobilistik, raporton portali Qendra.info Dy reper\u00ebt ktheheshin nga Ulqini","robots":{"index":"index","follow":"follow","max-snippet":"max-snippet:-1","max-image-preview":"max-image-preview:large","max-video-preview":"max-video-preview:-1"},"canonical":"https:\/\/www.visit-ulcinj.com\/blog\/2011\/07\/12\/mc-kresha-dhe-lyrical-son-pesojne-aksident-trafiku\/","og_locale":"en_US","og_type":"article","og_title":"MC Kresha dhe Lyrical Son p\u00ebsojn\u00eb aksident trafiku? - Lajme nga Ulqini","og_description":"MC Kresha dhe Lyrical Son s\u00eb bashku me DJ Drit\u2019On kan\u00eb p\u00ebsuar nj\u00eb aksident automobilistik, raporton portali Qendra.info Dy reper\u00ebt ktheheshin nga Ulqini","og_url":"https:\/\/www.visit-ulcinj.com\/blog\/2011\/07\/12\/mc-kresha-dhe-lyrical-son-pesojne-aksident-trafiku\/","og_site_name":"Lajme nga Ulqini","article_published_time":"2011-07-12T12:17:18+00:00","article_modified_time":"2011-07-12T12:24:27+00:00","og_image":[{"url":"http:\/\/www.visit-ulcinj.com\/blog\/wp-content\/uploads\/2011\/07\/MC-Kresha-dhe-Lyrical-Son.jpg"}],"twitter_misc":{"Written by":"ulqini"},"schema":{"@context":"https:\/\/schema.org","@graph":[{"@type":"WebSite","@id":"https:\/\/www.visit-ulcinj.com\/blog\/#website","url":"https:\/\/www.visit-ulcinj.com\/blog\/","name":"Lajme nga Ulqini","description":"Lajme,Vijesti,Ulqini,Ulqin,Crna Gora,Mali i Zi","potentialAction":[{"@type":"SearchAction","target":{"@type":"EntryPoint","urlTemplate":"https:\/\/www.visit-ulcinj.com\/blog\/?s={search_term_string}"},"query-input":"required name=search_term_string"}],"inLanguage":"en-US"},{"@type":"ImageObject","inLanguage":"en-US","@id":"https:\/\/www.visit-ulcinj.com\/blog\/2011\/07\/12\/mc-kresha-dhe-lyrical-son-pesojne-aksident-trafiku\/#primaryimage","url":"http:\/\/www.visit-ulcinj.com\/blog\/wp-content\/uploads\/2011\/07\/MC-Kresha-dhe-Lyrical-Son.jpg","contentUrl":"http:\/\/www.visit-ulcinj.com\/blog\/wp-content\/uploads\/2011\/07\/MC-Kresha-dhe-Lyrical-Son.jpg"},{"@type":"WebPage","@id":"https:\/\/www.visit-ulcinj.com\/blog\/2011\/07\/12\/mc-kresha-dhe-lyrical-son-pesojne-aksident-trafiku\/#webpage","url":"https:\/\/www.visit-ulcinj.com\/blog\/2011\/07\/12\/mc-kresha-dhe-lyrical-son-pesojne-aksident-trafiku\/","name":"MC Kresha dhe Lyrical Son p\u00ebsojn\u00eb aksident trafiku? - Lajme nga Ulqini","isPartOf":{"@id":"https:\/\/www.visit-ulcinj.com\/blog\/#website"},"primaryImageOfPage":{"@id":"https:\/\/www.visit-ulcinj.com\/blog\/2011\/07\/12\/mc-kresha-dhe-lyrical-son-pesojne-aksident-trafiku\/#primaryimage"},"datePublished":"2011-07-12T12:17:18+00:00","dateModified":"2011-07-12T12:24:27+00:00","author":{"@id":"https:\/\/www.visit-ulcinj.com\/blog\/#\/schema\/person\/dcab619c614d3038751c63bc2aadc06d"},"description":"MC Kresha dhe Lyrical Son s\u00eb bashku me DJ Drit\u2019On kan\u00eb p\u00ebsuar nj\u00eb aksident automobilistik, raporton portali Qendra.info Dy reper\u00ebt ktheheshin nga Ulqini","breadcrumb":{"@id":"https:\/\/www.visit-ulcinj.com\/blog\/2011\/07\/12\/mc-kresha-dhe-lyrical-son-pesojne-aksident-trafiku\/#breadcrumb"},"inLanguage":"en-US","potentialAction":[{"@type":"ReadAction","target":["https:\/\/www.visit-ulcinj.com\/blog\/2011\/07\/12\/mc-kresha-dhe-lyrical-son-pesojne-aksident-trafiku\/"]}]},{"@type":"BreadcrumbList","@id":"https:\/\/www.visit-ulcinj.com\/blog\/2011\/07\/12\/mc-kresha-dhe-lyrical-son-pesojne-aksident-trafiku\/#breadcrumb","itemListElement":[{"@type":"ListItem","position":1,"name":"MC Kresha dhe Lyrical Son p\u00ebsojn\u00eb aksident trafiku?"}]},{"@type":"Person","@id":"https:\/\/www.visit-ulcinj.com\/blog\/#\/schema\/person\/dcab619c614d3038751c63bc2aadc06d","name":"ulqini","sameAs":["http:\/\/www.visit-ulcinj.com"],"url":"https:\/\/www.visit-ulcinj.com\/blog\/author\/admin\/"}]}},"jetpack_featured_media_url":"","jetpack_sharing_enabled":true,"jetpack_shortlink":"https:\/\/wp.me\/pe6lTn-cHv","_links":{"self":[{"href":"https:\/\/www.visit-ulcinj.com\/blog\/wp-json\/wp\/v2\/posts\/48825"}],"collection":[{"href":"https:\/\/www.visit-ulcinj.com\/blog\/wp-json\/wp\/v2\/posts"}],"about":[{"href":"https:\/\/www.visit-ulcinj.com\/blog\/wp-json\/wp\/v2\/types\/post"}],"author":[{"embeddable":true,"href":"https:\/\/www.visit-ulcinj.com\/blog\/wp-json\/wp\/v2\/users\/1"}],"replies":[{"embeddable":true,"href":"https:\/\/www.visit-ulcinj.com\/blog\/wp-json\/wp\/v2\/comments?post=48825"}],"version-history":[{"count":4,"href":"https:\/\/www.visit-ulcinj.com\/blog\/wp-json\/wp\/v2\/posts\/48825\/revisions"}],"predecessor-version":[{"id":48834,"href":"https:\/\/www.visit-ulcinj.com\/blog\/wp-json\/wp\/v2\/posts\/48825\/revisions\/48834"}],"wp:attachment":[{"href":"https:\/\/www.visit-ulcinj.com\/blog\/wp-json\/wp\/v2\/media?parent=48825"}],"wp:term":[{"taxonomy":"category","embeddable":true,"href":"https:\/\/www.visit-ulcinj.com\/blog\/wp-json\/wp\/v2\/categories?post=48825"},{"taxonomy":"post_tag","embeddable":true,"href":"https:\/\/www.visit-ulcinj.com\/blog\/wp-json\/wp\/v2\/tags?post=48825"}],"curies":[{"name":"wp","href":"https:\/\/api.w.org\/{rel}","templated":true}]}}