{"id":48832,"date":"2011-07-12T13:30:08","date_gmt":"2011-07-12T12:30:08","guid":{"rendered":"http:\/\/www.visit-ulcinj.com\/blog\/?p=48832"},"modified":"2011-07-12T13:44:41","modified_gmt":"2011-07-12T12:44:41","slug":"reagon-bleona-qereti-ne-twitter-njerezit-nuk-jane-normal","status":"publish","type":"post","link":"https:\/\/www.visit-ulcinj.com\/blog\/2011\/07\/12\/reagon-bleona-qereti-ne-twitter-njerezit-nuk-jane-normal\/","title":{"rendered":"Reagon Bleona Qereti ne Twitter : Njerezit nuk jan\u00eb normal"},"content":{"rendered":"<p><a href=\"http:\/\/www.visit-ulcinj.com\/blog\/wp-content\/uploads\/2011\/07\/Bleona-Qereti-1.jpg\"><img loading=\"lazy\" class=\"alignleft size-full wp-image-48835\" title=\"Bleona-Qereti-1\" src=\"http:\/\/www.visit-ulcinj.com\/blog\/wp-content\/uploads\/2011\/07\/Bleona-Qereti-1.jpg\" alt=\"\" width=\"508\" height=\"690\" \/><\/a>Si\u00e7 duket reagimet e shum\u00eb njer\u00ebzve q\u00eb shkuan n\u00eb adres\u00eb te k\u00ebng\u00ebtares Bleona Qereti, kan\u00eb b\u00ebr\u00eb q\u00eb kjo e fundit t\u00eb reagoj, duke th\u00ebn\u00eb se do t\u00eb dal\u00eb n\u00eb sken\u00eb me flamurin shqiptar dhe duke i quajtur jo normal ata q\u00eb b\u00ebn\u00eb kritika ndaj saj.<\/p>\n<p>\u201cAta (njerezit q\u00eb reaguan) nuk jan\u00eb normal. Do t\u00eb dal me flamur shqiptar n\u00eb sken\u00eb, n\u00eb mund\u00ebsin\u00eb e par\u00eb q\u00eb do t\u00eb kem\u201d, tha shkurt Bleona n\u00eb Twiter.<\/p>\n<p>N\u00eb dit\u00ebt n\u00eb vijim besojm se do kemi dhe nj\u00eb reagim zyrtar nga Bleona rreth \u00e7\u00ebshtjes n\u00eb fjal\u00eb.<\/p>\n<!--YouTube Error: bad URL entered-->\n","protected":false},"excerpt":{"rendered":"<p>Si\u00e7 duket reagimet e shum\u00eb njer\u00ebzve q\u00eb shkuan n\u00eb adres\u00eb te k\u00ebng\u00ebtares Bleona Qereti, kan\u00eb b\u00ebr\u00eb q\u00eb kjo e fundit t\u00eb reagoj, duke th\u00ebn\u00eb se do t\u00eb dal\u00eb n\u00eb sken\u00eb me flamurin shqiptar dhe duke i quajtur jo normal ata q\u00eb b\u00ebn\u00eb kritika ndaj saj. \u201cAta (njerezit q\u00eb reaguan) nuk jan\u00eb normal. Do t\u00eb dal [&hellip;]<\/p>\n","protected":false},"author":1,"featured_media":0,"comment_status":"open","ping_status":"closed","sticky":false,"template":"","format":"standard","meta":{"spay_email":"","jetpack_publicize_message":"","jetpack_is_tweetstorm":false,"jetpack_publicize_feature_enabled":true},"categories":[1],"tags":[5103,18659,18660],"jetpack_publicize_connections":[],"yoast_head":"<!-- This site is optimized with the Yoast SEO plugin v19.1 - https:\/\/yoast.com\/wordpress\/plugins\/seo\/ -->\n<title>Bleona Qereti : Njerezit nuk jan\u00eb normal - Lajme nga Ulqini<\/title>\n<meta name=\"description\" content=\"Bleona Qereti reagon shkurtimisht n\u00eb adresen e saj personale n\u00eb Twiter, per lajmin q\u00eb k\u00ebng\u00ebtarja mohon origjinen e saj shqiptare, duke mos falenderuar n\u00eb shqip.\" \/>\n<meta name=\"robots\" content=\"index, follow, max-snippet:-1, max-image-preview:large, max-video-preview:-1\" \/>\n<link rel=\"canonical\" href=\"https:\/\/www.visit-ulcinj.com\/blog\/2011\/07\/12\/reagon-bleona-qereti-ne-twitter-njerezit-nuk-jane-normal\/\" \/>\n<meta property=\"og:locale\" content=\"en_US\" \/>\n<meta property=\"og:type\" content=\"article\" \/>\n<meta property=\"og:title\" content=\"Bleona Qereti : Njerezit nuk jan\u00eb normal - Lajme nga Ulqini\" \/>\n<meta property=\"og:description\" content=\"Bleona Qereti reagon shkurtimisht n\u00eb adresen e saj personale n\u00eb Twiter, per lajmin q\u00eb k\u00ebng\u00ebtarja mohon origjinen e saj shqiptare, duke mos falenderuar n\u00eb shqip.\" \/>\n<meta property=\"og:url\" content=\"https:\/\/www.visit-ulcinj.com\/blog\/2011\/07\/12\/reagon-bleona-qereti-ne-twitter-njerezit-nuk-jane-normal\/\" \/>\n<meta property=\"og:site_name\" content=\"Lajme nga Ulqini\" \/>\n<meta property=\"article:published_time\" content=\"2011-07-12T12:30:08+00:00\" \/>\n<meta property=\"article:modified_time\" content=\"2011-07-12T12:44:41+00:00\" \/>\n<meta property=\"og:image\" content=\"http:\/\/www.visit-ulcinj.com\/blog\/wp-content\/uploads\/2011\/07\/Bleona-Qereti-1.jpg\" \/>\n<meta name=\"twitter:label1\" content=\"Written by\" \/>\n\t<meta name=\"twitter:data1\" content=\"ulqini\" \/>\n\t<meta name=\"twitter:label2\" content=\"Est. reading time\" \/>\n\t<meta name=\"twitter:data2\" content=\"1 minute\" \/>\n<script type=\"application\/ld+json\" class=\"yoast-schema-graph\">{\"@context\":\"https:\/\/schema.org\",\"@graph\":[{\"@type\":\"WebSite\",\"@id\":\"https:\/\/www.visit-ulcinj.com\/blog\/#website\",\"url\":\"https:\/\/www.visit-ulcinj.com\/blog\/\",\"name\":\"Lajme nga Ulqini\",\"description\":\"Lajme,Vijesti,Ulqini,Ulqin,Crna Gora,Mali i Zi\",\"potentialAction\":[{\"@type\":\"SearchAction\",\"target\":{\"@type\":\"EntryPoint\",\"urlTemplate\":\"https:\/\/www.visit-ulcinj.com\/blog\/?s={search_term_string}\"},\"query-input\":\"required name=search_term_string\"}],\"inLanguage\":\"en-US\"},{\"@type\":\"ImageObject\",\"inLanguage\":\"en-US\",\"@id\":\"https:\/\/www.visit-ulcinj.com\/blog\/2011\/07\/12\/reagon-bleona-qereti-ne-twitter-njerezit-nuk-jane-normal\/#primaryimage\",\"url\":\"http:\/\/www.visit-ulcinj.com\/blog\/wp-content\/uploads\/2011\/07\/Bleona-Qereti-1.jpg\",\"contentUrl\":\"http:\/\/www.visit-ulcinj.com\/blog\/wp-content\/uploads\/2011\/07\/Bleona-Qereti-1.jpg\"},{\"@type\":\"WebPage\",\"@id\":\"https:\/\/www.visit-ulcinj.com\/blog\/2011\/07\/12\/reagon-bleona-qereti-ne-twitter-njerezit-nuk-jane-normal\/#webpage\",\"url\":\"https:\/\/www.visit-ulcinj.com\/blog\/2011\/07\/12\/reagon-bleona-qereti-ne-twitter-njerezit-nuk-jane-normal\/\",\"name\":\"Bleona Qereti : Njerezit nuk jan\u00eb normal - Lajme nga Ulqini\",\"isPartOf\":{\"@id\":\"https:\/\/www.visit-ulcinj.com\/blog\/#website\"},\"primaryImageOfPage\":{\"@id\":\"https:\/\/www.visit-ulcinj.com\/blog\/2011\/07\/12\/reagon-bleona-qereti-ne-twitter-njerezit-nuk-jane-normal\/#primaryimage\"},\"datePublished\":\"2011-07-12T12:30:08+00:00\",\"dateModified\":\"2011-07-12T12:44:41+00:00\",\"author\":{\"@id\":\"https:\/\/www.visit-ulcinj.com\/blog\/#\/schema\/person\/dcab619c614d3038751c63bc2aadc06d\"},\"description\":\"Bleona Qereti reagon shkurtimisht n\u00eb adresen e saj personale n\u00eb Twiter, per lajmin q\u00eb k\u00ebng\u00ebtarja mohon origjinen e saj shqiptare, duke mos falenderuar n\u00eb shqip.\",\"breadcrumb\":{\"@id\":\"https:\/\/www.visit-ulcinj.com\/blog\/2011\/07\/12\/reagon-bleona-qereti-ne-twitter-njerezit-nuk-jane-normal\/#breadcrumb\"},\"inLanguage\":\"en-US\",\"potentialAction\":[{\"@type\":\"ReadAction\",\"target\":[\"https:\/\/www.visit-ulcinj.com\/blog\/2011\/07\/12\/reagon-bleona-qereti-ne-twitter-njerezit-nuk-jane-normal\/\"]}]},{\"@type\":\"BreadcrumbList\",\"@id\":\"https:\/\/www.visit-ulcinj.com\/blog\/2011\/07\/12\/reagon-bleona-qereti-ne-twitter-njerezit-nuk-jane-normal\/#breadcrumb\",\"itemListElement\":[{\"@type\":\"ListItem\",\"position\":1,\"name\":\"Reagon Bleona Qereti ne Twitter : Njerezit nuk jan\u00eb normal\"}]},{\"@type\":\"Person\",\"@id\":\"https:\/\/www.visit-ulcinj.com\/blog\/#\/schema\/person\/dcab619c614d3038751c63bc2aadc06d\",\"name\":\"ulqini\",\"sameAs\":[\"http:\/\/www.visit-ulcinj.com\"],\"url\":\"https:\/\/www.visit-ulcinj.com\/blog\/author\/admin\/\"}]}<\/script>\n<!-- \/ Yoast SEO plugin. -->","yoast_head_json":{"title":"Bleona Qereti : Njerezit nuk jan\u00eb normal - Lajme nga Ulqini","description":"Bleona Qereti reagon shkurtimisht n\u00eb adresen e saj personale n\u00eb Twiter, per lajmin q\u00eb k\u00ebng\u00ebtarja mohon origjinen e saj shqiptare, duke mos falenderuar n\u00eb shqip.","robots":{"index":"index","follow":"follow","max-snippet":"max-snippet:-1","max-image-preview":"max-image-preview:large","max-video-preview":"max-video-preview:-1"},"canonical":"https:\/\/www.visit-ulcinj.com\/blog\/2011\/07\/12\/reagon-bleona-qereti-ne-twitter-njerezit-nuk-jane-normal\/","og_locale":"en_US","og_type":"article","og_title":"Bleona Qereti : Njerezit nuk jan\u00eb normal - Lajme nga Ulqini","og_description":"Bleona Qereti reagon shkurtimisht n\u00eb adresen e saj personale n\u00eb Twiter, per lajmin q\u00eb k\u00ebng\u00ebtarja mohon origjinen e saj shqiptare, duke mos falenderuar n\u00eb shqip.","og_url":"https:\/\/www.visit-ulcinj.com\/blog\/2011\/07\/12\/reagon-bleona-qereti-ne-twitter-njerezit-nuk-jane-normal\/","og_site_name":"Lajme nga Ulqini","article_published_time":"2011-07-12T12:30:08+00:00","article_modified_time":"2011-07-12T12:44:41+00:00","og_image":[{"url":"http:\/\/www.visit-ulcinj.com\/blog\/wp-content\/uploads\/2011\/07\/Bleona-Qereti-1.jpg"}],"twitter_misc":{"Written by":"ulqini","Est. reading time":"1 minute"},"schema":{"@context":"https:\/\/schema.org","@graph":[{"@type":"WebSite","@id":"https:\/\/www.visit-ulcinj.com\/blog\/#website","url":"https:\/\/www.visit-ulcinj.com\/blog\/","name":"Lajme nga Ulqini","description":"Lajme,Vijesti,Ulqini,Ulqin,Crna Gora,Mali i Zi","potentialAction":[{"@type":"SearchAction","target":{"@type":"EntryPoint","urlTemplate":"https:\/\/www.visit-ulcinj.com\/blog\/?s={search_term_string}"},"query-input":"required name=search_term_string"}],"inLanguage":"en-US"},{"@type":"ImageObject","inLanguage":"en-US","@id":"https:\/\/www.visit-ulcinj.com\/blog\/2011\/07\/12\/reagon-bleona-qereti-ne-twitter-njerezit-nuk-jane-normal\/#primaryimage","url":"http:\/\/www.visit-ulcinj.com\/blog\/wp-content\/uploads\/2011\/07\/Bleona-Qereti-1.jpg","contentUrl":"http:\/\/www.visit-ulcinj.com\/blog\/wp-content\/uploads\/2011\/07\/Bleona-Qereti-1.jpg"},{"@type":"WebPage","@id":"https:\/\/www.visit-ulcinj.com\/blog\/2011\/07\/12\/reagon-bleona-qereti-ne-twitter-njerezit-nuk-jane-normal\/#webpage","url":"https:\/\/www.visit-ulcinj.com\/blog\/2011\/07\/12\/reagon-bleona-qereti-ne-twitter-njerezit-nuk-jane-normal\/","name":"Bleona Qereti : Njerezit nuk jan\u00eb normal - Lajme nga Ulqini","isPartOf":{"@id":"https:\/\/www.visit-ulcinj.com\/blog\/#website"},"primaryImageOfPage":{"@id":"https:\/\/www.visit-ulcinj.com\/blog\/2011\/07\/12\/reagon-bleona-qereti-ne-twitter-njerezit-nuk-jane-normal\/#primaryimage"},"datePublished":"2011-07-12T12:30:08+00:00","dateModified":"2011-07-12T12:44:41+00:00","author":{"@id":"https:\/\/www.visit-ulcinj.com\/blog\/#\/schema\/person\/dcab619c614d3038751c63bc2aadc06d"},"description":"Bleona Qereti reagon shkurtimisht n\u00eb adresen e saj personale n\u00eb Twiter, per lajmin q\u00eb k\u00ebng\u00ebtarja mohon origjinen e saj shqiptare, duke mos falenderuar n\u00eb shqip.","breadcrumb":{"@id":"https:\/\/www.visit-ulcinj.com\/blog\/2011\/07\/12\/reagon-bleona-qereti-ne-twitter-njerezit-nuk-jane-normal\/#breadcrumb"},"inLanguage":"en-US","potentialAction":[{"@type":"ReadAction","target":["https:\/\/www.visit-ulcinj.com\/blog\/2011\/07\/12\/reagon-bleona-qereti-ne-twitter-njerezit-nuk-jane-normal\/"]}]},{"@type":"BreadcrumbList","@id":"https:\/\/www.visit-ulcinj.com\/blog\/2011\/07\/12\/reagon-bleona-qereti-ne-twitter-njerezit-nuk-jane-normal\/#breadcrumb","itemListElement":[{"@type":"ListItem","position":1,"name":"Reagon Bleona Qereti ne Twitter : Njerezit nuk jan\u00eb normal"}]},{"@type":"Person","@id":"https:\/\/www.visit-ulcinj.com\/blog\/#\/schema\/person\/dcab619c614d3038751c63bc2aadc06d","name":"ulqini","sameAs":["http:\/\/www.visit-ulcinj.com"],"url":"https:\/\/www.visit-ulcinj.com\/blog\/author\/admin\/"}]}},"jetpack_featured_media_url":"","jetpack_sharing_enabled":true,"jetpack_shortlink":"https:\/\/wp.me\/pe6lTn-cHC","_links":{"self":[{"href":"https:\/\/www.visit-ulcinj.com\/blog\/wp-json\/wp\/v2\/posts\/48832"}],"collection":[{"href":"https:\/\/www.visit-ulcinj.com\/blog\/wp-json\/wp\/v2\/posts"}],"about":[{"href":"https:\/\/www.visit-ulcinj.com\/blog\/wp-json\/wp\/v2\/types\/post"}],"author":[{"embeddable":true,"href":"https:\/\/www.visit-ulcinj.com\/blog\/wp-json\/wp\/v2\/users\/1"}],"replies":[{"embeddable":true,"href":"https:\/\/www.visit-ulcinj.com\/blog\/wp-json\/wp\/v2\/comments?post=48832"}],"version-history":[{"count":3,"href":"https:\/\/www.visit-ulcinj.com\/blog\/wp-json\/wp\/v2\/posts\/48832\/revisions"}],"predecessor-version":[{"id":48837,"href":"https:\/\/www.visit-ulcinj.com\/blog\/wp-json\/wp\/v2\/posts\/48832\/revisions\/48837"}],"wp:attachment":[{"href":"https:\/\/www.visit-ulcinj.com\/blog\/wp-json\/wp\/v2\/media?parent=48832"}],"wp:term":[{"taxonomy":"category","embeddable":true,"href":"https:\/\/www.visit-ulcinj.com\/blog\/wp-json\/wp\/v2\/categories?post=48832"},{"taxonomy":"post_tag","embeddable":true,"href":"https:\/\/www.visit-ulcinj.com\/blog\/wp-json\/wp\/v2\/tags?post=48832"}],"curies":[{"name":"wp","href":"https:\/\/api.w.org\/{rel}","templated":true}]}}