{"id":48884,"date":"2011-07-13T07:25:48","date_gmt":"2011-07-13T06:25:48","guid":{"rendered":"http:\/\/www.visit-ulcinj.com\/blog\/?p=48884"},"modified":"2011-07-13T07:25:48","modified_gmt":"2011-07-13T06:25:48","slug":"fikret-dushku-me-certifikate-nderkombetare","status":"publish","type":"post","link":"https:\/\/www.visit-ulcinj.com\/blog\/2011\/07\/13\/fikret-dushku-me-certifikate-nderkombetare\/","title":{"rendered":"Fikret Dushku me \u00e7\u00ebrtifikat\u00eb nd\u00ebrkomb\u00ebtare"},"content":{"rendered":"<p><a href=\"http:\/\/www.visit-ulcinj.com\/blog\/wp-content\/uploads\/2011\/07\/Fikret-Dushku-me-%C3%A7%C3%ABrtifikat%C3%AB-nd%C3%ABrkomb%C3%ABtare.jpg\"><img loading=\"lazy\" class=\"alignleft size-full wp-image-48887\" title=\"Fikret Dushku me \u00e7\u00ebrtifikat\u00eb nd\u00ebrkomb\u00ebtare\" src=\"http:\/\/www.visit-ulcinj.com\/blog\/wp-content\/uploads\/2011\/07\/Fikret-Dushku-me-%C3%A7%C3%ABrtifikat%C3%AB-nd%C3%ABrkomb%C3%ABtare.jpg\" alt=\"\" width=\"508\" height=\"380\" \/><\/a>Nga data 18 qershore deri me 10 korrik n\u00eb Koren e jugut u mbajt\u00eb seminari 20 ditor\u00eb p\u00ebr trajner\u00eb nd\u00ebrkomb\u00ebtar\u00eb e oraganizuar nga federata bot\u00ebrore e Taekwondo-s\u00eb.Nga Mali i Zi n\u00eb k\u00ebt\u00eb seminar\u00eb mori pjes\u00eb kryetrajneri i klubit t\u00eb taekwondo-s\u00eb Ulqini Fikret Dushku.<br \/>\nN\u00eb k\u00ebt\u00eb seminar trajneri i KT Ulqinit u tregua i suksesh\u00ebm i cili n\u00eb testin final u shp\u00ebrblye me \u00e7ertifikat\u00eb nd\u00ebrkomb\u00ebtare.N\u00eb k\u00ebt\u00eb seminar\u00eb mor\u00ebn pjes\u00eb 22 trajner\u00eb nga 20 vende t\u00eb bot\u00ebs.<br \/>\nSeminari u organizua n\u00eb universitetin &#8220;Kyung Hee&#8221; i cili zgjati plot\u00eb tre jave.P\u00ebr m\u00eb gjat\u00eb Fikret Dushku shprehet:S\u00eb pari falenderoj federat\u00ebn e Malit t\u00eb Zi q\u00eb ma mund\u00ebsuan pjesmarrjen time n\u00eb k\u00ebt\u00eb seminar\u00eb t\u00eb organizuar nga federata bot\u00ebrore n\u00eb universiteti m\u00eb t\u00eb lart t\u00eb taekwondo-s\u00eb n\u00eb Koren e jugut.<br \/>\n<a href=\"http:\/\/www.visit-ulcinj.com\/blog\/wp-content\/uploads\/2011\/07\/Fikret-Dushku-me-\u00e7\u00ebrtifikat\u00eb-nd\u00ebrkomb\u00ebtare.1.jpg\"><img loading=\"lazy\" class=\"alignleft size-full wp-image-48885\" title=\"Fikret Dushku me \u00e7\u00ebrtifikat\u00eb nd\u00ebrkomb\u00ebtare.1\" src=\"http:\/\/www.visit-ulcinj.com\/blog\/wp-content\/uploads\/2011\/07\/Fikret-Dushku-me-\u00e7\u00ebrtifikat\u00eb-nd\u00ebrkomb\u00ebtare.1.jpg\" alt=\"\" width=\"508\" height=\"330\" \/><\/a><br \/>\nSeminari ishte i vlefsh\u00ebm dhe shum\u00eb i q\u00eblluar por i ngarkuar si n\u00eb aspektin teorik ashtu edhe n\u00eb at\u00eb praktik, n\u00eb fund iu n\u00ebnshtruam testit final ku fal\u00eb Zotit u tregova i suksesh\u00ebm dhe arrita t\u00eb shp\u00ebrblem me \u00e7ertifikat\u00eb nd\u00ebrkomb\u00ebtare p\u00ebr instruktor n\u00eb mesin e trajner\u00eb tjer\u00eb t\u00eb cil\u00ebt u treguan t\u00eb suksesh\u00ebm e p\u00ebr fat t\u00eb keq kishte edhe prej atyre trajner\u00ebve t\u00eb cil\u00ebt nuk arrit\u00ebn t\u00eb shp\u00ebrblehen me li\u00e7ens\u00eb nd\u00ebrkomb\u00ebtare, p\u00ebr shkak t\u00eb suksesit jo pozitiv. Seminari ishte i p\u00ebrb\u00ebr prej 12 kapitujsh\u00eb si: Sparingu i taekwondo-s\u00eb, demonstrimi, format n\u00eb taekwondo, ndihma e par\u00eb dhe lidhja, ushqimi i sportistit, psikologjia e sportistit, fiziologjia e sportistit, fleksibiliteti n\u00eb taekwondo, fitnesi fizikal n\u00eb taekwondo, aerobiku n\u00eb taewkondo, historiku dhe filozofia e taekwondo-s\u00eb.<br \/>\n<a href=\"http:\/\/www.visit-ulcinj.com\/blog\/wp-content\/uploads\/2011\/07\/Fikret-Dushku-me-\u00e7\u00ebrtifikat\u00eb-nd\u00ebrkomb\u00ebtare.2.jpg\"><img loading=\"lazy\" class=\"alignleft size-full wp-image-48886\" title=\"Fikret Dushku me \u00e7\u00ebrtifikat\u00eb nd\u00ebrkomb\u00ebtare.2\" src=\"http:\/\/www.visit-ulcinj.com\/blog\/wp-content\/uploads\/2011\/07\/Fikret-Dushku-me-\u00e7\u00ebrtifikat\u00eb-nd\u00ebrkomb\u00ebtare.2.jpg\" alt=\"\" width=\"508\" height=\"330\" \/><\/a><br \/>\nIshte nj\u00eb k\u00ebnaq\u00ebsi e va\u00e7ant\u00eb t\u00eb st\u00ebrvitesh nga profesor\u00ebt e k\u00ebtij universiti e sidomos\u00eb nga trajneri i sparingut Chang Myung Sam 4 her\u00eb kampion i bot\u00ebs, fitues i medaljes s\u00eb art\u00eb si dhe trajner i ekipit t\u00eb kukkiwonit. Seminari ishte shum\u00eb i ngarkuar i cili u realizua p\u00ebr tre jave nga ora 7 e m\u00ebngjesit deri n\u00eb or\u00ebn 9.30 e mbr\u00ebmbjes me disa pauza nd\u00ebrmjet. Universiteti ishte i pajisur me t\u00eb gjitha kushtet sportive e medicinale si dhe me teknologjine bashkohere sportive.<\/p>\n<p><a href=\"http:\/\/www.facebook.com\/media\/set\/?set=a.1998786484012.2113375.1074010531\" target=\"_blank\"><strong>Fikret Dushku Facebook &#8211; South Korea 2011<\/strong><\/a><\/p>\n<p><strong><br \/>\n<\/strong><\/p>\n","protected":false},"excerpt":{"rendered":"<p>Nga data 18 qershore deri me 10 korrik n\u00eb Koren e jugut u mbajt\u00eb seminari 20 ditor\u00eb p\u00ebr trajner\u00eb nd\u00ebrkomb\u00ebtar\u00eb e oraganizuar nga federata bot\u00ebrore e Taekwondo-s\u00eb.Nga Mali i Zi n\u00eb k\u00ebt\u00eb seminar\u00eb mori pjes\u00eb kryetrajneri i klubit t\u00eb taekwondo-s\u00eb Ulqini Fikret Dushku. N\u00eb k\u00ebt\u00eb seminar trajneri i KT Ulqinit u tregua i suksesh\u00ebm i [&hellip;]<\/p>\n","protected":false},"author":1,"featured_media":0,"comment_status":"open","ping_status":"closed","sticky":false,"template":"","format":"standard","meta":{"spay_email":"","jetpack_publicize_message":"","jetpack_is_tweetstorm":false,"jetpack_publicize_feature_enabled":true},"categories":[3],"tags":[5926],"jetpack_publicize_connections":[],"yoast_head":"<!-- This site is optimized with the Yoast SEO plugin v19.1 - https:\/\/yoast.com\/wordpress\/plugins\/seo\/ -->\n<title>Fikret Dushku me \u00e7\u00ebrtifikat\u00eb nd\u00ebrkomb\u00ebtare - Lajme nga Ulqini<\/title>\n<meta name=\"description\" content=\"Nga data 18 qershore deri me 10 korrik n\u00eb Koren e jugut u mbajt\u00eb seminari 20 ditor\u00eb p\u00ebr trajner\u00eb nd\u00ebrkomb\u00ebtar\u00eb e oraganizuar nga federata bot\u00ebrore e\" \/>\n<meta name=\"robots\" content=\"index, follow, max-snippet:-1, max-image-preview:large, max-video-preview:-1\" \/>\n<link rel=\"canonical\" href=\"https:\/\/www.visit-ulcinj.com\/blog\/2011\/07\/13\/fikret-dushku-me-certifikate-nderkombetare\/\" \/>\n<meta property=\"og:locale\" content=\"en_US\" \/>\n<meta property=\"og:type\" content=\"article\" \/>\n<meta property=\"og:title\" content=\"Fikret Dushku me \u00e7\u00ebrtifikat\u00eb nd\u00ebrkomb\u00ebtare - Lajme nga Ulqini\" \/>\n<meta property=\"og:description\" content=\"Nga data 18 qershore deri me 10 korrik n\u00eb Koren e jugut u mbajt\u00eb seminari 20 ditor\u00eb p\u00ebr trajner\u00eb nd\u00ebrkomb\u00ebtar\u00eb e oraganizuar nga federata bot\u00ebrore e\" \/>\n<meta property=\"og:url\" content=\"https:\/\/www.visit-ulcinj.com\/blog\/2011\/07\/13\/fikret-dushku-me-certifikate-nderkombetare\/\" \/>\n<meta property=\"og:site_name\" content=\"Lajme nga Ulqini\" \/>\n<meta property=\"article:published_time\" content=\"2011-07-13T06:25:48+00:00\" \/>\n<meta property=\"og:image\" content=\"http:\/\/www.visit-ulcinj.com\/blog\/wp-content\/uploads\/2011\/07\/Fikret-Dushku-me-%C3%A7%C3%ABrtifikat%C3%AB-nd%C3%ABrkomb%C3%ABtare.jpg\" \/>\n<meta name=\"twitter:label1\" content=\"Written by\" \/>\n\t<meta name=\"twitter:data1\" content=\"ulqini\" \/>\n\t<meta name=\"twitter:label2\" content=\"Est. reading time\" \/>\n\t<meta name=\"twitter:data2\" content=\"2 minutes\" \/>\n<script type=\"application\/ld+json\" class=\"yoast-schema-graph\">{\"@context\":\"https:\/\/schema.org\",\"@graph\":[{\"@type\":\"WebSite\",\"@id\":\"https:\/\/www.visit-ulcinj.com\/blog\/#website\",\"url\":\"https:\/\/www.visit-ulcinj.com\/blog\/\",\"name\":\"Lajme nga Ulqini\",\"description\":\"Lajme,Vijesti,Ulqini,Ulqin,Crna Gora,Mali i Zi\",\"potentialAction\":[{\"@type\":\"SearchAction\",\"target\":{\"@type\":\"EntryPoint\",\"urlTemplate\":\"https:\/\/www.visit-ulcinj.com\/blog\/?s={search_term_string}\"},\"query-input\":\"required name=search_term_string\"}],\"inLanguage\":\"en-US\"},{\"@type\":\"ImageObject\",\"inLanguage\":\"en-US\",\"@id\":\"https:\/\/www.visit-ulcinj.com\/blog\/2011\/07\/13\/fikret-dushku-me-certifikate-nderkombetare\/#primaryimage\",\"url\":\"http:\/\/www.visit-ulcinj.com\/blog\/wp-content\/uploads\/2011\/07\/Fikret-Dushku-me-%C3%A7%C3%ABrtifikat%C3%AB-nd%C3%ABrkomb%C3%ABtare.jpg\",\"contentUrl\":\"http:\/\/www.visit-ulcinj.com\/blog\/wp-content\/uploads\/2011\/07\/Fikret-Dushku-me-%C3%A7%C3%ABrtifikat%C3%AB-nd%C3%ABrkomb%C3%ABtare.jpg\"},{\"@type\":\"WebPage\",\"@id\":\"https:\/\/www.visit-ulcinj.com\/blog\/2011\/07\/13\/fikret-dushku-me-certifikate-nderkombetare\/#webpage\",\"url\":\"https:\/\/www.visit-ulcinj.com\/blog\/2011\/07\/13\/fikret-dushku-me-certifikate-nderkombetare\/\",\"name\":\"Fikret Dushku me \u00e7\u00ebrtifikat\u00eb nd\u00ebrkomb\u00ebtare - Lajme nga Ulqini\",\"isPartOf\":{\"@id\":\"https:\/\/www.visit-ulcinj.com\/blog\/#website\"},\"primaryImageOfPage\":{\"@id\":\"https:\/\/www.visit-ulcinj.com\/blog\/2011\/07\/13\/fikret-dushku-me-certifikate-nderkombetare\/#primaryimage\"},\"datePublished\":\"2011-07-13T06:25:48+00:00\",\"dateModified\":\"2011-07-13T06:25:48+00:00\",\"author\":{\"@id\":\"https:\/\/www.visit-ulcinj.com\/blog\/#\/schema\/person\/dcab619c614d3038751c63bc2aadc06d\"},\"description\":\"Nga data 18 qershore deri me 10 korrik n\u00eb Koren e jugut u mbajt\u00eb seminari 20 ditor\u00eb p\u00ebr trajner\u00eb nd\u00ebrkomb\u00ebtar\u00eb e oraganizuar nga federata bot\u00ebrore e\",\"breadcrumb\":{\"@id\":\"https:\/\/www.visit-ulcinj.com\/blog\/2011\/07\/13\/fikret-dushku-me-certifikate-nderkombetare\/#breadcrumb\"},\"inLanguage\":\"en-US\",\"potentialAction\":[{\"@type\":\"ReadAction\",\"target\":[\"https:\/\/www.visit-ulcinj.com\/blog\/2011\/07\/13\/fikret-dushku-me-certifikate-nderkombetare\/\"]}]},{\"@type\":\"BreadcrumbList\",\"@id\":\"https:\/\/www.visit-ulcinj.com\/blog\/2011\/07\/13\/fikret-dushku-me-certifikate-nderkombetare\/#breadcrumb\",\"itemListElement\":[{\"@type\":\"ListItem\",\"position\":1,\"name\":\"Fikret Dushku me \u00e7\u00ebrtifikat\u00eb nd\u00ebrkomb\u00ebtare\"}]},{\"@type\":\"Person\",\"@id\":\"https:\/\/www.visit-ulcinj.com\/blog\/#\/schema\/person\/dcab619c614d3038751c63bc2aadc06d\",\"name\":\"ulqini\",\"sameAs\":[\"http:\/\/www.visit-ulcinj.com\"],\"url\":\"https:\/\/www.visit-ulcinj.com\/blog\/author\/admin\/\"}]}<\/script>\n<!-- \/ Yoast SEO plugin. -->","yoast_head_json":{"title":"Fikret Dushku me \u00e7\u00ebrtifikat\u00eb nd\u00ebrkomb\u00ebtare - Lajme nga Ulqini","description":"Nga data 18 qershore deri me 10 korrik n\u00eb Koren e jugut u mbajt\u00eb seminari 20 ditor\u00eb p\u00ebr trajner\u00eb nd\u00ebrkomb\u00ebtar\u00eb e oraganizuar nga federata bot\u00ebrore e","robots":{"index":"index","follow":"follow","max-snippet":"max-snippet:-1","max-image-preview":"max-image-preview:large","max-video-preview":"max-video-preview:-1"},"canonical":"https:\/\/www.visit-ulcinj.com\/blog\/2011\/07\/13\/fikret-dushku-me-certifikate-nderkombetare\/","og_locale":"en_US","og_type":"article","og_title":"Fikret Dushku me \u00e7\u00ebrtifikat\u00eb nd\u00ebrkomb\u00ebtare - Lajme nga Ulqini","og_description":"Nga data 18 qershore deri me 10 korrik n\u00eb Koren e jugut u mbajt\u00eb seminari 20 ditor\u00eb p\u00ebr trajner\u00eb nd\u00ebrkomb\u00ebtar\u00eb e oraganizuar nga federata bot\u00ebrore e","og_url":"https:\/\/www.visit-ulcinj.com\/blog\/2011\/07\/13\/fikret-dushku-me-certifikate-nderkombetare\/","og_site_name":"Lajme nga Ulqini","article_published_time":"2011-07-13T06:25:48+00:00","og_image":[{"url":"http:\/\/www.visit-ulcinj.com\/blog\/wp-content\/uploads\/2011\/07\/Fikret-Dushku-me-%C3%A7%C3%ABrtifikat%C3%AB-nd%C3%ABrkomb%C3%ABtare.jpg"}],"twitter_misc":{"Written by":"ulqini","Est. reading time":"2 minutes"},"schema":{"@context":"https:\/\/schema.org","@graph":[{"@type":"WebSite","@id":"https:\/\/www.visit-ulcinj.com\/blog\/#website","url":"https:\/\/www.visit-ulcinj.com\/blog\/","name":"Lajme nga Ulqini","description":"Lajme,Vijesti,Ulqini,Ulqin,Crna Gora,Mali i Zi","potentialAction":[{"@type":"SearchAction","target":{"@type":"EntryPoint","urlTemplate":"https:\/\/www.visit-ulcinj.com\/blog\/?s={search_term_string}"},"query-input":"required name=search_term_string"}],"inLanguage":"en-US"},{"@type":"ImageObject","inLanguage":"en-US","@id":"https:\/\/www.visit-ulcinj.com\/blog\/2011\/07\/13\/fikret-dushku-me-certifikate-nderkombetare\/#primaryimage","url":"http:\/\/www.visit-ulcinj.com\/blog\/wp-content\/uploads\/2011\/07\/Fikret-Dushku-me-%C3%A7%C3%ABrtifikat%C3%AB-nd%C3%ABrkomb%C3%ABtare.jpg","contentUrl":"http:\/\/www.visit-ulcinj.com\/blog\/wp-content\/uploads\/2011\/07\/Fikret-Dushku-me-%C3%A7%C3%ABrtifikat%C3%AB-nd%C3%ABrkomb%C3%ABtare.jpg"},{"@type":"WebPage","@id":"https:\/\/www.visit-ulcinj.com\/blog\/2011\/07\/13\/fikret-dushku-me-certifikate-nderkombetare\/#webpage","url":"https:\/\/www.visit-ulcinj.com\/blog\/2011\/07\/13\/fikret-dushku-me-certifikate-nderkombetare\/","name":"Fikret Dushku me \u00e7\u00ebrtifikat\u00eb nd\u00ebrkomb\u00ebtare - Lajme nga Ulqini","isPartOf":{"@id":"https:\/\/www.visit-ulcinj.com\/blog\/#website"},"primaryImageOfPage":{"@id":"https:\/\/www.visit-ulcinj.com\/blog\/2011\/07\/13\/fikret-dushku-me-certifikate-nderkombetare\/#primaryimage"},"datePublished":"2011-07-13T06:25:48+00:00","dateModified":"2011-07-13T06:25:48+00:00","author":{"@id":"https:\/\/www.visit-ulcinj.com\/blog\/#\/schema\/person\/dcab619c614d3038751c63bc2aadc06d"},"description":"Nga data 18 qershore deri me 10 korrik n\u00eb Koren e jugut u mbajt\u00eb seminari 20 ditor\u00eb p\u00ebr trajner\u00eb nd\u00ebrkomb\u00ebtar\u00eb e oraganizuar nga federata bot\u00ebrore e","breadcrumb":{"@id":"https:\/\/www.visit-ulcinj.com\/blog\/2011\/07\/13\/fikret-dushku-me-certifikate-nderkombetare\/#breadcrumb"},"inLanguage":"en-US","potentialAction":[{"@type":"ReadAction","target":["https:\/\/www.visit-ulcinj.com\/blog\/2011\/07\/13\/fikret-dushku-me-certifikate-nderkombetare\/"]}]},{"@type":"BreadcrumbList","@id":"https:\/\/www.visit-ulcinj.com\/blog\/2011\/07\/13\/fikret-dushku-me-certifikate-nderkombetare\/#breadcrumb","itemListElement":[{"@type":"ListItem","position":1,"name":"Fikret Dushku me \u00e7\u00ebrtifikat\u00eb nd\u00ebrkomb\u00ebtare"}]},{"@type":"Person","@id":"https:\/\/www.visit-ulcinj.com\/blog\/#\/schema\/person\/dcab619c614d3038751c63bc2aadc06d","name":"ulqini","sameAs":["http:\/\/www.visit-ulcinj.com"],"url":"https:\/\/www.visit-ulcinj.com\/blog\/author\/admin\/"}]}},"jetpack_featured_media_url":"","jetpack_sharing_enabled":true,"jetpack_shortlink":"https:\/\/wp.me\/pe6lTn-cIs","_links":{"self":[{"href":"https:\/\/www.visit-ulcinj.com\/blog\/wp-json\/wp\/v2\/posts\/48884"}],"collection":[{"href":"https:\/\/www.visit-ulcinj.com\/blog\/wp-json\/wp\/v2\/posts"}],"about":[{"href":"https:\/\/www.visit-ulcinj.com\/blog\/wp-json\/wp\/v2\/types\/post"}],"author":[{"embeddable":true,"href":"https:\/\/www.visit-ulcinj.com\/blog\/wp-json\/wp\/v2\/users\/1"}],"replies":[{"embeddable":true,"href":"https:\/\/www.visit-ulcinj.com\/blog\/wp-json\/wp\/v2\/comments?post=48884"}],"version-history":[{"count":1,"href":"https:\/\/www.visit-ulcinj.com\/blog\/wp-json\/wp\/v2\/posts\/48884\/revisions"}],"predecessor-version":[{"id":48888,"href":"https:\/\/www.visit-ulcinj.com\/blog\/wp-json\/wp\/v2\/posts\/48884\/revisions\/48888"}],"wp:attachment":[{"href":"https:\/\/www.visit-ulcinj.com\/blog\/wp-json\/wp\/v2\/media?parent=48884"}],"wp:term":[{"taxonomy":"category","embeddable":true,"href":"https:\/\/www.visit-ulcinj.com\/blog\/wp-json\/wp\/v2\/categories?post=48884"},{"taxonomy":"post_tag","embeddable":true,"href":"https:\/\/www.visit-ulcinj.com\/blog\/wp-json\/wp\/v2\/tags?post=48884"}],"curies":[{"name":"wp","href":"https:\/\/api.w.org\/{rel}","templated":true}]}}