{"id":48894,"date":"2011-07-13T11:43:26","date_gmt":"2011-07-13T10:43:26","guid":{"rendered":"http:\/\/www.visit-ulcinj.com\/blog\/?p=48894"},"modified":"2011-07-13T11:43:26","modified_gmt":"2011-07-13T10:43:26","slug":"jonida-maliqi-sjell-klipin-fantastik","status":"publish","type":"post","link":"https:\/\/www.visit-ulcinj.com\/blog\/2011\/07\/13\/jonida-maliqi-sjell-klipin-fantastik\/","title":{"rendered":"Jonida Maliqi sjell klipin Fantastik"},"content":{"rendered":"<p><a href=\"http:\/\/www.visit-ulcinj.com\/blog\/wp-content\/uploads\/2011\/07\/Jonida-Maliqi-Fantastik-1.jpg\"><img loading=\"lazy\" class=\"alignleft size-full wp-image-48895\" title=\"Jonida Maliqi - Fantastik - 1\" src=\"http:\/\/www.visit-ulcinj.com\/blog\/wp-content\/uploads\/2011\/07\/Jonida-Maliqi-Fantastik-1.jpg\" alt=\"\" width=\"508\" height=\"285\" \/><\/a>K\u00ebng\u00ebtarja e njohur Jonida Maliqi p\u00ebrgatit nj\u00eb supriz\u00eb verore p\u00ebr fansat e saj, pik\u00ebrisht nj\u00eb k\u00ebng\u00eb t\u00eb hareshme me titull \u201cFantastik\u201d. Nj\u00eb k\u00ebng\u00eb me muzik\u00eb e tekst t\u00eb Big Bast\u00ebs (Gerald Xharit) dhe orkestrim t\u00eb Edlir Begollit. Klipi\u00a0 i dedikohet nj\u00eb gjendjeje fantastike shpirt\u00ebrore, nj\u00eb lumturie me shkak, e realizuar n\u00ebp\u00ebrmjet ritmit \u201cdance\u201d, veshjeve gjith\u00eb stil e ngjyra, dhe fytyr\u00ebs s\u00eb qeshur t\u00eb Jonid\u00ebs.<\/p>\n<p>Vjen k\u00ebshtu me nj\u00eb ndryshim t\u00eb bukur nga k\u00ebnga e sezonit t\u00eb kaluar, balada me titull \u201cNj\u00eb or\u00eb m\u00eb shum\u00eb\u201d, p\u00ebr t\u00eb prezantuar profilin e saj t\u00eb lumtur. Nd\u00ebrkoh\u00eb q\u00eb n\u00eb at\u00eb klip shfaqej n\u00eb nj\u00eb sken\u00eb teatri, ku perfomonte pa l\u00ebvizur dhe e pushtuar nga notat e trishtimit, n\u00eb k\u00ebt\u00eb k\u00ebng\u00eb shp\u00ebrthen n\u00eb hare, duke transmetuar ndjesin\u00eb e v\u00ebrtet\u00eb t\u00eb jet\u00ebs s\u00eb saj n\u00eb k\u00ebto momente. \u201cN\u00eb klipin tim t\u00eb ri do ju transmetoj me shum\u00eb spontanitet harmonin\u00eb shpirt\u00ebrore q\u00eb ndjej un\u00eb n\u00eb vetvete\u201d, thot\u00eb Jonida p\u00ebr gazet\u00ebn \u201cPanorama. \u201cDua t\u00eb falenderoj autorin e k\u00ebng\u00ebs, Big Bast\u00ebn, pasi sapo m\u00ebsova lajmin e bukur t\u00eb shtat\u00ebzanis\u00eb i k\u00ebrkova atij nj\u00eb material t\u00eb till\u00eb, pasi kisha shum\u00eb d\u00ebshir\u00eb t\u00eb realizonim nj\u00eb k\u00ebng\u00eb t\u00eb g\u00ebzueshme.<\/p>\n<p>Kemi punuar n\u00eb nj\u00eb koh\u00eb rekord, krijimi na ngjiti dhe tashm\u00eb sapo kan\u00eb p\u00ebrfunduar xhirimet e klipit me nj\u00ebmij\u00eb figurant\u00eb n\u00eb \u201cMuza Park\u201d n\u00eb Tiran\u00eb. Xhirimet jan\u00eb realizuar n\u00eb ambientet e banakut dhe pishin\u00ebs s\u00eb k\u00ebtij clubi, ku ritmet p\u00ebrcillen n\u00ebp\u00ebrmjet skenimit t\u00eb nj\u00eb \u201cparty\u201d madh\u00ebshtore me t\u00eb rinj t\u00eb bukur dhe miss-e.<\/p>\n<!--YouTube Error: bad URL entered-->\n","protected":false},"excerpt":{"rendered":"<p>K\u00ebng\u00ebtarja e njohur Jonida Maliqi p\u00ebrgatit nj\u00eb supriz\u00eb verore p\u00ebr fansat e saj, pik\u00ebrisht nj\u00eb k\u00ebng\u00eb t\u00eb hareshme me titull \u201cFantastik\u201d. Nj\u00eb k\u00ebng\u00eb me muzik\u00eb e tekst t\u00eb Big Bast\u00ebs (Gerald Xharit) dhe orkestrim t\u00eb Edlir Begollit. Klipi\u00a0 i dedikohet nj\u00eb gjendjeje fantastike shpirt\u00ebrore, nj\u00eb lumturie me shkak, e realizuar n\u00ebp\u00ebrmjet ritmit \u201cdance\u201d, veshjeve gjith\u00eb [&hellip;]<\/p>\n","protected":false},"author":1,"featured_media":0,"comment_status":"open","ping_status":"closed","sticky":false,"template":"","format":"standard","meta":{"spay_email":"","jetpack_publicize_message":"","jetpack_is_tweetstorm":false,"jetpack_publicize_feature_enabled":true},"categories":[1],"tags":[18670,5127],"jetpack_publicize_connections":[],"yoast_head":"<!-- This site is optimized with the Yoast SEO plugin v19.1 - https:\/\/yoast.com\/wordpress\/plugins\/seo\/ -->\n<title>Jonida Maliqi sjell klipin Fantastik - Lajme nga Ulqini<\/title>\n<meta name=\"description\" content=\"K\u00ebng\u00ebtarja e njohur Jonida Maliqi p\u00ebrgatit nj\u00eb supriz\u00eb verore p\u00ebr fansat e saj, pik\u00ebrisht nj\u00eb k\u00ebng\u00eb t\u00eb hareshme me titull \u201cFantastik\u201d.\" \/>\n<meta name=\"robots\" content=\"index, follow, max-snippet:-1, max-image-preview:large, max-video-preview:-1\" \/>\n<link rel=\"canonical\" href=\"https:\/\/www.visit-ulcinj.com\/blog\/2011\/07\/13\/jonida-maliqi-sjell-klipin-fantastik\/\" \/>\n<meta property=\"og:locale\" content=\"en_US\" \/>\n<meta property=\"og:type\" content=\"article\" \/>\n<meta property=\"og:title\" content=\"Jonida Maliqi sjell klipin Fantastik - Lajme nga Ulqini\" \/>\n<meta property=\"og:description\" content=\"K\u00ebng\u00ebtarja e njohur Jonida Maliqi p\u00ebrgatit nj\u00eb supriz\u00eb verore p\u00ebr fansat e saj, pik\u00ebrisht nj\u00eb k\u00ebng\u00eb t\u00eb hareshme me titull \u201cFantastik\u201d.\" \/>\n<meta property=\"og:url\" content=\"https:\/\/www.visit-ulcinj.com\/blog\/2011\/07\/13\/jonida-maliqi-sjell-klipin-fantastik\/\" \/>\n<meta property=\"og:site_name\" content=\"Lajme nga Ulqini\" \/>\n<meta property=\"article:published_time\" content=\"2011-07-13T10:43:26+00:00\" \/>\n<meta property=\"og:image\" content=\"http:\/\/www.visit-ulcinj.com\/blog\/wp-content\/uploads\/2011\/07\/Jonida-Maliqi-Fantastik-1.jpg\" \/>\n<meta name=\"twitter:label1\" content=\"Written by\" \/>\n\t<meta name=\"twitter:data1\" content=\"ulqini\" \/>\n\t<meta name=\"twitter:label2\" content=\"Est. reading time\" \/>\n\t<meta name=\"twitter:data2\" content=\"1 minute\" \/>\n<script type=\"application\/ld+json\" class=\"yoast-schema-graph\">{\"@context\":\"https:\/\/schema.org\",\"@graph\":[{\"@type\":\"WebSite\",\"@id\":\"https:\/\/www.visit-ulcinj.com\/blog\/#website\",\"url\":\"https:\/\/www.visit-ulcinj.com\/blog\/\",\"name\":\"Lajme nga Ulqini\",\"description\":\"Lajme,Vijesti,Ulqini,Ulqin,Crna Gora,Mali i Zi\",\"potentialAction\":[{\"@type\":\"SearchAction\",\"target\":{\"@type\":\"EntryPoint\",\"urlTemplate\":\"https:\/\/www.visit-ulcinj.com\/blog\/?s={search_term_string}\"},\"query-input\":\"required name=search_term_string\"}],\"inLanguage\":\"en-US\"},{\"@type\":\"ImageObject\",\"inLanguage\":\"en-US\",\"@id\":\"https:\/\/www.visit-ulcinj.com\/blog\/2011\/07\/13\/jonida-maliqi-sjell-klipin-fantastik\/#primaryimage\",\"url\":\"http:\/\/www.visit-ulcinj.com\/blog\/wp-content\/uploads\/2011\/07\/Jonida-Maliqi-Fantastik-1.jpg\",\"contentUrl\":\"http:\/\/www.visit-ulcinj.com\/blog\/wp-content\/uploads\/2011\/07\/Jonida-Maliqi-Fantastik-1.jpg\"},{\"@type\":\"WebPage\",\"@id\":\"https:\/\/www.visit-ulcinj.com\/blog\/2011\/07\/13\/jonida-maliqi-sjell-klipin-fantastik\/#webpage\",\"url\":\"https:\/\/www.visit-ulcinj.com\/blog\/2011\/07\/13\/jonida-maliqi-sjell-klipin-fantastik\/\",\"name\":\"Jonida Maliqi sjell klipin Fantastik - Lajme nga Ulqini\",\"isPartOf\":{\"@id\":\"https:\/\/www.visit-ulcinj.com\/blog\/#website\"},\"primaryImageOfPage\":{\"@id\":\"https:\/\/www.visit-ulcinj.com\/blog\/2011\/07\/13\/jonida-maliqi-sjell-klipin-fantastik\/#primaryimage\"},\"datePublished\":\"2011-07-13T10:43:26+00:00\",\"dateModified\":\"2011-07-13T10:43:26+00:00\",\"author\":{\"@id\":\"https:\/\/www.visit-ulcinj.com\/blog\/#\/schema\/person\/dcab619c614d3038751c63bc2aadc06d\"},\"description\":\"K\u00ebng\u00ebtarja e njohur Jonida Maliqi p\u00ebrgatit nj\u00eb supriz\u00eb verore p\u00ebr fansat e saj, pik\u00ebrisht nj\u00eb k\u00ebng\u00eb t\u00eb hareshme me titull \u201cFantastik\u201d.\",\"breadcrumb\":{\"@id\":\"https:\/\/www.visit-ulcinj.com\/blog\/2011\/07\/13\/jonida-maliqi-sjell-klipin-fantastik\/#breadcrumb\"},\"inLanguage\":\"en-US\",\"potentialAction\":[{\"@type\":\"ReadAction\",\"target\":[\"https:\/\/www.visit-ulcinj.com\/blog\/2011\/07\/13\/jonida-maliqi-sjell-klipin-fantastik\/\"]}]},{\"@type\":\"BreadcrumbList\",\"@id\":\"https:\/\/www.visit-ulcinj.com\/blog\/2011\/07\/13\/jonida-maliqi-sjell-klipin-fantastik\/#breadcrumb\",\"itemListElement\":[{\"@type\":\"ListItem\",\"position\":1,\"name\":\"Jonida Maliqi sjell klipin Fantastik\"}]},{\"@type\":\"Person\",\"@id\":\"https:\/\/www.visit-ulcinj.com\/blog\/#\/schema\/person\/dcab619c614d3038751c63bc2aadc06d\",\"name\":\"ulqini\",\"sameAs\":[\"http:\/\/www.visit-ulcinj.com\"],\"url\":\"https:\/\/www.visit-ulcinj.com\/blog\/author\/admin\/\"}]}<\/script>\n<!-- \/ Yoast SEO plugin. -->","yoast_head_json":{"title":"Jonida Maliqi sjell klipin Fantastik - Lajme nga Ulqini","description":"K\u00ebng\u00ebtarja e njohur Jonida Maliqi p\u00ebrgatit nj\u00eb supriz\u00eb verore p\u00ebr fansat e saj, pik\u00ebrisht nj\u00eb k\u00ebng\u00eb t\u00eb hareshme me titull \u201cFantastik\u201d.","robots":{"index":"index","follow":"follow","max-snippet":"max-snippet:-1","max-image-preview":"max-image-preview:large","max-video-preview":"max-video-preview:-1"},"canonical":"https:\/\/www.visit-ulcinj.com\/blog\/2011\/07\/13\/jonida-maliqi-sjell-klipin-fantastik\/","og_locale":"en_US","og_type":"article","og_title":"Jonida Maliqi sjell klipin Fantastik - Lajme nga Ulqini","og_description":"K\u00ebng\u00ebtarja e njohur Jonida Maliqi p\u00ebrgatit nj\u00eb supriz\u00eb verore p\u00ebr fansat e saj, pik\u00ebrisht nj\u00eb k\u00ebng\u00eb t\u00eb hareshme me titull \u201cFantastik\u201d.","og_url":"https:\/\/www.visit-ulcinj.com\/blog\/2011\/07\/13\/jonida-maliqi-sjell-klipin-fantastik\/","og_site_name":"Lajme nga Ulqini","article_published_time":"2011-07-13T10:43:26+00:00","og_image":[{"url":"http:\/\/www.visit-ulcinj.com\/blog\/wp-content\/uploads\/2011\/07\/Jonida-Maliqi-Fantastik-1.jpg"}],"twitter_misc":{"Written by":"ulqini","Est. reading time":"1 minute"},"schema":{"@context":"https:\/\/schema.org","@graph":[{"@type":"WebSite","@id":"https:\/\/www.visit-ulcinj.com\/blog\/#website","url":"https:\/\/www.visit-ulcinj.com\/blog\/","name":"Lajme nga Ulqini","description":"Lajme,Vijesti,Ulqini,Ulqin,Crna Gora,Mali i Zi","potentialAction":[{"@type":"SearchAction","target":{"@type":"EntryPoint","urlTemplate":"https:\/\/www.visit-ulcinj.com\/blog\/?s={search_term_string}"},"query-input":"required name=search_term_string"}],"inLanguage":"en-US"},{"@type":"ImageObject","inLanguage":"en-US","@id":"https:\/\/www.visit-ulcinj.com\/blog\/2011\/07\/13\/jonida-maliqi-sjell-klipin-fantastik\/#primaryimage","url":"http:\/\/www.visit-ulcinj.com\/blog\/wp-content\/uploads\/2011\/07\/Jonida-Maliqi-Fantastik-1.jpg","contentUrl":"http:\/\/www.visit-ulcinj.com\/blog\/wp-content\/uploads\/2011\/07\/Jonida-Maliqi-Fantastik-1.jpg"},{"@type":"WebPage","@id":"https:\/\/www.visit-ulcinj.com\/blog\/2011\/07\/13\/jonida-maliqi-sjell-klipin-fantastik\/#webpage","url":"https:\/\/www.visit-ulcinj.com\/blog\/2011\/07\/13\/jonida-maliqi-sjell-klipin-fantastik\/","name":"Jonida Maliqi sjell klipin Fantastik - Lajme nga Ulqini","isPartOf":{"@id":"https:\/\/www.visit-ulcinj.com\/blog\/#website"},"primaryImageOfPage":{"@id":"https:\/\/www.visit-ulcinj.com\/blog\/2011\/07\/13\/jonida-maliqi-sjell-klipin-fantastik\/#primaryimage"},"datePublished":"2011-07-13T10:43:26+00:00","dateModified":"2011-07-13T10:43:26+00:00","author":{"@id":"https:\/\/www.visit-ulcinj.com\/blog\/#\/schema\/person\/dcab619c614d3038751c63bc2aadc06d"},"description":"K\u00ebng\u00ebtarja e njohur Jonida Maliqi p\u00ebrgatit nj\u00eb supriz\u00eb verore p\u00ebr fansat e saj, pik\u00ebrisht nj\u00eb k\u00ebng\u00eb t\u00eb hareshme me titull \u201cFantastik\u201d.","breadcrumb":{"@id":"https:\/\/www.visit-ulcinj.com\/blog\/2011\/07\/13\/jonida-maliqi-sjell-klipin-fantastik\/#breadcrumb"},"inLanguage":"en-US","potentialAction":[{"@type":"ReadAction","target":["https:\/\/www.visit-ulcinj.com\/blog\/2011\/07\/13\/jonida-maliqi-sjell-klipin-fantastik\/"]}]},{"@type":"BreadcrumbList","@id":"https:\/\/www.visit-ulcinj.com\/blog\/2011\/07\/13\/jonida-maliqi-sjell-klipin-fantastik\/#breadcrumb","itemListElement":[{"@type":"ListItem","position":1,"name":"Jonida Maliqi sjell klipin Fantastik"}]},{"@type":"Person","@id":"https:\/\/www.visit-ulcinj.com\/blog\/#\/schema\/person\/dcab619c614d3038751c63bc2aadc06d","name":"ulqini","sameAs":["http:\/\/www.visit-ulcinj.com"],"url":"https:\/\/www.visit-ulcinj.com\/blog\/author\/admin\/"}]}},"jetpack_featured_media_url":"","jetpack_sharing_enabled":true,"jetpack_shortlink":"https:\/\/wp.me\/pe6lTn-cIC","_links":{"self":[{"href":"https:\/\/www.visit-ulcinj.com\/blog\/wp-json\/wp\/v2\/posts\/48894"}],"collection":[{"href":"https:\/\/www.visit-ulcinj.com\/blog\/wp-json\/wp\/v2\/posts"}],"about":[{"href":"https:\/\/www.visit-ulcinj.com\/blog\/wp-json\/wp\/v2\/types\/post"}],"author":[{"embeddable":true,"href":"https:\/\/www.visit-ulcinj.com\/blog\/wp-json\/wp\/v2\/users\/1"}],"replies":[{"embeddable":true,"href":"https:\/\/www.visit-ulcinj.com\/blog\/wp-json\/wp\/v2\/comments?post=48894"}],"version-history":[{"count":1,"href":"https:\/\/www.visit-ulcinj.com\/blog\/wp-json\/wp\/v2\/posts\/48894\/revisions"}],"predecessor-version":[{"id":48896,"href":"https:\/\/www.visit-ulcinj.com\/blog\/wp-json\/wp\/v2\/posts\/48894\/revisions\/48896"}],"wp:attachment":[{"href":"https:\/\/www.visit-ulcinj.com\/blog\/wp-json\/wp\/v2\/media?parent=48894"}],"wp:term":[{"taxonomy":"category","embeddable":true,"href":"https:\/\/www.visit-ulcinj.com\/blog\/wp-json\/wp\/v2\/categories?post=48894"},{"taxonomy":"post_tag","embeddable":true,"href":"https:\/\/www.visit-ulcinj.com\/blog\/wp-json\/wp\/v2\/tags?post=48894"}],"curies":[{"name":"wp","href":"https:\/\/api.w.org\/{rel}","templated":true}]}}