{"id":48898,"date":"2011-07-13T19:09:06","date_gmt":"2011-07-13T18:09:06","guid":{"rendered":"http:\/\/www.visit-ulcinj.com\/blog\/?p=48898"},"modified":"2011-07-13T19:09:06","modified_gmt":"2011-07-13T18:09:06","slug":"ada-bojana-slavi-38-rodendan","status":"publish","type":"post","link":"https:\/\/www.visit-ulcinj.com\/blog\/2011\/07\/13\/ada-bojana-slavi-38-rodendan\/","title":{"rendered":"Ada Bojana slavi 38. ro\u0111endan"},"content":{"rendered":"<p><strong><a href=\"http:\/\/www.visit-ulcinj.com\/blog\/wp-content\/uploads\/2011\/07\/Ada-Bojana_Ulcinj_Montenegro.7.jpg\"><img loading=\"lazy\" class=\"alignleft size-full wp-image-48906\" title=\"Ada Bojana_Ulcinj_Montenegro.7\" src=\"http:\/\/www.visit-ulcinj.com\/blog\/wp-content\/uploads\/2011\/07\/Ada-Bojana_Ulcinj_Montenegro.7.jpg\" alt=\"\" width=\"508\" height=\"380\" \/><\/a>Nudisti\u010dki centar \u201cAda Bojana\u201d prve nudiste je ugostio 13. jula davne 1973. godine. Saznajte na koji neobi\u010dan na\u010din je nastala Ada Bojana i \u0161ta nam sve danas nudi.<\/strong><br \/>\n<strong>1. Nudisti\u010dki hotel<\/strong> je sme\u0161ten na ostrvu pored same pla\u017ee gde se reka Bojana uliva u Jadran pa se posetioci mogu kupati i u moru i u reci.<br \/>\n<a href=\"http:\/\/www.visit-ulcinj.com\/blog\/wp-content\/uploads\/2011\/07\/Ada-Bojana_Ulcinj_Montenegro.jpg\"><img loading=\"lazy\" class=\"alignleft size-full wp-image-48905\" title=\"Ada Bojana_Ulcinj_Montenegro\" src=\"http:\/\/www.visit-ulcinj.com\/blog\/wp-content\/uploads\/2011\/07\/Ada-Bojana_Ulcinj_Montenegro.jpg\" alt=\"\" width=\"508\" height=\"340\" \/><\/a><\/p>\n<p><strong>2. Nudisti\u010dka pla\u017ea<\/strong> duga je skoro 3 km, a povr\u0161ina ostrva je 5,6 hektara. Daleko od uli\u010dne buke u atmosferi potpuno razli\u010ditoj od ostalih turisti\u010dkih mesta na Jadranu, Ada je mesto u koje se posetilac obi\u010dno zaljubi pri prvom dolasku.<\/p>\n<p><strong>3. Obale Ade<\/strong> nisu kona\u010dne, ve\u0107 su iz godine u godinu druga\u010dije izvajane \u2013 sa stalnim pomeranjem obala i granica, sa novim rukavcima i novim izgledom pla\u017ee. Ostrvo Ada Bojana je u obliku trougla. Dve strane zapljuskuje reka Bojana, a tre\u0107u &#8211; more.<br \/>\n<a href=\"http:\/\/www.visit-ulcinj.com\/blog\/wp-content\/uploads\/2011\/07\/Ada-Bojana_Ulcinj_Montenegro.1.jpg\"><img loading=\"lazy\" class=\"alignleft size-full wp-image-48899\" title=\"Ada Bojana_Ulcinj_Montenegro.1\" src=\"http:\/\/www.visit-ulcinj.com\/blog\/wp-content\/uploads\/2011\/07\/Ada-Bojana_Ulcinj_Montenegro.1.jpg\" alt=\"\" width=\"508\" height=\"330\" \/><\/a><br \/>\n<strong>4. Ulcinjski pesak <\/strong>je lekovit jer u u svom hemijskom sastavu sadr\u017ei oko 30 mineralnih sastojaka od kojih su neki vrlo retki, a biolo\u0161ki veoma aktivni. Sadr\u017ei radijum, uran, torijum u malim koli\u010dinama \u0161to ga \u010dini pogodnim za primenu u medicinske svrhe naro\u010dito kod oboljenja ki\u010dme, reumatizama, diskopatija, stanje nakon sportskih povreda.<br \/>\n<a href=\"http:\/\/www.visit-ulcinj.com\/blog\/wp-content\/uploads\/2011\/07\/Ada-Bojana_Ulcinj_Montenegro.3.jpg\"><img loading=\"lazy\" class=\"alignleft size-full wp-image-48901\" title=\"Ada Bojana_Ulcinj_Montenegro.3\" src=\"http:\/\/www.visit-ulcinj.com\/blog\/wp-content\/uploads\/2011\/07\/Ada-Bojana_Ulcinj_Montenegro.3.jpg\" alt=\"\" width=\"508\" height=\"340\" \/><\/a><br \/>\n<strong>5. Cene na Adi <\/strong>su vi\u0161e nego pristupa\u010dne- polupansion u \u0161picu sezone se kre\u0107e od 33 do 40 eura za polupansion, a cene u vanpansionu su najjeftinije na \u010ditavom crnogorskom primorju: cena kafe je 1 euro, koka kola ko\u0161ta 1,5 euro, \u010da\u0161ica loze 1 euro, a kompletna ve\u010dera koja podrazumeva vrhunsku ribu prve kategorija sa predjelom i dezertom se mo\u017ee pojesti po ceni od 20 eura po osobi u bilo kom od vrhunskih restorana na Adi.<br \/>\n<a href=\"http:\/\/www.visit-ulcinj.com\/blog\/wp-content\/uploads\/2011\/07\/Ada-Bojana_Ulcinj_Montenegro.2.jpg\"><img loading=\"lazy\" class=\"alignleft size-full wp-image-48900\" title=\"Ada Bojana_Ulcinj_Montenegro.2\" src=\"http:\/\/www.visit-ulcinj.com\/blog\/wp-content\/uploads\/2011\/07\/Ada-Bojana_Ulcinj_Montenegro.2.jpg\" alt=\"\" width=\"508\" height=\"330\" \/><\/a><br \/>\n<strong>6. Ostrvo je nastalo na veoma neobi\u010dan na\u010din. <\/strong>Prema predanju, u 19. veku u blizini dva spruda, na samom u\u0161\u0107u Bojane, nasukao se brod \u00abMerito\u00bb. Kako se vlasnici broda nisu mogli dogovoriti oko na\u010dina na koji \u0107e ga izvu\u0107i iz zagrljaja mora, brod je ostao ve\u010dno \u00abzarobljen\u00bb. Preko olupine broda reka je gomilala nanose i tako se rodilo ostrvo za koje se mo\u017ee re\u0107i da je delo i prirode i \u010doveka.<br \/>\n<a href=\"http:\/\/www.visit-ulcinj.com\/blog\/wp-content\/uploads\/2011\/07\/Ada-Bojana_Ulcinj_Montenegro.5.jpg\"><img loading=\"lazy\" class=\"alignleft size-full wp-image-48903\" title=\"Ada Bojana_Ulcinj_Montenegro.5\" src=\"http:\/\/www.visit-ulcinj.com\/blog\/wp-content\/uploads\/2011\/07\/Ada-Bojana_Ulcinj_Montenegro.5.jpg\" alt=\"\" width=\"508\" height=\"330\" \/><\/a><br \/>\n<strong>7. Nudisti\u010dki centar \u201cAda Bojana\u201d prve nudiste je ugostio13. jula davne 1973. godin<\/strong>e. Danas Ada Bojana raspola\u017ee sa tri vrste sme\u0161taja (sobe tip A, B i L) koje su ukupnog kapaciteta 600 kreveta. Ada Bojana je kategorisana sa dve zvezdice. Hotelski kompleks je sme\u0161ten u jugozapadnom kraku ostrva, a svojim prisustvom niske gra\u0111evine nisu ugrozile autenti\u010dni ambijent. Do ostrva se nekada dolazilo splavom, a od 1984. godine Ada je sa kopnom povezana mostom.<br \/>\n<a href=\"http:\/\/www.visit-ulcinj.com\/blog\/wp-content\/uploads\/2011\/07\/Ada-Bojana_Ulcinj_Montenegro.6.jpg\"><img loading=\"lazy\" class=\"alignleft size-full wp-image-48904\" title=\"Ada Bojana_Ulcinj_Montenegro.6\" src=\"http:\/\/www.visit-ulcinj.com\/blog\/wp-content\/uploads\/2011\/07\/Ada-Bojana_Ulcinj_Montenegro.6.jpg\" alt=\"\" width=\"508\" height=\"340\" \/><\/a><br \/>\n<strong>8. Sportska ponuda<\/strong> je vi\u0161e nego bogata. Jedna od nezaobilaznih atrakcija u ponudi Ade i prepoznatljiv simbol ovog letovali\u0161ta jeste jahanje konja. (sat vremena janjaha \u2013 10 eura.) Za sport i rekreaciju gosti hotela mogu koristiti teniske terene (sat sa rentiranjem opreme: 7 evra danju tj. 10 evra no\u0107u). U ponudi su tako\u0111e teren za mali fudbal, teren za odbojku koji se nalazi na samoj pla\u017ei kao i stolovi za stoni tenis.<br \/>\n<strong>9. Ada Bojana je dugi niz godina \u201eprestonica\u201c surfera na Jadranu.<\/strong> Predve\u010de su i nebo i voda u\u0161\u0107a Bojane prekriveni jedrima i kajtovima.<br \/>\n<a href=\"http:\/\/www.visit-ulcinj.com\/blog\/wp-content\/uploads\/2011\/07\/Ada-Bojana_Ulcinj_Montenegro.4.jpg\"><img loading=\"lazy\" class=\"alignleft size-full wp-image-48902\" title=\"Ada Bojana_Ulcinj_Montenegro.4\" src=\"http:\/\/www.visit-ulcinj.com\/blog\/wp-content\/uploads\/2011\/07\/Ada-Bojana_Ulcinj_Montenegro.4.jpg\" alt=\"\" width=\"508\" height=\"330\" \/><\/a><br \/>\n<strong>10.<\/strong> Pro\u0161le godine na Adi je ostvareno oko 24.000 no\u0107enja. <strong>Najve\u0107i broj no\u0107enja na Adi ostvarili su turisti iz Srbije &#8211; 33% <\/strong>od ukupnog broja. Prema broju posetilaca i ostvarenog broja no\u0107enja slede gosti iz Nema\u010dke, \u010ce\u0161ke, Rusije, Slovenije, Slova\u010dke, Austrije&#8230; Poslednjih godina na Adi je zna\u010dajno porastao broj posetilaca iz Crne Gore i BiH.<br \/>\n<strong><br \/>\n<a href=\"http:\/\/www.b92.net\/putovanja\/destinacije\/evropa.php?yyyy=2011&amp;mm=07&amp;dd=12&amp;nav_category=868&amp;nav_id=524868\" target=\"_blank\">Izvor: B92 <\/a><\/strong><br \/>\n<!--YouTube Error: bad URL entered--><\/p>\n","protected":false},"excerpt":{"rendered":"<p>Nudisti\u010dki centar \u201cAda Bojana\u201d prve nudiste je ugostio 13. jula davne 1973. godine. Saznajte na koji neobi\u010dan na\u010din je nastala Ada Bojana i \u0161ta nam sve danas nudi. 1. Nudisti\u010dki hotel je sme\u0161ten na ostrvu pored same pla\u017ee gde se reka Bojana uliva u Jadran pa se posetioci mogu kupati i u moru i u [&hellip;]<\/p>\n","protected":false},"author":1,"featured_media":0,"comment_status":"open","ping_status":"closed","sticky":false,"template":"","format":"standard","meta":{"spay_email":"","jetpack_publicize_message":"","jetpack_is_tweetstorm":false,"jetpack_publicize_feature_enabled":true},"categories":[8337],"tags":[11852,11825,11828,11823,11832,11831,11818,11817,11827,138,1507,1860,11822,14789,14788,14790,14791,13276,14792,20,14784,14785,17851,11807,17852,17854,17857,14797,5673,14805,12992,11253,1398,11844,11855,14061,3143,11846,17861,11812,11811,11810,14067,11837,17847,11256,10343,17858,14801,11814,11835,11841,14800,14796,14803,11845,11840,14804,14798,17846,14799,17845,11838,11839,10345,17850,11851,11578,11821,17853,11830,11258,14630,11259,14802,1642,11260,14786,17848,11833,11819,11579,11836,14793,11815,11816,11849,17849,11820,11034,11843,22009,2477,11842,14065,14795,11271,11847,14066,17859,14060,11834,14629,17856,3696,14787,19,8802,849,17860,11265,14794,11850,12120,11854],"jetpack_publicize_connections":[],"yoast_head":"<!-- This site is optimized with the Yoast SEO plugin v19.1 - https:\/\/yoast.com\/wordpress\/plugins\/seo\/ -->\n<title>Ada Bojana slavi 38. ro\u0111endan - Lajme nga Ulqini<\/title>\n<meta name=\"description\" content=\"Nudisti\u010dki centar \u201cAda Bojana\u201d prve nudiste je ugostio 13. jula davne 1973. godine. Saznajte na koji neobi\u010dan na\u010din je nastala Ada Bojana i \u0161ta nam sve\" \/>\n<meta name=\"robots\" content=\"index, follow, max-snippet:-1, max-image-preview:large, max-video-preview:-1\" \/>\n<link rel=\"canonical\" href=\"https:\/\/www.visit-ulcinj.com\/blog\/2011\/07\/13\/ada-bojana-slavi-38-rodendan\/\" \/>\n<meta property=\"og:locale\" content=\"en_US\" \/>\n<meta property=\"og:type\" content=\"article\" \/>\n<meta property=\"og:title\" content=\"Ada Bojana slavi 38. ro\u0111endan - Lajme nga Ulqini\" \/>\n<meta property=\"og:description\" content=\"Nudisti\u010dki centar \u201cAda Bojana\u201d prve nudiste je ugostio 13. jula davne 1973. godine. Saznajte na koji neobi\u010dan na\u010din je nastala Ada Bojana i \u0161ta nam sve\" \/>\n<meta property=\"og:url\" content=\"https:\/\/www.visit-ulcinj.com\/blog\/2011\/07\/13\/ada-bojana-slavi-38-rodendan\/\" \/>\n<meta property=\"og:site_name\" content=\"Lajme nga Ulqini\" \/>\n<meta property=\"article:published_time\" content=\"2011-07-13T18:09:06+00:00\" \/>\n<meta property=\"og:image\" content=\"http:\/\/www.visit-ulcinj.com\/blog\/wp-content\/uploads\/2011\/07\/Ada-Bojana_Ulcinj_Montenegro.7.jpg\" \/>\n<meta name=\"twitter:label1\" content=\"Written by\" \/>\n\t<meta name=\"twitter:data1\" content=\"ulqini\" \/>\n\t<meta name=\"twitter:label2\" content=\"Est. reading time\" \/>\n\t<meta name=\"twitter:data2\" content=\"3 minutes\" \/>\n<script type=\"application\/ld+json\" class=\"yoast-schema-graph\">{\"@context\":\"https:\/\/schema.org\",\"@graph\":[{\"@type\":\"WebSite\",\"@id\":\"https:\/\/www.visit-ulcinj.com\/blog\/#website\",\"url\":\"https:\/\/www.visit-ulcinj.com\/blog\/\",\"name\":\"Lajme nga Ulqini\",\"description\":\"Lajme,Vijesti,Ulqini,Ulqin,Crna Gora,Mali i Zi\",\"potentialAction\":[{\"@type\":\"SearchAction\",\"target\":{\"@type\":\"EntryPoint\",\"urlTemplate\":\"https:\/\/www.visit-ulcinj.com\/blog\/?s={search_term_string}\"},\"query-input\":\"required name=search_term_string\"}],\"inLanguage\":\"en-US\"},{\"@type\":\"ImageObject\",\"inLanguage\":\"en-US\",\"@id\":\"https:\/\/www.visit-ulcinj.com\/blog\/2011\/07\/13\/ada-bojana-slavi-38-rodendan\/#primaryimage\",\"url\":\"https:\/\/www.visit-ulcinj.com\/blog\/wp-content\/uploads\/2011\/07\/Ada-Bojana_Ulcinj_Montenegro.7.jpg\",\"contentUrl\":\"https:\/\/www.visit-ulcinj.com\/blog\/wp-content\/uploads\/2011\/07\/Ada-Bojana_Ulcinj_Montenegro.7.jpg\",\"width\":\"720\",\"height\":\"480\"},{\"@type\":\"WebPage\",\"@id\":\"https:\/\/www.visit-ulcinj.com\/blog\/2011\/07\/13\/ada-bojana-slavi-38-rodendan\/#webpage\",\"url\":\"https:\/\/www.visit-ulcinj.com\/blog\/2011\/07\/13\/ada-bojana-slavi-38-rodendan\/\",\"name\":\"Ada Bojana slavi 38. ro\u0111endan - Lajme nga Ulqini\",\"isPartOf\":{\"@id\":\"https:\/\/www.visit-ulcinj.com\/blog\/#website\"},\"primaryImageOfPage\":{\"@id\":\"https:\/\/www.visit-ulcinj.com\/blog\/2011\/07\/13\/ada-bojana-slavi-38-rodendan\/#primaryimage\"},\"datePublished\":\"2011-07-13T18:09:06+00:00\",\"dateModified\":\"2011-07-13T18:09:06+00:00\",\"author\":{\"@id\":\"https:\/\/www.visit-ulcinj.com\/blog\/#\/schema\/person\/dcab619c614d3038751c63bc2aadc06d\"},\"description\":\"Nudisti\u010dki centar \u201cAda Bojana\u201d prve nudiste je ugostio 13. jula davne 1973. godine. Saznajte na koji neobi\u010dan na\u010din je nastala Ada Bojana i \u0161ta nam sve\",\"breadcrumb\":{\"@id\":\"https:\/\/www.visit-ulcinj.com\/blog\/2011\/07\/13\/ada-bojana-slavi-38-rodendan\/#breadcrumb\"},\"inLanguage\":\"en-US\",\"potentialAction\":[{\"@type\":\"ReadAction\",\"target\":[\"https:\/\/www.visit-ulcinj.com\/blog\/2011\/07\/13\/ada-bojana-slavi-38-rodendan\/\"]}]},{\"@type\":\"BreadcrumbList\",\"@id\":\"https:\/\/www.visit-ulcinj.com\/blog\/2011\/07\/13\/ada-bojana-slavi-38-rodendan\/#breadcrumb\",\"itemListElement\":[{\"@type\":\"ListItem\",\"position\":1,\"name\":\"Ada Bojana slavi 38. ro\u0111endan\"}]},{\"@type\":\"Person\",\"@id\":\"https:\/\/www.visit-ulcinj.com\/blog\/#\/schema\/person\/dcab619c614d3038751c63bc2aadc06d\",\"name\":\"ulqini\",\"sameAs\":[\"http:\/\/www.visit-ulcinj.com\"],\"url\":\"https:\/\/www.visit-ulcinj.com\/blog\/author\/admin\/\"}]}<\/script>\n<!-- \/ Yoast SEO plugin. -->","yoast_head_json":{"title":"Ada Bojana slavi 38. ro\u0111endan - Lajme nga Ulqini","description":"Nudisti\u010dki centar \u201cAda Bojana\u201d prve nudiste je ugostio 13. jula davne 1973. godine. Saznajte na koji neobi\u010dan na\u010din je nastala Ada Bojana i \u0161ta nam sve","robots":{"index":"index","follow":"follow","max-snippet":"max-snippet:-1","max-image-preview":"max-image-preview:large","max-video-preview":"max-video-preview:-1"},"canonical":"https:\/\/www.visit-ulcinj.com\/blog\/2011\/07\/13\/ada-bojana-slavi-38-rodendan\/","og_locale":"en_US","og_type":"article","og_title":"Ada Bojana slavi 38. ro\u0111endan - Lajme nga Ulqini","og_description":"Nudisti\u010dki centar \u201cAda Bojana\u201d prve nudiste je ugostio 13. jula davne 1973. godine. Saznajte na koji neobi\u010dan na\u010din je nastala Ada Bojana i \u0161ta nam sve","og_url":"https:\/\/www.visit-ulcinj.com\/blog\/2011\/07\/13\/ada-bojana-slavi-38-rodendan\/","og_site_name":"Lajme nga Ulqini","article_published_time":"2011-07-13T18:09:06+00:00","og_image":[{"url":"http:\/\/www.visit-ulcinj.com\/blog\/wp-content\/uploads\/2011\/07\/Ada-Bojana_Ulcinj_Montenegro.7.jpg"}],"twitter_misc":{"Written by":"ulqini","Est. reading time":"3 minutes"},"schema":{"@context":"https:\/\/schema.org","@graph":[{"@type":"WebSite","@id":"https:\/\/www.visit-ulcinj.com\/blog\/#website","url":"https:\/\/www.visit-ulcinj.com\/blog\/","name":"Lajme nga Ulqini","description":"Lajme,Vijesti,Ulqini,Ulqin,Crna Gora,Mali i Zi","potentialAction":[{"@type":"SearchAction","target":{"@type":"EntryPoint","urlTemplate":"https:\/\/www.visit-ulcinj.com\/blog\/?s={search_term_string}"},"query-input":"required name=search_term_string"}],"inLanguage":"en-US"},{"@type":"ImageObject","inLanguage":"en-US","@id":"https:\/\/www.visit-ulcinj.com\/blog\/2011\/07\/13\/ada-bojana-slavi-38-rodendan\/#primaryimage","url":"https:\/\/www.visit-ulcinj.com\/blog\/wp-content\/uploads\/2011\/07\/Ada-Bojana_Ulcinj_Montenegro.7.jpg","contentUrl":"https:\/\/www.visit-ulcinj.com\/blog\/wp-content\/uploads\/2011\/07\/Ada-Bojana_Ulcinj_Montenegro.7.jpg","width":"720","height":"480"},{"@type":"WebPage","@id":"https:\/\/www.visit-ulcinj.com\/blog\/2011\/07\/13\/ada-bojana-slavi-38-rodendan\/#webpage","url":"https:\/\/www.visit-ulcinj.com\/blog\/2011\/07\/13\/ada-bojana-slavi-38-rodendan\/","name":"Ada Bojana slavi 38. ro\u0111endan - Lajme nga Ulqini","isPartOf":{"@id":"https:\/\/www.visit-ulcinj.com\/blog\/#website"},"primaryImageOfPage":{"@id":"https:\/\/www.visit-ulcinj.com\/blog\/2011\/07\/13\/ada-bojana-slavi-38-rodendan\/#primaryimage"},"datePublished":"2011-07-13T18:09:06+00:00","dateModified":"2011-07-13T18:09:06+00:00","author":{"@id":"https:\/\/www.visit-ulcinj.com\/blog\/#\/schema\/person\/dcab619c614d3038751c63bc2aadc06d"},"description":"Nudisti\u010dki centar \u201cAda Bojana\u201d prve nudiste je ugostio 13. jula davne 1973. godine. Saznajte na koji neobi\u010dan na\u010din je nastala Ada Bojana i \u0161ta nam sve","breadcrumb":{"@id":"https:\/\/www.visit-ulcinj.com\/blog\/2011\/07\/13\/ada-bojana-slavi-38-rodendan\/#breadcrumb"},"inLanguage":"en-US","potentialAction":[{"@type":"ReadAction","target":["https:\/\/www.visit-ulcinj.com\/blog\/2011\/07\/13\/ada-bojana-slavi-38-rodendan\/"]}]},{"@type":"BreadcrumbList","@id":"https:\/\/www.visit-ulcinj.com\/blog\/2011\/07\/13\/ada-bojana-slavi-38-rodendan\/#breadcrumb","itemListElement":[{"@type":"ListItem","position":1,"name":"Ada Bojana slavi 38. ro\u0111endan"}]},{"@type":"Person","@id":"https:\/\/www.visit-ulcinj.com\/blog\/#\/schema\/person\/dcab619c614d3038751c63bc2aadc06d","name":"ulqini","sameAs":["http:\/\/www.visit-ulcinj.com"],"url":"https:\/\/www.visit-ulcinj.com\/blog\/author\/admin\/"}]}},"jetpack_featured_media_url":"","jetpack_sharing_enabled":true,"jetpack_shortlink":"https:\/\/wp.me\/pe6lTn-cIG","_links":{"self":[{"href":"https:\/\/www.visit-ulcinj.com\/blog\/wp-json\/wp\/v2\/posts\/48898"}],"collection":[{"href":"https:\/\/www.visit-ulcinj.com\/blog\/wp-json\/wp\/v2\/posts"}],"about":[{"href":"https:\/\/www.visit-ulcinj.com\/blog\/wp-json\/wp\/v2\/types\/post"}],"author":[{"embeddable":true,"href":"https:\/\/www.visit-ulcinj.com\/blog\/wp-json\/wp\/v2\/users\/1"}],"replies":[{"embeddable":true,"href":"https:\/\/www.visit-ulcinj.com\/blog\/wp-json\/wp\/v2\/comments?post=48898"}],"version-history":[{"count":2,"href":"https:\/\/www.visit-ulcinj.com\/blog\/wp-json\/wp\/v2\/posts\/48898\/revisions"}],"predecessor-version":[{"id":48908,"href":"https:\/\/www.visit-ulcinj.com\/blog\/wp-json\/wp\/v2\/posts\/48898\/revisions\/48908"}],"wp:attachment":[{"href":"https:\/\/www.visit-ulcinj.com\/blog\/wp-json\/wp\/v2\/media?parent=48898"}],"wp:term":[{"taxonomy":"category","embeddable":true,"href":"https:\/\/www.visit-ulcinj.com\/blog\/wp-json\/wp\/v2\/categories?post=48898"},{"taxonomy":"post_tag","embeddable":true,"href":"https:\/\/www.visit-ulcinj.com\/blog\/wp-json\/wp\/v2\/tags?post=48898"}],"curies":[{"name":"wp","href":"https:\/\/api.w.org\/{rel}","templated":true}]}}