{"id":48917,"date":"2011-07-14T13:57:52","date_gmt":"2011-07-14T12:57:52","guid":{"rendered":"http:\/\/www.visit-ulcinj.com\/blog\/?p=48917"},"modified":"2011-07-14T14:00:54","modified_gmt":"2011-07-14T13:00:54","slug":"surprizat-e-kaltrina-selimit","status":"publish","type":"post","link":"https:\/\/www.visit-ulcinj.com\/blog\/2011\/07\/14\/surprizat-e-kaltrina-selimit\/","title":{"rendered":"Surprizat e Kaltrina Selimit"},"content":{"rendered":"<p><strong>\u00cbsht\u00eb nj\u00eb nga ato k\u00ebng\u00ebtare q\u00eb t\u00eb b\u00ebn p\u00ebr vete menj\u00ebher\u00eb jo vet\u00ebm prej pamjes engj\u00ebllore, por edhe p\u00ebr z\u00ebrin e ve\u00e7ant\u00eb dhe t\u00eb \u00ebmb\u00ebl. Tash kur konkurrenca qaset t\u00eb shoh\u00eb veten t\u00eb shnd\u00ebrruar n\u00eb nj\u00eb fush\u00ebbetej\u00eb t\u00eb ashp\u00ebr, gjithher\u00eb e m\u00eb e v\u00ebshtir\u00eb rreket p\u00ebrballja edhe p\u00ebr t\u00eb. N\u00eb k\u00ebt\u00eb \u201ckacafytje\u201d vlerash artistike, Kaltrina, k\u00ebto dit\u00eb ka sjell\u00eb n\u00eb tregun muzikor videoklipin e k\u00ebng\u00ebs \u201cHot\u201d.<\/strong><\/p>\n<p><a href=\"http:\/\/www.visit-ulcinj.com\/blog\/wp-content\/uploads\/2011\/07\/Kaltrina-Selimi-1.jpg\"><img loading=\"lazy\" class=\"alignleft size-full wp-image-48918\" title=\"Kaltrina-Selimi-1\" src=\"http:\/\/www.visit-ulcinj.com\/blog\/wp-content\/uploads\/2011\/07\/Kaltrina-Selimi-1.jpg\" alt=\"\" width=\"508\" height=\"300\" \/><\/a><\/p>\n<p>Ka koh\u00eb q\u00eb ka magjepsur publikun. Ajo b\u00ebnte pjes\u00eb n\u00eb grupin \u2018Hana Band\u2019, pas sukseseve t\u00eb nj\u00ebpasnj\u00ebshme me k\u00ebng\u00ebt e saj t\u00eb kthyera tashm\u00eb n\u00eb hite \u2018Ende t\u00eb dua\u2019, \u2018Problem shum\u00eb serioz\u2019, \u2018Paradox\u2018, \u2018Sonte n&#8217;or\u00ebn 12:00\u2019, etj., Kaltrina filloi karrier\u00ebn e saj si soliste. Mjafton t\u00eb kujtojm\u00eb klipet e k\u00ebng\u00ebve si \u2018M\u00eb ke humbur\u2019, \u2018Harrom\u00eb\u2019, \u2018Hajt\u2019, \u2018Ti m\u00eb fal\u2019, \u2018Dit\u00eblindja\u2019 , etj, p\u00ebr t\u00eb sjell\u00eb n\u00eb kujtes\u00eb k\u00ebng\u00ebtaren, e cila n\u00eb \u00e7do klip sjell krahas t\u00eb tjerave edhe fabula mjaft interesante.<\/p>\n<p><strong>Kaltrina, na tregoni pak p\u00ebr f\u00ebmij\u00ebrin\u00eb tuaj, si ka kaluar ajo, e kishit menduar se nj\u00eb dit\u00eb do t\u00eb ishit kaq e njohur?<\/strong><\/p>\n<p>Gjat\u00eb viteve kam ndryshuar, kam pasur faza q\u00eb kam qen\u00eb shum\u00eb e qet\u00eb dhe e kund\u00ebrta, kur kam qen\u00eb edhe problematike, m\u00eb e gjall\u00eb dhe e prir\u00eb p\u00ebr sherre, por gjithmon\u00eb shum\u00eb e lidhur me familjen dhe shum\u00eb e shoq\u00ebrueshme&#8230;Nuk e kam menduar q\u00eb ndonj\u00ebher\u00eb do arrij\u00eb k\u00ebtu ku jam sot, nuk e kam imagjinuar dot se do k\u00ebndoj, kam menduar se gjith\u00eb jet\u00ebn do ta dua muzik\u00ebn, porse kjo do mbetet vet\u00ebm nj\u00eb \u00ebnd\u00ebrr e imja.<\/p>\n<p><strong>\u00c7far\u00eb ka ndryshuar tek Kaltrina q\u00eb nga ajo koh\u00eb?<\/strong><\/p>\n<p>P\u00ebrve\u00e7 arritjeve n\u00eb karrier\u00eb, nuk ka ndryshuar asgj\u00eb.<\/p>\n<p><strong>Shpesh, k\u00ebng\u00ebtar\u00ebt b\u00ebhen t\u00eb famsh\u00ebm me nj\u00eb hit t\u00eb momentit dhe duket sikur i ndjek suksesi. Kaltrin\u00ebn, cila k\u00ebng\u00eb e b\u00ebri t\u00eb njohur?<\/strong><\/p>\n<p>Kjo ka ndodh dhe tek un\u00eb ose th\u00ebn\u00eb m\u00eb sakt\u00eb, tek ne, sepse pik\u00ebrisht me k\u00ebng\u00ebn e par\u00eb q\u00eb e kemi realizuar me grupin \u2018Hana\u2019, jemi b\u00ebr\u00eb t\u00eb njohur. Dhe, k\u00ebt\u00eb k\u00ebng\u00eb, ende e p\u00eblqej. Menj\u00ebher\u00eb pas editimit t\u00eb klipit, kemi startuar me mbr\u00ebmje t\u00eb nj\u00ebpasnj\u00ebshme duke pasur. nj\u00ebkoh\u00ebsisht edhe suksese meritore.<\/p>\n<p><strong>Sapo keni publikuar k\u00ebng\u00ebn \u201cHot\u201d, nj\u00eb videoklip, q\u00eb \u00ebsht\u00eb xhiruar n\u00eb bregdetin e Vlor\u00ebs. Na flisni di\u00e7ka p\u00ebr t\u00eb?<\/strong><\/p>\n<p>K\u00ebto dit\u00eb kam edituar k\u00ebt\u00eb k\u00ebng\u00eb dhe m\u00eb g\u00ebzon fakti q\u00eb ka nj\u00eb sukses shum\u00eb t\u00eb madh. K\u00ebnga, mendoj, \u00ebsht\u00eb shum\u00eb e q\u00eblluar, \u00ebsht\u00eb mjaft verore. Bashk\u00ebpun\u00ebtor\u00ebt e k\u00ebsaj k\u00ebnge jan\u00eb Don Arbas, i cili ka komponuar dhe orkestruar k\u00ebng\u00ebn dhe Mc Beka, si tekstshkrues.<\/p>\n<p><a href=\"http:\/\/www.visit-ulcinj.com\/blog\/wp-content\/uploads\/2011\/07\/Kaltrina-Selimi-3.jpg\"><img loading=\"lazy\" class=\"alignleft size-full wp-image-48919\" title=\"Kaltrina-Selimi-3\" src=\"http:\/\/www.visit-ulcinj.com\/blog\/wp-content\/uploads\/2011\/07\/Kaltrina-Selimi-3.jpg\" alt=\"\" width=\"508\" height=\"600\" \/><\/a><\/p>\n<p><strong>Pse pik\u00ebrisht e keni titulluar k\u00ebng\u00ebn \u201cHot\u201d?<\/strong><\/p>\n<p><strong><\/strong>Titulli zakonisht i \u00ebsht\u00eb v\u00ebn\u00eb pasi ka p\u00ebrfunduar komplet teksti dhe, duke e vler\u00ebsuar q\u00eb kjo fjal\u00eb p\u00ebrb\u00ebn thelbin e tematik\u00ebs, e titulluam, \u2018Hot\u2019.<\/p>\n<p><strong>Pas k\u00ebsaj k\u00ebnge, cila do t\u00eb jet\u00eb befasia e radh\u00ebs e Kaltrin\u00ebs?<\/strong><\/p>\n<p><strong><\/strong>Me t\u00eb v\u00ebrtet, do t\u00eb jet\u00eb nj\u00eb befasi, p\u00ebr t\u00eb cil\u00ebn nuk parap\u00eblqej t\u00eb flas, sepse dua q\u00eb t\u00eb mbetet surpriz\u00eb p\u00ebr publikun<\/p>\n<p><strong>Karakterizoheni nga nj\u00eb performanc\u00eb dhe pamje e ve\u00e7ant\u00eb, \u00e7far\u00eb t\u00eb frym\u00ebzon p\u00ebr t\u00eb qen\u00eb e till\u00eb?<\/strong><\/p>\n<p>Duke anashkaluar frym\u00ebzimin, jam Kaltrina, kjo q\u00eb jam, dhe, asnj\u00ebher\u00eb nuk kam tentuar t\u00eb dal nga vetja.<\/p>\n<p><strong>Te cil\u00ebsia \u00ebsht\u00eb edhe sasia, kurse te sasia nuk \u00ebsht\u00eb cil\u00ebsia. Duket se ju i kushtoni shum\u00eb r\u00ebnd\u00ebsi cil\u00ebsis\u00eb, kurse sasia vjen vet?\u00a0<\/strong><\/p>\n<p><strong><\/strong>I kushtoj shum\u00eb r\u00ebnd\u00ebsi cil\u00ebsis\u00eb, prandaj \u00e7do k\u00ebng\u00eb q\u00eb e kam realizuar, iu kam p\u00ebrkushtuar maksimalisht. Kjo \u00ebsht\u00eb edhe arsyeja, pse un\u00eb, nuk kam num\u00ebr t\u00eb madh t\u00eb k\u00ebng\u00ebve.<\/p>\n<p><strong>Tashm\u00eb keni krijuar stilin tuaj origjinal. A do t\u2019i mbeteni besnik stilit dhe q\u00ebndrimit tuaj?<\/strong><\/p>\n<p>Kjo \u00ebsht\u00eb primare q\u00eb t\u00eb mos largohem nga stili im, sepse, n\u00ebse b\u00ebj di\u00e7ka t\u00eb tep\u00ebrt, nuk ndjehem rehat. Nuk m\u00eb p\u00eblqen t\u00eb dal nga vetja, \u00e7do gj\u00eb q\u00eb e b\u00ebj, e mendoj mir\u00eb.<\/p>\n<p><strong>Kush fshihet pas sukseseve t\u00eb Kaltrin\u00ebs (pra, flasim p\u00ebr bashk\u00ebpun\u00ebtor\u00ebt tuaj).<\/strong><\/p>\n<p>Kam nj\u00eb rreth t\u00eb ngusht\u00eb t\u00eb bashk\u00ebpun\u00ebtor\u00ebve me t\u00eb cil\u00ebt punoj rregullisht pasi q\u00eb gjithmon\u00eb jam shum\u00eb e k\u00ebnaqur me pun\u00ebn e tyre. Kompozitor\u00eb jan\u00eb: Florent Boshnjaku, Virusi, Flori Mumajesi dhe Don Arbas, nd\u00ebrsa tekstrshkures: Mit\u2019hat Sadiku, Beka, Arsim Bunjaku dhe Avni Qahili.<\/p>\n<p><strong>Mendoni se suksesi \u00ebsht\u00eb fat apo dhunti?<\/strong><\/p>\n<p>Dhuntia \u00ebsht\u00eb gj\u00ebja m\u00eb e r\u00ebnd\u00ebsishme q\u00eb na dhuron Zoti dhe besoj q\u00eb e sjell edhe suksesin, porse ndonj\u00ebher\u00eb mund ta posedosh ndonj\u00eb dhunti, por po nuk pate fat, \u00ebsht\u00eb e kot\u00eb.<\/p>\n<p><a href=\"http:\/\/www.visit-ulcinj.com\/blog\/wp-content\/uploads\/2011\/07\/Kaltrina-Selimi-Harrom-Klip-1.jpg\"><img loading=\"lazy\" class=\"alignleft size-large wp-image-48920\" title=\"Kaltrina Selimi - Harrom Klip 1\" src=\"http:\/\/www.visit-ulcinj.com\/blog\/wp-content\/uploads\/2011\/07\/Kaltrina-Selimi-Harrom-Klip-1-1024x576.jpg\" alt=\"\" width=\"508\" height=\"320\" \/><\/a><\/p>\n<p><strong>Nj\u00eb pyetje q\u00eb \u00ebsht\u00eb b\u00ebr\u00eb gjithmon\u00eb por q\u00eb realisht vlen t\u00eb b\u00ebhet s\u00ebrish: \u00ebsht\u00eb ky treg kaotik q\u00eb ushqen shijet e publikut, apo \u00ebsht\u00eb publiku q\u00eb k\u00ebrkon t\u00eb ket\u00eb k\u00ebt\u00eb cil\u00ebsi q\u00eb i ofrohet?<\/strong><\/p>\n<p>\u00cbsht\u00eb e v\u00ebrtet\u00eb q\u00eb tregu muzikor n\u00eb vendin ton\u00eb p\u00ebr momentin \u00ebsht\u00eb treg kaotik p\u00ebr arsye se jan\u00eb p\u00ebrfshir\u00eb rryma t\u00eb ndryshme t\u00eb muzik\u00ebs. Un\u00eb, mendoj se duhen t\u00eb rregullohen shum\u00eb gj\u00ebra q\u00eb t\u00eb vihen n\u00eb vendin e vet. Gjithashtu, mendoj se nuk \u00ebsht\u00eb vet\u00ebm publiku fajtor q\u00eb k\u00ebrkon k\u00ebt\u00eb cil\u00ebsi muzikore. Nj\u00eb pjes\u00eb t\u00eb fajit e kan\u00eb k\u00ebng\u00ebtar\u00ebt dhe disa krijues t\u00eb muzik\u00ebs t\u00eb cil\u00ebt servojn\u00eb antivlera n\u00eb treg, kur dihet q\u00eb ne duhet t\u00eb stimulojm\u00eb dhe t\u00eb ndikojm\u00eb n\u00eb shijet e d\u00ebgjuesve duke u ofruar atyre muzik\u00eb sa m\u00eb cil\u00ebsore.<\/p>\n<p><strong>Si \u00ebsht\u00eb klima mes k\u00ebng\u00ebtareve, kryesisht atyre femra. Ka b\u00ebrryla, dhe k\u00ebta bazohen m\u00eb shum\u00eb te talenti apo pamja e jashtme?<\/strong><\/p>\n<p>Mua m\u00eb takon t\u00eb flas\u00eb m\u00eb pak p\u00ebr k\u00ebt\u00eb \u00e7\u00ebshtje, mir\u00ebpo, pasi m\u00eb b\u00ebt\u00eb k\u00ebt\u00eb pyetje, mund t\u00eb them se, n\u00eb rrethin ku un\u00eb veproj, mbizot\u00ebron kryesisht nj\u00eb atmosfer\u00eb e mir\u00eb kolegjiale dhe miq\u00ebsore.<\/p>\n<p><strong>Ndryshe nga moshataret tuaja, punoni tash sa vite. A ju dhimbset ndonj\u00ebher\u00eb q\u00eb keni l\u00ebshuar nj\u00eb pjes\u00eb t\u00eb mir\u00eb t\u00eb f\u00ebmij\u00ebris\u00eb dhe t\u00eb adoleshenc\u00ebs dhe p\u00ebrnj\u00ebher\u00eb keni hyr\u00eb n\u00eb bot\u00ebn e t\u00eb rriturve?\u00a0<\/strong><\/p>\n<p>Nj\u00eb pyetje shum\u00eb me vend q\u00eb m\u00eb riktheu n\u00eb rinin\u00eb e hershme dhe m\u00eb b\u00ebri t\u00eb mendohem&#8230;!? Muzika m\u00eb ka privuar nga shum\u00eb gj\u00ebra, nuk kam mundur t\u00eb b\u00ebj me nj\u00eb jet\u00eb si\u00e7 b\u00ebjn\u00eb moshatar\u00ebt e mi n\u00eb adoleshenc\u00eb, por nga v\u00ebshtrimi tjet\u00ebr, muzika, nj\u00ebkoh\u00ebsisht, m\u00eb ka sjell\u00eb shum\u00eb gj\u00ebra t\u00eb ve\u00e7anta.<\/p>\n<p><strong>Cila \u00ebsht\u00eb gj\u00ebja me e bukur me t\u00eb cil\u00ebn jeni p\u00ebrballur k\u00ebto dit\u00eb?<\/strong><\/p>\n<p>Jan\u00eb komplimentet e shumta q\u00eb i marr p\u00ebr k\u00ebng\u00ebn dhe kripin.<\/p>\n<p><strong>Dim\u00eb q\u00eb Kaltrina \u00ebsht\u00eb e fejuar, na trego pak p\u00ebr djalin q\u00eb ke n\u00eb krah, \u00e7far\u00eb profesioni ka ai?<\/strong><\/p>\n<p>E kam th\u00ebn\u00eb edhe n\u00eb intervista t\u00eb tjera q\u00eb i fejuari im \u00ebsht\u00eb Dritoni, prej shum\u00eb vitesh jeton n\u00eb Lond\u00ebr. Momentalisht menaxhon nj\u00eb restaurant dhe \u00ebsht\u00eb kontabilist i diplomuar.<\/p>\n<p><strong>\u00c7far\u00eb ka t\u00eb ve\u00e7ant\u00eb ai djal\u00eb q\u00eb \u00ebsht\u00eb me ty?<\/strong><\/p>\n<p>P\u00ebrderisa \u00ebsht\u00eb me mua, mendoj, q\u00eb \u00ebsht\u00eb m\u00eb i ve\u00e7anti nga meshkujt e tjer\u00eb. Vler\u00ebsoj shum\u00eb gj\u00ebra tek ai, nd\u00ebr t\u00eb tjera respektin dhe kujdesin q\u00eb ka ndaj meje.<\/p>\n<p><strong>Po dasma juaj kur t\u00eb b\u00ebhet si do t\u00eb jet\u00eb?<\/strong><\/p>\n<p>Nuk e di, nuk kemi menduar p\u00ebr detajet.<\/p>\n<p><strong>Grindeni shpesh, dhe mund t\u00eb na tregosh p\u00ebr \u00e7far\u00eb jeni grindur her\u00ebn e fundit?<\/strong><\/p>\n<p>Z\u00ebnkat tona jan\u00eb t\u00eb rralla, por edhe kur zihemi gjithmon\u00eb b\u00ebhet fjal\u00eb p\u00ebr imt\u00ebsia.<\/p>\n<p><strong>Nj\u00eb karrier\u00eb artisteje, sa koh\u00eb t\u00eb l\u00eb p\u00ebr jet\u00ebn private?<\/strong><\/p>\n<p>Dihet q\u00eb ne artist\u00ebt kemi me pak koh\u00eb p\u00ebr jet\u00eb private, mir\u00ebpo un\u00eb maksimalisht i jap r\u00ebnd\u00ebsi dhe i l\u00eb vetes hap\u00ebsir\u00eb p\u00ebr ta shijuar.<\/p>\n<p><strong>Stina e ver\u00ebs, do t\u00eb \u00ebsht\u00eb nj\u00eb periudh\u00eb pune apo relaksi p\u00ebr ju. \u00c7far\u00eb planesh keni?<\/strong><\/p>\n<p>T\u00eb dyja nj\u00ebkoh\u00ebsisht. Pun\u00eb, por nj\u00eb periudh\u00eb do ta shfryt\u00ebzoj edhe p\u00ebr relaks.<\/p>\n<p>&nbsp;<\/p>\n<!--YouTube Error: bad URL entered-->\n<p>&nbsp;<\/p>\n","protected":false},"excerpt":{"rendered":"<p>\u00cbsht\u00eb nj\u00eb nga ato k\u00ebng\u00ebtare q\u00eb t\u00eb b\u00ebn p\u00ebr vete menj\u00ebher\u00eb jo vet\u00ebm prej pamjes engj\u00ebllore, por edhe p\u00ebr z\u00ebrin e ve\u00e7ant\u00eb dhe t\u00eb \u00ebmb\u00ebl. Tash kur konkurrenca qaset t\u00eb shoh\u00eb veten t\u00eb shnd\u00ebrruar n\u00eb nj\u00eb fush\u00ebbetej\u00eb t\u00eb ashp\u00ebr, gjithher\u00eb e m\u00eb e v\u00ebshtir\u00eb rreket p\u00ebrballja edhe p\u00ebr t\u00eb. N\u00eb k\u00ebt\u00eb \u201ckacafytje\u201d vlerash artistike, Kaltrina, [&hellip;]<\/p>\n","protected":false},"author":1,"featured_media":0,"comment_status":"open","ping_status":"closed","sticky":false,"template":"","format":"standard","meta":{"spay_email":"","jetpack_publicize_message":"","jetpack_is_tweetstorm":false,"jetpack_publicize_feature_enabled":true},"categories":[1],"tags":[],"jetpack_publicize_connections":[],"yoast_head":"<!-- This site is optimized with the Yoast SEO plugin v19.1 - https:\/\/yoast.com\/wordpress\/plugins\/seo\/ -->\n<title>Surprizat e Kaltrina Selimit - Lajme nga Ulqini<\/title>\n<meta name=\"description\" content=\"\u00cbsht\u00eb nj\u00eb nga ato k\u00ebng\u00ebtare q\u00eb t\u00eb b\u00ebn p\u00ebr vete menj\u00ebher\u00eb jo vet\u00ebm prej pamjes engj\u00ebllore, por edhe p\u00ebr z\u00ebrin e ve\u00e7ant\u00eb dhe t\u00eb \u00ebmb\u00ebl.\" \/>\n<meta name=\"robots\" content=\"index, follow, max-snippet:-1, max-image-preview:large, max-video-preview:-1\" \/>\n<link rel=\"canonical\" href=\"https:\/\/www.visit-ulcinj.com\/blog\/2011\/07\/14\/surprizat-e-kaltrina-selimit\/\" \/>\n<meta property=\"og:locale\" content=\"en_US\" \/>\n<meta property=\"og:type\" content=\"article\" \/>\n<meta property=\"og:title\" content=\"Surprizat e Kaltrina Selimit - Lajme nga Ulqini\" \/>\n<meta property=\"og:description\" content=\"\u00cbsht\u00eb nj\u00eb nga ato k\u00ebng\u00ebtare q\u00eb t\u00eb b\u00ebn p\u00ebr vete menj\u00ebher\u00eb jo vet\u00ebm prej pamjes engj\u00ebllore, por edhe p\u00ebr z\u00ebrin e ve\u00e7ant\u00eb dhe t\u00eb \u00ebmb\u00ebl.\" \/>\n<meta property=\"og:url\" content=\"https:\/\/www.visit-ulcinj.com\/blog\/2011\/07\/14\/surprizat-e-kaltrina-selimit\/\" \/>\n<meta property=\"og:site_name\" content=\"Lajme nga Ulqini\" \/>\n<meta property=\"article:published_time\" content=\"2011-07-14T12:57:52+00:00\" \/>\n<meta property=\"article:modified_time\" content=\"2011-07-14T13:00:54+00:00\" \/>\n<meta property=\"og:image\" content=\"http:\/\/www.visit-ulcinj.com\/blog\/wp-content\/uploads\/2011\/07\/Kaltrina-Selimi-1.jpg\" \/>\n<meta name=\"twitter:label1\" content=\"Written by\" \/>\n\t<meta name=\"twitter:data1\" content=\"ulqini\" \/>\n\t<meta name=\"twitter:label2\" content=\"Est. reading time\" \/>\n\t<meta name=\"twitter:data2\" content=\"7 minutes\" \/>\n<script type=\"application\/ld+json\" class=\"yoast-schema-graph\">{\"@context\":\"https:\/\/schema.org\",\"@graph\":[{\"@type\":\"WebSite\",\"@id\":\"https:\/\/www.visit-ulcinj.com\/blog\/#website\",\"url\":\"https:\/\/www.visit-ulcinj.com\/blog\/\",\"name\":\"Lajme nga Ulqini\",\"description\":\"Lajme,Vijesti,Ulqini,Ulqin,Crna Gora,Mali i Zi\",\"potentialAction\":[{\"@type\":\"SearchAction\",\"target\":{\"@type\":\"EntryPoint\",\"urlTemplate\":\"https:\/\/www.visit-ulcinj.com\/blog\/?s={search_term_string}\"},\"query-input\":\"required name=search_term_string\"}],\"inLanguage\":\"en-US\"},{\"@type\":\"ImageObject\",\"inLanguage\":\"en-US\",\"@id\":\"https:\/\/www.visit-ulcinj.com\/blog\/2011\/07\/14\/surprizat-e-kaltrina-selimit\/#primaryimage\",\"url\":\"http:\/\/www.visit-ulcinj.com\/blog\/wp-content\/uploads\/2011\/07\/Kaltrina-Selimi-1.jpg\",\"contentUrl\":\"http:\/\/www.visit-ulcinj.com\/blog\/wp-content\/uploads\/2011\/07\/Kaltrina-Selimi-1.jpg\"},{\"@type\":\"WebPage\",\"@id\":\"https:\/\/www.visit-ulcinj.com\/blog\/2011\/07\/14\/surprizat-e-kaltrina-selimit\/#webpage\",\"url\":\"https:\/\/www.visit-ulcinj.com\/blog\/2011\/07\/14\/surprizat-e-kaltrina-selimit\/\",\"name\":\"Surprizat e Kaltrina Selimit - Lajme nga Ulqini\",\"isPartOf\":{\"@id\":\"https:\/\/www.visit-ulcinj.com\/blog\/#website\"},\"primaryImageOfPage\":{\"@id\":\"https:\/\/www.visit-ulcinj.com\/blog\/2011\/07\/14\/surprizat-e-kaltrina-selimit\/#primaryimage\"},\"datePublished\":\"2011-07-14T12:57:52+00:00\",\"dateModified\":\"2011-07-14T13:00:54+00:00\",\"author\":{\"@id\":\"https:\/\/www.visit-ulcinj.com\/blog\/#\/schema\/person\/dcab619c614d3038751c63bc2aadc06d\"},\"description\":\"\u00cbsht\u00eb nj\u00eb nga ato k\u00ebng\u00ebtare q\u00eb t\u00eb b\u00ebn p\u00ebr vete menj\u00ebher\u00eb jo vet\u00ebm prej pamjes engj\u00ebllore, por edhe p\u00ebr z\u00ebrin e ve\u00e7ant\u00eb dhe t\u00eb \u00ebmb\u00ebl.\",\"breadcrumb\":{\"@id\":\"https:\/\/www.visit-ulcinj.com\/blog\/2011\/07\/14\/surprizat-e-kaltrina-selimit\/#breadcrumb\"},\"inLanguage\":\"en-US\",\"potentialAction\":[{\"@type\":\"ReadAction\",\"target\":[\"https:\/\/www.visit-ulcinj.com\/blog\/2011\/07\/14\/surprizat-e-kaltrina-selimit\/\"]}]},{\"@type\":\"BreadcrumbList\",\"@id\":\"https:\/\/www.visit-ulcinj.com\/blog\/2011\/07\/14\/surprizat-e-kaltrina-selimit\/#breadcrumb\",\"itemListElement\":[{\"@type\":\"ListItem\",\"position\":1,\"name\":\"Surprizat e Kaltrina Selimit\"}]},{\"@type\":\"Person\",\"@id\":\"https:\/\/www.visit-ulcinj.com\/blog\/#\/schema\/person\/dcab619c614d3038751c63bc2aadc06d\",\"name\":\"ulqini\",\"sameAs\":[\"http:\/\/www.visit-ulcinj.com\"],\"url\":\"https:\/\/www.visit-ulcinj.com\/blog\/author\/admin\/\"}]}<\/script>\n<!-- \/ Yoast SEO plugin. -->","yoast_head_json":{"title":"Surprizat e Kaltrina Selimit - Lajme nga Ulqini","description":"\u00cbsht\u00eb nj\u00eb nga ato k\u00ebng\u00ebtare q\u00eb t\u00eb b\u00ebn p\u00ebr vete menj\u00ebher\u00eb jo vet\u00ebm prej pamjes engj\u00ebllore, por edhe p\u00ebr z\u00ebrin e ve\u00e7ant\u00eb dhe t\u00eb \u00ebmb\u00ebl.","robots":{"index":"index","follow":"follow","max-snippet":"max-snippet:-1","max-image-preview":"max-image-preview:large","max-video-preview":"max-video-preview:-1"},"canonical":"https:\/\/www.visit-ulcinj.com\/blog\/2011\/07\/14\/surprizat-e-kaltrina-selimit\/","og_locale":"en_US","og_type":"article","og_title":"Surprizat e Kaltrina Selimit - Lajme nga Ulqini","og_description":"\u00cbsht\u00eb nj\u00eb nga ato k\u00ebng\u00ebtare q\u00eb t\u00eb b\u00ebn p\u00ebr vete menj\u00ebher\u00eb jo vet\u00ebm prej pamjes engj\u00ebllore, por edhe p\u00ebr z\u00ebrin e ve\u00e7ant\u00eb dhe t\u00eb \u00ebmb\u00ebl.","og_url":"https:\/\/www.visit-ulcinj.com\/blog\/2011\/07\/14\/surprizat-e-kaltrina-selimit\/","og_site_name":"Lajme nga Ulqini","article_published_time":"2011-07-14T12:57:52+00:00","article_modified_time":"2011-07-14T13:00:54+00:00","og_image":[{"url":"http:\/\/www.visit-ulcinj.com\/blog\/wp-content\/uploads\/2011\/07\/Kaltrina-Selimi-1.jpg"}],"twitter_misc":{"Written by":"ulqini","Est. reading time":"7 minutes"},"schema":{"@context":"https:\/\/schema.org","@graph":[{"@type":"WebSite","@id":"https:\/\/www.visit-ulcinj.com\/blog\/#website","url":"https:\/\/www.visit-ulcinj.com\/blog\/","name":"Lajme nga Ulqini","description":"Lajme,Vijesti,Ulqini,Ulqin,Crna Gora,Mali i Zi","potentialAction":[{"@type":"SearchAction","target":{"@type":"EntryPoint","urlTemplate":"https:\/\/www.visit-ulcinj.com\/blog\/?s={search_term_string}"},"query-input":"required name=search_term_string"}],"inLanguage":"en-US"},{"@type":"ImageObject","inLanguage":"en-US","@id":"https:\/\/www.visit-ulcinj.com\/blog\/2011\/07\/14\/surprizat-e-kaltrina-selimit\/#primaryimage","url":"http:\/\/www.visit-ulcinj.com\/blog\/wp-content\/uploads\/2011\/07\/Kaltrina-Selimi-1.jpg","contentUrl":"http:\/\/www.visit-ulcinj.com\/blog\/wp-content\/uploads\/2011\/07\/Kaltrina-Selimi-1.jpg"},{"@type":"WebPage","@id":"https:\/\/www.visit-ulcinj.com\/blog\/2011\/07\/14\/surprizat-e-kaltrina-selimit\/#webpage","url":"https:\/\/www.visit-ulcinj.com\/blog\/2011\/07\/14\/surprizat-e-kaltrina-selimit\/","name":"Surprizat e Kaltrina Selimit - Lajme nga Ulqini","isPartOf":{"@id":"https:\/\/www.visit-ulcinj.com\/blog\/#website"},"primaryImageOfPage":{"@id":"https:\/\/www.visit-ulcinj.com\/blog\/2011\/07\/14\/surprizat-e-kaltrina-selimit\/#primaryimage"},"datePublished":"2011-07-14T12:57:52+00:00","dateModified":"2011-07-14T13:00:54+00:00","author":{"@id":"https:\/\/www.visit-ulcinj.com\/blog\/#\/schema\/person\/dcab619c614d3038751c63bc2aadc06d"},"description":"\u00cbsht\u00eb nj\u00eb nga ato k\u00ebng\u00ebtare q\u00eb t\u00eb b\u00ebn p\u00ebr vete menj\u00ebher\u00eb jo vet\u00ebm prej pamjes engj\u00ebllore, por edhe p\u00ebr z\u00ebrin e ve\u00e7ant\u00eb dhe t\u00eb \u00ebmb\u00ebl.","breadcrumb":{"@id":"https:\/\/www.visit-ulcinj.com\/blog\/2011\/07\/14\/surprizat-e-kaltrina-selimit\/#breadcrumb"},"inLanguage":"en-US","potentialAction":[{"@type":"ReadAction","target":["https:\/\/www.visit-ulcinj.com\/blog\/2011\/07\/14\/surprizat-e-kaltrina-selimit\/"]}]},{"@type":"BreadcrumbList","@id":"https:\/\/www.visit-ulcinj.com\/blog\/2011\/07\/14\/surprizat-e-kaltrina-selimit\/#breadcrumb","itemListElement":[{"@type":"ListItem","position":1,"name":"Surprizat e Kaltrina Selimit"}]},{"@type":"Person","@id":"https:\/\/www.visit-ulcinj.com\/blog\/#\/schema\/person\/dcab619c614d3038751c63bc2aadc06d","name":"ulqini","sameAs":["http:\/\/www.visit-ulcinj.com"],"url":"https:\/\/www.visit-ulcinj.com\/blog\/author\/admin\/"}]}},"jetpack_featured_media_url":"","jetpack_sharing_enabled":true,"jetpack_shortlink":"https:\/\/wp.me\/pe6lTn-cIZ","_links":{"self":[{"href":"https:\/\/www.visit-ulcinj.com\/blog\/wp-json\/wp\/v2\/posts\/48917"}],"collection":[{"href":"https:\/\/www.visit-ulcinj.com\/blog\/wp-json\/wp\/v2\/posts"}],"about":[{"href":"https:\/\/www.visit-ulcinj.com\/blog\/wp-json\/wp\/v2\/types\/post"}],"author":[{"embeddable":true,"href":"https:\/\/www.visit-ulcinj.com\/blog\/wp-json\/wp\/v2\/users\/1"}],"replies":[{"embeddable":true,"href":"https:\/\/www.visit-ulcinj.com\/blog\/wp-json\/wp\/v2\/comments?post=48917"}],"version-history":[{"count":4,"href":"https:\/\/www.visit-ulcinj.com\/blog\/wp-json\/wp\/v2\/posts\/48917\/revisions"}],"predecessor-version":[{"id":48923,"href":"https:\/\/www.visit-ulcinj.com\/blog\/wp-json\/wp\/v2\/posts\/48917\/revisions\/48923"}],"wp:attachment":[{"href":"https:\/\/www.visit-ulcinj.com\/blog\/wp-json\/wp\/v2\/media?parent=48917"}],"wp:term":[{"taxonomy":"category","embeddable":true,"href":"https:\/\/www.visit-ulcinj.com\/blog\/wp-json\/wp\/v2\/categories?post=48917"},{"taxonomy":"post_tag","embeddable":true,"href":"https:\/\/www.visit-ulcinj.com\/blog\/wp-json\/wp\/v2\/tags?post=48917"}],"curies":[{"name":"wp","href":"https:\/\/api.w.org\/{rel}","templated":true}]}}