{"id":48925,"date":"2011-07-14T14:34:36","date_gmt":"2011-07-14T13:34:36","guid":{"rendered":"http:\/\/www.visit-ulcinj.com\/blog\/?p=48925"},"modified":"2011-07-14T14:34:36","modified_gmt":"2011-07-14T13:34:36","slug":"unikkatili-edhe-me-nje-kenge","status":"publish","type":"post","link":"https:\/\/www.visit-ulcinj.com\/blog\/2011\/07\/14\/unikkatili-edhe-me-nje-kenge\/","title":{"rendered":"UniKKatili, edhe me nj\u00eb k\u00ebng\u00eb"},"content":{"rendered":"<p><a href=\"http:\/\/www.visit-ulcinj.com\/blog\/wp-content\/uploads\/2011\/07\/UniKKatili-1.jpg\"><img loading=\"lazy\" class=\"alignleft size-full wp-image-48926\" title=\"UniKKatili-1\" src=\"http:\/\/www.visit-ulcinj.com\/blog\/wp-content\/uploads\/2011\/07\/UniKKatili-1.jpg\" alt=\"\" width=\"508\" height=\"460\" \/><\/a><\/p>\n<p>Reperi kosovar q\u00eb jeton dhe vepron n\u00eb SHBA, ka paralajm\u00ebruar edhe nj\u00eb hit t\u00eb ri gjat\u00eb k\u00ebsaj vere.<\/p>\n<p>Pas bashk\u00ebpunimit t\u00eb tij me 2po2 dhe me Gold AG, UniKKatil ka shkruar n\u00eb llogarin\u00eb e tij n\u00eb Twitter se adhuruesit e tij do t\u00eb mund t\u00eb d\u00ebgjojn\u00eb s\u00eb shpejti nj\u00eb k\u00ebng\u00eb t\u00eb re, e cila \u00ebsht\u00eb nj\u00eb bashk\u00ebpunim me reperin Kobra.<\/p>\n<p>\u201cSoon new song its coming soon with my shqipez KOBRA\u201d, ka shkruar UniKKatil n\u00eb Twitterin e tij, p\u00ebrderisa ka treguar se djali i tij i vog\u00ebl, Roni ka filluar t\u00eb shikoj\u00eb edhe filma triler\u00eb.<\/p>\n<!--YouTube Error: bad URL entered-->\n","protected":false},"excerpt":{"rendered":"<p>Reperi kosovar q\u00eb jeton dhe vepron n\u00eb SHBA, ka paralajm\u00ebruar edhe nj\u00eb hit t\u00eb ri gjat\u00eb k\u00ebsaj vere. Pas bashk\u00ebpunimit t\u00eb tij me 2po2 dhe me Gold AG, UniKKatil ka shkruar n\u00eb llogarin\u00eb e tij n\u00eb Twitter se adhuruesit e tij do t\u00eb mund t\u00eb d\u00ebgjojn\u00eb s\u00eb shpejti nj\u00eb k\u00ebng\u00eb t\u00eb re, e cila \u00ebsht\u00eb [&hellip;]<\/p>\n","protected":false},"author":1,"featured_media":0,"comment_status":"open","ping_status":"closed","sticky":false,"template":"","format":"standard","meta":{"spay_email":"","jetpack_publicize_message":"","jetpack_is_tweetstorm":false,"jetpack_publicize_feature_enabled":true},"categories":[1],"tags":[18674,18675,18673],"jetpack_publicize_connections":[],"yoast_head":"<!-- This site is optimized with the Yoast SEO plugin v19.1 - https:\/\/yoast.com\/wordpress\/plugins\/seo\/ -->\n<title>UniKKatili, edhe me nj\u00eb k\u00ebng\u00eb - Lajme nga Ulqini<\/title>\n<meta name=\"description\" content=\"Reperi kosovar q\u00eb jeton dhe vepron n\u00eb SHBA, ka paralajm\u00ebruar edhe nj\u00eb hit t\u00eb ri gjat\u00eb k\u00ebsaj vere.\" \/>\n<meta name=\"robots\" content=\"index, follow, max-snippet:-1, max-image-preview:large, max-video-preview:-1\" \/>\n<link rel=\"canonical\" href=\"https:\/\/www.visit-ulcinj.com\/blog\/2011\/07\/14\/unikkatili-edhe-me-nje-kenge\/\" \/>\n<meta property=\"og:locale\" content=\"en_US\" \/>\n<meta property=\"og:type\" content=\"article\" \/>\n<meta property=\"og:title\" content=\"UniKKatili, edhe me nj\u00eb k\u00ebng\u00eb - Lajme nga Ulqini\" \/>\n<meta property=\"og:description\" content=\"Reperi kosovar q\u00eb jeton dhe vepron n\u00eb SHBA, ka paralajm\u00ebruar edhe nj\u00eb hit t\u00eb ri gjat\u00eb k\u00ebsaj vere.\" \/>\n<meta property=\"og:url\" content=\"https:\/\/www.visit-ulcinj.com\/blog\/2011\/07\/14\/unikkatili-edhe-me-nje-kenge\/\" \/>\n<meta property=\"og:site_name\" content=\"Lajme nga Ulqini\" \/>\n<meta property=\"article:published_time\" content=\"2011-07-14T13:34:36+00:00\" \/>\n<meta property=\"og:image\" content=\"http:\/\/www.visit-ulcinj.com\/blog\/wp-content\/uploads\/2011\/07\/UniKKatili-1.jpg\" \/>\n<meta name=\"twitter:label1\" content=\"Written by\" \/>\n\t<meta name=\"twitter:data1\" content=\"ulqini\" \/>\n\t<meta name=\"twitter:label2\" content=\"Est. reading time\" \/>\n\t<meta name=\"twitter:data2\" content=\"1 minute\" \/>\n<script type=\"application\/ld+json\" class=\"yoast-schema-graph\">{\"@context\":\"https:\/\/schema.org\",\"@graph\":[{\"@type\":\"WebSite\",\"@id\":\"https:\/\/www.visit-ulcinj.com\/blog\/#website\",\"url\":\"https:\/\/www.visit-ulcinj.com\/blog\/\",\"name\":\"Lajme nga Ulqini\",\"description\":\"Lajme,Vijesti,Ulqini,Ulqin,Crna Gora,Mali i Zi\",\"potentialAction\":[{\"@type\":\"SearchAction\",\"target\":{\"@type\":\"EntryPoint\",\"urlTemplate\":\"https:\/\/www.visit-ulcinj.com\/blog\/?s={search_term_string}\"},\"query-input\":\"required name=search_term_string\"}],\"inLanguage\":\"en-US\"},{\"@type\":\"ImageObject\",\"inLanguage\":\"en-US\",\"@id\":\"https:\/\/www.visit-ulcinj.com\/blog\/2011\/07\/14\/unikkatili-edhe-me-nje-kenge\/#primaryimage\",\"url\":\"http:\/\/www.visit-ulcinj.com\/blog\/wp-content\/uploads\/2011\/07\/UniKKatili-1.jpg\",\"contentUrl\":\"http:\/\/www.visit-ulcinj.com\/blog\/wp-content\/uploads\/2011\/07\/UniKKatili-1.jpg\"},{\"@type\":\"WebPage\",\"@id\":\"https:\/\/www.visit-ulcinj.com\/blog\/2011\/07\/14\/unikkatili-edhe-me-nje-kenge\/#webpage\",\"url\":\"https:\/\/www.visit-ulcinj.com\/blog\/2011\/07\/14\/unikkatili-edhe-me-nje-kenge\/\",\"name\":\"UniKKatili, edhe me nj\u00eb k\u00ebng\u00eb - Lajme nga Ulqini\",\"isPartOf\":{\"@id\":\"https:\/\/www.visit-ulcinj.com\/blog\/#website\"},\"primaryImageOfPage\":{\"@id\":\"https:\/\/www.visit-ulcinj.com\/blog\/2011\/07\/14\/unikkatili-edhe-me-nje-kenge\/#primaryimage\"},\"datePublished\":\"2011-07-14T13:34:36+00:00\",\"dateModified\":\"2011-07-14T13:34:36+00:00\",\"author\":{\"@id\":\"https:\/\/www.visit-ulcinj.com\/blog\/#\/schema\/person\/dcab619c614d3038751c63bc2aadc06d\"},\"description\":\"Reperi kosovar q\u00eb jeton dhe vepron n\u00eb SHBA, ka paralajm\u00ebruar edhe nj\u00eb hit t\u00eb ri gjat\u00eb k\u00ebsaj vere.\",\"breadcrumb\":{\"@id\":\"https:\/\/www.visit-ulcinj.com\/blog\/2011\/07\/14\/unikkatili-edhe-me-nje-kenge\/#breadcrumb\"},\"inLanguage\":\"en-US\",\"potentialAction\":[{\"@type\":\"ReadAction\",\"target\":[\"https:\/\/www.visit-ulcinj.com\/blog\/2011\/07\/14\/unikkatili-edhe-me-nje-kenge\/\"]}]},{\"@type\":\"BreadcrumbList\",\"@id\":\"https:\/\/www.visit-ulcinj.com\/blog\/2011\/07\/14\/unikkatili-edhe-me-nje-kenge\/#breadcrumb\",\"itemListElement\":[{\"@type\":\"ListItem\",\"position\":1,\"name\":\"UniKKatili, edhe me nj\u00eb k\u00ebng\u00eb\"}]},{\"@type\":\"Person\",\"@id\":\"https:\/\/www.visit-ulcinj.com\/blog\/#\/schema\/person\/dcab619c614d3038751c63bc2aadc06d\",\"name\":\"ulqini\",\"sameAs\":[\"http:\/\/www.visit-ulcinj.com\"],\"url\":\"https:\/\/www.visit-ulcinj.com\/blog\/author\/admin\/\"}]}<\/script>\n<!-- \/ Yoast SEO plugin. -->","yoast_head_json":{"title":"UniKKatili, edhe me nj\u00eb k\u00ebng\u00eb - Lajme nga Ulqini","description":"Reperi kosovar q\u00eb jeton dhe vepron n\u00eb SHBA, ka paralajm\u00ebruar edhe nj\u00eb hit t\u00eb ri gjat\u00eb k\u00ebsaj vere.","robots":{"index":"index","follow":"follow","max-snippet":"max-snippet:-1","max-image-preview":"max-image-preview:large","max-video-preview":"max-video-preview:-1"},"canonical":"https:\/\/www.visit-ulcinj.com\/blog\/2011\/07\/14\/unikkatili-edhe-me-nje-kenge\/","og_locale":"en_US","og_type":"article","og_title":"UniKKatili, edhe me nj\u00eb k\u00ebng\u00eb - Lajme nga Ulqini","og_description":"Reperi kosovar q\u00eb jeton dhe vepron n\u00eb SHBA, ka paralajm\u00ebruar edhe nj\u00eb hit t\u00eb ri gjat\u00eb k\u00ebsaj vere.","og_url":"https:\/\/www.visit-ulcinj.com\/blog\/2011\/07\/14\/unikkatili-edhe-me-nje-kenge\/","og_site_name":"Lajme nga Ulqini","article_published_time":"2011-07-14T13:34:36+00:00","og_image":[{"url":"http:\/\/www.visit-ulcinj.com\/blog\/wp-content\/uploads\/2011\/07\/UniKKatili-1.jpg"}],"twitter_misc":{"Written by":"ulqini","Est. reading time":"1 minute"},"schema":{"@context":"https:\/\/schema.org","@graph":[{"@type":"WebSite","@id":"https:\/\/www.visit-ulcinj.com\/blog\/#website","url":"https:\/\/www.visit-ulcinj.com\/blog\/","name":"Lajme nga Ulqini","description":"Lajme,Vijesti,Ulqini,Ulqin,Crna Gora,Mali i Zi","potentialAction":[{"@type":"SearchAction","target":{"@type":"EntryPoint","urlTemplate":"https:\/\/www.visit-ulcinj.com\/blog\/?s={search_term_string}"},"query-input":"required name=search_term_string"}],"inLanguage":"en-US"},{"@type":"ImageObject","inLanguage":"en-US","@id":"https:\/\/www.visit-ulcinj.com\/blog\/2011\/07\/14\/unikkatili-edhe-me-nje-kenge\/#primaryimage","url":"http:\/\/www.visit-ulcinj.com\/blog\/wp-content\/uploads\/2011\/07\/UniKKatili-1.jpg","contentUrl":"http:\/\/www.visit-ulcinj.com\/blog\/wp-content\/uploads\/2011\/07\/UniKKatili-1.jpg"},{"@type":"WebPage","@id":"https:\/\/www.visit-ulcinj.com\/blog\/2011\/07\/14\/unikkatili-edhe-me-nje-kenge\/#webpage","url":"https:\/\/www.visit-ulcinj.com\/blog\/2011\/07\/14\/unikkatili-edhe-me-nje-kenge\/","name":"UniKKatili, edhe me nj\u00eb k\u00ebng\u00eb - Lajme nga Ulqini","isPartOf":{"@id":"https:\/\/www.visit-ulcinj.com\/blog\/#website"},"primaryImageOfPage":{"@id":"https:\/\/www.visit-ulcinj.com\/blog\/2011\/07\/14\/unikkatili-edhe-me-nje-kenge\/#primaryimage"},"datePublished":"2011-07-14T13:34:36+00:00","dateModified":"2011-07-14T13:34:36+00:00","author":{"@id":"https:\/\/www.visit-ulcinj.com\/blog\/#\/schema\/person\/dcab619c614d3038751c63bc2aadc06d"},"description":"Reperi kosovar q\u00eb jeton dhe vepron n\u00eb SHBA, ka paralajm\u00ebruar edhe nj\u00eb hit t\u00eb ri gjat\u00eb k\u00ebsaj vere.","breadcrumb":{"@id":"https:\/\/www.visit-ulcinj.com\/blog\/2011\/07\/14\/unikkatili-edhe-me-nje-kenge\/#breadcrumb"},"inLanguage":"en-US","potentialAction":[{"@type":"ReadAction","target":["https:\/\/www.visit-ulcinj.com\/blog\/2011\/07\/14\/unikkatili-edhe-me-nje-kenge\/"]}]},{"@type":"BreadcrumbList","@id":"https:\/\/www.visit-ulcinj.com\/blog\/2011\/07\/14\/unikkatili-edhe-me-nje-kenge\/#breadcrumb","itemListElement":[{"@type":"ListItem","position":1,"name":"UniKKatili, edhe me nj\u00eb k\u00ebng\u00eb"}]},{"@type":"Person","@id":"https:\/\/www.visit-ulcinj.com\/blog\/#\/schema\/person\/dcab619c614d3038751c63bc2aadc06d","name":"ulqini","sameAs":["http:\/\/www.visit-ulcinj.com"],"url":"https:\/\/www.visit-ulcinj.com\/blog\/author\/admin\/"}]}},"jetpack_featured_media_url":"","jetpack_sharing_enabled":true,"jetpack_shortlink":"https:\/\/wp.me\/pe6lTn-cJ7","_links":{"self":[{"href":"https:\/\/www.visit-ulcinj.com\/blog\/wp-json\/wp\/v2\/posts\/48925"}],"collection":[{"href":"https:\/\/www.visit-ulcinj.com\/blog\/wp-json\/wp\/v2\/posts"}],"about":[{"href":"https:\/\/www.visit-ulcinj.com\/blog\/wp-json\/wp\/v2\/types\/post"}],"author":[{"embeddable":true,"href":"https:\/\/www.visit-ulcinj.com\/blog\/wp-json\/wp\/v2\/users\/1"}],"replies":[{"embeddable":true,"href":"https:\/\/www.visit-ulcinj.com\/blog\/wp-json\/wp\/v2\/comments?post=48925"}],"version-history":[{"count":2,"href":"https:\/\/www.visit-ulcinj.com\/blog\/wp-json\/wp\/v2\/posts\/48925\/revisions"}],"predecessor-version":[{"id":48928,"href":"https:\/\/www.visit-ulcinj.com\/blog\/wp-json\/wp\/v2\/posts\/48925\/revisions\/48928"}],"wp:attachment":[{"href":"https:\/\/www.visit-ulcinj.com\/blog\/wp-json\/wp\/v2\/media?parent=48925"}],"wp:term":[{"taxonomy":"category","embeddable":true,"href":"https:\/\/www.visit-ulcinj.com\/blog\/wp-json\/wp\/v2\/categories?post=48925"},{"taxonomy":"post_tag","embeddable":true,"href":"https:\/\/www.visit-ulcinj.com\/blog\/wp-json\/wp\/v2\/tags?post=48925"}],"curies":[{"name":"wp","href":"https:\/\/api.w.org\/{rel}","templated":true}]}}