{"id":48932,"date":"2011-07-14T15:19:35","date_gmt":"2011-07-14T14:19:35","guid":{"rendered":"http:\/\/www.visit-ulcinj.com\/blog\/?p=48932"},"modified":"2011-07-14T21:45:03","modified_gmt":"2011-07-14T20:45:03","slug":"edona-llalloshi-lind-vajza-doa","status":"publish","type":"post","link":"https:\/\/www.visit-ulcinj.com\/blog\/2011\/07\/14\/edona-llalloshi-lind-vajza-doa\/","title":{"rendered":"Edona Llalloshi lind vajza, Doa"},"content":{"rendered":"<p><a href=\"http:\/\/www.visit-ulcinj.com\/blog\/wp-content\/uploads\/2011\/07\/Edona-Llalloshi-Shtatzene-2.jpg\"><img loading=\"lazy\" class=\"alignleft size-full wp-image-48933\" title=\"Edona-Llalloshi-Shtatzene-2\" src=\"http:\/\/www.visit-ulcinj.com\/blog\/wp-content\/uploads\/2011\/07\/Edona-Llalloshi-Shtatzene-2.jpg\" alt=\"\" width=\"508\" height=\"480\" \/><\/a>Edona Llalloshi sot ka sjell n\u00eb jet\u00eb f\u00ebmij\u00ebn e saj t\u00eb par\u00eb &#8211; nj\u00eb vajz\u00eb.<\/p>\n<p>K\u00ebng\u00ebtarja dhe vajza e saj thuhet t\u00eb jen\u00eb n\u00eb gjendje t\u00eb mir\u00eb sh\u00ebndet\u00ebsore.<\/p>\n<p>Familjar\u00ebt e Edon\u00ebs kan\u00eb treguar p\u00ebr Telegrafi.com se p\u00ebr pag\u00ebzim t\u00eb vajz\u00ebs ende nuk kan\u00eb vendosur, nd\u00ebrsa sipas mediave n\u00eb Kosov\u00eb emri i vajz\u00ebs do t\u00eb jet\u00eb, Doa.<\/p>\n<p>Edona Llalloshi \u00ebsht\u00eb e martuar me Gazmend Fejzullahun, nj\u00eb biznesmen nga Peja.<\/p>\n<!--YouTube Error: bad URL entered-->\n","protected":false},"excerpt":{"rendered":"<p>Edona Llalloshi sot ka sjell n\u00eb jet\u00eb f\u00ebmij\u00ebn e saj t\u00eb par\u00eb &#8211; nj\u00eb vajz\u00eb. K\u00ebng\u00ebtarja dhe vajza e saj thuhet t\u00eb jen\u00eb n\u00eb gjendje t\u00eb mir\u00eb sh\u00ebndet\u00ebsore. Familjar\u00ebt e Edon\u00ebs kan\u00eb treguar p\u00ebr Telegrafi.com se p\u00ebr pag\u00ebzim t\u00eb vajz\u00ebs ende nuk kan\u00eb vendosur, nd\u00ebrsa sipas mediave n\u00eb Kosov\u00eb emri i vajz\u00ebs do t\u00eb jet\u00eb, [&hellip;]<\/p>\n","protected":false},"author":1,"featured_media":0,"comment_status":"open","ping_status":"closed","sticky":false,"template":"","format":"standard","meta":{"spay_email":"","jetpack_publicize_message":"","jetpack_is_tweetstorm":false,"jetpack_publicize_feature_enabled":true},"categories":[1],"tags":[18676,224],"jetpack_publicize_connections":[],"yoast_head":"<!-- This site is optimized with the Yoast SEO plugin v19.1 - https:\/\/yoast.com\/wordpress\/plugins\/seo\/ -->\n<title>Edona Llalloshi lind vajz\u00ebn, Doa  - Lajme nga Ulqini<\/title>\n<meta name=\"description\" content=\"Edona Llalloshi sot ka sjell n\u00eb jet\u00eb f\u00ebmij\u00ebn e saj t\u00eb par\u00eb - nj\u00eb vajz\u00eb.\" \/>\n<meta name=\"robots\" content=\"index, follow, max-snippet:-1, max-image-preview:large, max-video-preview:-1\" \/>\n<link rel=\"canonical\" href=\"https:\/\/www.visit-ulcinj.com\/blog\/2011\/07\/14\/edona-llalloshi-lind-vajza-doa\/\" \/>\n<meta property=\"og:locale\" content=\"en_US\" \/>\n<meta property=\"og:type\" content=\"article\" \/>\n<meta property=\"og:title\" content=\"Edona Llalloshi lind vajz\u00ebn, Doa  - Lajme nga Ulqini\" \/>\n<meta property=\"og:description\" content=\"Edona Llalloshi sot ka sjell n\u00eb jet\u00eb f\u00ebmij\u00ebn e saj t\u00eb par\u00eb - nj\u00eb vajz\u00eb.\" \/>\n<meta property=\"og:url\" content=\"https:\/\/www.visit-ulcinj.com\/blog\/2011\/07\/14\/edona-llalloshi-lind-vajza-doa\/\" \/>\n<meta property=\"og:site_name\" content=\"Lajme nga Ulqini\" \/>\n<meta property=\"article:published_time\" content=\"2011-07-14T14:19:35+00:00\" \/>\n<meta property=\"article:modified_time\" content=\"2011-07-14T20:45:03+00:00\" \/>\n<meta property=\"og:image\" content=\"http:\/\/www.visit-ulcinj.com\/blog\/wp-content\/uploads\/2011\/07\/Edona-Llalloshi-Shtatzene-2.jpg\" \/>\n<meta name=\"twitter:label1\" content=\"Written by\" \/>\n\t<meta name=\"twitter:data1\" content=\"ulqini\" \/>\n<script type=\"application\/ld+json\" class=\"yoast-schema-graph\">{\"@context\":\"https:\/\/schema.org\",\"@graph\":[{\"@type\":\"WebSite\",\"@id\":\"https:\/\/www.visit-ulcinj.com\/blog\/#website\",\"url\":\"https:\/\/www.visit-ulcinj.com\/blog\/\",\"name\":\"Lajme nga Ulqini\",\"description\":\"Lajme,Vijesti,Ulqini,Ulqin,Crna Gora,Mali i Zi\",\"potentialAction\":[{\"@type\":\"SearchAction\",\"target\":{\"@type\":\"EntryPoint\",\"urlTemplate\":\"https:\/\/www.visit-ulcinj.com\/blog\/?s={search_term_string}\"},\"query-input\":\"required name=search_term_string\"}],\"inLanguage\":\"en-US\"},{\"@type\":\"ImageObject\",\"inLanguage\":\"en-US\",\"@id\":\"https:\/\/www.visit-ulcinj.com\/blog\/2011\/07\/14\/edona-llalloshi-lind-vajza-doa\/#primaryimage\",\"url\":\"http:\/\/www.visit-ulcinj.com\/blog\/wp-content\/uploads\/2011\/07\/Edona-Llalloshi-Shtatzene-2.jpg\",\"contentUrl\":\"http:\/\/www.visit-ulcinj.com\/blog\/wp-content\/uploads\/2011\/07\/Edona-Llalloshi-Shtatzene-2.jpg\"},{\"@type\":\"WebPage\",\"@id\":\"https:\/\/www.visit-ulcinj.com\/blog\/2011\/07\/14\/edona-llalloshi-lind-vajza-doa\/#webpage\",\"url\":\"https:\/\/www.visit-ulcinj.com\/blog\/2011\/07\/14\/edona-llalloshi-lind-vajza-doa\/\",\"name\":\"Edona Llalloshi lind vajz\u00ebn, Doa - Lajme nga Ulqini\",\"isPartOf\":{\"@id\":\"https:\/\/www.visit-ulcinj.com\/blog\/#website\"},\"primaryImageOfPage\":{\"@id\":\"https:\/\/www.visit-ulcinj.com\/blog\/2011\/07\/14\/edona-llalloshi-lind-vajza-doa\/#primaryimage\"},\"datePublished\":\"2011-07-14T14:19:35+00:00\",\"dateModified\":\"2011-07-14T20:45:03+00:00\",\"author\":{\"@id\":\"https:\/\/www.visit-ulcinj.com\/blog\/#\/schema\/person\/dcab619c614d3038751c63bc2aadc06d\"},\"description\":\"Edona Llalloshi sot ka sjell n\u00eb jet\u00eb f\u00ebmij\u00ebn e saj t\u00eb par\u00eb - nj\u00eb vajz\u00eb.\",\"breadcrumb\":{\"@id\":\"https:\/\/www.visit-ulcinj.com\/blog\/2011\/07\/14\/edona-llalloshi-lind-vajza-doa\/#breadcrumb\"},\"inLanguage\":\"en-US\",\"potentialAction\":[{\"@type\":\"ReadAction\",\"target\":[\"https:\/\/www.visit-ulcinj.com\/blog\/2011\/07\/14\/edona-llalloshi-lind-vajza-doa\/\"]}]},{\"@type\":\"BreadcrumbList\",\"@id\":\"https:\/\/www.visit-ulcinj.com\/blog\/2011\/07\/14\/edona-llalloshi-lind-vajza-doa\/#breadcrumb\",\"itemListElement\":[{\"@type\":\"ListItem\",\"position\":1,\"name\":\"Edona Llalloshi lind vajza, Doa\"}]},{\"@type\":\"Person\",\"@id\":\"https:\/\/www.visit-ulcinj.com\/blog\/#\/schema\/person\/dcab619c614d3038751c63bc2aadc06d\",\"name\":\"ulqini\",\"sameAs\":[\"http:\/\/www.visit-ulcinj.com\"],\"url\":\"https:\/\/www.visit-ulcinj.com\/blog\/author\/admin\/\"}]}<\/script>\n<!-- \/ Yoast SEO plugin. -->","yoast_head_json":{"title":"Edona Llalloshi lind vajz\u00ebn, Doa  - Lajme nga Ulqini","description":"Edona Llalloshi sot ka sjell n\u00eb jet\u00eb f\u00ebmij\u00ebn e saj t\u00eb par\u00eb - nj\u00eb vajz\u00eb.","robots":{"index":"index","follow":"follow","max-snippet":"max-snippet:-1","max-image-preview":"max-image-preview:large","max-video-preview":"max-video-preview:-1"},"canonical":"https:\/\/www.visit-ulcinj.com\/blog\/2011\/07\/14\/edona-llalloshi-lind-vajza-doa\/","og_locale":"en_US","og_type":"article","og_title":"Edona Llalloshi lind vajz\u00ebn, Doa  - Lajme nga Ulqini","og_description":"Edona Llalloshi sot ka sjell n\u00eb jet\u00eb f\u00ebmij\u00ebn e saj t\u00eb par\u00eb - nj\u00eb vajz\u00eb.","og_url":"https:\/\/www.visit-ulcinj.com\/blog\/2011\/07\/14\/edona-llalloshi-lind-vajza-doa\/","og_site_name":"Lajme nga Ulqini","article_published_time":"2011-07-14T14:19:35+00:00","article_modified_time":"2011-07-14T20:45:03+00:00","og_image":[{"url":"http:\/\/www.visit-ulcinj.com\/blog\/wp-content\/uploads\/2011\/07\/Edona-Llalloshi-Shtatzene-2.jpg"}],"twitter_misc":{"Written by":"ulqini"},"schema":{"@context":"https:\/\/schema.org","@graph":[{"@type":"WebSite","@id":"https:\/\/www.visit-ulcinj.com\/blog\/#website","url":"https:\/\/www.visit-ulcinj.com\/blog\/","name":"Lajme nga Ulqini","description":"Lajme,Vijesti,Ulqini,Ulqin,Crna Gora,Mali i Zi","potentialAction":[{"@type":"SearchAction","target":{"@type":"EntryPoint","urlTemplate":"https:\/\/www.visit-ulcinj.com\/blog\/?s={search_term_string}"},"query-input":"required name=search_term_string"}],"inLanguage":"en-US"},{"@type":"ImageObject","inLanguage":"en-US","@id":"https:\/\/www.visit-ulcinj.com\/blog\/2011\/07\/14\/edona-llalloshi-lind-vajza-doa\/#primaryimage","url":"http:\/\/www.visit-ulcinj.com\/blog\/wp-content\/uploads\/2011\/07\/Edona-Llalloshi-Shtatzene-2.jpg","contentUrl":"http:\/\/www.visit-ulcinj.com\/blog\/wp-content\/uploads\/2011\/07\/Edona-Llalloshi-Shtatzene-2.jpg"},{"@type":"WebPage","@id":"https:\/\/www.visit-ulcinj.com\/blog\/2011\/07\/14\/edona-llalloshi-lind-vajza-doa\/#webpage","url":"https:\/\/www.visit-ulcinj.com\/blog\/2011\/07\/14\/edona-llalloshi-lind-vajza-doa\/","name":"Edona Llalloshi lind vajz\u00ebn, Doa - Lajme nga Ulqini","isPartOf":{"@id":"https:\/\/www.visit-ulcinj.com\/blog\/#website"},"primaryImageOfPage":{"@id":"https:\/\/www.visit-ulcinj.com\/blog\/2011\/07\/14\/edona-llalloshi-lind-vajza-doa\/#primaryimage"},"datePublished":"2011-07-14T14:19:35+00:00","dateModified":"2011-07-14T20:45:03+00:00","author":{"@id":"https:\/\/www.visit-ulcinj.com\/blog\/#\/schema\/person\/dcab619c614d3038751c63bc2aadc06d"},"description":"Edona Llalloshi sot ka sjell n\u00eb jet\u00eb f\u00ebmij\u00ebn e saj t\u00eb par\u00eb - nj\u00eb vajz\u00eb.","breadcrumb":{"@id":"https:\/\/www.visit-ulcinj.com\/blog\/2011\/07\/14\/edona-llalloshi-lind-vajza-doa\/#breadcrumb"},"inLanguage":"en-US","potentialAction":[{"@type":"ReadAction","target":["https:\/\/www.visit-ulcinj.com\/blog\/2011\/07\/14\/edona-llalloshi-lind-vajza-doa\/"]}]},{"@type":"BreadcrumbList","@id":"https:\/\/www.visit-ulcinj.com\/blog\/2011\/07\/14\/edona-llalloshi-lind-vajza-doa\/#breadcrumb","itemListElement":[{"@type":"ListItem","position":1,"name":"Edona Llalloshi lind vajza, Doa"}]},{"@type":"Person","@id":"https:\/\/www.visit-ulcinj.com\/blog\/#\/schema\/person\/dcab619c614d3038751c63bc2aadc06d","name":"ulqini","sameAs":["http:\/\/www.visit-ulcinj.com"],"url":"https:\/\/www.visit-ulcinj.com\/blog\/author\/admin\/"}]}},"jetpack_featured_media_url":"","jetpack_sharing_enabled":true,"jetpack_shortlink":"https:\/\/wp.me\/pe6lTn-cJe","_links":{"self":[{"href":"https:\/\/www.visit-ulcinj.com\/blog\/wp-json\/wp\/v2\/posts\/48932"}],"collection":[{"href":"https:\/\/www.visit-ulcinj.com\/blog\/wp-json\/wp\/v2\/posts"}],"about":[{"href":"https:\/\/www.visit-ulcinj.com\/blog\/wp-json\/wp\/v2\/types\/post"}],"author":[{"embeddable":true,"href":"https:\/\/www.visit-ulcinj.com\/blog\/wp-json\/wp\/v2\/users\/1"}],"replies":[{"embeddable":true,"href":"https:\/\/www.visit-ulcinj.com\/blog\/wp-json\/wp\/v2\/comments?post=48932"}],"version-history":[{"count":4,"href":"https:\/\/www.visit-ulcinj.com\/blog\/wp-json\/wp\/v2\/posts\/48932\/revisions"}],"predecessor-version":[{"id":48971,"href":"https:\/\/www.visit-ulcinj.com\/blog\/wp-json\/wp\/v2\/posts\/48932\/revisions\/48971"}],"wp:attachment":[{"href":"https:\/\/www.visit-ulcinj.com\/blog\/wp-json\/wp\/v2\/media?parent=48932"}],"wp:term":[{"taxonomy":"category","embeddable":true,"href":"https:\/\/www.visit-ulcinj.com\/blog\/wp-json\/wp\/v2\/categories?post=48932"},{"taxonomy":"post_tag","embeddable":true,"href":"https:\/\/www.visit-ulcinj.com\/blog\/wp-json\/wp\/v2\/tags?post=48932"}],"curies":[{"name":"wp","href":"https:\/\/api.w.org\/{rel}","templated":true}]}}