{"id":48936,"date":"2011-07-14T16:06:44","date_gmt":"2011-07-14T15:06:44","guid":{"rendered":"http:\/\/www.visit-ulcinj.com\/blog\/?p=48936"},"modified":"2011-07-14T16:06:44","modified_gmt":"2011-07-14T15:06:44","slug":"kumtese-korrupsioni-politik-dhe-material-i-pushtetit-vendore-ne-ulqin","status":"publish","type":"post","link":"https:\/\/www.visit-ulcinj.com\/blog\/2011\/07\/14\/kumtese-korrupsioni-politik-dhe-material-i-pushtetit-vendore-ne-ulqin\/","title":{"rendered":"Kumtese: Korrupsioni politik dhe material i pushtetit vendore ne Ulqin"},"content":{"rendered":"<p><a href=\"http:\/\/www.visit-ulcinj.com\/blog\/wp-content\/uploads\/2011\/07\/Korrupsioni-politik-dhe-material-i-pushtetit-vendore-ne-Ulqin.jpg\"><img loading=\"lazy\" class=\"alignleft size-medium wp-image-48937\" title=\"Korrupsioni politik dhe material i pushtetit vendore ne Ulqin\" src=\"http:\/\/www.visit-ulcinj.com\/blog\/wp-content\/uploads\/2011\/07\/Korrupsioni-politik-dhe-material-i-pushtetit-vendore-ne-Ulqin-300x199.jpg\" alt=\"\" width=\"320\" height=\"210\" \/><\/a>Pushteti vendor\u00eb ka filluar t\u00eb zbuloj t\u00eb dh\u00ebnat p\u00ebr korrupsionin politik dhe material q\u00eb e ka prodhuar vet n\u00eb periudh\u00ebn e kaluar.<\/p>\n<p>M\u00eb n\u00eb fund filluam t\u00eb furnizohemi me t\u00eb dh\u00ebna t\u00eb r\u00ebnd\u00ebsishme q\u00eb paraqesin gjendjen reale n\u00eb komun\u00ebn e Ulqinit.<\/p>\n<p>K\u00ebto t\u00eb dh\u00ebna, m\u00eb nuk kan\u00eb mundur t\u00eb mbeten t\u00eb fshehura, dhe vet autor\u00ebt p\u00ebrgjegj\u00ebs kan\u00eb nisur ti zbulojn\u00eb pjes\u00ebrisht p\u00ebr t\u00eb v\u00ebzhguar reagimin e opinionit dhe organeve kompetente shtet\u00ebrore.<\/p>\n<p>V\u00ebshtir\u00eb mund t\u00eb besoj\u00eb dikush se p\u00ebr pes\u00eb vite nuk \u00ebsht\u00eb aprovuar asnj\u00eb Plan vjetor\u00eb pune dhe nuk \u00ebsht\u00eb aprovuar asnj\u00eb raport p\u00ebr pun\u00ebn e nd\u00ebrmarrjeve publike t\u00eb themeluara nga Kuvendi. Tani, kur paralajm\u00ebrohen greva, kur p\u00ebrgatiten largimet e pun\u00ebtor\u00ebve nga puna, kur nuk u jepen rrogat pun\u00ebtor\u00ebve, kur dihet se organet kompetente shtet\u00ebrore k\u00ebrkojn\u00eb t\u00eb dh\u00ebna, ka filluar brengosja e zyrtar\u00ebve p\u00ebrgjegj\u00ebs t\u00eb komun\u00ebs s\u00eb Ulqinit, q\u00eb me ngadal\u00eb po kthehen n\u00eb jet\u00ebn reale.<\/p>\n<p>Tani edhe qytetar\u00ebt mund t\u00eb binden se cila \u00ebsht\u00eb arsyeja e fshehjes s\u00eb k\u00ebtyre t\u00eb dh\u00ebnave.<\/p>\n<p>&#8211; Obligimet e pashlyera t\u00eb vitit 2009 me vler\u00eb prej 1.170.000 euro, deri n\u00eb fund t\u00eb vitit 2010 jan\u00eb rritur n\u00eb vler\u00ebn prej 3.700.000 euro ose n\u00eb mas\u00ebn prej 80% t\u00eb buxhetit t\u00eb realizuar n\u00eb at\u00eb vit. Do t\u00eb thot\u00eb, mjetet e grumbulluara nga taksat komunale kund\u00ebr ligjit, jan\u00eb shpenzuar gjithashtu kund\u00ebr ligjit.<\/p>\n<p>&#8211; P\u00ebr her\u00eb t\u00eb par\u00eb jan\u00eb zbuluar t\u00eb dh\u00ebnat p\u00ebr borxhet ndaj komun\u00ebs nga taksat dhe tatimet q\u00eb arrijn\u00eb vler\u00ebn prej 3.800.000 euro.<\/p>\n<p>Kjo do t\u00eb thot\u00eb se pushtetar\u00ebt tan\u00eb, n\u00eb vitin zgjedhor\u00eb, kan\u00eb shfryt\u00ebzuar \u00e7do gj\u00eb p\u00ebr t\u00eb mbajtur pushtetin. Kan\u00eb b\u00ebr\u00eb \u00e7mos p\u00ebr t\u00eb marr\u00eb votat q\u00eb nuk i takonin. Kan\u00eb shpenzuar parat\u00eb p\u00ebr aktivitete t\u00eb pa dedikuara, p\u00ebr t\u00eb korruptuar votuesit e mjer\u00eb q\u00eb deri tani i kan\u00eb varf\u00ebruar. Megjithat\u00eb, m\u00eb e \u00e7uditshme \u00ebsht\u00eb se Kuvendit i kan\u00eb paraqitur Llogarin\u00eb p\u00ebrfundimtare t\u00eb Buxhetit t\u00eb paligjshme p\u00ebr vitin 2010, sepse pushtetar\u00ebt tan\u00eb e kan\u00eb miratuar, \u00e7ka \u00ebsht\u00eb e pabesueshme, n\u00eb vitin 2011.<\/p>\n<p>Pushteti aktual ka nisur procedur\u00ebn e ndarjes s\u00eb Nd\u00ebrmarrjes publike komunale n\u00eb dy pjes\u00eb me q\u00ebllim q\u00eb t\u00eb sigurojn\u00eb m\u00eb shum\u00eb poste drejtor\u00ebsh p\u00ebr realizimin e marr\u00ebveshjes s\u00eb koalicionit e jo p\u00ebr hir t\u00eb rritjes s\u00eb kualitetit t\u00eb sh\u00ebrbimeve p\u00ebr qytetar\u00ebt, si\u00e7 ishe propozuar n\u00eb vitin 2007. Me q\u00eb procedura e ndarjes n\u00ebnkupton shpalosjen e dokumentacionit, nga kjo dol\u00ebn t\u00eb dh\u00ebna trondit\u00ebse. Nd\u00ebrmarrja komunale ka nj\u00eb borxh prej 1.757.000 euro dhe borxh ndaj saj 2.900.000 euro. Do t\u00eb thot\u00eb se \u00ebsht\u00eb n\u00eb t\u00eb nj\u00ebjt\u00eb gjendje si pushteti vendor\u00eb.<\/p>\n<p>P\u00ebr shkak t\u00eb korrupsionit politik dhe material, pushteti vendor\u00eb i Ulqinit nuk ka fundosur vet\u00ebm administrat\u00ebn lokale por edhe nd\u00ebrmarrjet publike.<\/p>\n<p><strong>Sh\u00ebrbimi informativ i Forc\u00ebs<\/strong><\/p>\n","protected":false},"excerpt":{"rendered":"<p>Pushteti vendor\u00eb ka filluar t\u00eb zbuloj t\u00eb dh\u00ebnat p\u00ebr korrupsionin politik dhe material q\u00eb e ka prodhuar vet n\u00eb periudh\u00ebn e kaluar. M\u00eb n\u00eb fund filluam t\u00eb furnizohemi me t\u00eb dh\u00ebna t\u00eb r\u00ebnd\u00ebsishme q\u00eb paraqesin gjendjen reale n\u00eb komun\u00ebn e Ulqinit. K\u00ebto t\u00eb dh\u00ebna, m\u00eb nuk kan\u00eb mundur t\u00eb mbeten t\u00eb fshehura, dhe vet autor\u00ebt [&hellip;]<\/p>\n","protected":false},"author":1,"featured_media":0,"comment_status":"open","ping_status":"closed","sticky":false,"template":"","format":"standard","meta":{"spay_email":"","jetpack_publicize_message":"","jetpack_is_tweetstorm":false,"jetpack_publicize_feature_enabled":true},"categories":[6],"tags":[874,200,18],"jetpack_publicize_connections":[],"yoast_head":"<!-- This site is optimized with the Yoast SEO plugin v19.1 - https:\/\/yoast.com\/wordpress\/plugins\/seo\/ -->\n<title>Kumtese: Korrupsioni politik dhe material i pushtetit vendore ne Ulqin - Lajme nga Ulqini<\/title>\n<meta name=\"description\" content=\"Pushteti vendor\u00eb ka filluar t\u00eb zbuloj t\u00eb dh\u00ebnat p\u00ebr korrupsionin politik dhe material q\u00eb e ka prodhuar vet n\u00eb periudh\u00ebn e kaluar. M\u00eb n\u00eb fund filluam t\u00eb\" \/>\n<meta name=\"robots\" content=\"index, follow, max-snippet:-1, max-image-preview:large, max-video-preview:-1\" \/>\n<link rel=\"canonical\" href=\"https:\/\/www.visit-ulcinj.com\/blog\/2011\/07\/14\/kumtese-korrupsioni-politik-dhe-material-i-pushtetit-vendore-ne-ulqin\/\" \/>\n<meta property=\"og:locale\" content=\"en_US\" \/>\n<meta property=\"og:type\" content=\"article\" \/>\n<meta property=\"og:title\" content=\"Kumtese: Korrupsioni politik dhe material i pushtetit vendore ne Ulqin - Lajme nga Ulqini\" \/>\n<meta property=\"og:description\" content=\"Pushteti vendor\u00eb ka filluar t\u00eb zbuloj t\u00eb dh\u00ebnat p\u00ebr korrupsionin politik dhe material q\u00eb e ka prodhuar vet n\u00eb periudh\u00ebn e kaluar. M\u00eb n\u00eb fund filluam t\u00eb\" \/>\n<meta property=\"og:url\" content=\"https:\/\/www.visit-ulcinj.com\/blog\/2011\/07\/14\/kumtese-korrupsioni-politik-dhe-material-i-pushtetit-vendore-ne-ulqin\/\" \/>\n<meta property=\"og:site_name\" content=\"Lajme nga Ulqini\" \/>\n<meta property=\"article:published_time\" content=\"2011-07-14T15:06:44+00:00\" \/>\n<meta property=\"og:image\" content=\"http:\/\/www.visit-ulcinj.com\/blog\/wp-content\/uploads\/2011\/07\/Korrupsioni-politik-dhe-material-i-pushtetit-vendore-ne-Ulqin-300x199.jpg\" \/>\n<meta name=\"twitter:label1\" content=\"Written by\" \/>\n\t<meta name=\"twitter:data1\" content=\"ulqini\" \/>\n\t<meta name=\"twitter:label2\" content=\"Est. reading time\" \/>\n\t<meta name=\"twitter:data2\" content=\"3 minutes\" \/>\n<script type=\"application\/ld+json\" class=\"yoast-schema-graph\">{\"@context\":\"https:\/\/schema.org\",\"@graph\":[{\"@type\":\"WebSite\",\"@id\":\"https:\/\/www.visit-ulcinj.com\/blog\/#website\",\"url\":\"https:\/\/www.visit-ulcinj.com\/blog\/\",\"name\":\"Lajme nga Ulqini\",\"description\":\"Lajme,Vijesti,Ulqini,Ulqin,Crna Gora,Mali i Zi\",\"potentialAction\":[{\"@type\":\"SearchAction\",\"target\":{\"@type\":\"EntryPoint\",\"urlTemplate\":\"https:\/\/www.visit-ulcinj.com\/blog\/?s={search_term_string}\"},\"query-input\":\"required name=search_term_string\"}],\"inLanguage\":\"en-US\"},{\"@type\":\"ImageObject\",\"inLanguage\":\"en-US\",\"@id\":\"https:\/\/www.visit-ulcinj.com\/blog\/2011\/07\/14\/kumtese-korrupsioni-politik-dhe-material-i-pushtetit-vendore-ne-ulqin\/#primaryimage\",\"url\":\"https:\/\/www.visit-ulcinj.com\/blog\/wp-content\/uploads\/2011\/07\/Korrupsioni-politik-dhe-material-i-pushtetit-vendore-ne-Ulqin.jpg\",\"contentUrl\":\"https:\/\/www.visit-ulcinj.com\/blog\/wp-content\/uploads\/2011\/07\/Korrupsioni-politik-dhe-material-i-pushtetit-vendore-ne-Ulqin.jpg\",\"width\":\"504\",\"height\":\"335\"},{\"@type\":\"WebPage\",\"@id\":\"https:\/\/www.visit-ulcinj.com\/blog\/2011\/07\/14\/kumtese-korrupsioni-politik-dhe-material-i-pushtetit-vendore-ne-ulqin\/#webpage\",\"url\":\"https:\/\/www.visit-ulcinj.com\/blog\/2011\/07\/14\/kumtese-korrupsioni-politik-dhe-material-i-pushtetit-vendore-ne-ulqin\/\",\"name\":\"Kumtese: Korrupsioni politik dhe material i pushtetit vendore ne Ulqin - Lajme nga Ulqini\",\"isPartOf\":{\"@id\":\"https:\/\/www.visit-ulcinj.com\/blog\/#website\"},\"primaryImageOfPage\":{\"@id\":\"https:\/\/www.visit-ulcinj.com\/blog\/2011\/07\/14\/kumtese-korrupsioni-politik-dhe-material-i-pushtetit-vendore-ne-ulqin\/#primaryimage\"},\"datePublished\":\"2011-07-14T15:06:44+00:00\",\"dateModified\":\"2011-07-14T15:06:44+00:00\",\"author\":{\"@id\":\"https:\/\/www.visit-ulcinj.com\/blog\/#\/schema\/person\/dcab619c614d3038751c63bc2aadc06d\"},\"description\":\"Pushteti vendor\u00eb ka filluar t\u00eb zbuloj t\u00eb dh\u00ebnat p\u00ebr korrupsionin politik dhe material q\u00eb e ka prodhuar vet n\u00eb periudh\u00ebn e kaluar. M\u00eb n\u00eb fund filluam t\u00eb\",\"breadcrumb\":{\"@id\":\"https:\/\/www.visit-ulcinj.com\/blog\/2011\/07\/14\/kumtese-korrupsioni-politik-dhe-material-i-pushtetit-vendore-ne-ulqin\/#breadcrumb\"},\"inLanguage\":\"en-US\",\"potentialAction\":[{\"@type\":\"ReadAction\",\"target\":[\"https:\/\/www.visit-ulcinj.com\/blog\/2011\/07\/14\/kumtese-korrupsioni-politik-dhe-material-i-pushtetit-vendore-ne-ulqin\/\"]}]},{\"@type\":\"BreadcrumbList\",\"@id\":\"https:\/\/www.visit-ulcinj.com\/blog\/2011\/07\/14\/kumtese-korrupsioni-politik-dhe-material-i-pushtetit-vendore-ne-ulqin\/#breadcrumb\",\"itemListElement\":[{\"@type\":\"ListItem\",\"position\":1,\"name\":\"Kumtese: Korrupsioni politik dhe material i pushtetit vendore ne Ulqin\"}]},{\"@type\":\"Person\",\"@id\":\"https:\/\/www.visit-ulcinj.com\/blog\/#\/schema\/person\/dcab619c614d3038751c63bc2aadc06d\",\"name\":\"ulqini\",\"sameAs\":[\"http:\/\/www.visit-ulcinj.com\"],\"url\":\"https:\/\/www.visit-ulcinj.com\/blog\/author\/admin\/\"}]}<\/script>\n<!-- \/ Yoast SEO plugin. -->","yoast_head_json":{"title":"Kumtese: Korrupsioni politik dhe material i pushtetit vendore ne Ulqin - Lajme nga Ulqini","description":"Pushteti vendor\u00eb ka filluar t\u00eb zbuloj t\u00eb dh\u00ebnat p\u00ebr korrupsionin politik dhe material q\u00eb e ka prodhuar vet n\u00eb periudh\u00ebn e kaluar. M\u00eb n\u00eb fund filluam t\u00eb","robots":{"index":"index","follow":"follow","max-snippet":"max-snippet:-1","max-image-preview":"max-image-preview:large","max-video-preview":"max-video-preview:-1"},"canonical":"https:\/\/www.visit-ulcinj.com\/blog\/2011\/07\/14\/kumtese-korrupsioni-politik-dhe-material-i-pushtetit-vendore-ne-ulqin\/","og_locale":"en_US","og_type":"article","og_title":"Kumtese: Korrupsioni politik dhe material i pushtetit vendore ne Ulqin - Lajme nga Ulqini","og_description":"Pushteti vendor\u00eb ka filluar t\u00eb zbuloj t\u00eb dh\u00ebnat p\u00ebr korrupsionin politik dhe material q\u00eb e ka prodhuar vet n\u00eb periudh\u00ebn e kaluar. M\u00eb n\u00eb fund filluam t\u00eb","og_url":"https:\/\/www.visit-ulcinj.com\/blog\/2011\/07\/14\/kumtese-korrupsioni-politik-dhe-material-i-pushtetit-vendore-ne-ulqin\/","og_site_name":"Lajme nga Ulqini","article_published_time":"2011-07-14T15:06:44+00:00","og_image":[{"url":"http:\/\/www.visit-ulcinj.com\/blog\/wp-content\/uploads\/2011\/07\/Korrupsioni-politik-dhe-material-i-pushtetit-vendore-ne-Ulqin-300x199.jpg"}],"twitter_misc":{"Written by":"ulqini","Est. reading time":"3 minutes"},"schema":{"@context":"https:\/\/schema.org","@graph":[{"@type":"WebSite","@id":"https:\/\/www.visit-ulcinj.com\/blog\/#website","url":"https:\/\/www.visit-ulcinj.com\/blog\/","name":"Lajme nga Ulqini","description":"Lajme,Vijesti,Ulqini,Ulqin,Crna Gora,Mali i Zi","potentialAction":[{"@type":"SearchAction","target":{"@type":"EntryPoint","urlTemplate":"https:\/\/www.visit-ulcinj.com\/blog\/?s={search_term_string}"},"query-input":"required name=search_term_string"}],"inLanguage":"en-US"},{"@type":"ImageObject","inLanguage":"en-US","@id":"https:\/\/www.visit-ulcinj.com\/blog\/2011\/07\/14\/kumtese-korrupsioni-politik-dhe-material-i-pushtetit-vendore-ne-ulqin\/#primaryimage","url":"https:\/\/www.visit-ulcinj.com\/blog\/wp-content\/uploads\/2011\/07\/Korrupsioni-politik-dhe-material-i-pushtetit-vendore-ne-Ulqin.jpg","contentUrl":"https:\/\/www.visit-ulcinj.com\/blog\/wp-content\/uploads\/2011\/07\/Korrupsioni-politik-dhe-material-i-pushtetit-vendore-ne-Ulqin.jpg","width":"504","height":"335"},{"@type":"WebPage","@id":"https:\/\/www.visit-ulcinj.com\/blog\/2011\/07\/14\/kumtese-korrupsioni-politik-dhe-material-i-pushtetit-vendore-ne-ulqin\/#webpage","url":"https:\/\/www.visit-ulcinj.com\/blog\/2011\/07\/14\/kumtese-korrupsioni-politik-dhe-material-i-pushtetit-vendore-ne-ulqin\/","name":"Kumtese: Korrupsioni politik dhe material i pushtetit vendore ne Ulqin - Lajme nga Ulqini","isPartOf":{"@id":"https:\/\/www.visit-ulcinj.com\/blog\/#website"},"primaryImageOfPage":{"@id":"https:\/\/www.visit-ulcinj.com\/blog\/2011\/07\/14\/kumtese-korrupsioni-politik-dhe-material-i-pushtetit-vendore-ne-ulqin\/#primaryimage"},"datePublished":"2011-07-14T15:06:44+00:00","dateModified":"2011-07-14T15:06:44+00:00","author":{"@id":"https:\/\/www.visit-ulcinj.com\/blog\/#\/schema\/person\/dcab619c614d3038751c63bc2aadc06d"},"description":"Pushteti vendor\u00eb ka filluar t\u00eb zbuloj t\u00eb dh\u00ebnat p\u00ebr korrupsionin politik dhe material q\u00eb e ka prodhuar vet n\u00eb periudh\u00ebn e kaluar. M\u00eb n\u00eb fund filluam t\u00eb","breadcrumb":{"@id":"https:\/\/www.visit-ulcinj.com\/blog\/2011\/07\/14\/kumtese-korrupsioni-politik-dhe-material-i-pushtetit-vendore-ne-ulqin\/#breadcrumb"},"inLanguage":"en-US","potentialAction":[{"@type":"ReadAction","target":["https:\/\/www.visit-ulcinj.com\/blog\/2011\/07\/14\/kumtese-korrupsioni-politik-dhe-material-i-pushtetit-vendore-ne-ulqin\/"]}]},{"@type":"BreadcrumbList","@id":"https:\/\/www.visit-ulcinj.com\/blog\/2011\/07\/14\/kumtese-korrupsioni-politik-dhe-material-i-pushtetit-vendore-ne-ulqin\/#breadcrumb","itemListElement":[{"@type":"ListItem","position":1,"name":"Kumtese: Korrupsioni politik dhe material i pushtetit vendore ne Ulqin"}]},{"@type":"Person","@id":"https:\/\/www.visit-ulcinj.com\/blog\/#\/schema\/person\/dcab619c614d3038751c63bc2aadc06d","name":"ulqini","sameAs":["http:\/\/www.visit-ulcinj.com"],"url":"https:\/\/www.visit-ulcinj.com\/blog\/author\/admin\/"}]}},"jetpack_featured_media_url":"","jetpack_sharing_enabled":true,"jetpack_shortlink":"https:\/\/wp.me\/pe6lTn-cJi","_links":{"self":[{"href":"https:\/\/www.visit-ulcinj.com\/blog\/wp-json\/wp\/v2\/posts\/48936"}],"collection":[{"href":"https:\/\/www.visit-ulcinj.com\/blog\/wp-json\/wp\/v2\/posts"}],"about":[{"href":"https:\/\/www.visit-ulcinj.com\/blog\/wp-json\/wp\/v2\/types\/post"}],"author":[{"embeddable":true,"href":"https:\/\/www.visit-ulcinj.com\/blog\/wp-json\/wp\/v2\/users\/1"}],"replies":[{"embeddable":true,"href":"https:\/\/www.visit-ulcinj.com\/blog\/wp-json\/wp\/v2\/comments?post=48936"}],"version-history":[{"count":1,"href":"https:\/\/www.visit-ulcinj.com\/blog\/wp-json\/wp\/v2\/posts\/48936\/revisions"}],"predecessor-version":[{"id":48938,"href":"https:\/\/www.visit-ulcinj.com\/blog\/wp-json\/wp\/v2\/posts\/48936\/revisions\/48938"}],"wp:attachment":[{"href":"https:\/\/www.visit-ulcinj.com\/blog\/wp-json\/wp\/v2\/media?parent=48936"}],"wp:term":[{"taxonomy":"category","embeddable":true,"href":"https:\/\/www.visit-ulcinj.com\/blog\/wp-json\/wp\/v2\/categories?post=48936"},{"taxonomy":"post_tag","embeddable":true,"href":"https:\/\/www.visit-ulcinj.com\/blog\/wp-json\/wp\/v2\/tags?post=48936"}],"curies":[{"name":"wp","href":"https:\/\/api.w.org\/{rel}","templated":true}]}}