{"id":48943,"date":"2011-07-14T16:27:12","date_gmt":"2011-07-14T15:27:12","guid":{"rendered":"http:\/\/www.visit-ulcinj.com\/blog\/?p=48943"},"modified":"2011-07-16T08:30:24","modified_gmt":"2011-07-16T07:30:24","slug":"leke-markiqi-licencohet-nga-federata-boterore-e-karatese","status":"publish","type":"post","link":"https:\/\/www.visit-ulcinj.com\/blog\/2011\/07\/14\/leke-markiqi-licencohet-nga-federata-boterore-e-karatese\/","title":{"rendered":"Lek\u00eb Markiqi &#8211; Licencohet nga Federata Bot\u00ebrore E Karates\u00eb"},"content":{"rendered":"<p><a href=\"http:\/\/www.visit-ulcinj.com\/blog\/wp-content\/uploads\/2011\/07\/Lek%C3%AB-Markiqi-Licencohet-nga-Federata-Bot%C3%ABrore-E-Karates%C3%AB.2.jpg\"><img loading=\"lazy\" class=\"alignleft size-full wp-image-48946\" title=\"Lek\u00eb Markiqi - Licencohet nga Federata Bot\u00ebrore E Karates\u00eb.2\" src=\"http:\/\/www.visit-ulcinj.com\/blog\/wp-content\/uploads\/2011\/07\/Lek%C3%AB-Markiqi-Licencohet-nga-Federata-Bot%C3%ABrore-E-Karates%C3%AB.2.jpg\" alt=\"\" width=\"508\" height=\"380\" \/><\/a>Nga data 07-10 korrik 2011 ne Loutraki te Greqise u mbajt seminari I licencimit te trainereve nga Federata boterore e karatese-WKF.Me kete titull te lart u licencua treneri i klubit te karatese Champion ,njekohesisht dhe trainer I perfaqesueses se Malit te Zi,Leke Markiqi.Ne kete organizim moren pjese 200 trainere nga 40 shtete ku nga Mali I Zi 10 trainere te cilet fituan te drejten te udheheqin perfaqesuesen ne gara zyrtare WKF.Njekohesisht u mbajt edhe mbledhja e komitetit teknik e federates evropiane dhe asaj boterore ku u prezentua informacioni I komitetit olimpik evropian per organizimin e lojrave olimpike qe do te startonin nga viti 2015.Ne programin e ketyre lojrave do te prezentohen 15 sporte ku mes tyre edhe sporti I karatese.<\/p>\n<p><strong><a href=\"http:\/\/www.facebook.com\/profile.php?id=100002191016175\" target=\"_blank\">Karate Champion Facebook<\/a><\/strong><br \/>\n\n\t\t<style type=\"text\/css\">\n\t\t\t#gallery-1 {\n\t\t\t\tmargin: auto;\n\t\t\t}\n\t\t\t#gallery-1 .gallery-item {\n\t\t\t\tfloat: left;\n\t\t\t\tmargin-top: 10px;\n\t\t\t\ttext-align: center;\n\t\t\t\twidth: 33%;\n\t\t\t}\n\t\t\t#gallery-1 img {\n\t\t\t\tborder: 2px solid #cfcfcf;\n\t\t\t}\n\t\t\t#gallery-1 .gallery-caption {\n\t\t\t\tmargin-left: 0;\n\t\t\t}\n\t\t\t\/* see gallery_shortcode() in wp-includes\/media.php *\/\n\t\t<\/style>\n\t\t<div id='gallery-1' class='gallery galleryid-48943 gallery-columns-3 gallery-size-thumbnail'><dl class='gallery-item'>\n\t\t\t<dt class='gallery-icon landscape'>\n\t\t\t\t<a href='https:\/\/www.visit-ulcinj.com\/blog\/wp-content\/uploads\/2011\/07\/Lek\u00eb-Markiqi-Licencohet-nga-Federata-Bot\u00ebrore-E-Karates\u00eb..jpg'><img width=\"150\" height=\"150\" src=\"https:\/\/www.visit-ulcinj.com\/blog\/wp-content\/uploads\/2011\/07\/Lek\u00eb-Markiqi-Licencohet-nga-Federata-Bot\u00ebrore-E-Karates\u00eb.-150x150.jpg\" class=\"attachment-thumbnail size-thumbnail\" alt=\"\" loading=\"lazy\" \/><\/a>\n\t\t\t<\/dt><\/dl><dl class='gallery-item'>\n\t\t\t<dt class='gallery-icon landscape'>\n\t\t\t\t<a href='https:\/\/www.visit-ulcinj.com\/blog\/wp-content\/uploads\/2011\/07\/Lek\u00eb-Markiqi-Licencohet-nga-Federata-Bot\u00ebrore-E-Karates\u00eb.1.jpg'><img width=\"150\" height=\"150\" src=\"https:\/\/www.visit-ulcinj.com\/blog\/wp-content\/uploads\/2011\/07\/Lek\u00eb-Markiqi-Licencohet-nga-Federata-Bot\u00ebrore-E-Karates\u00eb.1-150x150.jpg\" class=\"attachment-thumbnail size-thumbnail\" alt=\"\" loading=\"lazy\" \/><\/a>\n\t\t\t<\/dt><\/dl><dl class='gallery-item'>\n\t\t\t<dt class='gallery-icon landscape'>\n\t\t\t\t<a href='https:\/\/www.visit-ulcinj.com\/blog\/wp-content\/uploads\/2011\/07\/Lek\u00eb-Markiqi-Licencohet-nga-Federata-Bot\u00ebrore-E-Karates\u00eb.2.jpg'><img width=\"150\" height=\"150\" src=\"https:\/\/www.visit-ulcinj.com\/blog\/wp-content\/uploads\/2011\/07\/Lek\u00eb-Markiqi-Licencohet-nga-Federata-Bot\u00ebrore-E-Karates\u00eb.2-150x150.jpg\" class=\"attachment-thumbnail size-thumbnail\" alt=\"\" loading=\"lazy\" \/><\/a>\n\t\t\t<\/dt><\/dl><br style=\"clear: both\" \/><dl class='gallery-item'>\n\t\t\t<dt class='gallery-icon landscape'>\n\t\t\t\t<a href='https:\/\/www.visit-ulcinj.com\/blog\/wp-content\/uploads\/2011\/07\/Lek\u00eb-Markiqi-Licencohet-nga-Federata-Bot\u00ebrore-E-Karates\u00eb.3.jpg'><img width=\"150\" height=\"150\" src=\"https:\/\/www.visit-ulcinj.com\/blog\/wp-content\/uploads\/2011\/07\/Lek\u00eb-Markiqi-Licencohet-nga-Federata-Bot\u00ebrore-E-Karates\u00eb.3-150x150.jpg\" class=\"attachment-thumbnail size-thumbnail\" alt=\"\" loading=\"lazy\" \/><\/a>\n\t\t\t<\/dt><\/dl><dl class='gallery-item'>\n\t\t\t<dt class='gallery-icon landscape'>\n\t\t\t\t<a href='https:\/\/www.visit-ulcinj.com\/blog\/wp-content\/uploads\/2011\/07\/Lek\u00eb-Markiqi-Licencohet-nga-Federata-Bot\u00ebrore-E-Karates\u00eb.4.jpg'><img width=\"150\" height=\"150\" src=\"https:\/\/www.visit-ulcinj.com\/blog\/wp-content\/uploads\/2011\/07\/Lek\u00eb-Markiqi-Licencohet-nga-Federata-Bot\u00ebrore-E-Karates\u00eb.4-150x150.jpg\" class=\"attachment-thumbnail size-thumbnail\" alt=\"\" loading=\"lazy\" \/><\/a>\n\t\t\t<\/dt><\/dl><dl class='gallery-item'>\n\t\t\t<dt class='gallery-icon landscape'>\n\t\t\t\t<a href='https:\/\/www.visit-ulcinj.com\/blog\/wp-content\/uploads\/2011\/07\/Lek\u00eb-Markiqi-Licencohet-nga-Federata-Bot\u00ebrore-E-Karates\u00eb.5.jpg'><img width=\"150\" height=\"150\" src=\"https:\/\/www.visit-ulcinj.com\/blog\/wp-content\/uploads\/2011\/07\/Lek\u00eb-Markiqi-Licencohet-nga-Federata-Bot\u00ebrore-E-Karates\u00eb.5-150x150.jpg\" class=\"attachment-thumbnail size-thumbnail\" alt=\"\" loading=\"lazy\" \/><\/a>\n\t\t\t<\/dt><\/dl><br style=\"clear: both\" \/><dl class='gallery-item'>\n\t\t\t<dt class='gallery-icon landscape'>\n\t\t\t\t<a href='https:\/\/www.visit-ulcinj.com\/blog\/wp-content\/uploads\/2011\/07\/Lek\u00eb-Markiqi-Licencohet-nga-Federata-Bot\u00ebrore-E-Karates\u00eb.6.jpg'><img width=\"150\" height=\"150\" src=\"https:\/\/www.visit-ulcinj.com\/blog\/wp-content\/uploads\/2011\/07\/Lek\u00eb-Markiqi-Licencohet-nga-Federata-Bot\u00ebrore-E-Karates\u00eb.6-150x150.jpg\" class=\"attachment-thumbnail size-thumbnail\" alt=\"\" loading=\"lazy\" \/><\/a>\n\t\t\t<\/dt><\/dl><dl class='gallery-item'>\n\t\t\t<dt class='gallery-icon landscape'>\n\t\t\t\t<a href='https:\/\/www.visit-ulcinj.com\/blog\/wp-content\/uploads\/2011\/07\/Lek\u00eb-Markiqi-Licencohet-nga-Federata-Bot\u00ebrore-E-Karates\u00eb.7.jpg'><img width=\"150\" height=\"150\" src=\"https:\/\/www.visit-ulcinj.com\/blog\/wp-content\/uploads\/2011\/07\/Lek\u00eb-Markiqi-Licencohet-nga-Federata-Bot\u00ebrore-E-Karates\u00eb.7-150x150.jpg\" class=\"attachment-thumbnail size-thumbnail\" alt=\"\" loading=\"lazy\" \/><\/a>\n\t\t\t<\/dt><\/dl>\n\t\t\t<br style='clear: both' \/>\n\t\t<\/div>\n<\/p>\n","protected":false},"excerpt":{"rendered":"<p>Nga data 07-10 korrik 2011 ne Loutraki te Greqise u mbajt seminari I licencimit te trainereve nga Federata boterore e karatese-WKF.Me kete titull te lart u licencua treneri i klubit te karatese Champion ,njekohesisht dhe trainer I perfaqesueses se Malit te Zi,Leke Markiqi.Ne kete organizim moren pjese 200 trainere nga 40 shtete ku nga Mali [&hellip;]<\/p>\n","protected":false},"author":1,"featured_media":0,"comment_status":"open","ping_status":"closed","sticky":false,"template":"","format":"standard","meta":{"spay_email":"","jetpack_publicize_message":"","jetpack_is_tweetstorm":false,"jetpack_publicize_feature_enabled":true},"categories":[3],"tags":[18677,200,18],"jetpack_publicize_connections":[],"yoast_head":"<!-- This site is optimized with the Yoast SEO plugin v19.1 - https:\/\/yoast.com\/wordpress\/plugins\/seo\/ -->\n<title>Lek\u00eb Markiqi - Licencohet nga Federata Bot\u00ebrore E Karates\u00eb - Lajme nga Ulqini<\/title>\n<meta name=\"description\" content=\"Nga data 07-10 korrik 2011 ne Loutraki te Greqise u mbajt seminari I licencimit te trainereve nga Federata boterore e karatese-WKF.Me kete titull te lart\" \/>\n<meta name=\"robots\" content=\"index, follow, max-snippet:-1, max-image-preview:large, max-video-preview:-1\" \/>\n<link rel=\"canonical\" href=\"https:\/\/www.visit-ulcinj.com\/blog\/2011\/07\/14\/leke-markiqi-licencohet-nga-federata-boterore-e-karatese\/\" \/>\n<meta property=\"og:locale\" content=\"en_US\" \/>\n<meta property=\"og:type\" content=\"article\" \/>\n<meta property=\"og:title\" content=\"Lek\u00eb Markiqi - Licencohet nga Federata Bot\u00ebrore E Karates\u00eb - Lajme nga Ulqini\" \/>\n<meta property=\"og:description\" content=\"Nga data 07-10 korrik 2011 ne Loutraki te Greqise u mbajt seminari I licencimit te trainereve nga Federata boterore e karatese-WKF.Me kete titull te lart\" \/>\n<meta property=\"og:url\" content=\"https:\/\/www.visit-ulcinj.com\/blog\/2011\/07\/14\/leke-markiqi-licencohet-nga-federata-boterore-e-karatese\/\" \/>\n<meta property=\"og:site_name\" content=\"Lajme nga Ulqini\" \/>\n<meta property=\"article:published_time\" content=\"2011-07-14T15:27:12+00:00\" \/>\n<meta property=\"article:modified_time\" content=\"2011-07-16T07:30:24+00:00\" \/>\n<meta property=\"og:image\" content=\"https:\/\/www.visit-ulcinj.com\/blog\/wp-content\/uploads\/2011\/07\/Lek\u00eb-Markiqi-Licencohet-nga-Federata-Bot\u00ebrore-E-Karates\u00eb.-150x150.jpg\" \/>\n<meta name=\"twitter:label1\" content=\"Written by\" \/>\n\t<meta name=\"twitter:data1\" content=\"ulqini\" \/>\n\t<meta name=\"twitter:label2\" content=\"Est. reading time\" \/>\n\t<meta name=\"twitter:data2\" content=\"1 minute\" \/>\n<script type=\"application\/ld+json\" class=\"yoast-schema-graph\">{\"@context\":\"https:\/\/schema.org\",\"@graph\":[{\"@type\":\"WebSite\",\"@id\":\"https:\/\/www.visit-ulcinj.com\/blog\/#website\",\"url\":\"https:\/\/www.visit-ulcinj.com\/blog\/\",\"name\":\"Lajme nga Ulqini\",\"description\":\"Lajme,Vijesti,Ulqini,Ulqin,Crna Gora,Mali i Zi\",\"potentialAction\":[{\"@type\":\"SearchAction\",\"target\":{\"@type\":\"EntryPoint\",\"urlTemplate\":\"https:\/\/www.visit-ulcinj.com\/blog\/?s={search_term_string}\"},\"query-input\":\"required name=search_term_string\"}],\"inLanguage\":\"en-US\"},{\"@type\":\"ImageObject\",\"inLanguage\":\"en-US\",\"@id\":\"https:\/\/www.visit-ulcinj.com\/blog\/2011\/07\/14\/leke-markiqi-licencohet-nga-federata-boterore-e-karatese\/#primaryimage\",\"url\":\"http:\/\/www.visit-ulcinj.com\/blog\/wp-content\/uploads\/2011\/07\/Lek%C3%AB-Markiqi-Licencohet-nga-Federata-Bot%C3%ABrore-E-Karates%C3%AB.2.jpg\",\"contentUrl\":\"http:\/\/www.visit-ulcinj.com\/blog\/wp-content\/uploads\/2011\/07\/Lek%C3%AB-Markiqi-Licencohet-nga-Federata-Bot%C3%ABrore-E-Karates%C3%AB.2.jpg\"},{\"@type\":\"WebPage\",\"@id\":\"https:\/\/www.visit-ulcinj.com\/blog\/2011\/07\/14\/leke-markiqi-licencohet-nga-federata-boterore-e-karatese\/#webpage\",\"url\":\"https:\/\/www.visit-ulcinj.com\/blog\/2011\/07\/14\/leke-markiqi-licencohet-nga-federata-boterore-e-karatese\/\",\"name\":\"Lek\u00eb Markiqi - Licencohet nga Federata Bot\u00ebrore E Karates\u00eb - Lajme nga Ulqini\",\"isPartOf\":{\"@id\":\"https:\/\/www.visit-ulcinj.com\/blog\/#website\"},\"primaryImageOfPage\":{\"@id\":\"https:\/\/www.visit-ulcinj.com\/blog\/2011\/07\/14\/leke-markiqi-licencohet-nga-federata-boterore-e-karatese\/#primaryimage\"},\"datePublished\":\"2011-07-14T15:27:12+00:00\",\"dateModified\":\"2011-07-16T07:30:24+00:00\",\"author\":{\"@id\":\"https:\/\/www.visit-ulcinj.com\/blog\/#\/schema\/person\/dcab619c614d3038751c63bc2aadc06d\"},\"description\":\"Nga data 07-10 korrik 2011 ne Loutraki te Greqise u mbajt seminari I licencimit te trainereve nga Federata boterore e karatese-WKF.Me kete titull te lart\",\"breadcrumb\":{\"@id\":\"https:\/\/www.visit-ulcinj.com\/blog\/2011\/07\/14\/leke-markiqi-licencohet-nga-federata-boterore-e-karatese\/#breadcrumb\"},\"inLanguage\":\"en-US\",\"potentialAction\":[{\"@type\":\"ReadAction\",\"target\":[\"https:\/\/www.visit-ulcinj.com\/blog\/2011\/07\/14\/leke-markiqi-licencohet-nga-federata-boterore-e-karatese\/\"]}]},{\"@type\":\"BreadcrumbList\",\"@id\":\"https:\/\/www.visit-ulcinj.com\/blog\/2011\/07\/14\/leke-markiqi-licencohet-nga-federata-boterore-e-karatese\/#breadcrumb\",\"itemListElement\":[{\"@type\":\"ListItem\",\"position\":1,\"name\":\"Lek\u00eb Markiqi &#8211; Licencohet nga Federata Bot\u00ebrore E Karates\u00eb\"}]},{\"@type\":\"Person\",\"@id\":\"https:\/\/www.visit-ulcinj.com\/blog\/#\/schema\/person\/dcab619c614d3038751c63bc2aadc06d\",\"name\":\"ulqini\",\"sameAs\":[\"http:\/\/www.visit-ulcinj.com\"],\"url\":\"https:\/\/www.visit-ulcinj.com\/blog\/author\/admin\/\"}]}<\/script>\n<!-- \/ Yoast SEO plugin. -->","yoast_head_json":{"title":"Lek\u00eb Markiqi - Licencohet nga Federata Bot\u00ebrore E Karates\u00eb - Lajme nga Ulqini","description":"Nga data 07-10 korrik 2011 ne Loutraki te Greqise u mbajt seminari I licencimit te trainereve nga Federata boterore e karatese-WKF.Me kete titull te lart","robots":{"index":"index","follow":"follow","max-snippet":"max-snippet:-1","max-image-preview":"max-image-preview:large","max-video-preview":"max-video-preview:-1"},"canonical":"https:\/\/www.visit-ulcinj.com\/blog\/2011\/07\/14\/leke-markiqi-licencohet-nga-federata-boterore-e-karatese\/","og_locale":"en_US","og_type":"article","og_title":"Lek\u00eb Markiqi - Licencohet nga Federata Bot\u00ebrore E Karates\u00eb - Lajme nga Ulqini","og_description":"Nga data 07-10 korrik 2011 ne Loutraki te Greqise u mbajt seminari I licencimit te trainereve nga Federata boterore e karatese-WKF.Me kete titull te lart","og_url":"https:\/\/www.visit-ulcinj.com\/blog\/2011\/07\/14\/leke-markiqi-licencohet-nga-federata-boterore-e-karatese\/","og_site_name":"Lajme nga Ulqini","article_published_time":"2011-07-14T15:27:12+00:00","article_modified_time":"2011-07-16T07:30:24+00:00","og_image":[{"url":"https:\/\/www.visit-ulcinj.com\/blog\/wp-content\/uploads\/2011\/07\/Lek\u00eb-Markiqi-Licencohet-nga-Federata-Bot\u00ebrore-E-Karates\u00eb.-150x150.jpg"}],"twitter_misc":{"Written by":"ulqini","Est. reading time":"1 minute"},"schema":{"@context":"https:\/\/schema.org","@graph":[{"@type":"WebSite","@id":"https:\/\/www.visit-ulcinj.com\/blog\/#website","url":"https:\/\/www.visit-ulcinj.com\/blog\/","name":"Lajme nga Ulqini","description":"Lajme,Vijesti,Ulqini,Ulqin,Crna Gora,Mali i Zi","potentialAction":[{"@type":"SearchAction","target":{"@type":"EntryPoint","urlTemplate":"https:\/\/www.visit-ulcinj.com\/blog\/?s={search_term_string}"},"query-input":"required name=search_term_string"}],"inLanguage":"en-US"},{"@type":"ImageObject","inLanguage":"en-US","@id":"https:\/\/www.visit-ulcinj.com\/blog\/2011\/07\/14\/leke-markiqi-licencohet-nga-federata-boterore-e-karatese\/#primaryimage","url":"http:\/\/www.visit-ulcinj.com\/blog\/wp-content\/uploads\/2011\/07\/Lek%C3%AB-Markiqi-Licencohet-nga-Federata-Bot%C3%ABrore-E-Karates%C3%AB.2.jpg","contentUrl":"http:\/\/www.visit-ulcinj.com\/blog\/wp-content\/uploads\/2011\/07\/Lek%C3%AB-Markiqi-Licencohet-nga-Federata-Bot%C3%ABrore-E-Karates%C3%AB.2.jpg"},{"@type":"WebPage","@id":"https:\/\/www.visit-ulcinj.com\/blog\/2011\/07\/14\/leke-markiqi-licencohet-nga-federata-boterore-e-karatese\/#webpage","url":"https:\/\/www.visit-ulcinj.com\/blog\/2011\/07\/14\/leke-markiqi-licencohet-nga-federata-boterore-e-karatese\/","name":"Lek\u00eb Markiqi - Licencohet nga Federata Bot\u00ebrore E Karates\u00eb - Lajme nga Ulqini","isPartOf":{"@id":"https:\/\/www.visit-ulcinj.com\/blog\/#website"},"primaryImageOfPage":{"@id":"https:\/\/www.visit-ulcinj.com\/blog\/2011\/07\/14\/leke-markiqi-licencohet-nga-federata-boterore-e-karatese\/#primaryimage"},"datePublished":"2011-07-14T15:27:12+00:00","dateModified":"2011-07-16T07:30:24+00:00","author":{"@id":"https:\/\/www.visit-ulcinj.com\/blog\/#\/schema\/person\/dcab619c614d3038751c63bc2aadc06d"},"description":"Nga data 07-10 korrik 2011 ne Loutraki te Greqise u mbajt seminari I licencimit te trainereve nga Federata boterore e karatese-WKF.Me kete titull te lart","breadcrumb":{"@id":"https:\/\/www.visit-ulcinj.com\/blog\/2011\/07\/14\/leke-markiqi-licencohet-nga-federata-boterore-e-karatese\/#breadcrumb"},"inLanguage":"en-US","potentialAction":[{"@type":"ReadAction","target":["https:\/\/www.visit-ulcinj.com\/blog\/2011\/07\/14\/leke-markiqi-licencohet-nga-federata-boterore-e-karatese\/"]}]},{"@type":"BreadcrumbList","@id":"https:\/\/www.visit-ulcinj.com\/blog\/2011\/07\/14\/leke-markiqi-licencohet-nga-federata-boterore-e-karatese\/#breadcrumb","itemListElement":[{"@type":"ListItem","position":1,"name":"Lek\u00eb Markiqi &#8211; Licencohet nga Federata Bot\u00ebrore E Karates\u00eb"}]},{"@type":"Person","@id":"https:\/\/www.visit-ulcinj.com\/blog\/#\/schema\/person\/dcab619c614d3038751c63bc2aadc06d","name":"ulqini","sameAs":["http:\/\/www.visit-ulcinj.com"],"url":"https:\/\/www.visit-ulcinj.com\/blog\/author\/admin\/"}]}},"jetpack_featured_media_url":"","jetpack_sharing_enabled":true,"jetpack_shortlink":"https:\/\/wp.me\/pe6lTn-cJp","_links":{"self":[{"href":"https:\/\/www.visit-ulcinj.com\/blog\/wp-json\/wp\/v2\/posts\/48943"}],"collection":[{"href":"https:\/\/www.visit-ulcinj.com\/blog\/wp-json\/wp\/v2\/posts"}],"about":[{"href":"https:\/\/www.visit-ulcinj.com\/blog\/wp-json\/wp\/v2\/types\/post"}],"author":[{"embeddable":true,"href":"https:\/\/www.visit-ulcinj.com\/blog\/wp-json\/wp\/v2\/users\/1"}],"replies":[{"embeddable":true,"href":"https:\/\/www.visit-ulcinj.com\/blog\/wp-json\/wp\/v2\/comments?post=48943"}],"version-history":[{"count":2,"href":"https:\/\/www.visit-ulcinj.com\/blog\/wp-json\/wp\/v2\/posts\/48943\/revisions"}],"predecessor-version":[{"id":49079,"href":"https:\/\/www.visit-ulcinj.com\/blog\/wp-json\/wp\/v2\/posts\/48943\/revisions\/49079"}],"wp:attachment":[{"href":"https:\/\/www.visit-ulcinj.com\/blog\/wp-json\/wp\/v2\/media?parent=48943"}],"wp:term":[{"taxonomy":"category","embeddable":true,"href":"https:\/\/www.visit-ulcinj.com\/blog\/wp-json\/wp\/v2\/categories?post=48943"},{"taxonomy":"post_tag","embeddable":true,"href":"https:\/\/www.visit-ulcinj.com\/blog\/wp-json\/wp\/v2\/tags?post=48943"}],"curies":[{"name":"wp","href":"https:\/\/api.w.org\/{rel}","templated":true}]}}