{"id":48954,"date":"2011-07-14T18:16:23","date_gmt":"2011-07-14T17:16:23","guid":{"rendered":"http:\/\/www.visit-ulcinj.com\/blog\/?p=48954"},"modified":"2011-07-14T18:17:39","modified_gmt":"2011-07-14T17:17:39","slug":"na-maloj-plazi-povrijeden-adnan-jetulahu","status":"publish","type":"post","link":"https:\/\/www.visit-ulcinj.com\/blog\/2011\/07\/14\/na-maloj-plazi-povrijeden-adnan-jetulahu\/","title":{"rendered":"Na Maloj pla\u017ei povrije\u0111en Adnan Jetulahu"},"content":{"rendered":"<p><strong><a href=\"http:\/\/www.visit-ulcinj.com\/blog\/wp-content\/uploads\/2011\/07\/jet-ski_skuter.jpg\"><img loading=\"lazy\" class=\"alignleft size-full wp-image-48955\" title=\"jet-ski_skuter\" src=\"http:\/\/www.visit-ulcinj.com\/blog\/wp-content\/uploads\/2011\/07\/jet-ski_skuter.jpg\" alt=\"\" width=\"508\" height=\"380\" \/><\/a>Na Maloj pla\u017ei povrije\u0111en kupa\u010d<\/strong><\/p>\n<p>Adnan Jetulahu (41) sa Kosova, nastanjen u \u0160vedskoj, te\u0161ko je povrije\u0111en dok se kupao na Maloj pla\u017ei u Ulcinju.<\/p>\n<p>Njega je, kako prenosi TV Vijesti, skuterom udario 23-godi\u0161nji Elvis Kala\u010d iz Ro\u017eaja koji \u017eivi u Njema\u010dkoj.<\/p>\n<p>Adnan je zadobio otvoreni prelom noge i hitno je preba\u010den u barsku bollinicu gdje je operisan.<\/p>\n<p>Njegovo stanje je stabilno, van je \u017eivotne opasnosti i bi\u0107e preba\u010den u Klini\u010dki centar u Podgorici.<\/p>\n<p><strong><a href=\"http:\/\/www.visit-ulcinj.com\/blog\/wp-content\/uploads\/2011\/07\/Police_Jet_Ski_skuter.jpg\"><img loading=\"lazy\" class=\"alignleft size-full wp-image-48956\" title=\"Police_Jet_Ski_skuter\" src=\"http:\/\/www.visit-ulcinj.com\/blog\/wp-content\/uploads\/2011\/07\/Police_Jet_Ski_skuter.jpg\" alt=\"\" width=\"337\" height=\"276\" srcset=\"https:\/\/www.visit-ulcinj.com\/blog\/wp-content\/uploads\/2011\/07\/Police_Jet_Ski_skuter.jpg 337w, https:\/\/www.visit-ulcinj.com\/blog\/wp-content\/uploads\/2011\/07\/Police_Jet_Ski_skuter-300x245.jpg 300w\" sizes=\"(max-width: 337px) 100vw, 337px\" \/><\/a>Kala\u010d je zadr\u017ean u policiji u Ulcinju.<\/strong><\/p>\n<p>Nesre\u0107a se, kako prenose TV Vijesti, desila iza bova, a spasioci ka\u017eu da stalno upozoravaju na opasnosti koje kupa\u010dima prijete u tom dijelu pla\u017ee.<\/p>\n<p>&#8220;Dosta upozoravamo povodom toga sve kupa\u010de. Od jutros smo \u0161to megafonima \u0161to pi\u0161taljkama upozoravali da se kupa\u010di ne udaljavaju od obale, a najvi\u0161e da paze djecu&#8221;, rekao je spasilac na Maloj pla\u017ei Anto Do\u010di\u0107<\/p>\n<h3><a href=\"http:\/\/www.vijesti.me\/vijesti\/vozac-skutera-rastjerao-kupace-risnu-maloj-plazi-povrijeden-adnan-jetulahu-clanak-28547\" target=\"_blank\"><strong><strong>Pro\u010ditaj vijest do kraja &gt;&gt; Vijest Online &gt;&gt; <\/strong><\/strong><\/a><\/h3>\n<!--YouTube Error: bad URL entered-->\n","protected":false},"excerpt":{"rendered":"<p>Na Maloj pla\u017ei povrije\u0111en kupa\u010d Adnan Jetulahu (41) sa Kosova, nastanjen u \u0160vedskoj, te\u0161ko je povrije\u0111en dok se kupao na Maloj pla\u017ei u Ulcinju. Njega je, kako prenosi TV Vijesti, skuterom udario 23-godi\u0161nji Elvis Kala\u010d iz Ro\u017eaja koji \u017eivi u Njema\u010dkoj. Adnan je zadobio otvoreni prelom noge i hitno je preba\u010den u barsku bollinicu gdje [&hellip;]<\/p>\n","protected":false},"author":1,"featured_media":0,"comment_status":"open","ping_status":"closed","sticky":false,"template":"","format":"standard","meta":{"spay_email":"","jetpack_publicize_message":"","jetpack_is_tweetstorm":false,"jetpack_publicize_feature_enabled":true},"categories":[8337],"tags":[18680,18678,18679,19],"jetpack_publicize_connections":[],"yoast_head":"<!-- This site is optimized with the Yoast SEO plugin v19.1 - https:\/\/yoast.com\/wordpress\/plugins\/seo\/ -->\n<title>Na Maloj pla\u017ei povrije\u0111en Adnan Jetulahu - Lajme nga Ulqini<\/title>\n<meta name=\"description\" content=\"Na Maloj pla\u017ei povrije\u0111en kupa\u010d Adnan Jetulahu (41) sa Kosova, nastanjen u \u0160vedskoj, te\u0161ko je povrije\u0111en dok se kupao na Maloj pla\u017ei u Ulcinju. Njega je,\" \/>\n<meta name=\"robots\" content=\"index, follow, max-snippet:-1, max-image-preview:large, max-video-preview:-1\" \/>\n<link rel=\"canonical\" href=\"https:\/\/www.visit-ulcinj.com\/blog\/2011\/07\/14\/na-maloj-plazi-povrijeden-adnan-jetulahu\/\" \/>\n<meta property=\"og:locale\" content=\"en_US\" \/>\n<meta property=\"og:type\" content=\"article\" \/>\n<meta property=\"og:title\" content=\"Na Maloj pla\u017ei povrije\u0111en Adnan Jetulahu - Lajme nga Ulqini\" \/>\n<meta property=\"og:description\" content=\"Na Maloj pla\u017ei povrije\u0111en kupa\u010d Adnan Jetulahu (41) sa Kosova, nastanjen u \u0160vedskoj, te\u0161ko je povrije\u0111en dok se kupao na Maloj pla\u017ei u Ulcinju. Njega je,\" \/>\n<meta property=\"og:url\" content=\"https:\/\/www.visit-ulcinj.com\/blog\/2011\/07\/14\/na-maloj-plazi-povrijeden-adnan-jetulahu\/\" \/>\n<meta property=\"og:site_name\" content=\"Lajme nga Ulqini\" \/>\n<meta property=\"article:published_time\" content=\"2011-07-14T17:16:23+00:00\" \/>\n<meta property=\"article:modified_time\" content=\"2011-07-14T17:17:39+00:00\" \/>\n<meta property=\"og:image\" content=\"http:\/\/www.visit-ulcinj.com\/blog\/wp-content\/uploads\/2011\/07\/jet-ski_skuter.jpg\" \/>\n<meta name=\"twitter:label1\" content=\"Written by\" \/>\n\t<meta name=\"twitter:data1\" content=\"ulqini\" \/>\n\t<meta name=\"twitter:label2\" content=\"Est. reading time\" \/>\n\t<meta name=\"twitter:data2\" content=\"1 minute\" \/>\n<script type=\"application\/ld+json\" class=\"yoast-schema-graph\">{\"@context\":\"https:\/\/schema.org\",\"@graph\":[{\"@type\":\"WebSite\",\"@id\":\"https:\/\/www.visit-ulcinj.com\/blog\/#website\",\"url\":\"https:\/\/www.visit-ulcinj.com\/blog\/\",\"name\":\"Lajme nga Ulqini\",\"description\":\"Lajme,Vijesti,Ulqini,Ulqin,Crna Gora,Mali i Zi\",\"potentialAction\":[{\"@type\":\"SearchAction\",\"target\":{\"@type\":\"EntryPoint\",\"urlTemplate\":\"https:\/\/www.visit-ulcinj.com\/blog\/?s={search_term_string}\"},\"query-input\":\"required name=search_term_string\"}],\"inLanguage\":\"en-US\"},{\"@type\":\"ImageObject\",\"inLanguage\":\"en-US\",\"@id\":\"https:\/\/www.visit-ulcinj.com\/blog\/2011\/07\/14\/na-maloj-plazi-povrijeden-adnan-jetulahu\/#primaryimage\",\"url\":\"https:\/\/www.visit-ulcinj.com\/blog\/wp-content\/uploads\/2011\/07\/jet-ski_skuter.jpg\",\"contentUrl\":\"https:\/\/www.visit-ulcinj.com\/blog\/wp-content\/uploads\/2011\/07\/jet-ski_skuter.jpg\",\"width\":\"640\",\"height\":\"422\"},{\"@type\":\"WebPage\",\"@id\":\"https:\/\/www.visit-ulcinj.com\/blog\/2011\/07\/14\/na-maloj-plazi-povrijeden-adnan-jetulahu\/#webpage\",\"url\":\"https:\/\/www.visit-ulcinj.com\/blog\/2011\/07\/14\/na-maloj-plazi-povrijeden-adnan-jetulahu\/\",\"name\":\"Na Maloj pla\u017ei povrije\u0111en Adnan Jetulahu - Lajme nga Ulqini\",\"isPartOf\":{\"@id\":\"https:\/\/www.visit-ulcinj.com\/blog\/#website\"},\"primaryImageOfPage\":{\"@id\":\"https:\/\/www.visit-ulcinj.com\/blog\/2011\/07\/14\/na-maloj-plazi-povrijeden-adnan-jetulahu\/#primaryimage\"},\"datePublished\":\"2011-07-14T17:16:23+00:00\",\"dateModified\":\"2011-07-14T17:17:39+00:00\",\"author\":{\"@id\":\"https:\/\/www.visit-ulcinj.com\/blog\/#\/schema\/person\/dcab619c614d3038751c63bc2aadc06d\"},\"description\":\"Na Maloj pla\u017ei povrije\u0111en kupa\u010d Adnan Jetulahu (41) sa Kosova, nastanjen u \u0160vedskoj, te\u0161ko je povrije\u0111en dok se kupao na Maloj pla\u017ei u Ulcinju. Njega je,\",\"breadcrumb\":{\"@id\":\"https:\/\/www.visit-ulcinj.com\/blog\/2011\/07\/14\/na-maloj-plazi-povrijeden-adnan-jetulahu\/#breadcrumb\"},\"inLanguage\":\"en-US\",\"potentialAction\":[{\"@type\":\"ReadAction\",\"target\":[\"https:\/\/www.visit-ulcinj.com\/blog\/2011\/07\/14\/na-maloj-plazi-povrijeden-adnan-jetulahu\/\"]}]},{\"@type\":\"BreadcrumbList\",\"@id\":\"https:\/\/www.visit-ulcinj.com\/blog\/2011\/07\/14\/na-maloj-plazi-povrijeden-adnan-jetulahu\/#breadcrumb\",\"itemListElement\":[{\"@type\":\"ListItem\",\"position\":1,\"name\":\"Na Maloj pla\u017ei povrije\u0111en Adnan Jetulahu\"}]},{\"@type\":\"Person\",\"@id\":\"https:\/\/www.visit-ulcinj.com\/blog\/#\/schema\/person\/dcab619c614d3038751c63bc2aadc06d\",\"name\":\"ulqini\",\"sameAs\":[\"http:\/\/www.visit-ulcinj.com\"],\"url\":\"https:\/\/www.visit-ulcinj.com\/blog\/author\/admin\/\"}]}<\/script>\n<!-- \/ Yoast SEO plugin. -->","yoast_head_json":{"title":"Na Maloj pla\u017ei povrije\u0111en Adnan Jetulahu - Lajme nga Ulqini","description":"Na Maloj pla\u017ei povrije\u0111en kupa\u010d Adnan Jetulahu (41) sa Kosova, nastanjen u \u0160vedskoj, te\u0161ko je povrije\u0111en dok se kupao na Maloj pla\u017ei u Ulcinju. Njega je,","robots":{"index":"index","follow":"follow","max-snippet":"max-snippet:-1","max-image-preview":"max-image-preview:large","max-video-preview":"max-video-preview:-1"},"canonical":"https:\/\/www.visit-ulcinj.com\/blog\/2011\/07\/14\/na-maloj-plazi-povrijeden-adnan-jetulahu\/","og_locale":"en_US","og_type":"article","og_title":"Na Maloj pla\u017ei povrije\u0111en Adnan Jetulahu - Lajme nga Ulqini","og_description":"Na Maloj pla\u017ei povrije\u0111en kupa\u010d Adnan Jetulahu (41) sa Kosova, nastanjen u \u0160vedskoj, te\u0161ko je povrije\u0111en dok se kupao na Maloj pla\u017ei u Ulcinju. Njega je,","og_url":"https:\/\/www.visit-ulcinj.com\/blog\/2011\/07\/14\/na-maloj-plazi-povrijeden-adnan-jetulahu\/","og_site_name":"Lajme nga Ulqini","article_published_time":"2011-07-14T17:16:23+00:00","article_modified_time":"2011-07-14T17:17:39+00:00","og_image":[{"url":"http:\/\/www.visit-ulcinj.com\/blog\/wp-content\/uploads\/2011\/07\/jet-ski_skuter.jpg"}],"twitter_misc":{"Written by":"ulqini","Est. reading time":"1 minute"},"schema":{"@context":"https:\/\/schema.org","@graph":[{"@type":"WebSite","@id":"https:\/\/www.visit-ulcinj.com\/blog\/#website","url":"https:\/\/www.visit-ulcinj.com\/blog\/","name":"Lajme nga Ulqini","description":"Lajme,Vijesti,Ulqini,Ulqin,Crna Gora,Mali i Zi","potentialAction":[{"@type":"SearchAction","target":{"@type":"EntryPoint","urlTemplate":"https:\/\/www.visit-ulcinj.com\/blog\/?s={search_term_string}"},"query-input":"required name=search_term_string"}],"inLanguage":"en-US"},{"@type":"ImageObject","inLanguage":"en-US","@id":"https:\/\/www.visit-ulcinj.com\/blog\/2011\/07\/14\/na-maloj-plazi-povrijeden-adnan-jetulahu\/#primaryimage","url":"https:\/\/www.visit-ulcinj.com\/blog\/wp-content\/uploads\/2011\/07\/jet-ski_skuter.jpg","contentUrl":"https:\/\/www.visit-ulcinj.com\/blog\/wp-content\/uploads\/2011\/07\/jet-ski_skuter.jpg","width":"640","height":"422"},{"@type":"WebPage","@id":"https:\/\/www.visit-ulcinj.com\/blog\/2011\/07\/14\/na-maloj-plazi-povrijeden-adnan-jetulahu\/#webpage","url":"https:\/\/www.visit-ulcinj.com\/blog\/2011\/07\/14\/na-maloj-plazi-povrijeden-adnan-jetulahu\/","name":"Na Maloj pla\u017ei povrije\u0111en Adnan Jetulahu - Lajme nga Ulqini","isPartOf":{"@id":"https:\/\/www.visit-ulcinj.com\/blog\/#website"},"primaryImageOfPage":{"@id":"https:\/\/www.visit-ulcinj.com\/blog\/2011\/07\/14\/na-maloj-plazi-povrijeden-adnan-jetulahu\/#primaryimage"},"datePublished":"2011-07-14T17:16:23+00:00","dateModified":"2011-07-14T17:17:39+00:00","author":{"@id":"https:\/\/www.visit-ulcinj.com\/blog\/#\/schema\/person\/dcab619c614d3038751c63bc2aadc06d"},"description":"Na Maloj pla\u017ei povrije\u0111en kupa\u010d Adnan Jetulahu (41) sa Kosova, nastanjen u \u0160vedskoj, te\u0161ko je povrije\u0111en dok se kupao na Maloj pla\u017ei u Ulcinju. Njega je,","breadcrumb":{"@id":"https:\/\/www.visit-ulcinj.com\/blog\/2011\/07\/14\/na-maloj-plazi-povrijeden-adnan-jetulahu\/#breadcrumb"},"inLanguage":"en-US","potentialAction":[{"@type":"ReadAction","target":["https:\/\/www.visit-ulcinj.com\/blog\/2011\/07\/14\/na-maloj-plazi-povrijeden-adnan-jetulahu\/"]}]},{"@type":"BreadcrumbList","@id":"https:\/\/www.visit-ulcinj.com\/blog\/2011\/07\/14\/na-maloj-plazi-povrijeden-adnan-jetulahu\/#breadcrumb","itemListElement":[{"@type":"ListItem","position":1,"name":"Na Maloj pla\u017ei povrije\u0111en Adnan Jetulahu"}]},{"@type":"Person","@id":"https:\/\/www.visit-ulcinj.com\/blog\/#\/schema\/person\/dcab619c614d3038751c63bc2aadc06d","name":"ulqini","sameAs":["http:\/\/www.visit-ulcinj.com"],"url":"https:\/\/www.visit-ulcinj.com\/blog\/author\/admin\/"}]}},"jetpack_featured_media_url":"","jetpack_sharing_enabled":true,"jetpack_shortlink":"https:\/\/wp.me\/pe6lTn-cJA","_links":{"self":[{"href":"https:\/\/www.visit-ulcinj.com\/blog\/wp-json\/wp\/v2\/posts\/48954"}],"collection":[{"href":"https:\/\/www.visit-ulcinj.com\/blog\/wp-json\/wp\/v2\/posts"}],"about":[{"href":"https:\/\/www.visit-ulcinj.com\/blog\/wp-json\/wp\/v2\/types\/post"}],"author":[{"embeddable":true,"href":"https:\/\/www.visit-ulcinj.com\/blog\/wp-json\/wp\/v2\/users\/1"}],"replies":[{"embeddable":true,"href":"https:\/\/www.visit-ulcinj.com\/blog\/wp-json\/wp\/v2\/comments?post=48954"}],"version-history":[{"count":2,"href":"https:\/\/www.visit-ulcinj.com\/blog\/wp-json\/wp\/v2\/posts\/48954\/revisions"}],"predecessor-version":[{"id":48958,"href":"https:\/\/www.visit-ulcinj.com\/blog\/wp-json\/wp\/v2\/posts\/48954\/revisions\/48958"}],"wp:attachment":[{"href":"https:\/\/www.visit-ulcinj.com\/blog\/wp-json\/wp\/v2\/media?parent=48954"}],"wp:term":[{"taxonomy":"category","embeddable":true,"href":"https:\/\/www.visit-ulcinj.com\/blog\/wp-json\/wp\/v2\/categories?post=48954"},{"taxonomy":"post_tag","embeddable":true,"href":"https:\/\/www.visit-ulcinj.com\/blog\/wp-json\/wp\/v2\/tags?post=48954"}],"curies":[{"name":"wp","href":"https:\/\/api.w.org\/{rel}","templated":true}]}}