{"id":48972,"date":"2011-07-15T10:17:18","date_gmt":"2011-07-15T09:17:18","guid":{"rendered":"http:\/\/www.visit-ulcinj.com\/blog\/?p=48972"},"modified":"2011-07-15T10:17:18","modified_gmt":"2011-07-15T09:17:18","slug":"stresi-kur-me-kerkonte-policia-qendrova-tek-shtepia-ime-e-dyte","status":"publish","type":"post","link":"https:\/\/www.visit-ulcinj.com\/blog\/2011\/07\/15\/stresi-kur-me-kerkonte-policia-qendrova-tek-shtepia-ime-e-dyte\/","title":{"rendered":"Stresi: Kur m\u00eb k\u00ebrkonte policia, q\u00ebndrova tek sht\u00ebpia ime e dyt\u00eb"},"content":{"rendered":"<p>Arkimed Lushaj, \u00e7lirohet nga masa e arrestit me burg. Gjykata e Lart\u00eb vendosi t\u00eb shfuqizoj\u00eb mas\u00ebn e siguris\u00eb \u2018arrest me burg\u2019 q\u00eb Gjykata e Apelit p\u00ebr Krime t\u00eb R\u00ebnda kishte caktuar ndaj Stresit pasi dyshohej p\u00ebr akuzat e pengmarrjes dhe kanosjes ndaj regjisorit, Leonard Bombaj. Sipas Kolegjit Penal, Arkimed Lushaj do t\u00eb duhet t\u00eb paraqitet p\u00ebrpara organeve t\u00eb drejt\u00ebsis\u00eb 1 her\u00eb n\u00eb jav\u00eb deri n\u00eb p\u00ebrfundimin e hetimeve. Masa e siguris\u00eb p\u00ebr detyrim paraqitje ishte caktuar ndaj t\u00eb dyshuarit nga Gjykata e Krimeve t\u00eb R\u00ebnda, qysh n\u00eb fillim t\u00eb k\u00ebtij procesi.<\/p>\n<p><a href=\"http:\/\/www.visit-ulcinj.com\/blog\/wp-content\/uploads\/2011\/07\/Stresi-dhe-Enxhi-1.jpg\"><img loading=\"lazy\" class=\"alignleft size-full wp-image-48973\" title=\"Stresi-dhe-Enxhi-1\" src=\"http:\/\/www.visit-ulcinj.com\/blog\/wp-content\/uploads\/2011\/07\/Stresi-dhe-Enxhi-1.jpg\" alt=\"\" width=\"508\" height=\"320\" \/><\/a><\/p>\n<p>Reperi i famsh\u00ebm do t\u00eb vij\u00eb sot n\u00eb k\u00ebt\u00eb intervist\u00eb t\u00eb shkurt\u00ebr p\u00ebr suplementin \u201cSummer Pages\u201d duke shprehur entuziazmin e tij p\u00ebr k\u00ebt\u00eb vendim, e nga ana tjet\u00ebr, duke i uruar fat t\u00eb mbar\u00eb Leonard Bombajt n\u00eb k\u00ebt\u00eb proces.<\/p>\n<p><strong>Stresi si je?<\/strong><\/p>\n<p>Mir\u00eb fal\u00eb Zotit.<\/p>\n<p><strong>M\u00eb s\u00eb fundmi i liruar nga masa e arrestit si ndihesh p\u00ebr k\u00ebt\u00eb vendim? E prisje?<\/strong><\/p>\n<p>E prisja, si\u00e7 e kam deklaruar edhe m\u00eb p\u00ebrpara drejt\u00ebsia triumfon. Un\u00eb isha pjes\u00eb e nj\u00eb procesi, q\u00eb mund ta quajm\u00eb ndryshe fars\u00eb.<\/p>\n<p><strong>Ku ke q\u00ebndruar k\u00ebto koh\u00eb q\u00eb s\u2019t\u00eb gjeti dot policia?<\/strong><\/p>\n<p>Kam qen\u00eb tek adresa ime e dyt\u00eb, aty ku askush s\u2019m\u00eb gjen dot.<\/p>\n<p><strong>Pse nuk u dor\u00ebzove n\u00eb polici?<\/strong><\/p>\n<p>Nuk u dor\u00ebzova sepse s\u2019kisha qejf. Preferoj t\u00eb rezistoj, un\u00eb kam rolin t\u00eb fshihem, ata duhet t\u00eb m\u00eb gjejn\u00eb.<\/p>\n<p><strong>\u00c7far\u00eb ke p\u00ebr t\u2019i th\u00ebn\u00eb Leonard Bombajt?<\/strong><\/p>\n<p>\u201cBonne chance\u201d, ndryshe fat t\u00eb mbar\u00eb.<\/p>\n<p><strong>A do t\u00eb shkosh t\u00eb paraqitesh n\u00eb Prokurori, p\u00ebr t\u00eb sqaruar pozit\u00ebn t\u00ebnde?<\/strong><\/p>\n<p>N\u00eb \u00e7do moment para t\u00eb gjitha organeve n\u00ebse m\u00eb k\u00ebrkohet.<\/p>\n<p><strong>Flasim pak p\u00ebr pushimet, ku ke b\u00ebr\u00eb n\u00eb plan t\u2019i kalosh dhe me k\u00eb?<\/strong><\/p>\n<p>N\u00eb Durr\u00ebs me familjen time, aty ku familja ka bizneset. Kam b\u00ebr\u00eb shum\u00eb pushime jasht\u00eb shtetit dhe i ftoj t\u00eb gjith\u00eb t\u2019i kalojn\u00eb pushimet n\u00eb Shqip\u00ebri .<\/p>\n<p><strong>Me Exnhin lidhja kemi marr\u00eb vesh q\u00eb po shkon vaj, do kemi ndonj\u00eb lajm t\u00eb mir\u00eb nga viti tjet\u00ebr, si martes\u00eb p\u00ebr shembull?<\/strong><\/p>\n<p>Me Enxhin kemi shum\u00eb plane, por martesa \u00ebsht\u00eb shum\u00eb her\u00ebt p\u00ebr ta menduar. Jetojm\u00eb jet\u00ebn n\u00eb maksimum, m\u00eb von\u00eb vijn\u00eb k\u00ebto.<\/p>\n<p><strong>N\u00eb shtator do t\u00eb futeni n\u00eb sht\u00ebpi t\u00eb re ju t\u00eb dy?<\/strong><\/p>\n<p>N\u00eb cil\u00ebn prej tyre, sepse jan\u00eb 3.<\/p>\n<p><strong>Ndonj\u00eb k\u00ebng\u00eb t\u00eb re ke n\u00eb plan? Kur del bashk\u00ebpunimi me Enxhin?<\/strong><\/p>\n<p>S\u2019dua t\u00eb b\u00ebj\u00eb shum\u00eb komente p\u00ebr planet, por le t\u00eb shohim n\u00eb vijim.<\/p>\n<!--YouTube Error: bad URL entered-->\n<p><em><strong>Gazeta Shqiptare<\/strong><\/em><\/p>\n<p>&nbsp;<\/p>\n","protected":false},"excerpt":{"rendered":"<p>Arkimed Lushaj, \u00e7lirohet nga masa e arrestit me burg. Gjykata e Lart\u00eb vendosi t\u00eb shfuqizoj\u00eb mas\u00ebn e siguris\u00eb \u2018arrest me burg\u2019 q\u00eb Gjykata e Apelit p\u00ebr Krime t\u00eb R\u00ebnda kishte caktuar ndaj Stresit pasi dyshohej p\u00ebr akuzat e pengmarrjes dhe kanosjes ndaj regjisorit, Leonard Bombaj. Sipas Kolegjit Penal, Arkimed Lushaj do t\u00eb duhet t\u00eb paraqitet [&hellip;]<\/p>\n","protected":false},"author":1,"featured_media":0,"comment_status":"open","ping_status":"closed","sticky":false,"template":"","format":"standard","meta":{"spay_email":"","jetpack_publicize_message":"","jetpack_is_tweetstorm":false,"jetpack_publicize_feature_enabled":true},"categories":[1],"tags":[15127,15935],"jetpack_publicize_connections":[],"yoast_head":"<!-- This site is optimized with the Yoast SEO plugin v19.1 - https:\/\/yoast.com\/wordpress\/plugins\/seo\/ -->\n<title>Stresi: Kur m\u00eb k\u00ebrkonte policia, q\u00ebndrova tek sht\u00ebpia ime e dyt\u00eb - Lajme nga Ulqini<\/title>\n<meta name=\"description\" content=\"Arkimed Lushaj, \u00e7lirohet nga masa e arrestit me burg. Gjykata e Lart\u00eb vendosi t\u00eb shfuqizoj\u00eb mas\u00ebn e siguris\u00eb \u2018arrest me burg\u2019 q\u00eb Gjykata e Apelit p\u00ebr\" \/>\n<meta name=\"robots\" content=\"index, follow, max-snippet:-1, max-image-preview:large, max-video-preview:-1\" \/>\n<link rel=\"canonical\" href=\"https:\/\/www.visit-ulcinj.com\/blog\/2011\/07\/15\/stresi-kur-me-kerkonte-policia-qendrova-tek-shtepia-ime-e-dyte\/\" \/>\n<meta property=\"og:locale\" content=\"en_US\" \/>\n<meta property=\"og:type\" content=\"article\" \/>\n<meta property=\"og:title\" content=\"Stresi: Kur m\u00eb k\u00ebrkonte policia, q\u00ebndrova tek sht\u00ebpia ime e dyt\u00eb - Lajme nga Ulqini\" \/>\n<meta property=\"og:description\" content=\"Arkimed Lushaj, \u00e7lirohet nga masa e arrestit me burg. Gjykata e Lart\u00eb vendosi t\u00eb shfuqizoj\u00eb mas\u00ebn e siguris\u00eb \u2018arrest me burg\u2019 q\u00eb Gjykata e Apelit p\u00ebr\" \/>\n<meta property=\"og:url\" content=\"https:\/\/www.visit-ulcinj.com\/blog\/2011\/07\/15\/stresi-kur-me-kerkonte-policia-qendrova-tek-shtepia-ime-e-dyte\/\" \/>\n<meta property=\"og:site_name\" content=\"Lajme nga Ulqini\" \/>\n<meta property=\"article:published_time\" content=\"2011-07-15T09:17:18+00:00\" \/>\n<meta property=\"og:image\" content=\"http:\/\/www.visit-ulcinj.com\/blog\/wp-content\/uploads\/2011\/07\/Stresi-dhe-Enxhi-1.jpg\" \/>\n<meta name=\"twitter:label1\" content=\"Written by\" \/>\n\t<meta name=\"twitter:data1\" content=\"ulqini\" \/>\n\t<meta name=\"twitter:label2\" content=\"Est. reading time\" \/>\n\t<meta name=\"twitter:data2\" content=\"2 minutes\" \/>\n<script type=\"application\/ld+json\" class=\"yoast-schema-graph\">{\"@context\":\"https:\/\/schema.org\",\"@graph\":[{\"@type\":\"WebSite\",\"@id\":\"https:\/\/www.visit-ulcinj.com\/blog\/#website\",\"url\":\"https:\/\/www.visit-ulcinj.com\/blog\/\",\"name\":\"Lajme nga Ulqini\",\"description\":\"Lajme,Vijesti,Ulqini,Ulqin,Crna Gora,Mali i Zi\",\"potentialAction\":[{\"@type\":\"SearchAction\",\"target\":{\"@type\":\"EntryPoint\",\"urlTemplate\":\"https:\/\/www.visit-ulcinj.com\/blog\/?s={search_term_string}\"},\"query-input\":\"required name=search_term_string\"}],\"inLanguage\":\"en-US\"},{\"@type\":\"ImageObject\",\"inLanguage\":\"en-US\",\"@id\":\"https:\/\/www.visit-ulcinj.com\/blog\/2011\/07\/15\/stresi-kur-me-kerkonte-policia-qendrova-tek-shtepia-ime-e-dyte\/#primaryimage\",\"url\":\"http:\/\/www.visit-ulcinj.com\/blog\/wp-content\/uploads\/2011\/07\/Stresi-dhe-Enxhi-1.jpg\",\"contentUrl\":\"http:\/\/www.visit-ulcinj.com\/blog\/wp-content\/uploads\/2011\/07\/Stresi-dhe-Enxhi-1.jpg\"},{\"@type\":\"WebPage\",\"@id\":\"https:\/\/www.visit-ulcinj.com\/blog\/2011\/07\/15\/stresi-kur-me-kerkonte-policia-qendrova-tek-shtepia-ime-e-dyte\/#webpage\",\"url\":\"https:\/\/www.visit-ulcinj.com\/blog\/2011\/07\/15\/stresi-kur-me-kerkonte-policia-qendrova-tek-shtepia-ime-e-dyte\/\",\"name\":\"Stresi: Kur m\u00eb k\u00ebrkonte policia, q\u00ebndrova tek sht\u00ebpia ime e dyt\u00eb - Lajme nga Ulqini\",\"isPartOf\":{\"@id\":\"https:\/\/www.visit-ulcinj.com\/blog\/#website\"},\"primaryImageOfPage\":{\"@id\":\"https:\/\/www.visit-ulcinj.com\/blog\/2011\/07\/15\/stresi-kur-me-kerkonte-policia-qendrova-tek-shtepia-ime-e-dyte\/#primaryimage\"},\"datePublished\":\"2011-07-15T09:17:18+00:00\",\"dateModified\":\"2011-07-15T09:17:18+00:00\",\"author\":{\"@id\":\"https:\/\/www.visit-ulcinj.com\/blog\/#\/schema\/person\/dcab619c614d3038751c63bc2aadc06d\"},\"description\":\"Arkimed Lushaj, \u00e7lirohet nga masa e arrestit me burg. Gjykata e Lart\u00eb vendosi t\u00eb shfuqizoj\u00eb mas\u00ebn e siguris\u00eb \u2018arrest me burg\u2019 q\u00eb Gjykata e Apelit p\u00ebr\",\"breadcrumb\":{\"@id\":\"https:\/\/www.visit-ulcinj.com\/blog\/2011\/07\/15\/stresi-kur-me-kerkonte-policia-qendrova-tek-shtepia-ime-e-dyte\/#breadcrumb\"},\"inLanguage\":\"en-US\",\"potentialAction\":[{\"@type\":\"ReadAction\",\"target\":[\"https:\/\/www.visit-ulcinj.com\/blog\/2011\/07\/15\/stresi-kur-me-kerkonte-policia-qendrova-tek-shtepia-ime-e-dyte\/\"]}]},{\"@type\":\"BreadcrumbList\",\"@id\":\"https:\/\/www.visit-ulcinj.com\/blog\/2011\/07\/15\/stresi-kur-me-kerkonte-policia-qendrova-tek-shtepia-ime-e-dyte\/#breadcrumb\",\"itemListElement\":[{\"@type\":\"ListItem\",\"position\":1,\"name\":\"Stresi: Kur m\u00eb k\u00ebrkonte policia, q\u00ebndrova tek sht\u00ebpia ime e dyt\u00eb\"}]},{\"@type\":\"Person\",\"@id\":\"https:\/\/www.visit-ulcinj.com\/blog\/#\/schema\/person\/dcab619c614d3038751c63bc2aadc06d\",\"name\":\"ulqini\",\"sameAs\":[\"http:\/\/www.visit-ulcinj.com\"],\"url\":\"https:\/\/www.visit-ulcinj.com\/blog\/author\/admin\/\"}]}<\/script>\n<!-- \/ Yoast SEO plugin. -->","yoast_head_json":{"title":"Stresi: Kur m\u00eb k\u00ebrkonte policia, q\u00ebndrova tek sht\u00ebpia ime e dyt\u00eb - Lajme nga Ulqini","description":"Arkimed Lushaj, \u00e7lirohet nga masa e arrestit me burg. Gjykata e Lart\u00eb vendosi t\u00eb shfuqizoj\u00eb mas\u00ebn e siguris\u00eb \u2018arrest me burg\u2019 q\u00eb Gjykata e Apelit p\u00ebr","robots":{"index":"index","follow":"follow","max-snippet":"max-snippet:-1","max-image-preview":"max-image-preview:large","max-video-preview":"max-video-preview:-1"},"canonical":"https:\/\/www.visit-ulcinj.com\/blog\/2011\/07\/15\/stresi-kur-me-kerkonte-policia-qendrova-tek-shtepia-ime-e-dyte\/","og_locale":"en_US","og_type":"article","og_title":"Stresi: Kur m\u00eb k\u00ebrkonte policia, q\u00ebndrova tek sht\u00ebpia ime e dyt\u00eb - Lajme nga Ulqini","og_description":"Arkimed Lushaj, \u00e7lirohet nga masa e arrestit me burg. Gjykata e Lart\u00eb vendosi t\u00eb shfuqizoj\u00eb mas\u00ebn e siguris\u00eb \u2018arrest me burg\u2019 q\u00eb Gjykata e Apelit p\u00ebr","og_url":"https:\/\/www.visit-ulcinj.com\/blog\/2011\/07\/15\/stresi-kur-me-kerkonte-policia-qendrova-tek-shtepia-ime-e-dyte\/","og_site_name":"Lajme nga Ulqini","article_published_time":"2011-07-15T09:17:18+00:00","og_image":[{"url":"http:\/\/www.visit-ulcinj.com\/blog\/wp-content\/uploads\/2011\/07\/Stresi-dhe-Enxhi-1.jpg"}],"twitter_misc":{"Written by":"ulqini","Est. reading time":"2 minutes"},"schema":{"@context":"https:\/\/schema.org","@graph":[{"@type":"WebSite","@id":"https:\/\/www.visit-ulcinj.com\/blog\/#website","url":"https:\/\/www.visit-ulcinj.com\/blog\/","name":"Lajme nga Ulqini","description":"Lajme,Vijesti,Ulqini,Ulqin,Crna Gora,Mali i Zi","potentialAction":[{"@type":"SearchAction","target":{"@type":"EntryPoint","urlTemplate":"https:\/\/www.visit-ulcinj.com\/blog\/?s={search_term_string}"},"query-input":"required name=search_term_string"}],"inLanguage":"en-US"},{"@type":"ImageObject","inLanguage":"en-US","@id":"https:\/\/www.visit-ulcinj.com\/blog\/2011\/07\/15\/stresi-kur-me-kerkonte-policia-qendrova-tek-shtepia-ime-e-dyte\/#primaryimage","url":"http:\/\/www.visit-ulcinj.com\/blog\/wp-content\/uploads\/2011\/07\/Stresi-dhe-Enxhi-1.jpg","contentUrl":"http:\/\/www.visit-ulcinj.com\/blog\/wp-content\/uploads\/2011\/07\/Stresi-dhe-Enxhi-1.jpg"},{"@type":"WebPage","@id":"https:\/\/www.visit-ulcinj.com\/blog\/2011\/07\/15\/stresi-kur-me-kerkonte-policia-qendrova-tek-shtepia-ime-e-dyte\/#webpage","url":"https:\/\/www.visit-ulcinj.com\/blog\/2011\/07\/15\/stresi-kur-me-kerkonte-policia-qendrova-tek-shtepia-ime-e-dyte\/","name":"Stresi: Kur m\u00eb k\u00ebrkonte policia, q\u00ebndrova tek sht\u00ebpia ime e dyt\u00eb - Lajme nga Ulqini","isPartOf":{"@id":"https:\/\/www.visit-ulcinj.com\/blog\/#website"},"primaryImageOfPage":{"@id":"https:\/\/www.visit-ulcinj.com\/blog\/2011\/07\/15\/stresi-kur-me-kerkonte-policia-qendrova-tek-shtepia-ime-e-dyte\/#primaryimage"},"datePublished":"2011-07-15T09:17:18+00:00","dateModified":"2011-07-15T09:17:18+00:00","author":{"@id":"https:\/\/www.visit-ulcinj.com\/blog\/#\/schema\/person\/dcab619c614d3038751c63bc2aadc06d"},"description":"Arkimed Lushaj, \u00e7lirohet nga masa e arrestit me burg. Gjykata e Lart\u00eb vendosi t\u00eb shfuqizoj\u00eb mas\u00ebn e siguris\u00eb \u2018arrest me burg\u2019 q\u00eb Gjykata e Apelit p\u00ebr","breadcrumb":{"@id":"https:\/\/www.visit-ulcinj.com\/blog\/2011\/07\/15\/stresi-kur-me-kerkonte-policia-qendrova-tek-shtepia-ime-e-dyte\/#breadcrumb"},"inLanguage":"en-US","potentialAction":[{"@type":"ReadAction","target":["https:\/\/www.visit-ulcinj.com\/blog\/2011\/07\/15\/stresi-kur-me-kerkonte-policia-qendrova-tek-shtepia-ime-e-dyte\/"]}]},{"@type":"BreadcrumbList","@id":"https:\/\/www.visit-ulcinj.com\/blog\/2011\/07\/15\/stresi-kur-me-kerkonte-policia-qendrova-tek-shtepia-ime-e-dyte\/#breadcrumb","itemListElement":[{"@type":"ListItem","position":1,"name":"Stresi: Kur m\u00eb k\u00ebrkonte policia, q\u00ebndrova tek sht\u00ebpia ime e dyt\u00eb"}]},{"@type":"Person","@id":"https:\/\/www.visit-ulcinj.com\/blog\/#\/schema\/person\/dcab619c614d3038751c63bc2aadc06d","name":"ulqini","sameAs":["http:\/\/www.visit-ulcinj.com"],"url":"https:\/\/www.visit-ulcinj.com\/blog\/author\/admin\/"}]}},"jetpack_featured_media_url":"","jetpack_sharing_enabled":true,"jetpack_shortlink":"https:\/\/wp.me\/pe6lTn-cJS","_links":{"self":[{"href":"https:\/\/www.visit-ulcinj.com\/blog\/wp-json\/wp\/v2\/posts\/48972"}],"collection":[{"href":"https:\/\/www.visit-ulcinj.com\/blog\/wp-json\/wp\/v2\/posts"}],"about":[{"href":"https:\/\/www.visit-ulcinj.com\/blog\/wp-json\/wp\/v2\/types\/post"}],"author":[{"embeddable":true,"href":"https:\/\/www.visit-ulcinj.com\/blog\/wp-json\/wp\/v2\/users\/1"}],"replies":[{"embeddable":true,"href":"https:\/\/www.visit-ulcinj.com\/blog\/wp-json\/wp\/v2\/comments?post=48972"}],"version-history":[{"count":2,"href":"https:\/\/www.visit-ulcinj.com\/blog\/wp-json\/wp\/v2\/posts\/48972\/revisions"}],"predecessor-version":[{"id":48975,"href":"https:\/\/www.visit-ulcinj.com\/blog\/wp-json\/wp\/v2\/posts\/48972\/revisions\/48975"}],"wp:attachment":[{"href":"https:\/\/www.visit-ulcinj.com\/blog\/wp-json\/wp\/v2\/media?parent=48972"}],"wp:term":[{"taxonomy":"category","embeddable":true,"href":"https:\/\/www.visit-ulcinj.com\/blog\/wp-json\/wp\/v2\/categories?post=48972"},{"taxonomy":"post_tag","embeddable":true,"href":"https:\/\/www.visit-ulcinj.com\/blog\/wp-json\/wp\/v2\/tags?post=48972"}],"curies":[{"name":"wp","href":"https:\/\/api.w.org\/{rel}","templated":true}]}}