{"id":48976,"date":"2011-07-15T10:38:35","date_gmt":"2011-07-15T09:38:35","guid":{"rendered":"http:\/\/www.visit-ulcinj.com\/blog\/?p=48976"},"modified":"2011-07-15T14:07:27","modified_gmt":"2011-07-15T13:07:27","slug":"genta-ismajli-promovon-guximin","status":"publish","type":"post","link":"https:\/\/www.visit-ulcinj.com\/blog\/2011\/07\/15\/genta-ismajli-promovon-guximin\/","title":{"rendered":"Genta Ismajli promovon Guximin"},"content":{"rendered":"<p><strong>Genta Ismaili ka promovuar albumin e saj m\u00eb t\u00eb ri, t\u00eb pestin me radh\u00eb, t\u00eb titulluar \u201cGuximi\u201d.<\/strong><\/p>\n<p><a href=\"http:\/\/www.visit-ulcinj.com\/blog\/wp-content\/uploads\/2011\/07\/Genta-Ismajli-Guximi.jpg\"><img loading=\"lazy\" class=\"alignleft size-full wp-image-48977\" title=\"Genta-Ismajli-Guximi\" src=\"http:\/\/www.visit-ulcinj.com\/blog\/wp-content\/uploads\/2011\/07\/Genta-Ismajli-Guximi.jpg\" alt=\"\" width=\"508\" height=\"480\" \/><\/a><\/p>\n<div>\n<p>Albumi p\u00ebrmban 16 k\u00ebng\u00eb, shtat\u00eb nga t\u00eb cilat jan\u00eb n\u00eb gjuh\u00ebn angleze t\u00eb cilat k\u00ebng\u00ebtarja i ka p\u00ebrgatitur n\u00eb Shtete e Bashkuara t\u00eb Amerik\u00ebs.<\/p>\n<p>Genta ndjehet e k\u00ebnaqur me realizimin e albumit t\u00eb ri t\u00eb cilin e ka quajtur t\u00eb parin \u201cmjaft profesional dhe t\u00eb ve\u00e7ant\u00eb\u201d.<\/p>\n<p>\u201cP\u00ebr her\u00eb t\u00eb par\u00eb kam realizuar nj\u00eb album mjaft profesional dhe t\u00eb ve\u00e7ant\u00eb. P\u00ebrve\u00e7 k\u00ebng\u00ebve shqipe, kam realizuar edhe 7 k\u00ebng\u00eb n\u00eb gjuh\u00ebn angleze t\u00eb cilat i kam p\u00ebrgatitur me krijues profesionist t\u00eb k\u00ebng\u00ebs n\u00eb Amerik\u00eb\u201d, ka th\u00ebn\u00eb Genta p\u00ebr \u2018Z\u00ebri\u2019.<\/p>\n<p>Videoklipi i saj i fundit ishte \u201cGuximi\u201d n\u00eb bashk\u00ebpunim me Dj Da Lool, p\u00ebr t\u00eb cilin klip \u00ebsht\u00eb shprehur shum\u00eb e k\u00ebnaqur.<\/p>\n<p>\u201cKlipi \u00ebsht\u00eb plot\u00ebsisht i v\u00ebrtet, kam organizuar nj\u00eb ndej\u00eb nga ku i kam filmuar t\u00eb pranishmit pa dijenin\u00eb e tyre. Ka pasur shum\u00eb skena interesante me shum\u00eb pjes\u00ebmarr\u00ebs n\u00eb \u2018party\u2019 q\u00eb i kemi ftuar n\u00eb klip\u201d, ka th\u00ebn\u00eb Genta duke uruar q\u00eb ky klip t\u00eb vazhdoj t\u00eb ket\u00eb sukses.<\/p>\n<!--YouTube Error: bad URL entered-->\n<\/div>\n","protected":false},"excerpt":{"rendered":"<p>Genta Ismaili ka promovuar albumin e saj m\u00eb t\u00eb ri, t\u00eb pestin me radh\u00eb, t\u00eb titulluar \u201cGuximi\u201d. Albumi p\u00ebrmban 16 k\u00ebng\u00eb, shtat\u00eb nga t\u00eb cilat jan\u00eb n\u00eb gjuh\u00ebn angleze t\u00eb cilat k\u00ebng\u00ebtarja i ka p\u00ebrgatitur n\u00eb Shtete e Bashkuara t\u00eb Amerik\u00ebs. Genta ndjehet e k\u00ebnaqur me realizimin e albumit t\u00eb ri t\u00eb cilin e ka [&hellip;]<\/p>\n","protected":false},"author":1,"featured_media":0,"comment_status":"open","ping_status":"closed","sticky":false,"template":"","format":"standard","meta":{"spay_email":"","jetpack_publicize_message":"","jetpack_is_tweetstorm":false,"jetpack_publicize_feature_enabled":true},"categories":[1],"tags":[323,18683],"jetpack_publicize_connections":[],"yoast_head":"<!-- This site is optimized with the Yoast SEO plugin v19.1 - https:\/\/yoast.com\/wordpress\/plugins\/seo\/ -->\n<title>Genta Ismajli promovon Guximin<\/title>\n<meta name=\"description\" content=\"Albumi p\u00ebrmban 16 k\u00ebng\u00eb, shtat\u00eb nga t\u00eb cilat jan\u00eb n\u00eb gjuh\u00ebn angleze t\u00eb cilat k\u00ebng\u00ebtarja i ka p\u00ebrgatitur n\u00eb Shtete e Bashkuara t\u00eb Amerik\u00ebs.\" \/>\n<meta name=\"robots\" content=\"index, follow, max-snippet:-1, max-image-preview:large, max-video-preview:-1\" \/>\n<link rel=\"canonical\" href=\"https:\/\/www.visit-ulcinj.com\/blog\/2011\/07\/15\/genta-ismajli-promovon-guximin\/\" \/>\n<meta property=\"og:locale\" content=\"en_US\" \/>\n<meta property=\"og:type\" content=\"article\" \/>\n<meta property=\"og:title\" content=\"Genta Ismajli promovon Guximin\" \/>\n<meta property=\"og:description\" content=\"Albumi p\u00ebrmban 16 k\u00ebng\u00eb, shtat\u00eb nga t\u00eb cilat jan\u00eb n\u00eb gjuh\u00ebn angleze t\u00eb cilat k\u00ebng\u00ebtarja i ka p\u00ebrgatitur n\u00eb Shtete e Bashkuara t\u00eb Amerik\u00ebs.\" \/>\n<meta property=\"og:url\" content=\"https:\/\/www.visit-ulcinj.com\/blog\/2011\/07\/15\/genta-ismajli-promovon-guximin\/\" \/>\n<meta property=\"og:site_name\" content=\"Lajme nga Ulqini\" \/>\n<meta property=\"article:published_time\" content=\"2011-07-15T09:38:35+00:00\" \/>\n<meta property=\"article:modified_time\" content=\"2011-07-15T13:07:27+00:00\" \/>\n<meta property=\"og:image\" content=\"http:\/\/www.visit-ulcinj.com\/blog\/wp-content\/uploads\/2011\/07\/Genta-Ismajli-Guximi.jpg\" \/>\n<meta name=\"twitter:label1\" content=\"Written by\" \/>\n\t<meta name=\"twitter:data1\" content=\"ulqini\" \/>\n\t<meta name=\"twitter:label2\" content=\"Est. reading time\" \/>\n\t<meta name=\"twitter:data2\" content=\"1 minute\" \/>\n<script type=\"application\/ld+json\" class=\"yoast-schema-graph\">{\"@context\":\"https:\/\/schema.org\",\"@graph\":[{\"@type\":\"WebSite\",\"@id\":\"https:\/\/www.visit-ulcinj.com\/blog\/#website\",\"url\":\"https:\/\/www.visit-ulcinj.com\/blog\/\",\"name\":\"Lajme nga Ulqini\",\"description\":\"Lajme,Vijesti,Ulqini,Ulqin,Crna Gora,Mali i Zi\",\"potentialAction\":[{\"@type\":\"SearchAction\",\"target\":{\"@type\":\"EntryPoint\",\"urlTemplate\":\"https:\/\/www.visit-ulcinj.com\/blog\/?s={search_term_string}\"},\"query-input\":\"required name=search_term_string\"}],\"inLanguage\":\"en-US\"},{\"@type\":\"ImageObject\",\"inLanguage\":\"en-US\",\"@id\":\"https:\/\/www.visit-ulcinj.com\/blog\/2011\/07\/15\/genta-ismajli-promovon-guximin\/#primaryimage\",\"url\":\"http:\/\/www.visit-ulcinj.com\/blog\/wp-content\/uploads\/2011\/07\/Genta-Ismajli-Guximi.jpg\",\"contentUrl\":\"http:\/\/www.visit-ulcinj.com\/blog\/wp-content\/uploads\/2011\/07\/Genta-Ismajli-Guximi.jpg\"},{\"@type\":\"WebPage\",\"@id\":\"https:\/\/www.visit-ulcinj.com\/blog\/2011\/07\/15\/genta-ismajli-promovon-guximin\/#webpage\",\"url\":\"https:\/\/www.visit-ulcinj.com\/blog\/2011\/07\/15\/genta-ismajli-promovon-guximin\/\",\"name\":\"Genta Ismajli promovon Guximin\",\"isPartOf\":{\"@id\":\"https:\/\/www.visit-ulcinj.com\/blog\/#website\"},\"primaryImageOfPage\":{\"@id\":\"https:\/\/www.visit-ulcinj.com\/blog\/2011\/07\/15\/genta-ismajli-promovon-guximin\/#primaryimage\"},\"datePublished\":\"2011-07-15T09:38:35+00:00\",\"dateModified\":\"2011-07-15T13:07:27+00:00\",\"author\":{\"@id\":\"https:\/\/www.visit-ulcinj.com\/blog\/#\/schema\/person\/dcab619c614d3038751c63bc2aadc06d\"},\"description\":\"Albumi p\u00ebrmban 16 k\u00ebng\u00eb, shtat\u00eb nga t\u00eb cilat jan\u00eb n\u00eb gjuh\u00ebn angleze t\u00eb cilat k\u00ebng\u00ebtarja i ka p\u00ebrgatitur n\u00eb Shtete e Bashkuara t\u00eb Amerik\u00ebs.\",\"breadcrumb\":{\"@id\":\"https:\/\/www.visit-ulcinj.com\/blog\/2011\/07\/15\/genta-ismajli-promovon-guximin\/#breadcrumb\"},\"inLanguage\":\"en-US\",\"potentialAction\":[{\"@type\":\"ReadAction\",\"target\":[\"https:\/\/www.visit-ulcinj.com\/blog\/2011\/07\/15\/genta-ismajli-promovon-guximin\/\"]}]},{\"@type\":\"BreadcrumbList\",\"@id\":\"https:\/\/www.visit-ulcinj.com\/blog\/2011\/07\/15\/genta-ismajli-promovon-guximin\/#breadcrumb\",\"itemListElement\":[{\"@type\":\"ListItem\",\"position\":1,\"name\":\"Genta Ismajli promovon Guximin\"}]},{\"@type\":\"Person\",\"@id\":\"https:\/\/www.visit-ulcinj.com\/blog\/#\/schema\/person\/dcab619c614d3038751c63bc2aadc06d\",\"name\":\"ulqini\",\"sameAs\":[\"http:\/\/www.visit-ulcinj.com\"],\"url\":\"https:\/\/www.visit-ulcinj.com\/blog\/author\/admin\/\"}]}<\/script>\n<!-- \/ Yoast SEO plugin. -->","yoast_head_json":{"title":"Genta Ismajli promovon Guximin","description":"Albumi p\u00ebrmban 16 k\u00ebng\u00eb, shtat\u00eb nga t\u00eb cilat jan\u00eb n\u00eb gjuh\u00ebn angleze t\u00eb cilat k\u00ebng\u00ebtarja i ka p\u00ebrgatitur n\u00eb Shtete e Bashkuara t\u00eb Amerik\u00ebs.","robots":{"index":"index","follow":"follow","max-snippet":"max-snippet:-1","max-image-preview":"max-image-preview:large","max-video-preview":"max-video-preview:-1"},"canonical":"https:\/\/www.visit-ulcinj.com\/blog\/2011\/07\/15\/genta-ismajli-promovon-guximin\/","og_locale":"en_US","og_type":"article","og_title":"Genta Ismajli promovon Guximin","og_description":"Albumi p\u00ebrmban 16 k\u00ebng\u00eb, shtat\u00eb nga t\u00eb cilat jan\u00eb n\u00eb gjuh\u00ebn angleze t\u00eb cilat k\u00ebng\u00ebtarja i ka p\u00ebrgatitur n\u00eb Shtete e Bashkuara t\u00eb Amerik\u00ebs.","og_url":"https:\/\/www.visit-ulcinj.com\/blog\/2011\/07\/15\/genta-ismajli-promovon-guximin\/","og_site_name":"Lajme nga Ulqini","article_published_time":"2011-07-15T09:38:35+00:00","article_modified_time":"2011-07-15T13:07:27+00:00","og_image":[{"url":"http:\/\/www.visit-ulcinj.com\/blog\/wp-content\/uploads\/2011\/07\/Genta-Ismajli-Guximi.jpg"}],"twitter_misc":{"Written by":"ulqini","Est. reading time":"1 minute"},"schema":{"@context":"https:\/\/schema.org","@graph":[{"@type":"WebSite","@id":"https:\/\/www.visit-ulcinj.com\/blog\/#website","url":"https:\/\/www.visit-ulcinj.com\/blog\/","name":"Lajme nga Ulqini","description":"Lajme,Vijesti,Ulqini,Ulqin,Crna Gora,Mali i Zi","potentialAction":[{"@type":"SearchAction","target":{"@type":"EntryPoint","urlTemplate":"https:\/\/www.visit-ulcinj.com\/blog\/?s={search_term_string}"},"query-input":"required name=search_term_string"}],"inLanguage":"en-US"},{"@type":"ImageObject","inLanguage":"en-US","@id":"https:\/\/www.visit-ulcinj.com\/blog\/2011\/07\/15\/genta-ismajli-promovon-guximin\/#primaryimage","url":"http:\/\/www.visit-ulcinj.com\/blog\/wp-content\/uploads\/2011\/07\/Genta-Ismajli-Guximi.jpg","contentUrl":"http:\/\/www.visit-ulcinj.com\/blog\/wp-content\/uploads\/2011\/07\/Genta-Ismajli-Guximi.jpg"},{"@type":"WebPage","@id":"https:\/\/www.visit-ulcinj.com\/blog\/2011\/07\/15\/genta-ismajli-promovon-guximin\/#webpage","url":"https:\/\/www.visit-ulcinj.com\/blog\/2011\/07\/15\/genta-ismajli-promovon-guximin\/","name":"Genta Ismajli promovon Guximin","isPartOf":{"@id":"https:\/\/www.visit-ulcinj.com\/blog\/#website"},"primaryImageOfPage":{"@id":"https:\/\/www.visit-ulcinj.com\/blog\/2011\/07\/15\/genta-ismajli-promovon-guximin\/#primaryimage"},"datePublished":"2011-07-15T09:38:35+00:00","dateModified":"2011-07-15T13:07:27+00:00","author":{"@id":"https:\/\/www.visit-ulcinj.com\/blog\/#\/schema\/person\/dcab619c614d3038751c63bc2aadc06d"},"description":"Albumi p\u00ebrmban 16 k\u00ebng\u00eb, shtat\u00eb nga t\u00eb cilat jan\u00eb n\u00eb gjuh\u00ebn angleze t\u00eb cilat k\u00ebng\u00ebtarja i ka p\u00ebrgatitur n\u00eb Shtete e Bashkuara t\u00eb Amerik\u00ebs.","breadcrumb":{"@id":"https:\/\/www.visit-ulcinj.com\/blog\/2011\/07\/15\/genta-ismajli-promovon-guximin\/#breadcrumb"},"inLanguage":"en-US","potentialAction":[{"@type":"ReadAction","target":["https:\/\/www.visit-ulcinj.com\/blog\/2011\/07\/15\/genta-ismajli-promovon-guximin\/"]}]},{"@type":"BreadcrumbList","@id":"https:\/\/www.visit-ulcinj.com\/blog\/2011\/07\/15\/genta-ismajli-promovon-guximin\/#breadcrumb","itemListElement":[{"@type":"ListItem","position":1,"name":"Genta Ismajli promovon Guximin"}]},{"@type":"Person","@id":"https:\/\/www.visit-ulcinj.com\/blog\/#\/schema\/person\/dcab619c614d3038751c63bc2aadc06d","name":"ulqini","sameAs":["http:\/\/www.visit-ulcinj.com"],"url":"https:\/\/www.visit-ulcinj.com\/blog\/author\/admin\/"}]}},"jetpack_featured_media_url":"","jetpack_sharing_enabled":true,"jetpack_shortlink":"https:\/\/wp.me\/pe6lTn-cJW","_links":{"self":[{"href":"https:\/\/www.visit-ulcinj.com\/blog\/wp-json\/wp\/v2\/posts\/48976"}],"collection":[{"href":"https:\/\/www.visit-ulcinj.com\/blog\/wp-json\/wp\/v2\/posts"}],"about":[{"href":"https:\/\/www.visit-ulcinj.com\/blog\/wp-json\/wp\/v2\/types\/post"}],"author":[{"embeddable":true,"href":"https:\/\/www.visit-ulcinj.com\/blog\/wp-json\/wp\/v2\/users\/1"}],"replies":[{"embeddable":true,"href":"https:\/\/www.visit-ulcinj.com\/blog\/wp-json\/wp\/v2\/comments?post=48976"}],"version-history":[{"count":4,"href":"https:\/\/www.visit-ulcinj.com\/blog\/wp-json\/wp\/v2\/posts\/48976\/revisions"}],"predecessor-version":[{"id":49002,"href":"https:\/\/www.visit-ulcinj.com\/blog\/wp-json\/wp\/v2\/posts\/48976\/revisions\/49002"}],"wp:attachment":[{"href":"https:\/\/www.visit-ulcinj.com\/blog\/wp-json\/wp\/v2\/media?parent=48976"}],"wp:term":[{"taxonomy":"category","embeddable":true,"href":"https:\/\/www.visit-ulcinj.com\/blog\/wp-json\/wp\/v2\/categories?post=48976"},{"taxonomy":"post_tag","embeddable":true,"href":"https:\/\/www.visit-ulcinj.com\/blog\/wp-json\/wp\/v2\/tags?post=48976"}],"curies":[{"name":"wp","href":"https:\/\/api.w.org\/{rel}","templated":true}]}}