{"id":48979,"date":"2011-07-17T15:00:28","date_gmt":"2011-07-17T14:00:28","guid":{"rendered":"http:\/\/www.visit-ulcinj.com\/blog\/?p=48979"},"modified":"2011-07-17T15:00:42","modified_gmt":"2011-07-17T14:00:42","slug":"dafina-rexhepi-suksesin-ja-dedikon-gencit","status":"publish","type":"post","link":"https:\/\/www.visit-ulcinj.com\/blog\/2011\/07\/17\/dafina-rexhepi-suksesin-ja-dedikon-gencit\/","title":{"rendered":"Dafina Rexhepi : Suksesin ja dedikon Gencit"},"content":{"rendered":"<p><strong>K\u00ebng\u00ebtarja e re Dafina Rexhepi ka b\u00ebr\u00eb nj\u00eb deklarat\u00eb bombastike duke lavd\u00ebruar kompozitorin Genc Prelvukaj, duke ju dh\u00ebn\u00eb edhe m\u00eb shum\u00eb zjarr thashethemeve se ajo mund t\u00eb jet\u00eb n\u00eb lidhje me Gencin.<\/strong><\/p>\n<p><a href=\"http:\/\/www.visit-ulcinj.com\/blog\/wp-content\/uploads\/2011\/07\/Dafina-Rexhepi-feat.-Etnon-Ti-mi-then-kufinjte-Official-Video-HD.mp4_snapshot_03.03_2010.12.06_20.59.11.jpg\"><img loading=\"lazy\" class=\"alignleft size-large wp-image-48981\" title=\"Dafina Rexhepi feat. Etnon - Ti mi then kufinjte ( Official Video ) HD.mp4_snapshot_03.03_[2010.12.06_20.59.11]\" src=\"http:\/\/www.visit-ulcinj.com\/blog\/wp-content\/uploads\/2011\/07\/Dafina-Rexhepi-feat.-Etnon-Ti-mi-then-kufinjte-Official-Video-HD.mp4_snapshot_03.03_2010.12.06_20.59.11-1024x576.jpg\" alt=\"\" width=\"508\" height=\"325\" \/><\/a><\/p>\n<p>Dafina n\u00eb nj\u00eb intervist\u00eb p\u00ebr gazet\u00ebn \u201cTrafik VIP\u201d ka th\u00ebn\u00eb se Genci dhe kompania e tij \u201cGramafon Entertainment\u201d ka treguar nj\u00eb p\u00ebrkushtim t\u00eb madh p\u00ebr realizimin e albumit t\u00eb saj por edhe k\u00ebng\u00ebve t\u00eb reja t\u00eb k\u00ebng\u00ebtares.<\/p>\n<p>\u201cMe albumin sigurisht kam bashk\u00ebpunuar me Genc Prelvukaj, i cili i \u00ebsht\u00eb p\u00ebrkushtuar jasht\u00eb mase shum\u00eb dhe un\u00eb p\u00ebrfitoj nga rasti ta fal\u00ebnderoj pasi \u00ebsht\u00eb edhe menaxheri im\u201d.<\/p>\n<p>\u201cPo mendoj se ndikim shum\u00eb t\u00eb madh ka Genci. Suksesi q\u00eb un\u00eb kam si\u00e7 thash\u00eb dhe po e them \u00ebsht\u00eb vet\u00ebm fal\u00eb tij. Gjithmon\u00eb m\u00eb ka k\u00ebshilluar, ndihmuar dhe m\u00eb ndjek hap pas hapi, dhe un\u00eb i jam shum\u00eb mir\u00ebnjoh\u00ebse p\u00ebr k\u00ebt\u00eb gj\u00eb\u201d, ka th\u00ebn\u00eb ajo.<\/p>\n<p>Megjithat\u00eb, k\u00ebng\u00ebtarja nuk ka dashur t\u00eb flet p\u00ebr jet\u00ebn e saj private p\u00ebrpos q\u00eb ka folur p\u00ebr shkoll\u00ebn dhe studimet e saj, p\u00ebrderisa thashethemet jan\u00eb rindezur tashm\u00eb, pavar\u00ebsisht d\u00ebshir\u00ebs s\u00eb mir\u00eb t\u00eb k\u00ebng\u00ebtares q\u00eb ta l\u00ebvdoj menaxherin e saj.<\/p>\n<p>Genc Prelvukaj, vazhdimisht \u00ebsht\u00eb nd\u00ebrlidhur me lidhje t\u00eb reja. P\u00ebr t\u00eb ka thashetheme se ka provuar t\u00eb lidhet me k\u00ebng\u00ebtaret q\u00eb i menaxhon. Ai \u00ebsht\u00eb i shkuror\u00ebzuar nga gruaja e tij disa vite me par\u00eb dhe ka nj\u00eb djal\u00eb.<\/p>\n<p><a href=\"http:\/\/www.visit-ulcinj.com\/blog\/wp-content\/uploads\/2011\/07\/Dafina-Rexhepi-24.jpg\"><img loading=\"lazy\" class=\"alignleft size-full wp-image-48980\" title=\"Dafina-Rexhepi-24\" src=\"http:\/\/www.visit-ulcinj.com\/blog\/wp-content\/uploads\/2011\/07\/Dafina-Rexhepi-24.jpg\" alt=\"\" width=\"508\" height=\"300\" \/><\/a><\/p>\n<p>Por, Prelvukaj i ka mohuar n\u00eb vazhdim\u00ebsi lidhjet me k\u00ebng\u00ebtar\u00ebt q\u00eb jan\u00eb pjes\u00eb e kompanis\u00eb s\u00eb tij p\u00ebrderisa reperi dhe kompozitori ka disa muaj q\u00eb i \u00ebsht\u00eb bashkuar stafit t\u00eb k\u00ebshilltar\u00ebve t\u00eb ministrit t\u00eb kultur\u00ebs, Memli Krasniqi. Genci vazhdon t\u00eb thot\u00eb se \u00ebsht\u00eb \u201csingle\u201d.<\/p>\n<p>Ndryshe Rexhepi n\u00eb k\u00ebt\u00eb intervist\u00eb ka lavd\u00ebruar edhe k\u00ebng\u00ebtar\u00ebt e tjera, sidomos Argjentina Ramosajn p\u00ebr t\u00eb cil\u00ebn ka th\u00ebn\u00eb se \u00ebsht\u00eb \u201ce talentuar\u201d.<\/p>\n<p>\u201cPo kam disa bashk\u00ebpunime t\u00eb cilat ende nuk dua t\u2019i zbuloj, ju premtoj se do ju p\u00eblqej\u00eb pasi kam punuar dhe kam dh\u00ebn\u00eb maksimumin. Shum\u00eb shpejt do lan\u00e7ohen ndaj dhe un\u00eb s\u2019dua t\u00eb zbuloj m\u00eb tep\u00ebr\u201d.<\/p>\n<!--YouTube Error: bad URL entered-->\n","protected":false},"excerpt":{"rendered":"<p>K\u00ebng\u00ebtarja e re Dafina Rexhepi ka b\u00ebr\u00eb nj\u00eb deklarat\u00eb bombastike duke lavd\u00ebruar kompozitorin Genc Prelvukaj, duke ju dh\u00ebn\u00eb edhe m\u00eb shum\u00eb zjarr thashethemeve se ajo mund t\u00eb jet\u00eb n\u00eb lidhje me Gencin. Dafina n\u00eb nj\u00eb intervist\u00eb p\u00ebr gazet\u00ebn \u201cTrafik VIP\u201d ka th\u00ebn\u00eb se Genci dhe kompania e tij \u201cGramafon Entertainment\u201d ka treguar nj\u00eb p\u00ebrkushtim t\u00eb [&hellip;]<\/p>\n","protected":false},"author":1,"featured_media":0,"comment_status":"open","ping_status":"closed","sticky":false,"template":"","format":"standard","meta":{"spay_email":"","jetpack_publicize_message":"","jetpack_is_tweetstorm":false,"jetpack_publicize_feature_enabled":true},"categories":[1],"tags":[15375,18684],"jetpack_publicize_connections":[],"yoast_head":"<!-- This site is optimized with the Yoast SEO plugin v19.1 - https:\/\/yoast.com\/wordpress\/plugins\/seo\/ -->\n<title>Dafina Rexhepi : Suksesin ja dedikon Gencit - Lajme nga Ulqini<\/title>\n<meta name=\"description\" content=\"K\u00ebng\u00ebtarja e re Dafina Rexhepi ka b\u00ebr\u00eb nj\u00eb deklarat\u00eb bombastike duke lavd\u00ebruar kompozitorin Genc Prelvukaj, duke ju dh\u00ebn\u00eb edhe m\u00eb shum\u00eb zjarr thashethemeve se ajo mund t\u00eb jet\u00eb n\u00eb lidhje me Gencin.\" \/>\n<meta name=\"robots\" content=\"index, follow, max-snippet:-1, max-image-preview:large, max-video-preview:-1\" \/>\n<link rel=\"canonical\" href=\"https:\/\/www.visit-ulcinj.com\/blog\/2011\/07\/17\/dafina-rexhepi-suksesin-ja-dedikon-gencit\/\" \/>\n<meta property=\"og:locale\" content=\"en_US\" \/>\n<meta property=\"og:type\" content=\"article\" \/>\n<meta property=\"og:title\" content=\"Dafina Rexhepi : Suksesin ja dedikon Gencit - Lajme nga Ulqini\" \/>\n<meta property=\"og:description\" content=\"K\u00ebng\u00ebtarja e re Dafina Rexhepi ka b\u00ebr\u00eb nj\u00eb deklarat\u00eb bombastike duke lavd\u00ebruar kompozitorin Genc Prelvukaj, duke ju dh\u00ebn\u00eb edhe m\u00eb shum\u00eb zjarr thashethemeve se ajo mund t\u00eb jet\u00eb n\u00eb lidhje me Gencin.\" \/>\n<meta property=\"og:url\" content=\"https:\/\/www.visit-ulcinj.com\/blog\/2011\/07\/17\/dafina-rexhepi-suksesin-ja-dedikon-gencit\/\" \/>\n<meta property=\"og:site_name\" content=\"Lajme nga Ulqini\" \/>\n<meta property=\"article:published_time\" content=\"2011-07-17T14:00:28+00:00\" \/>\n<meta property=\"article:modified_time\" content=\"2011-07-17T14:00:42+00:00\" \/>\n<meta property=\"og:image\" content=\"http:\/\/www.visit-ulcinj.com\/blog\/wp-content\/uploads\/2011\/07\/Dafina-Rexhepi-feat.-Etnon-Ti-mi-then-kufinjte-Official-Video-HD.mp4_snapshot_03.03_2010.12.06_20.59.11-1024x576.jpg\" \/>\n<meta name=\"twitter:label1\" content=\"Written by\" \/>\n\t<meta name=\"twitter:data1\" content=\"ulqini\" \/>\n\t<meta name=\"twitter:label2\" content=\"Est. reading time\" \/>\n\t<meta name=\"twitter:data2\" content=\"2 minutes\" \/>\n<script type=\"application\/ld+json\" class=\"yoast-schema-graph\">{\"@context\":\"https:\/\/schema.org\",\"@graph\":[{\"@type\":\"WebSite\",\"@id\":\"https:\/\/www.visit-ulcinj.com\/blog\/#website\",\"url\":\"https:\/\/www.visit-ulcinj.com\/blog\/\",\"name\":\"Lajme nga Ulqini\",\"description\":\"Lajme,Vijesti,Ulqini,Ulqin,Crna Gora,Mali i Zi\",\"potentialAction\":[{\"@type\":\"SearchAction\",\"target\":{\"@type\":\"EntryPoint\",\"urlTemplate\":\"https:\/\/www.visit-ulcinj.com\/blog\/?s={search_term_string}\"},\"query-input\":\"required name=search_term_string\"}],\"inLanguage\":\"en-US\"},{\"@type\":\"ImageObject\",\"inLanguage\":\"en-US\",\"@id\":\"https:\/\/www.visit-ulcinj.com\/blog\/2011\/07\/17\/dafina-rexhepi-suksesin-ja-dedikon-gencit\/#primaryimage\",\"url\":\"http:\/\/www.visit-ulcinj.com\/blog\/wp-content\/uploads\/2011\/07\/Dafina-Rexhepi-feat.-Etnon-Ti-mi-then-kufinjte-Official-Video-HD.mp4_snapshot_03.03_2010.12.06_20.59.11-1024x576.jpg\",\"contentUrl\":\"http:\/\/www.visit-ulcinj.com\/blog\/wp-content\/uploads\/2011\/07\/Dafina-Rexhepi-feat.-Etnon-Ti-mi-then-kufinjte-Official-Video-HD.mp4_snapshot_03.03_2010.12.06_20.59.11-1024x576.jpg\"},{\"@type\":\"WebPage\",\"@id\":\"https:\/\/www.visit-ulcinj.com\/blog\/2011\/07\/17\/dafina-rexhepi-suksesin-ja-dedikon-gencit\/#webpage\",\"url\":\"https:\/\/www.visit-ulcinj.com\/blog\/2011\/07\/17\/dafina-rexhepi-suksesin-ja-dedikon-gencit\/\",\"name\":\"Dafina Rexhepi : Suksesin ja dedikon Gencit - Lajme nga Ulqini\",\"isPartOf\":{\"@id\":\"https:\/\/www.visit-ulcinj.com\/blog\/#website\"},\"primaryImageOfPage\":{\"@id\":\"https:\/\/www.visit-ulcinj.com\/blog\/2011\/07\/17\/dafina-rexhepi-suksesin-ja-dedikon-gencit\/#primaryimage\"},\"datePublished\":\"2011-07-17T14:00:28+00:00\",\"dateModified\":\"2011-07-17T14:00:42+00:00\",\"author\":{\"@id\":\"https:\/\/www.visit-ulcinj.com\/blog\/#\/schema\/person\/dcab619c614d3038751c63bc2aadc06d\"},\"description\":\"K\u00ebng\u00ebtarja e re Dafina Rexhepi ka b\u00ebr\u00eb nj\u00eb deklarat\u00eb bombastike duke lavd\u00ebruar kompozitorin Genc Prelvukaj, duke ju dh\u00ebn\u00eb edhe m\u00eb shum\u00eb zjarr thashethemeve se ajo mund t\u00eb jet\u00eb n\u00eb lidhje me Gencin.\",\"breadcrumb\":{\"@id\":\"https:\/\/www.visit-ulcinj.com\/blog\/2011\/07\/17\/dafina-rexhepi-suksesin-ja-dedikon-gencit\/#breadcrumb\"},\"inLanguage\":\"en-US\",\"potentialAction\":[{\"@type\":\"ReadAction\",\"target\":[\"https:\/\/www.visit-ulcinj.com\/blog\/2011\/07\/17\/dafina-rexhepi-suksesin-ja-dedikon-gencit\/\"]}]},{\"@type\":\"BreadcrumbList\",\"@id\":\"https:\/\/www.visit-ulcinj.com\/blog\/2011\/07\/17\/dafina-rexhepi-suksesin-ja-dedikon-gencit\/#breadcrumb\",\"itemListElement\":[{\"@type\":\"ListItem\",\"position\":1,\"name\":\"Dafina Rexhepi : Suksesin ja dedikon Gencit\"}]},{\"@type\":\"Person\",\"@id\":\"https:\/\/www.visit-ulcinj.com\/blog\/#\/schema\/person\/dcab619c614d3038751c63bc2aadc06d\",\"name\":\"ulqini\",\"sameAs\":[\"http:\/\/www.visit-ulcinj.com\"],\"url\":\"https:\/\/www.visit-ulcinj.com\/blog\/author\/admin\/\"}]}<\/script>\n<!-- \/ Yoast SEO plugin. -->","yoast_head_json":{"title":"Dafina Rexhepi : Suksesin ja dedikon Gencit - Lajme nga Ulqini","description":"K\u00ebng\u00ebtarja e re Dafina Rexhepi ka b\u00ebr\u00eb nj\u00eb deklarat\u00eb bombastike duke lavd\u00ebruar kompozitorin Genc Prelvukaj, duke ju dh\u00ebn\u00eb edhe m\u00eb shum\u00eb zjarr thashethemeve se ajo mund t\u00eb jet\u00eb n\u00eb lidhje me Gencin.","robots":{"index":"index","follow":"follow","max-snippet":"max-snippet:-1","max-image-preview":"max-image-preview:large","max-video-preview":"max-video-preview:-1"},"canonical":"https:\/\/www.visit-ulcinj.com\/blog\/2011\/07\/17\/dafina-rexhepi-suksesin-ja-dedikon-gencit\/","og_locale":"en_US","og_type":"article","og_title":"Dafina Rexhepi : Suksesin ja dedikon Gencit - Lajme nga Ulqini","og_description":"K\u00ebng\u00ebtarja e re Dafina Rexhepi ka b\u00ebr\u00eb nj\u00eb deklarat\u00eb bombastike duke lavd\u00ebruar kompozitorin Genc Prelvukaj, duke ju dh\u00ebn\u00eb edhe m\u00eb shum\u00eb zjarr thashethemeve se ajo mund t\u00eb jet\u00eb n\u00eb lidhje me Gencin.","og_url":"https:\/\/www.visit-ulcinj.com\/blog\/2011\/07\/17\/dafina-rexhepi-suksesin-ja-dedikon-gencit\/","og_site_name":"Lajme nga Ulqini","article_published_time":"2011-07-17T14:00:28+00:00","article_modified_time":"2011-07-17T14:00:42+00:00","og_image":[{"url":"http:\/\/www.visit-ulcinj.com\/blog\/wp-content\/uploads\/2011\/07\/Dafina-Rexhepi-feat.-Etnon-Ti-mi-then-kufinjte-Official-Video-HD.mp4_snapshot_03.03_2010.12.06_20.59.11-1024x576.jpg"}],"twitter_misc":{"Written by":"ulqini","Est. reading time":"2 minutes"},"schema":{"@context":"https:\/\/schema.org","@graph":[{"@type":"WebSite","@id":"https:\/\/www.visit-ulcinj.com\/blog\/#website","url":"https:\/\/www.visit-ulcinj.com\/blog\/","name":"Lajme nga Ulqini","description":"Lajme,Vijesti,Ulqini,Ulqin,Crna Gora,Mali i Zi","potentialAction":[{"@type":"SearchAction","target":{"@type":"EntryPoint","urlTemplate":"https:\/\/www.visit-ulcinj.com\/blog\/?s={search_term_string}"},"query-input":"required name=search_term_string"}],"inLanguage":"en-US"},{"@type":"ImageObject","inLanguage":"en-US","@id":"https:\/\/www.visit-ulcinj.com\/blog\/2011\/07\/17\/dafina-rexhepi-suksesin-ja-dedikon-gencit\/#primaryimage","url":"http:\/\/www.visit-ulcinj.com\/blog\/wp-content\/uploads\/2011\/07\/Dafina-Rexhepi-feat.-Etnon-Ti-mi-then-kufinjte-Official-Video-HD.mp4_snapshot_03.03_2010.12.06_20.59.11-1024x576.jpg","contentUrl":"http:\/\/www.visit-ulcinj.com\/blog\/wp-content\/uploads\/2011\/07\/Dafina-Rexhepi-feat.-Etnon-Ti-mi-then-kufinjte-Official-Video-HD.mp4_snapshot_03.03_2010.12.06_20.59.11-1024x576.jpg"},{"@type":"WebPage","@id":"https:\/\/www.visit-ulcinj.com\/blog\/2011\/07\/17\/dafina-rexhepi-suksesin-ja-dedikon-gencit\/#webpage","url":"https:\/\/www.visit-ulcinj.com\/blog\/2011\/07\/17\/dafina-rexhepi-suksesin-ja-dedikon-gencit\/","name":"Dafina Rexhepi : Suksesin ja dedikon Gencit - Lajme nga Ulqini","isPartOf":{"@id":"https:\/\/www.visit-ulcinj.com\/blog\/#website"},"primaryImageOfPage":{"@id":"https:\/\/www.visit-ulcinj.com\/blog\/2011\/07\/17\/dafina-rexhepi-suksesin-ja-dedikon-gencit\/#primaryimage"},"datePublished":"2011-07-17T14:00:28+00:00","dateModified":"2011-07-17T14:00:42+00:00","author":{"@id":"https:\/\/www.visit-ulcinj.com\/blog\/#\/schema\/person\/dcab619c614d3038751c63bc2aadc06d"},"description":"K\u00ebng\u00ebtarja e re Dafina Rexhepi ka b\u00ebr\u00eb nj\u00eb deklarat\u00eb bombastike duke lavd\u00ebruar kompozitorin Genc Prelvukaj, duke ju dh\u00ebn\u00eb edhe m\u00eb shum\u00eb zjarr thashethemeve se ajo mund t\u00eb jet\u00eb n\u00eb lidhje me Gencin.","breadcrumb":{"@id":"https:\/\/www.visit-ulcinj.com\/blog\/2011\/07\/17\/dafina-rexhepi-suksesin-ja-dedikon-gencit\/#breadcrumb"},"inLanguage":"en-US","potentialAction":[{"@type":"ReadAction","target":["https:\/\/www.visit-ulcinj.com\/blog\/2011\/07\/17\/dafina-rexhepi-suksesin-ja-dedikon-gencit\/"]}]},{"@type":"BreadcrumbList","@id":"https:\/\/www.visit-ulcinj.com\/blog\/2011\/07\/17\/dafina-rexhepi-suksesin-ja-dedikon-gencit\/#breadcrumb","itemListElement":[{"@type":"ListItem","position":1,"name":"Dafina Rexhepi : Suksesin ja dedikon Gencit"}]},{"@type":"Person","@id":"https:\/\/www.visit-ulcinj.com\/blog\/#\/schema\/person\/dcab619c614d3038751c63bc2aadc06d","name":"ulqini","sameAs":["http:\/\/www.visit-ulcinj.com"],"url":"https:\/\/www.visit-ulcinj.com\/blog\/author\/admin\/"}]}},"jetpack_featured_media_url":"","jetpack_sharing_enabled":true,"jetpack_shortlink":"https:\/\/wp.me\/pe6lTn-cJZ","_links":{"self":[{"href":"https:\/\/www.visit-ulcinj.com\/blog\/wp-json\/wp\/v2\/posts\/48979"}],"collection":[{"href":"https:\/\/www.visit-ulcinj.com\/blog\/wp-json\/wp\/v2\/posts"}],"about":[{"href":"https:\/\/www.visit-ulcinj.com\/blog\/wp-json\/wp\/v2\/types\/post"}],"author":[{"embeddable":true,"href":"https:\/\/www.visit-ulcinj.com\/blog\/wp-json\/wp\/v2\/users\/1"}],"replies":[{"embeddable":true,"href":"https:\/\/www.visit-ulcinj.com\/blog\/wp-json\/wp\/v2\/comments?post=48979"}],"version-history":[{"count":3,"href":"https:\/\/www.visit-ulcinj.com\/blog\/wp-json\/wp\/v2\/posts\/48979\/revisions"}],"predecessor-version":[{"id":49175,"href":"https:\/\/www.visit-ulcinj.com\/blog\/wp-json\/wp\/v2\/posts\/48979\/revisions\/49175"}],"wp:attachment":[{"href":"https:\/\/www.visit-ulcinj.com\/blog\/wp-json\/wp\/v2\/media?parent=48979"}],"wp:term":[{"taxonomy":"category","embeddable":true,"href":"https:\/\/www.visit-ulcinj.com\/blog\/wp-json\/wp\/v2\/categories?post=48979"},{"taxonomy":"post_tag","embeddable":true,"href":"https:\/\/www.visit-ulcinj.com\/blog\/wp-json\/wp\/v2\/tags?post=48979"}],"curies":[{"name":"wp","href":"https:\/\/api.w.org\/{rel}","templated":true}]}}