{"id":49021,"date":"2011-07-15T21:06:10","date_gmt":"2011-07-15T20:06:10","guid":{"rendered":"http:\/\/www.visit-ulcinj.com\/blog\/?p=49021"},"modified":"2011-07-15T21:06:51","modified_gmt":"2011-07-15T20:06:51","slug":"ulcinjani-ugostili-100-hiljada-turista","status":"publish","type":"post","link":"https:\/\/www.visit-ulcinj.com\/blog\/2011\/07\/15\/ulcinjani-ugostili-100-hiljada-turista\/","title":{"rendered":"Ulcinjani ugostili 100 hiljada turista"},"content":{"rendered":"<p><strong><a href=\"http:\/\/www.visit-ulcinj.com\/blog\/wp-content\/uploads\/2011\/07\/Ulcinjani-ugostili-100-hiljada-turista.jpg\"><img loading=\"lazy\" class=\"alignleft size-full wp-image-49022\" title=\"Ulcinjani ugostili 100 hiljada turista\" src=\"http:\/\/www.visit-ulcinj.com\/blog\/wp-content\/uploads\/2011\/07\/Ulcinjani-ugostili-100-hiljada-turista.jpg\" alt=\"\" width=\"508\" height=\"380\" \/><\/a>Kosovski mediji pi\u0161u da turisti\u010dka sezona u najju\u017enijoj op\u0161tini nikad nije bila bolja<\/strong><\/p>\n<p>Ako je vjerovati informativnom portalu \u201eKoha net&#8221; sa Kosova u najju\u017enijoj crnogorskoj op\u0161tini trenutno se odmara oko 100 hiljada turista. Ne navode\u0107i na osnovu kojih parametara se do\u0161lo do te brojke, taj elektronski medij navodi da se u Ulcinju uglavnom odmaraju turisti sa Kosova, iz Albanije, Makedonije i okolnih zemalja, ali da ima turista i iz Njema\u010dke, \u010de\u0161ke i Poljske. I zvani\u010dni podaci o broju no\u0107enja pokazuju da je na ulcinjskoj rivijeri sezona veoma dobra. Gostiju je \u010dak za 30 odsto vi\u0161e nego lani, a u hotelima dva puta vi\u0161e. U odnosu na pro\u0161le godine i struktura gostiju je zna\u010dajno promijnjena pa je mnogo vi\u0161e turista iz srednje Evrope. Poljaci, Slovaci i \u010cesi mogu se vidjeti na svakom koraku.<br \/>\nPla\u017ee su pune, a zastoji u saobra\u0107aju, gu\u017eve u ugostiteljskim objektima i trgovinama svjedo\u010de o tome da je gostiju bar tri puta vi\u0161e od registrovanog broja. \u201eKoha net&#8221; prenosi i rije\u010di predsjednika op\u0161tine Gzima Hajdinage koji ka\u017ee da su se optimisti\u010dke najave prije sezone po\u010dele ostvarivati.<br \/>\n<a href=\"http:\/\/www.visit-ulcinj.com\/blog\/wp-content\/uploads\/2011\/07\/Selatin-Djeloshi_direktor-hotela-Mediteran.jpg\"><img loading=\"lazy\" class=\"alignleft size-full wp-image-49023\" title=\"Selatin-Djeloshi_direktor hotela Mediteran\" src=\"http:\/\/www.visit-ulcinj.com\/blog\/wp-content\/uploads\/2011\/07\/Selatin-Djeloshi_direktor-hotela-Mediteran.jpg\" alt=\"\" width=\"508\" height=\"366\" srcset=\"https:\/\/www.visit-ulcinj.com\/blog\/wp-content\/uploads\/2011\/07\/Selatin-Djeloshi_direktor-hotela-Mediteran.jpg 508w, https:\/\/www.visit-ulcinj.com\/blog\/wp-content\/uploads\/2011\/07\/Selatin-Djeloshi_direktor-hotela-Mediteran-300x216.jpg 300w\" sizes=\"(max-width: 508px) 100vw, 508px\" \/><\/a><br \/>\n\u2013 Bili smo u pravu kada smo najavljivali uspje\u0161nu sezonu koja je ve\u0107 materijalizovana. Ulcinj je i dalje omiljena destinacija turista sa Kosova, iz Albanije, Makedonije ali raduje nas i broj gostiju iz Bosne, Srbije, Poljske , \u010ce\u0161ke i Njema\u010dke. Sezonu smo do\u010dekali spremno i sve institucije, one usko vezane za turizam kao i dr\u017eavne reagovale su na vrijeme i na usluzi su gra\u0111anima i gostima, kazao je Hajdinaga.<br \/>\nIzvr\u0161ni direktor hotela &#8220;Mediteran&#8221;, Selatin \u0110eljo\u0161i ka\u017ee da su smje\u0161tajni kapaciteti u Ulcinju, opremljeni komforom potrebnim da se ugodno provede odmor.<br \/>\n&#8211; Turistima su na raspolaganju luksuzni hoteli, mali hoteli, apartmani, opremljene sobe u privatnim ku\u0107ama i motelima, sa cijenama za sva\u010diji d\u017eep i ukus, prenosi \u201eKoha net&#8221;. Direktor Turisti\u010dke organizacije Ulcinj Ali Red\u017ea kazao je medijima sa Kosova da je Ulcinj pun turista te da je obala na Velikoj pla\u017ei prepuna kupa\u010da.<br \/>\n&#8211; Obi\u010dno, vrhunac turisti\u010dke sezone uslijedi posle 15. jula, ali ove godine postoji porast dovoljno veliki da mogu re\u0107i da je prvi dio sezone veoma dobar, mo\u017ee se re\u0107i odli\u010dan &#8211; ka\u017ee Red\u017ea.<\/p>\n<p><a href=\"http:\/\/www.visit-ulcinj.com\/blog\/wp-content\/uploads\/2011\/07\/Na-Sukobinu-padaju-rekordi_100-HILADA-TURISTA.jpg\"><img loading=\"lazy\" class=\"alignleft size-full wp-image-49029\" title=\"Na Sukobinu padaju rekordi_100 HILADA TURISTA\" src=\"http:\/\/www.visit-ulcinj.com\/blog\/wp-content\/uploads\/2011\/07\/Na-Sukobinu-padaju-rekordi_100-HILADA-TURISTA.jpg\" alt=\"\" width=\"508\" height=\"340\" \/><\/a><\/p>\n<p><strong>Na Sukobinu padaju rekordi<\/strong><\/p>\n<p>Na grani\u010dnom prelazu Sukobin prema Republici Albaniji tokom nedjelje padali su rekordi. U samo jednom danu slu\u017ebenici na grani\u010dnom prelazu registrovali su na ulasku, odnosno izlasku iz Crne Gore, preko 12 hiljada putnika i pet hiljada autoobila. Neopisive gu\u017eve ipak nisu iznenadile nadle\u017ene dr\u017eavne organe, koji su iako zate\u010deni velikim brojem turista, koji su ulazili i izlazili iz zemlje, ipak uspjeli da izbjegnu vi\u0161e\u010dasovne zastoje. Primjera radi, u odnosu na period od prije dvije godine bilje\u017ei se pove\u0107anje prelaska putnika za 118 odsto, dok je broj motornih vozila koji u\u0111u ili iza\u0111u iz Crne Gore ve\u0107i za 45 odsto. Rekordan broj putnika proteklih dana posledica je velike najezde turista sa Kosova, koji ove turisti\u010dke sezone u Crnu Goru dolaze uglavnom preko Albanije, zbog kvalitetnije putne mre\u017ee (izgra\u0111en novi autoput).<\/p>\n<p><a href=\"http:\/\/www.dan.co.me\/?nivo=3&amp;rubrika=Regioni&amp;clanak=288424&amp;datum=2011-07-15\" target=\"_blank\"><strong>Izvor: DAN<\/strong><\/a><br \/>\n<!--YouTube Error: bad URL entered--><\/p>\n","protected":false},"excerpt":{"rendered":"<p>Kosovski mediji pi\u0161u da turisti\u010dka sezona u najju\u017enijoj op\u0161tini nikad nije bila bolja Ako je vjerovati informativnom portalu \u201eKoha net&#8221; sa Kosova u najju\u017enijoj crnogorskoj op\u0161tini trenutno se odmara oko 100 hiljada turista. Ne navode\u0107i na osnovu kojih parametara se do\u0161lo do te brojke, taj elektronski medij navodi da se u Ulcinju uglavnom odmaraju turisti [&hellip;]<\/p>\n","protected":false},"author":1,"featured_media":0,"comment_status":"open","ping_status":"closed","sticky":false,"template":"","format":"standard","meta":{"spay_email":"","jetpack_publicize_message":"","jetpack_is_tweetstorm":false,"jetpack_publicize_feature_enabled":true},"categories":[8337],"tags":[18691,20,18407,10343,19],"jetpack_publicize_connections":[],"yoast_head":"<!-- This site is optimized with the Yoast SEO plugin v19.1 - https:\/\/yoast.com\/wordpress\/plugins\/seo\/ -->\n<title>Ulcinjani ugostili 100 hiljada turista - Lajme nga Ulqini<\/title>\n<meta name=\"description\" content=\"Kosovski mediji pi\u0161u da turisti\u010dka sezona u najju\u017enijoj op\u0161tini nikad nije bila bolja Ako je vjerovati informativnom portalu \u201eKoha net&quot; sa Kosova u\" \/>\n<meta name=\"robots\" content=\"index, follow, max-snippet:-1, max-image-preview:large, max-video-preview:-1\" \/>\n<link rel=\"canonical\" href=\"https:\/\/www.visit-ulcinj.com\/blog\/2011\/07\/15\/ulcinjani-ugostili-100-hiljada-turista\/\" \/>\n<meta property=\"og:locale\" content=\"en_US\" \/>\n<meta property=\"og:type\" content=\"article\" \/>\n<meta property=\"og:title\" content=\"Ulcinjani ugostili 100 hiljada turista - Lajme nga Ulqini\" \/>\n<meta property=\"og:description\" content=\"Kosovski mediji pi\u0161u da turisti\u010dka sezona u najju\u017enijoj op\u0161tini nikad nije bila bolja Ako je vjerovati informativnom portalu \u201eKoha net&quot; sa Kosova u\" \/>\n<meta property=\"og:url\" content=\"https:\/\/www.visit-ulcinj.com\/blog\/2011\/07\/15\/ulcinjani-ugostili-100-hiljada-turista\/\" \/>\n<meta property=\"og:site_name\" content=\"Lajme nga Ulqini\" \/>\n<meta property=\"article:published_time\" content=\"2011-07-15T20:06:10+00:00\" \/>\n<meta property=\"article:modified_time\" content=\"2011-07-15T20:06:51+00:00\" \/>\n<meta property=\"og:image\" content=\"http:\/\/www.visit-ulcinj.com\/blog\/wp-content\/uploads\/2011\/07\/Ulcinjani-ugostili-100-hiljada-turista.jpg\" \/>\n<meta name=\"twitter:label1\" content=\"Written by\" \/>\n\t<meta name=\"twitter:data1\" content=\"ulqini\" \/>\n\t<meta name=\"twitter:label2\" content=\"Est. reading time\" \/>\n\t<meta name=\"twitter:data2\" content=\"3 minutes\" \/>\n<script type=\"application\/ld+json\" class=\"yoast-schema-graph\">{\"@context\":\"https:\/\/schema.org\",\"@graph\":[{\"@type\":\"WebSite\",\"@id\":\"https:\/\/www.visit-ulcinj.com\/blog\/#website\",\"url\":\"https:\/\/www.visit-ulcinj.com\/blog\/\",\"name\":\"Lajme nga Ulqini\",\"description\":\"Lajme,Vijesti,Ulqini,Ulqin,Crna Gora,Mali i Zi\",\"potentialAction\":[{\"@type\":\"SearchAction\",\"target\":{\"@type\":\"EntryPoint\",\"urlTemplate\":\"https:\/\/www.visit-ulcinj.com\/blog\/?s={search_term_string}\"},\"query-input\":\"required name=search_term_string\"}],\"inLanguage\":\"en-US\"},{\"@type\":\"ImageObject\",\"inLanguage\":\"en-US\",\"@id\":\"https:\/\/www.visit-ulcinj.com\/blog\/2011\/07\/15\/ulcinjani-ugostili-100-hiljada-turista\/#primaryimage\",\"url\":\"https:\/\/www.visit-ulcinj.com\/blog\/wp-content\/uploads\/2011\/07\/Ulcinjani-ugostili-100-hiljada-turista.jpg\",\"contentUrl\":\"https:\/\/www.visit-ulcinj.com\/blog\/wp-content\/uploads\/2011\/07\/Ulcinjani-ugostili-100-hiljada-turista.jpg\",\"width\":\"800\",\"height\":\"479\"},{\"@type\":\"WebPage\",\"@id\":\"https:\/\/www.visit-ulcinj.com\/blog\/2011\/07\/15\/ulcinjani-ugostili-100-hiljada-turista\/#webpage\",\"url\":\"https:\/\/www.visit-ulcinj.com\/blog\/2011\/07\/15\/ulcinjani-ugostili-100-hiljada-turista\/\",\"name\":\"Ulcinjani ugostili 100 hiljada turista - Lajme nga Ulqini\",\"isPartOf\":{\"@id\":\"https:\/\/www.visit-ulcinj.com\/blog\/#website\"},\"primaryImageOfPage\":{\"@id\":\"https:\/\/www.visit-ulcinj.com\/blog\/2011\/07\/15\/ulcinjani-ugostili-100-hiljada-turista\/#primaryimage\"},\"datePublished\":\"2011-07-15T20:06:10+00:00\",\"dateModified\":\"2011-07-15T20:06:51+00:00\",\"author\":{\"@id\":\"https:\/\/www.visit-ulcinj.com\/blog\/#\/schema\/person\/dcab619c614d3038751c63bc2aadc06d\"},\"description\":\"Kosovski mediji pi\u0161u da turisti\u010dka sezona u najju\u017enijoj op\u0161tini nikad nije bila bolja Ako je vjerovati informativnom portalu \u201eKoha net\\\" sa Kosova u\",\"breadcrumb\":{\"@id\":\"https:\/\/www.visit-ulcinj.com\/blog\/2011\/07\/15\/ulcinjani-ugostili-100-hiljada-turista\/#breadcrumb\"},\"inLanguage\":\"en-US\",\"potentialAction\":[{\"@type\":\"ReadAction\",\"target\":[\"https:\/\/www.visit-ulcinj.com\/blog\/2011\/07\/15\/ulcinjani-ugostili-100-hiljada-turista\/\"]}]},{\"@type\":\"BreadcrumbList\",\"@id\":\"https:\/\/www.visit-ulcinj.com\/blog\/2011\/07\/15\/ulcinjani-ugostili-100-hiljada-turista\/#breadcrumb\",\"itemListElement\":[{\"@type\":\"ListItem\",\"position\":1,\"name\":\"Ulcinjani ugostili 100 hiljada turista\"}]},{\"@type\":\"Person\",\"@id\":\"https:\/\/www.visit-ulcinj.com\/blog\/#\/schema\/person\/dcab619c614d3038751c63bc2aadc06d\",\"name\":\"ulqini\",\"sameAs\":[\"http:\/\/www.visit-ulcinj.com\"],\"url\":\"https:\/\/www.visit-ulcinj.com\/blog\/author\/admin\/\"}]}<\/script>\n<!-- \/ Yoast SEO plugin. -->","yoast_head_json":{"title":"Ulcinjani ugostili 100 hiljada turista - Lajme nga Ulqini","description":"Kosovski mediji pi\u0161u da turisti\u010dka sezona u najju\u017enijoj op\u0161tini nikad nije bila bolja Ako je vjerovati informativnom portalu \u201eKoha net\" sa Kosova u","robots":{"index":"index","follow":"follow","max-snippet":"max-snippet:-1","max-image-preview":"max-image-preview:large","max-video-preview":"max-video-preview:-1"},"canonical":"https:\/\/www.visit-ulcinj.com\/blog\/2011\/07\/15\/ulcinjani-ugostili-100-hiljada-turista\/","og_locale":"en_US","og_type":"article","og_title":"Ulcinjani ugostili 100 hiljada turista - Lajme nga Ulqini","og_description":"Kosovski mediji pi\u0161u da turisti\u010dka sezona u najju\u017enijoj op\u0161tini nikad nije bila bolja Ako je vjerovati informativnom portalu \u201eKoha net\" sa Kosova u","og_url":"https:\/\/www.visit-ulcinj.com\/blog\/2011\/07\/15\/ulcinjani-ugostili-100-hiljada-turista\/","og_site_name":"Lajme nga Ulqini","article_published_time":"2011-07-15T20:06:10+00:00","article_modified_time":"2011-07-15T20:06:51+00:00","og_image":[{"url":"http:\/\/www.visit-ulcinj.com\/blog\/wp-content\/uploads\/2011\/07\/Ulcinjani-ugostili-100-hiljada-turista.jpg"}],"twitter_misc":{"Written by":"ulqini","Est. reading time":"3 minutes"},"schema":{"@context":"https:\/\/schema.org","@graph":[{"@type":"WebSite","@id":"https:\/\/www.visit-ulcinj.com\/blog\/#website","url":"https:\/\/www.visit-ulcinj.com\/blog\/","name":"Lajme nga Ulqini","description":"Lajme,Vijesti,Ulqini,Ulqin,Crna Gora,Mali i Zi","potentialAction":[{"@type":"SearchAction","target":{"@type":"EntryPoint","urlTemplate":"https:\/\/www.visit-ulcinj.com\/blog\/?s={search_term_string}"},"query-input":"required name=search_term_string"}],"inLanguage":"en-US"},{"@type":"ImageObject","inLanguage":"en-US","@id":"https:\/\/www.visit-ulcinj.com\/blog\/2011\/07\/15\/ulcinjani-ugostili-100-hiljada-turista\/#primaryimage","url":"https:\/\/www.visit-ulcinj.com\/blog\/wp-content\/uploads\/2011\/07\/Ulcinjani-ugostili-100-hiljada-turista.jpg","contentUrl":"https:\/\/www.visit-ulcinj.com\/blog\/wp-content\/uploads\/2011\/07\/Ulcinjani-ugostili-100-hiljada-turista.jpg","width":"800","height":"479"},{"@type":"WebPage","@id":"https:\/\/www.visit-ulcinj.com\/blog\/2011\/07\/15\/ulcinjani-ugostili-100-hiljada-turista\/#webpage","url":"https:\/\/www.visit-ulcinj.com\/blog\/2011\/07\/15\/ulcinjani-ugostili-100-hiljada-turista\/","name":"Ulcinjani ugostili 100 hiljada turista - Lajme nga Ulqini","isPartOf":{"@id":"https:\/\/www.visit-ulcinj.com\/blog\/#website"},"primaryImageOfPage":{"@id":"https:\/\/www.visit-ulcinj.com\/blog\/2011\/07\/15\/ulcinjani-ugostili-100-hiljada-turista\/#primaryimage"},"datePublished":"2011-07-15T20:06:10+00:00","dateModified":"2011-07-15T20:06:51+00:00","author":{"@id":"https:\/\/www.visit-ulcinj.com\/blog\/#\/schema\/person\/dcab619c614d3038751c63bc2aadc06d"},"description":"Kosovski mediji pi\u0161u da turisti\u010dka sezona u najju\u017enijoj op\u0161tini nikad nije bila bolja Ako je vjerovati informativnom portalu \u201eKoha net\" sa Kosova u","breadcrumb":{"@id":"https:\/\/www.visit-ulcinj.com\/blog\/2011\/07\/15\/ulcinjani-ugostili-100-hiljada-turista\/#breadcrumb"},"inLanguage":"en-US","potentialAction":[{"@type":"ReadAction","target":["https:\/\/www.visit-ulcinj.com\/blog\/2011\/07\/15\/ulcinjani-ugostili-100-hiljada-turista\/"]}]},{"@type":"BreadcrumbList","@id":"https:\/\/www.visit-ulcinj.com\/blog\/2011\/07\/15\/ulcinjani-ugostili-100-hiljada-turista\/#breadcrumb","itemListElement":[{"@type":"ListItem","position":1,"name":"Ulcinjani ugostili 100 hiljada turista"}]},{"@type":"Person","@id":"https:\/\/www.visit-ulcinj.com\/blog\/#\/schema\/person\/dcab619c614d3038751c63bc2aadc06d","name":"ulqini","sameAs":["http:\/\/www.visit-ulcinj.com"],"url":"https:\/\/www.visit-ulcinj.com\/blog\/author\/admin\/"}]}},"jetpack_featured_media_url":"","jetpack_sharing_enabled":true,"jetpack_shortlink":"https:\/\/wp.me\/pe6lTn-cKF","_links":{"self":[{"href":"https:\/\/www.visit-ulcinj.com\/blog\/wp-json\/wp\/v2\/posts\/49021"}],"collection":[{"href":"https:\/\/www.visit-ulcinj.com\/blog\/wp-json\/wp\/v2\/posts"}],"about":[{"href":"https:\/\/www.visit-ulcinj.com\/blog\/wp-json\/wp\/v2\/types\/post"}],"author":[{"embeddable":true,"href":"https:\/\/www.visit-ulcinj.com\/blog\/wp-json\/wp\/v2\/users\/1"}],"replies":[{"embeddable":true,"href":"https:\/\/www.visit-ulcinj.com\/blog\/wp-json\/wp\/v2\/comments?post=49021"}],"version-history":[{"count":2,"href":"https:\/\/www.visit-ulcinj.com\/blog\/wp-json\/wp\/v2\/posts\/49021\/revisions"}],"predecessor-version":[{"id":49032,"href":"https:\/\/www.visit-ulcinj.com\/blog\/wp-json\/wp\/v2\/posts\/49021\/revisions\/49032"}],"wp:attachment":[{"href":"https:\/\/www.visit-ulcinj.com\/blog\/wp-json\/wp\/v2\/media?parent=49021"}],"wp:term":[{"taxonomy":"category","embeddable":true,"href":"https:\/\/www.visit-ulcinj.com\/blog\/wp-json\/wp\/v2\/categories?post=49021"},{"taxonomy":"post_tag","embeddable":true,"href":"https:\/\/www.visit-ulcinj.com\/blog\/wp-json\/wp\/v2\/tags?post=49021"}],"curies":[{"name":"wp","href":"https:\/\/api.w.org\/{rel}","templated":true}]}}