{"id":49062,"date":"2011-07-15T23:19:50","date_gmt":"2011-07-15T22:19:50","guid":{"rendered":"http:\/\/www.visit-ulcinj.com\/blog\/?p=49062"},"modified":"2011-07-15T23:19:50","modified_gmt":"2011-07-15T22:19:50","slug":"mikan-zec-ovogodisnja-ljetnja-sezona-znatno-bolja-nego-lani","status":"publish","type":"post","link":"https:\/\/www.visit-ulcinj.com\/blog\/2011\/07\/15\/mikan-zec-ovogodisnja-ljetnja-sezona-znatno-bolja-nego-lani\/","title":{"rendered":"Mikan Zec: Ovogodi\u0161nja ljetnja sezona znatno bolja nego lani"},"content":{"rendered":"<p><a href=\"http:\/\/www.visit-ulcinj.com\/blog\/wp-content\/uploads\/2011\/07\/Mikan-Zec-Direktor-HTP-Ulcinjska-rivijera.jpg\"><img loading=\"lazy\" class=\"alignleft size-full wp-image-49063\" title=\"Mikan Zec - Direktor HTP Ulcinjska rivijera\" src=\"http:\/\/www.visit-ulcinj.com\/blog\/wp-content\/uploads\/2011\/07\/Mikan-Zec-Direktor-HTP-Ulcinjska-rivijera.jpg\" alt=\"\" width=\"320\" height=\"408\" srcset=\"https:\/\/www.visit-ulcinj.com\/blog\/wp-content\/uploads\/2011\/07\/Mikan-Zec-Direktor-HTP-Ulcinjska-rivijera.jpg 320w, https:\/\/www.visit-ulcinj.com\/blog\/wp-content\/uploads\/2011\/07\/Mikan-Zec-Direktor-HTP-Ulcinjska-rivijera-235x300.jpg 235w\" sizes=\"(max-width: 320px) 100vw, 320px\" \/><\/a>Ovogodi\u0161nja ljetnja turisti\u010dka sezona znatno je bolja nego pro\u0161logodi\u0161nja \u0161to potvrdjuje i porast broja turista, saglasni su turisti\u010dki poslenici u razgovoru za na\u0161 radio.<\/p>\n<p>Direktor HTP Ulcinjska rivijera Mikan Zec za Antenu M ka\u017ee da na Ulcinjskoj rivijeri boravi 50 hiljada turista, sto je duplo vise nego u istom proslogodisnjem periodu,<\/p>\n<p>Razlog ve\u0107e posje\u0107enosti Zec vidi znatno boljoj turisti\u010dkoj ponudi:<\/p>\n<p>\u00ab Podizanjem kvaliteta usluge mi imamo duplo ve\u0107u posjetu nego u istom periodu pro\u0161le godine. Ne samo to. Mi prakti\u010dno na na\u0161oj osnovnoj ponudi, na Velikoj pla\u017ei gdje raspola\u017eemo sa 1100 kreveta prakti\u010dno tokom juna i jula mjeseca nemamo slobodnog mjesta.\u00bb<\/p>\n<p>Dobru posje\u0107enost Zec o\u010dekuje i do kraja ljetnje sezone koja \u0107e, prema njegovim rije\u010dima, trajati do 15 septembra:<\/p>\n<p>\u00ab Ja mislim da \u0107e ovaj trend biti isti ili \u0107e malo rasti. Prema bukingu o\u010dekujemo, prema ugovorima i prodaji da sezona bude do 15 septembra. O\u010dekujemo da \u0107e \u0161pic sezone biti negdje sredinom avgusta i da \u0107e 15 septembra do\u0107i do normalnog pada.\u00bb<\/p>\n<p>Razloga za zadovoljstvo imaju i u Budvi. Da je ovogodi\u0161nja ljetnja sezona bolja nego pro\u0161logodi\u0161nja potvr\u0111uje i direktor hotela Splendid \u017darko Radulovi\u0107.<\/p>\n<p>Taj hotel, prema rije\u010dima Radulovi\u0107a, bilje\u017ei veoma dobru posje\u0107enost.<\/p>\n<p>\u00ab Iznad 90 odsto je popunjen \u0161to je jako dobro. Ja bih sad potpisao za 10 godina slede\u0107ih da budemo na tom nivou, kad bi neko mogao garantovati. Ne treba nam 100 odsto, stotinu ne ostvari niko.\u00bb<\/p>\n<p>Radulovi\u0107 ka\u017ee da je zabilje\u017een rast stranih turista, mada nijesu zanemarljivi ni turisti iz regiona:<\/p>\n<p>\u00ab Region je definitivno proradio kada je u pitanju hotel \u00ab Splendid\u00bb a \u010dini mi se i kada je u pitanju Crna Gora. Uspjeli smo da se pozicioniramo dosta dobro, da zainteresujemo najbli\u017ee okru\u017eenje za Crnu Goru, da izbalansiramo i cjenovnu politiku jer mislim da ovo ljeto nismo \u00abpodivljali\u00bb sa cijenama i normalno rezultat je tu.\u00bb<\/p>\n<p><a href=\"http:\/\/antenam.net\/sajt\/index.php?option=com_content&amp;view=article&amp;id=5776:ovogodinja-ljetnja-sezona-znatno-bolja-nego-lani&amp;catid=35:drutvo&amp;Itemid=54\" target=\"_blank\"><strong>Izvor: Antena M<\/strong><\/a><\/p>\n<!--YouTube Error: bad URL entered-->\n","protected":false},"excerpt":{"rendered":"<p>Ovogodi\u0161nja ljetnja turisti\u010dka sezona znatno je bolja nego pro\u0161logodi\u0161nja \u0161to potvrdjuje i porast broja turista, saglasni su turisti\u010dki poslenici u razgovoru za na\u0161 radio. Direktor HTP Ulcinjska rivijera Mikan Zec za Antenu M ka\u017ee da na Ulcinjskoj rivijeri boravi 50 hiljada turista, sto je duplo vise nego u istom proslogodisnjem periodu, Razlog ve\u0107e posje\u0107enosti Zec [&hellip;]<\/p>\n","protected":false},"author":1,"featured_media":0,"comment_status":"open","ping_status":"closed","sticky":false,"template":"","format":"standard","meta":{"spay_email":"","jetpack_publicize_message":"","jetpack_is_tweetstorm":false,"jetpack_publicize_feature_enabled":true},"categories":[8337],"tags":[12328,12327,19],"jetpack_publicize_connections":[],"yoast_head":"<!-- This site is optimized with the Yoast SEO plugin v19.1 - https:\/\/yoast.com\/wordpress\/plugins\/seo\/ -->\n<title>Mikan Zec: Ovogodi\u0161nja ljetnja sezona znatno bolja nego lani - Lajme nga Ulqini<\/title>\n<meta name=\"description\" content=\"Ovogodi\u0161nja ljetnja turisti\u010dka sezona znatno je bolja nego pro\u0161logodi\u0161nja \u0161to potvrdjuje i porast broja turista, saglasni su turisti\u010dki poslenici u\" \/>\n<meta name=\"robots\" content=\"index, follow, max-snippet:-1, max-image-preview:large, max-video-preview:-1\" \/>\n<link rel=\"canonical\" href=\"https:\/\/www.visit-ulcinj.com\/blog\/2011\/07\/15\/mikan-zec-ovogodisnja-ljetnja-sezona-znatno-bolja-nego-lani\/\" \/>\n<meta property=\"og:locale\" content=\"en_US\" \/>\n<meta property=\"og:type\" content=\"article\" \/>\n<meta property=\"og:title\" content=\"Mikan Zec: Ovogodi\u0161nja ljetnja sezona znatno bolja nego lani - Lajme nga Ulqini\" \/>\n<meta property=\"og:description\" content=\"Ovogodi\u0161nja ljetnja turisti\u010dka sezona znatno je bolja nego pro\u0161logodi\u0161nja \u0161to potvrdjuje i porast broja turista, saglasni su turisti\u010dki poslenici u\" \/>\n<meta property=\"og:url\" content=\"https:\/\/www.visit-ulcinj.com\/blog\/2011\/07\/15\/mikan-zec-ovogodisnja-ljetnja-sezona-znatno-bolja-nego-lani\/\" \/>\n<meta property=\"og:site_name\" content=\"Lajme nga Ulqini\" \/>\n<meta property=\"article:published_time\" content=\"2011-07-15T22:19:50+00:00\" \/>\n<meta property=\"og:image\" content=\"http:\/\/www.visit-ulcinj.com\/blog\/wp-content\/uploads\/2011\/07\/Mikan-Zec-Direktor-HTP-Ulcinjska-rivijera.jpg\" \/>\n<meta name=\"twitter:label1\" content=\"Written by\" \/>\n\t<meta name=\"twitter:data1\" content=\"ulqini\" \/>\n\t<meta name=\"twitter:label2\" content=\"Est. reading time\" \/>\n\t<meta name=\"twitter:data2\" content=\"2 minutes\" \/>\n<script type=\"application\/ld+json\" class=\"yoast-schema-graph\">{\"@context\":\"https:\/\/schema.org\",\"@graph\":[{\"@type\":\"WebSite\",\"@id\":\"https:\/\/www.visit-ulcinj.com\/blog\/#website\",\"url\":\"https:\/\/www.visit-ulcinj.com\/blog\/\",\"name\":\"Lajme nga Ulqini\",\"description\":\"Lajme,Vijesti,Ulqini,Ulqin,Crna Gora,Mali i Zi\",\"potentialAction\":[{\"@type\":\"SearchAction\",\"target\":{\"@type\":\"EntryPoint\",\"urlTemplate\":\"https:\/\/www.visit-ulcinj.com\/blog\/?s={search_term_string}\"},\"query-input\":\"required name=search_term_string\"}],\"inLanguage\":\"en-US\"},{\"@type\":\"ImageObject\",\"inLanguage\":\"en-US\",\"@id\":\"https:\/\/www.visit-ulcinj.com\/blog\/2011\/07\/15\/mikan-zec-ovogodisnja-ljetnja-sezona-znatno-bolja-nego-lani\/#primaryimage\",\"url\":\"https:\/\/www.visit-ulcinj.com\/blog\/wp-content\/uploads\/2011\/07\/Mikan-Zec-Direktor-HTP-Ulcinjska-rivijera.jpg\",\"contentUrl\":\"https:\/\/www.visit-ulcinj.com\/blog\/wp-content\/uploads\/2011\/07\/Mikan-Zec-Direktor-HTP-Ulcinjska-rivijera.jpg\",\"width\":\"320\",\"height\":\"408\"},{\"@type\":\"WebPage\",\"@id\":\"https:\/\/www.visit-ulcinj.com\/blog\/2011\/07\/15\/mikan-zec-ovogodisnja-ljetnja-sezona-znatno-bolja-nego-lani\/#webpage\",\"url\":\"https:\/\/www.visit-ulcinj.com\/blog\/2011\/07\/15\/mikan-zec-ovogodisnja-ljetnja-sezona-znatno-bolja-nego-lani\/\",\"name\":\"Mikan Zec: Ovogodi\u0161nja ljetnja sezona znatno bolja nego lani - Lajme nga Ulqini\",\"isPartOf\":{\"@id\":\"https:\/\/www.visit-ulcinj.com\/blog\/#website\"},\"primaryImageOfPage\":{\"@id\":\"https:\/\/www.visit-ulcinj.com\/blog\/2011\/07\/15\/mikan-zec-ovogodisnja-ljetnja-sezona-znatno-bolja-nego-lani\/#primaryimage\"},\"datePublished\":\"2011-07-15T22:19:50+00:00\",\"dateModified\":\"2011-07-15T22:19:50+00:00\",\"author\":{\"@id\":\"https:\/\/www.visit-ulcinj.com\/blog\/#\/schema\/person\/dcab619c614d3038751c63bc2aadc06d\"},\"description\":\"Ovogodi\u0161nja ljetnja turisti\u010dka sezona znatno je bolja nego pro\u0161logodi\u0161nja \u0161to potvrdjuje i porast broja turista, saglasni su turisti\u010dki poslenici u\",\"breadcrumb\":{\"@id\":\"https:\/\/www.visit-ulcinj.com\/blog\/2011\/07\/15\/mikan-zec-ovogodisnja-ljetnja-sezona-znatno-bolja-nego-lani\/#breadcrumb\"},\"inLanguage\":\"en-US\",\"potentialAction\":[{\"@type\":\"ReadAction\",\"target\":[\"https:\/\/www.visit-ulcinj.com\/blog\/2011\/07\/15\/mikan-zec-ovogodisnja-ljetnja-sezona-znatno-bolja-nego-lani\/\"]}]},{\"@type\":\"BreadcrumbList\",\"@id\":\"https:\/\/www.visit-ulcinj.com\/blog\/2011\/07\/15\/mikan-zec-ovogodisnja-ljetnja-sezona-znatno-bolja-nego-lani\/#breadcrumb\",\"itemListElement\":[{\"@type\":\"ListItem\",\"position\":1,\"name\":\"Mikan Zec: Ovogodi\u0161nja ljetnja sezona znatno bolja nego lani\"}]},{\"@type\":\"Person\",\"@id\":\"https:\/\/www.visit-ulcinj.com\/blog\/#\/schema\/person\/dcab619c614d3038751c63bc2aadc06d\",\"name\":\"ulqini\",\"sameAs\":[\"http:\/\/www.visit-ulcinj.com\"],\"url\":\"https:\/\/www.visit-ulcinj.com\/blog\/author\/admin\/\"}]}<\/script>\n<!-- \/ Yoast SEO plugin. -->","yoast_head_json":{"title":"Mikan Zec: Ovogodi\u0161nja ljetnja sezona znatno bolja nego lani - Lajme nga Ulqini","description":"Ovogodi\u0161nja ljetnja turisti\u010dka sezona znatno je bolja nego pro\u0161logodi\u0161nja \u0161to potvrdjuje i porast broja turista, saglasni su turisti\u010dki poslenici u","robots":{"index":"index","follow":"follow","max-snippet":"max-snippet:-1","max-image-preview":"max-image-preview:large","max-video-preview":"max-video-preview:-1"},"canonical":"https:\/\/www.visit-ulcinj.com\/blog\/2011\/07\/15\/mikan-zec-ovogodisnja-ljetnja-sezona-znatno-bolja-nego-lani\/","og_locale":"en_US","og_type":"article","og_title":"Mikan Zec: Ovogodi\u0161nja ljetnja sezona znatno bolja nego lani - Lajme nga Ulqini","og_description":"Ovogodi\u0161nja ljetnja turisti\u010dka sezona znatno je bolja nego pro\u0161logodi\u0161nja \u0161to potvrdjuje i porast broja turista, saglasni su turisti\u010dki poslenici u","og_url":"https:\/\/www.visit-ulcinj.com\/blog\/2011\/07\/15\/mikan-zec-ovogodisnja-ljetnja-sezona-znatno-bolja-nego-lani\/","og_site_name":"Lajme nga Ulqini","article_published_time":"2011-07-15T22:19:50+00:00","og_image":[{"url":"http:\/\/www.visit-ulcinj.com\/blog\/wp-content\/uploads\/2011\/07\/Mikan-Zec-Direktor-HTP-Ulcinjska-rivijera.jpg"}],"twitter_misc":{"Written by":"ulqini","Est. reading time":"2 minutes"},"schema":{"@context":"https:\/\/schema.org","@graph":[{"@type":"WebSite","@id":"https:\/\/www.visit-ulcinj.com\/blog\/#website","url":"https:\/\/www.visit-ulcinj.com\/blog\/","name":"Lajme nga Ulqini","description":"Lajme,Vijesti,Ulqini,Ulqin,Crna Gora,Mali i Zi","potentialAction":[{"@type":"SearchAction","target":{"@type":"EntryPoint","urlTemplate":"https:\/\/www.visit-ulcinj.com\/blog\/?s={search_term_string}"},"query-input":"required name=search_term_string"}],"inLanguage":"en-US"},{"@type":"ImageObject","inLanguage":"en-US","@id":"https:\/\/www.visit-ulcinj.com\/blog\/2011\/07\/15\/mikan-zec-ovogodisnja-ljetnja-sezona-znatno-bolja-nego-lani\/#primaryimage","url":"https:\/\/www.visit-ulcinj.com\/blog\/wp-content\/uploads\/2011\/07\/Mikan-Zec-Direktor-HTP-Ulcinjska-rivijera.jpg","contentUrl":"https:\/\/www.visit-ulcinj.com\/blog\/wp-content\/uploads\/2011\/07\/Mikan-Zec-Direktor-HTP-Ulcinjska-rivijera.jpg","width":"320","height":"408"},{"@type":"WebPage","@id":"https:\/\/www.visit-ulcinj.com\/blog\/2011\/07\/15\/mikan-zec-ovogodisnja-ljetnja-sezona-znatno-bolja-nego-lani\/#webpage","url":"https:\/\/www.visit-ulcinj.com\/blog\/2011\/07\/15\/mikan-zec-ovogodisnja-ljetnja-sezona-znatno-bolja-nego-lani\/","name":"Mikan Zec: Ovogodi\u0161nja ljetnja sezona znatno bolja nego lani - Lajme nga Ulqini","isPartOf":{"@id":"https:\/\/www.visit-ulcinj.com\/blog\/#website"},"primaryImageOfPage":{"@id":"https:\/\/www.visit-ulcinj.com\/blog\/2011\/07\/15\/mikan-zec-ovogodisnja-ljetnja-sezona-znatno-bolja-nego-lani\/#primaryimage"},"datePublished":"2011-07-15T22:19:50+00:00","dateModified":"2011-07-15T22:19:50+00:00","author":{"@id":"https:\/\/www.visit-ulcinj.com\/blog\/#\/schema\/person\/dcab619c614d3038751c63bc2aadc06d"},"description":"Ovogodi\u0161nja ljetnja turisti\u010dka sezona znatno je bolja nego pro\u0161logodi\u0161nja \u0161to potvrdjuje i porast broja turista, saglasni su turisti\u010dki poslenici u","breadcrumb":{"@id":"https:\/\/www.visit-ulcinj.com\/blog\/2011\/07\/15\/mikan-zec-ovogodisnja-ljetnja-sezona-znatno-bolja-nego-lani\/#breadcrumb"},"inLanguage":"en-US","potentialAction":[{"@type":"ReadAction","target":["https:\/\/www.visit-ulcinj.com\/blog\/2011\/07\/15\/mikan-zec-ovogodisnja-ljetnja-sezona-znatno-bolja-nego-lani\/"]}]},{"@type":"BreadcrumbList","@id":"https:\/\/www.visit-ulcinj.com\/blog\/2011\/07\/15\/mikan-zec-ovogodisnja-ljetnja-sezona-znatno-bolja-nego-lani\/#breadcrumb","itemListElement":[{"@type":"ListItem","position":1,"name":"Mikan Zec: Ovogodi\u0161nja ljetnja sezona znatno bolja nego lani"}]},{"@type":"Person","@id":"https:\/\/www.visit-ulcinj.com\/blog\/#\/schema\/person\/dcab619c614d3038751c63bc2aadc06d","name":"ulqini","sameAs":["http:\/\/www.visit-ulcinj.com"],"url":"https:\/\/www.visit-ulcinj.com\/blog\/author\/admin\/"}]}},"jetpack_featured_media_url":"","jetpack_sharing_enabled":true,"jetpack_shortlink":"https:\/\/wp.me\/pe6lTn-cLk","_links":{"self":[{"href":"https:\/\/www.visit-ulcinj.com\/blog\/wp-json\/wp\/v2\/posts\/49062"}],"collection":[{"href":"https:\/\/www.visit-ulcinj.com\/blog\/wp-json\/wp\/v2\/posts"}],"about":[{"href":"https:\/\/www.visit-ulcinj.com\/blog\/wp-json\/wp\/v2\/types\/post"}],"author":[{"embeddable":true,"href":"https:\/\/www.visit-ulcinj.com\/blog\/wp-json\/wp\/v2\/users\/1"}],"replies":[{"embeddable":true,"href":"https:\/\/www.visit-ulcinj.com\/blog\/wp-json\/wp\/v2\/comments?post=49062"}],"version-history":[{"count":1,"href":"https:\/\/www.visit-ulcinj.com\/blog\/wp-json\/wp\/v2\/posts\/49062\/revisions"}],"predecessor-version":[{"id":49064,"href":"https:\/\/www.visit-ulcinj.com\/blog\/wp-json\/wp\/v2\/posts\/49062\/revisions\/49064"}],"wp:attachment":[{"href":"https:\/\/www.visit-ulcinj.com\/blog\/wp-json\/wp\/v2\/media?parent=49062"}],"wp:term":[{"taxonomy":"category","embeddable":true,"href":"https:\/\/www.visit-ulcinj.com\/blog\/wp-json\/wp\/v2\/categories?post=49062"},{"taxonomy":"post_tag","embeddable":true,"href":"https:\/\/www.visit-ulcinj.com\/blog\/wp-json\/wp\/v2\/tags?post=49062"}],"curies":[{"name":"wp","href":"https:\/\/api.w.org\/{rel}","templated":true}]}}