{"id":49084,"date":"2011-07-16T09:21:46","date_gmt":"2011-07-16T08:21:46","guid":{"rendered":"http:\/\/www.visit-ulcinj.com\/blog\/?p=49084"},"modified":"2011-07-17T15:22:10","modified_gmt":"2011-07-17T14:22:10","slug":"plazhi-i-valdanosit-hape-dyert-per-vizitor","status":"publish","type":"post","link":"https:\/\/www.visit-ulcinj.com\/blog\/2011\/07\/16\/plazhi-i-valdanosit-hape-dyert-per-vizitor\/","title":{"rendered":"Plazhi i Valdanosit hap\u00eb dyert p\u00ebr vizitor"},"content":{"rendered":"<p><a href=\"http:\/\/www.visit-ulcinj.com\/blog\/wp-content\/uploads\/2011\/07\/Plazhi-i-Valdanosit_Gjiri-i-Valdanosit_Lugina-e-Valdanosit_Ulqin.jpg\"><img loading=\"lazy\" class=\"alignleft size-full wp-image-49085\" title=\"Plazhi i Valdanosit_Gjiri i Valdanosit_Lugina e Valdanosit_Ulqin\" src=\"http:\/\/www.visit-ulcinj.com\/blog\/wp-content\/uploads\/2011\/07\/Plazhi-i-Valdanosit_Gjiri-i-Valdanosit_Lugina-e-Valdanosit_Ulqin.jpg\" alt=\"\" width=\"508\" height=\"380\" \/><\/a>Plazhi i Valdanosit me form\u00ebn e nj\u00eb patkoi dhe me nj\u00eb em\u00ebr qe mbart histori Plazhi i Valdanosit \u00ebsht\u00eb nj\u00eb nga perlat e bregdetit te Ulqinit. Ai ka nj\u00eb det te thell\u00eb dhe r\u00ebr\u00eb te im\u00ebt nga guri.<br \/>\nPlazhi rrethohet nga pylli dhe shkurret mesdhetare duke i dh\u00ebn\u00eb zon\u00ebs nj\u00eb freski te ve\u00e7ante ne k\u00ebto dite te nxehta vere. Plazhi i Valdanosit \u00a0\u00ebsht\u00eb ende ne zhvillim e sip\u00ebr p\u00ebr sa i p\u00ebrket sh\u00ebrbimeve dhe infrastruktur\u00ebs turistike, por pushuesit i g\u00ebzohen bukurive te natyr\u00ebs dhe past\u00ebrtis\u00eb qe \u00ebsht\u00eb e v\u00ebshtir\u00eb ta gjesh ne disa plazhe te tjera. N\u00eb Ulqin rreth kat\u00ebr kilometra n\u00eb veri t\u00eb qytetit, rrug\u00ebs p\u00ebr n\u00eb Tivar, gjendet nj\u00eb gji i mbyllur i mbuluar me ullinj 500-vje\u00e7ar\u00eb, gjiri i Valdanosit. Aty gjendet nj\u00eb pjes\u00eb e konsiderueshme e ullinjve t\u00eb t\u00eb gjith\u00eb zon\u00ebs. Fati i atij gjiri ka shqet\u00ebsuar tashm\u00eb prej tre dekadash ulqinak\u00ebt, nd\u00ebrsa s\u00eb fundmi \u00ebsht\u00eb kthyer s\u00ebrish n\u00eb qend\u00ebr t\u00eb v\u00ebmendjes.<br \/>\nPlazhi q\u00eb shtrihet midis dy kepave shk\u00ebmbore dhe qe \u00ebsht\u00eb formuar nga veprimtaria akumuluese e val\u00ebve t\u00eb detit, mbetet vendi m\u00eb i bukur dhe m\u00eb i past\u00ebr n\u00eb gjith\u00eb rivier\u00ebn e kodrave t\u00eb rrethit t\u00eb Ulqinit.<br \/>\nK\u00ebt\u00eb vij\u00eb bregdetare e administron qeveria e Malit t\u00eb Zi, duke ruajtur panoram\u00ebn e nj\u00eb gjiri fantastik, i cili t\u00eb krijon nj\u00eb ndjesi t\u00eb plot\u00eb qet\u00ebsie e \u00e7lodhjeje.<br \/>\n<a href=\"http:\/\/www.visit-ulcinj.com\/blog\/wp-content\/uploads\/2011\/07\/Plazhi-i-Valdanosit_Gjiri-i-Valdanosit_Lugina-e-Valdanosit_Ulqin.2.jpg\"><img loading=\"lazy\" class=\"alignleft size-full wp-image-49086\" title=\"Plazhi i Valdanosit_Gjiri i Valdanosit_Lugina e Valdanosit_Ulqin.2\" src=\"http:\/\/www.visit-ulcinj.com\/blog\/wp-content\/uploads\/2011\/07\/Plazhi-i-Valdanosit_Gjiri-i-Valdanosit_Lugina-e-Valdanosit_Ulqin.2.jpg\" alt=\"\" width=\"508\" height=\"330\" \/><\/a><br \/>\n<strong>Di\u00e7ka p\u00ebr gjirin e Valdanosit<\/strong><br \/>\n<a href=\"http:\/\/www.visit-ulcinj.com\/blog\/wp-content\/uploads\/2011\/07\/Plazhi-i-Valdanosit_Gjiri-i-Valdanosit_Lugina-e-Valdanosit_Ulqin.1.jpg\"><img loading=\"lazy\" class=\"alignleft size-full wp-image-49087\" title=\"Plazhi i Valdanosit_Gjiri i Valdanosit_Lugina e Valdanosit_Ulqin.1\" src=\"http:\/\/www.visit-ulcinj.com\/blog\/wp-content\/uploads\/2011\/07\/Plazhi-i-Valdanosit_Gjiri-i-Valdanosit_Lugina-e-Valdanosit_Ulqin.1.jpg\" alt=\"\" width=\"508\" height=\"330\" \/><\/a><\/p>\n<p><strong>Valdanosi me ullisht\u0117n dymij\u00ebvje\u00e7are \u2013 gjiri m\u0117 i bukur i Detit Adriatik <\/strong><\/p>\n<p>N\u0117 larg\u0117si prej kat\u0117r kilometrash n\u0117 veriper\u0117ndim t\u0117 Ulqinit, midis Mavrianit dhe Mendr\u00ebs, n\u0117 form\u0117 patkoi t\u0117 ngusht\u0117 shtrihet gjiri dhe lugina e Valdanosit. Kepat e tij q\u0117 e mbrojn\u0117 l\u0117shohen pingul dhe fundosen thell\u0117 n\u0117 det, kurse plazhi \u0117sht\u0117 zallisht\u0117, e p\u0117rb\u0117r\u0117 nga gur\u0117t n\u0117 diamet\u0117r 1-20 cm. \u0116sht\u0117 i gjat\u0117 700 m, kurse i gj\u0117r\u0117 mestarisht 20 m. P\u0117r ndryshim nga gjiret e tjer\u0117 ky \u0117sht\u0117 i mbrojtur nga er\u0117rat e jugut e t\u0117 veriut dhe shpeshher\u0117, n\u0117 koh\u0117 shtr\u0117ngate, ka sh\u0117rbyer p\u0117r strehimin e anijeve. N\u0117 fund t\u0117 gjirit, n\u0117 mes t\u0117 bregut, gjendej karantina . P\u0117r shkak t\u0117 s\u0117mundjeve nga t\u0117 cilat mund t\u0117 infektoheshin ekuipazhet e anijeve gjat\u0117 lundrimit, e q\u0117 t\u0117 mbrohej popullsia e qytetit, kur vinin anijet, m\u0117 par\u0117 duhej t\u0117 ndaleshin nj\u0117 koh\u0117 t\u0117 caktuar n\u0117 karantin\u0117. N\u0117 vitin 1833 \u0117sht\u0117 sh\u0117nuar se nj\u0117 anije e Ulqinit e tipit brigantin paska ardhur e e infektuar nga Aleksandria n\u0117 Valdanos dhe, me urdh\u0117rin e kapetanis\u0117 s\u0117 limanit t\u0117 Ulqinit paska ndenjur 40 dit\u0117 n\u0117 karantin\u0117.<br \/>\n<a href=\"http:\/\/www.visit-ulcinj.com\/blog\/wp-content\/uploads\/2011\/07\/Plazhi-i-Valdanosit_Gjiri-i-Valdanosit_Lugina-e-Valdanosit_Ulqin.5.jpg\"><img loading=\"lazy\" class=\"alignleft size-full wp-image-49088\" title=\"Plazhi i Valdanosit_Gjiri i Valdanosit_Lugina e Valdanosit_Ulqin.5\" src=\"http:\/\/www.visit-ulcinj.com\/blog\/wp-content\/uploads\/2011\/07\/Plazhi-i-Valdanosit_Gjiri-i-Valdanosit_Lugina-e-Valdanosit_Ulqin.5.jpg\" alt=\"\" width=\"508\" height=\"330\" \/><\/a><br \/>\nLugina e Valdanosit \u0117sht\u0117 e mbuluar me drur\u0117 m\u0117 t\u0117 vjet\u0117r t\u0117 mb\u0117ltuar me trupa ulliri. Ullishta e Ulqinit me 90.000 trupa \u0117sht\u0117 unike, sepse pjesa m\u0117 e madhe e saj, rreth 75% gjendet n\u0117 kompleksin e lugin\u0117s s\u0117 Valdanosit. Vjet\u0117rsia mesatare e ullinjve \u0117sht\u0117 m\u0117 se 500 vjet, por disa trupa jan\u0117 q\u0117 nga koha e Greqis\u0117 antike (shekulli V pra er\u0117s s\u0117 re ). Ullishta e vjet\u0117r p\u0117rb\u0117het nga ullinjt\u0117 e vajit. Vaji i njohur i Ulqinit, n\u0117 amfora e qypa t\u0117 dheut, ishte mall tregtar barazi me arin dhe arrinte deri n\u0117 Trieste, n\u0117 Venedik, n\u0117 Rom\u0117 e n\u0117 Kairo, si dhe n\u0117 brendin\u0117 e vendit ( n\u0117 Shkod\u0117r, Shkup, Diokle, Ras, Prizren etj.). N\u0117 koh\u0117n kur b\u0117hej vjelja-mbledhja e ullinjve, nga ullishta jehonte k\u0117nga e mbledh\u0117sve. Sipas legjend\u0117s djaloshi nuk mund t\u0117 martohej para se ta mb\u0117ltonte s\u0117 paku nj\u0117 ulli.<br \/>\n\n\t\t<style type=\"text\/css\">\n\t\t\t#gallery-1 {\n\t\t\t\tmargin: auto;\n\t\t\t}\n\t\t\t#gallery-1 .gallery-item {\n\t\t\t\tfloat: left;\n\t\t\t\tmargin-top: 10px;\n\t\t\t\ttext-align: center;\n\t\t\t\twidth: 33%;\n\t\t\t}\n\t\t\t#gallery-1 img {\n\t\t\t\tborder: 2px solid #cfcfcf;\n\t\t\t}\n\t\t\t#gallery-1 .gallery-caption {\n\t\t\t\tmargin-left: 0;\n\t\t\t}\n\t\t\t\/* see gallery_shortcode() in wp-includes\/media.php *\/\n\t\t<\/style>\n\t\t<div id='gallery-1' class='gallery galleryid-49084 gallery-columns-3 gallery-size-thumbnail'><dl class='gallery-item'>\n\t\t\t<dt class='gallery-icon landscape'>\n\t\t\t\t<a href='https:\/\/www.visit-ulcinj.com\/blog\/wp-content\/uploads\/2011\/07\/Plazhi-i-Valdanosit_Gjiri-i-Valdanosit_Lugina-e-Valdanosit_Ulqin.jpg'><img width=\"150\" height=\"150\" src=\"https:\/\/www.visit-ulcinj.com\/blog\/wp-content\/uploads\/2011\/07\/Plazhi-i-Valdanosit_Gjiri-i-Valdanosit_Lugina-e-Valdanosit_Ulqin-150x150.jpg\" class=\"attachment-thumbnail size-thumbnail\" alt=\"\" loading=\"lazy\" \/><\/a>\n\t\t\t<\/dt><\/dl><dl class='gallery-item'>\n\t\t\t<dt class='gallery-icon landscape'>\n\t\t\t\t<a href='https:\/\/www.visit-ulcinj.com\/blog\/wp-content\/uploads\/2011\/07\/Plazhi-i-Valdanosit_Gjiri-i-Valdanosit_Lugina-e-Valdanosit_Ulqin.2.jpg'><img width=\"150\" height=\"150\" src=\"https:\/\/www.visit-ulcinj.com\/blog\/wp-content\/uploads\/2011\/07\/Plazhi-i-Valdanosit_Gjiri-i-Valdanosit_Lugina-e-Valdanosit_Ulqin.2-150x150.jpg\" class=\"attachment-thumbnail size-thumbnail\" alt=\"\" loading=\"lazy\" \/><\/a>\n\t\t\t<\/dt><\/dl><dl class='gallery-item'>\n\t\t\t<dt class='gallery-icon landscape'>\n\t\t\t\t<a href='https:\/\/www.visit-ulcinj.com\/blog\/wp-content\/uploads\/2011\/07\/Plazhi-i-Valdanosit_Gjiri-i-Valdanosit_Lugina-e-Valdanosit_Ulqin.1.jpg'><img width=\"150\" height=\"150\" src=\"https:\/\/www.visit-ulcinj.com\/blog\/wp-content\/uploads\/2011\/07\/Plazhi-i-Valdanosit_Gjiri-i-Valdanosit_Lugina-e-Valdanosit_Ulqin.1-150x150.jpg\" class=\"attachment-thumbnail size-thumbnail\" alt=\"\" loading=\"lazy\" \/><\/a>\n\t\t\t<\/dt><\/dl><br style=\"clear: both\" \/><dl class='gallery-item'>\n\t\t\t<dt class='gallery-icon landscape'>\n\t\t\t\t<a href='https:\/\/www.visit-ulcinj.com\/blog\/wp-content\/uploads\/2011\/07\/Plazhi-i-Valdanosit_Gjiri-i-Valdanosit_Lugina-e-Valdanosit_Ulqin.5.jpg'><img width=\"150\" height=\"150\" src=\"https:\/\/www.visit-ulcinj.com\/blog\/wp-content\/uploads\/2011\/07\/Plazhi-i-Valdanosit_Gjiri-i-Valdanosit_Lugina-e-Valdanosit_Ulqin.5-150x150.jpg\" class=\"attachment-thumbnail size-thumbnail\" alt=\"\" loading=\"lazy\" \/><\/a>\n\t\t\t<\/dt><\/dl><dl class='gallery-item'>\n\t\t\t<dt class='gallery-icon landscape'>\n\t\t\t\t<a href='https:\/\/www.visit-ulcinj.com\/blog\/wp-content\/uploads\/2011\/07\/Plazhi-i-Valdanosit_Gjiri-i-Valdanosit_Lugina-e-Valdanosit_Ulqin.3.jpg'><img width=\"150\" height=\"150\" src=\"https:\/\/www.visit-ulcinj.com\/blog\/wp-content\/uploads\/2011\/07\/Plazhi-i-Valdanosit_Gjiri-i-Valdanosit_Lugina-e-Valdanosit_Ulqin.3-150x150.jpg\" class=\"attachment-thumbnail size-thumbnail\" alt=\"\" loading=\"lazy\" \/><\/a>\n\t\t\t<\/dt><\/dl><dl class='gallery-item'>\n\t\t\t<dt class='gallery-icon landscape'>\n\t\t\t\t<a href='https:\/\/www.visit-ulcinj.com\/blog\/wp-content\/uploads\/2011\/07\/Plazhi-i-Valdanosit_Gjiri-i-Valdanosit_Lugina-e-Valdanosit_Ulqin.4.jpg'><img width=\"150\" height=\"150\" src=\"https:\/\/www.visit-ulcinj.com\/blog\/wp-content\/uploads\/2011\/07\/Plazhi-i-Valdanosit_Gjiri-i-Valdanosit_Lugina-e-Valdanosit_Ulqin.4-150x150.jpg\" class=\"attachment-thumbnail size-thumbnail\" alt=\"\" loading=\"lazy\" \/><\/a>\n\t\t\t<\/dt><\/dl><br style=\"clear: both\" \/>\n\t\t<\/div>\n<br \/>\n<!--YouTube Error: bad URL entered--><\/p>\n","protected":false},"excerpt":{"rendered":"<p>Plazhi i Valdanosit me form\u00ebn e nj\u00eb patkoi dhe me nj\u00eb em\u00ebr qe mbart histori Plazhi i Valdanosit \u00ebsht\u00eb nj\u00eb nga perlat e bregdetit te Ulqinit. Ai ka nj\u00eb det te thell\u00eb dhe r\u00ebr\u00eb te im\u00ebt nga guri. Plazhi rrethohet nga pylli dhe shkurret mesdhetare duke i dh\u00ebn\u00eb zon\u00ebs nj\u00eb freski te ve\u00e7ante ne k\u00ebto [&hellip;]<\/p>\n","protected":false},"author":1,"featured_media":0,"comment_status":"open","ping_status":"closed","sticky":false,"template":"","format":"standard","meta":{"spay_email":"","jetpack_publicize_message":"","jetpack_is_tweetstorm":false,"jetpack_publicize_feature_enabled":true},"categories":[1,6],"tags":[564,18701,18700,200,18],"jetpack_publicize_connections":[],"yoast_head":"<!-- This site is optimized with the Yoast SEO plugin v19.1 - https:\/\/yoast.com\/wordpress\/plugins\/seo\/ -->\n<title>Plazhi i Valdanosit hap\u00eb dyert p\u00ebr vizitor - Lajme nga Ulqini<\/title>\n<meta name=\"description\" content=\"Plazhi i Valdanosit me form\u00ebn e nj\u00eb patkoi dhe me nj\u00eb em\u00ebr qe mbart histori Plazhi i Valdanosit \u00ebsht\u00eb nj\u00eb nga perlat e bregdetit te Ulqinit. Ai ka nj\u00eb det\" \/>\n<meta name=\"robots\" content=\"index, follow, max-snippet:-1, max-image-preview:large, max-video-preview:-1\" \/>\n<link rel=\"canonical\" href=\"https:\/\/www.visit-ulcinj.com\/blog\/2011\/07\/16\/plazhi-i-valdanosit-hape-dyert-per-vizitor\/\" \/>\n<meta property=\"og:locale\" content=\"en_US\" \/>\n<meta property=\"og:type\" content=\"article\" \/>\n<meta property=\"og:title\" content=\"Plazhi i Valdanosit hap\u00eb dyert p\u00ebr vizitor - Lajme nga Ulqini\" \/>\n<meta property=\"og:description\" content=\"Plazhi i Valdanosit me form\u00ebn e nj\u00eb patkoi dhe me nj\u00eb em\u00ebr qe mbart histori Plazhi i Valdanosit \u00ebsht\u00eb nj\u00eb nga perlat e bregdetit te Ulqinit. Ai ka nj\u00eb det\" \/>\n<meta property=\"og:url\" content=\"https:\/\/www.visit-ulcinj.com\/blog\/2011\/07\/16\/plazhi-i-valdanosit-hape-dyert-per-vizitor\/\" \/>\n<meta property=\"og:site_name\" content=\"Lajme nga Ulqini\" \/>\n<meta property=\"article:published_time\" content=\"2011-07-16T08:21:46+00:00\" \/>\n<meta property=\"article:modified_time\" content=\"2011-07-17T14:22:10+00:00\" \/>\n<meta property=\"og:image\" content=\"https:\/\/www.visit-ulcinj.com\/blog\/wp-content\/uploads\/2011\/07\/Plazhi-i-Valdanosit_Gjiri-i-Valdanosit_Lugina-e-Valdanosit_Ulqin-150x150.jpg\" \/>\n<meta name=\"twitter:label1\" content=\"Written by\" \/>\n\t<meta name=\"twitter:data1\" content=\"ulqini\" \/>\n\t<meta name=\"twitter:label2\" content=\"Est. reading time\" \/>\n\t<meta name=\"twitter:data2\" content=\"3 minutes\" \/>\n<script type=\"application\/ld+json\" class=\"yoast-schema-graph\">{\"@context\":\"https:\/\/schema.org\",\"@graph\":[{\"@type\":\"WebSite\",\"@id\":\"https:\/\/www.visit-ulcinj.com\/blog\/#website\",\"url\":\"https:\/\/www.visit-ulcinj.com\/blog\/\",\"name\":\"Lajme nga Ulqini\",\"description\":\"Lajme,Vijesti,Ulqini,Ulqin,Crna Gora,Mali i Zi\",\"potentialAction\":[{\"@type\":\"SearchAction\",\"target\":{\"@type\":\"EntryPoint\",\"urlTemplate\":\"https:\/\/www.visit-ulcinj.com\/blog\/?s={search_term_string}\"},\"query-input\":\"required name=search_term_string\"}],\"inLanguage\":\"en-US\"},{\"@type\":\"ImageObject\",\"inLanguage\":\"en-US\",\"@id\":\"https:\/\/www.visit-ulcinj.com\/blog\/2011\/07\/16\/plazhi-i-valdanosit-hape-dyert-per-vizitor\/#primaryimage\",\"url\":\"https:\/\/www.visit-ulcinj.com\/blog\/wp-content\/uploads\/2011\/07\/Plazhi-i-Valdanosit_Gjiri-i-Valdanosit_Lugina-e-Valdanosit_Ulqin.jpg\",\"contentUrl\":\"https:\/\/www.visit-ulcinj.com\/blog\/wp-content\/uploads\/2011\/07\/Plazhi-i-Valdanosit_Gjiri-i-Valdanosit_Lugina-e-Valdanosit_Ulqin.jpg\",\"width\":\"630\",\"height\":\"461\"},{\"@type\":\"WebPage\",\"@id\":\"https:\/\/www.visit-ulcinj.com\/blog\/2011\/07\/16\/plazhi-i-valdanosit-hape-dyert-per-vizitor\/#webpage\",\"url\":\"https:\/\/www.visit-ulcinj.com\/blog\/2011\/07\/16\/plazhi-i-valdanosit-hape-dyert-per-vizitor\/\",\"name\":\"Plazhi i Valdanosit hap\u00eb dyert p\u00ebr vizitor - Lajme nga Ulqini\",\"isPartOf\":{\"@id\":\"https:\/\/www.visit-ulcinj.com\/blog\/#website\"},\"primaryImageOfPage\":{\"@id\":\"https:\/\/www.visit-ulcinj.com\/blog\/2011\/07\/16\/plazhi-i-valdanosit-hape-dyert-per-vizitor\/#primaryimage\"},\"datePublished\":\"2011-07-16T08:21:46+00:00\",\"dateModified\":\"2011-07-17T14:22:10+00:00\",\"author\":{\"@id\":\"https:\/\/www.visit-ulcinj.com\/blog\/#\/schema\/person\/dcab619c614d3038751c63bc2aadc06d\"},\"description\":\"Plazhi i Valdanosit me form\u00ebn e nj\u00eb patkoi dhe me nj\u00eb em\u00ebr qe mbart histori Plazhi i Valdanosit \u00ebsht\u00eb nj\u00eb nga perlat e bregdetit te Ulqinit. Ai ka nj\u00eb det\",\"breadcrumb\":{\"@id\":\"https:\/\/www.visit-ulcinj.com\/blog\/2011\/07\/16\/plazhi-i-valdanosit-hape-dyert-per-vizitor\/#breadcrumb\"},\"inLanguage\":\"en-US\",\"potentialAction\":[{\"@type\":\"ReadAction\",\"target\":[\"https:\/\/www.visit-ulcinj.com\/blog\/2011\/07\/16\/plazhi-i-valdanosit-hape-dyert-per-vizitor\/\"]}]},{\"@type\":\"BreadcrumbList\",\"@id\":\"https:\/\/www.visit-ulcinj.com\/blog\/2011\/07\/16\/plazhi-i-valdanosit-hape-dyert-per-vizitor\/#breadcrumb\",\"itemListElement\":[{\"@type\":\"ListItem\",\"position\":1,\"name\":\"Plazhi i Valdanosit hap\u00eb dyert p\u00ebr vizitor\"}]},{\"@type\":\"Person\",\"@id\":\"https:\/\/www.visit-ulcinj.com\/blog\/#\/schema\/person\/dcab619c614d3038751c63bc2aadc06d\",\"name\":\"ulqini\",\"sameAs\":[\"http:\/\/www.visit-ulcinj.com\"],\"url\":\"https:\/\/www.visit-ulcinj.com\/blog\/author\/admin\/\"}]}<\/script>\n<!-- \/ Yoast SEO plugin. -->","yoast_head_json":{"title":"Plazhi i Valdanosit hap\u00eb dyert p\u00ebr vizitor - Lajme nga Ulqini","description":"Plazhi i Valdanosit me form\u00ebn e nj\u00eb patkoi dhe me nj\u00eb em\u00ebr qe mbart histori Plazhi i Valdanosit \u00ebsht\u00eb nj\u00eb nga perlat e bregdetit te Ulqinit. Ai ka nj\u00eb det","robots":{"index":"index","follow":"follow","max-snippet":"max-snippet:-1","max-image-preview":"max-image-preview:large","max-video-preview":"max-video-preview:-1"},"canonical":"https:\/\/www.visit-ulcinj.com\/blog\/2011\/07\/16\/plazhi-i-valdanosit-hape-dyert-per-vizitor\/","og_locale":"en_US","og_type":"article","og_title":"Plazhi i Valdanosit hap\u00eb dyert p\u00ebr vizitor - Lajme nga Ulqini","og_description":"Plazhi i Valdanosit me form\u00ebn e nj\u00eb patkoi dhe me nj\u00eb em\u00ebr qe mbart histori Plazhi i Valdanosit \u00ebsht\u00eb nj\u00eb nga perlat e bregdetit te Ulqinit. Ai ka nj\u00eb det","og_url":"https:\/\/www.visit-ulcinj.com\/blog\/2011\/07\/16\/plazhi-i-valdanosit-hape-dyert-per-vizitor\/","og_site_name":"Lajme nga Ulqini","article_published_time":"2011-07-16T08:21:46+00:00","article_modified_time":"2011-07-17T14:22:10+00:00","og_image":[{"url":"https:\/\/www.visit-ulcinj.com\/blog\/wp-content\/uploads\/2011\/07\/Plazhi-i-Valdanosit_Gjiri-i-Valdanosit_Lugina-e-Valdanosit_Ulqin-150x150.jpg"}],"twitter_misc":{"Written by":"ulqini","Est. reading time":"3 minutes"},"schema":{"@context":"https:\/\/schema.org","@graph":[{"@type":"WebSite","@id":"https:\/\/www.visit-ulcinj.com\/blog\/#website","url":"https:\/\/www.visit-ulcinj.com\/blog\/","name":"Lajme nga Ulqini","description":"Lajme,Vijesti,Ulqini,Ulqin,Crna Gora,Mali i Zi","potentialAction":[{"@type":"SearchAction","target":{"@type":"EntryPoint","urlTemplate":"https:\/\/www.visit-ulcinj.com\/blog\/?s={search_term_string}"},"query-input":"required name=search_term_string"}],"inLanguage":"en-US"},{"@type":"ImageObject","inLanguage":"en-US","@id":"https:\/\/www.visit-ulcinj.com\/blog\/2011\/07\/16\/plazhi-i-valdanosit-hape-dyert-per-vizitor\/#primaryimage","url":"https:\/\/www.visit-ulcinj.com\/blog\/wp-content\/uploads\/2011\/07\/Plazhi-i-Valdanosit_Gjiri-i-Valdanosit_Lugina-e-Valdanosit_Ulqin.jpg","contentUrl":"https:\/\/www.visit-ulcinj.com\/blog\/wp-content\/uploads\/2011\/07\/Plazhi-i-Valdanosit_Gjiri-i-Valdanosit_Lugina-e-Valdanosit_Ulqin.jpg","width":"630","height":"461"},{"@type":"WebPage","@id":"https:\/\/www.visit-ulcinj.com\/blog\/2011\/07\/16\/plazhi-i-valdanosit-hape-dyert-per-vizitor\/#webpage","url":"https:\/\/www.visit-ulcinj.com\/blog\/2011\/07\/16\/plazhi-i-valdanosit-hape-dyert-per-vizitor\/","name":"Plazhi i Valdanosit hap\u00eb dyert p\u00ebr vizitor - Lajme nga Ulqini","isPartOf":{"@id":"https:\/\/www.visit-ulcinj.com\/blog\/#website"},"primaryImageOfPage":{"@id":"https:\/\/www.visit-ulcinj.com\/blog\/2011\/07\/16\/plazhi-i-valdanosit-hape-dyert-per-vizitor\/#primaryimage"},"datePublished":"2011-07-16T08:21:46+00:00","dateModified":"2011-07-17T14:22:10+00:00","author":{"@id":"https:\/\/www.visit-ulcinj.com\/blog\/#\/schema\/person\/dcab619c614d3038751c63bc2aadc06d"},"description":"Plazhi i Valdanosit me form\u00ebn e nj\u00eb patkoi dhe me nj\u00eb em\u00ebr qe mbart histori Plazhi i Valdanosit \u00ebsht\u00eb nj\u00eb nga perlat e bregdetit te Ulqinit. Ai ka nj\u00eb det","breadcrumb":{"@id":"https:\/\/www.visit-ulcinj.com\/blog\/2011\/07\/16\/plazhi-i-valdanosit-hape-dyert-per-vizitor\/#breadcrumb"},"inLanguage":"en-US","potentialAction":[{"@type":"ReadAction","target":["https:\/\/www.visit-ulcinj.com\/blog\/2011\/07\/16\/plazhi-i-valdanosit-hape-dyert-per-vizitor\/"]}]},{"@type":"BreadcrumbList","@id":"https:\/\/www.visit-ulcinj.com\/blog\/2011\/07\/16\/plazhi-i-valdanosit-hape-dyert-per-vizitor\/#breadcrumb","itemListElement":[{"@type":"ListItem","position":1,"name":"Plazhi i Valdanosit hap\u00eb dyert p\u00ebr vizitor"}]},{"@type":"Person","@id":"https:\/\/www.visit-ulcinj.com\/blog\/#\/schema\/person\/dcab619c614d3038751c63bc2aadc06d","name":"ulqini","sameAs":["http:\/\/www.visit-ulcinj.com"],"url":"https:\/\/www.visit-ulcinj.com\/blog\/author\/admin\/"}]}},"jetpack_featured_media_url":"","jetpack_sharing_enabled":true,"jetpack_shortlink":"https:\/\/wp.me\/pe6lTn-cLG","_links":{"self":[{"href":"https:\/\/www.visit-ulcinj.com\/blog\/wp-json\/wp\/v2\/posts\/49084"}],"collection":[{"href":"https:\/\/www.visit-ulcinj.com\/blog\/wp-json\/wp\/v2\/posts"}],"about":[{"href":"https:\/\/www.visit-ulcinj.com\/blog\/wp-json\/wp\/v2\/types\/post"}],"author":[{"embeddable":true,"href":"https:\/\/www.visit-ulcinj.com\/blog\/wp-json\/wp\/v2\/users\/1"}],"replies":[{"embeddable":true,"href":"https:\/\/www.visit-ulcinj.com\/blog\/wp-json\/wp\/v2\/comments?post=49084"}],"version-history":[{"count":7,"href":"https:\/\/www.visit-ulcinj.com\/blog\/wp-json\/wp\/v2\/posts\/49084\/revisions"}],"predecessor-version":[{"id":49194,"href":"https:\/\/www.visit-ulcinj.com\/blog\/wp-json\/wp\/v2\/posts\/49084\/revisions\/49194"}],"wp:attachment":[{"href":"https:\/\/www.visit-ulcinj.com\/blog\/wp-json\/wp\/v2\/media?parent=49084"}],"wp:term":[{"taxonomy":"category","embeddable":true,"href":"https:\/\/www.visit-ulcinj.com\/blog\/wp-json\/wp\/v2\/categories?post=49084"},{"taxonomy":"post_tag","embeddable":true,"href":"https:\/\/www.visit-ulcinj.com\/blog\/wp-json\/wp\/v2\/tags?post=49084"}],"curies":[{"name":"wp","href":"https:\/\/api.w.org\/{rel}","templated":true}]}}