{"id":49117,"date":"2011-07-16T14:51:21","date_gmt":"2011-07-16T13:51:21","guid":{"rendered":"http:\/\/www.visit-ulcinj.com\/blog\/?p=49117"},"modified":"2011-07-16T15:03:10","modified_gmt":"2011-07-16T14:03:10","slug":"pun-ulcinj-to-je-neocekivano","status":"publish","type":"post","link":"https:\/\/www.visit-ulcinj.com\/blog\/2011\/07\/16\/pun-ulcinj-to-je-neocekivano\/","title":{"rendered":"+18: Pun Ulcinj to je neo\u010dekivano &#8211; Video nudista"},"content":{"rendered":"<p><a href=\"http:\/\/www.visit-ulcinj.com\/blog\/wp-content\/uploads\/2011\/07\/Ulcinj-prepun-gostiju.jpg\"><img loading=\"lazy\" class=\"alignleft size-full wp-image-49127\" title=\"Ulcinj prepun gostiju\" src=\"http:\/\/www.visit-ulcinj.com\/blog\/wp-content\/uploads\/2011\/07\/Ulcinj-prepun-gostiju.jpg\" alt=\"\" width=\"508\" height=\"380\" \/><\/a>Tako se kretala turisti\u010dka amplituda na Ulcinjskoj rivijeri, od minusa do rekorda,gde su u junu izostali gosti\u00a0 u ve\u0107em broju, dok je avgust\u00a0 prebukiran. U pore\u0111enju s jun i juli,\u00a0 sezonom 2010. godine, pove\u0107anje u proseku iznosi vi\u0161e od 30 odsto ili kao rekordne 2008. godine.<\/p>\n<p>Ulcinjskii hoteli su popunjeni do poslednjeg mesta, a u privatnim ku\u0107ama je isto. Vlasnici privatnog sme\u0161taja u odnosu na isti period lane bele\u017ee pove\u0107anje izdavanja soba u iznosu od \u010dak 40 odsto.<\/p>\n<p>Svi u Ulcinj su pod opsadom turista. Prema izdanju DAN Online u\u00a0 Ulcinju boravi oko 100.000 gostiju iz raznih krajeva, a najve\u0107i broj njih je \u2013 neregistrovan.<\/p>\n<p>Malo u \u0161ali, vi\u0161e u zbilji, na Crnogorskom primorju ka\u017eu da su tu\u0111e nevolje spasle sezonu na ovom delu Jadrana. Veliki broj putnika iz Bosne i Hercegovine,Srbije, Makedonije, Rumunije,Polske, i drugih zemalja, umesto u Gr\u010dku, krenuo je na ju\u017eni Jadran.<\/p>\n<p>Ulcinj su ovog avgusta preplavili i turisti iz Kosova i Bosne i Hercegovine.<br \/>\n<a href=\"http:\/\/www.visit-ulcinj.com\/blog\/wp-content\/uploads\/2011\/07\/Ada-Bojana_Ulcinj_Montenegro.71.jpg\"><img loading=\"lazy\" class=\"alignleft size-full wp-image-49129\" title=\"Ada Bojana_Ulcinj_Montenegro.7\" src=\"http:\/\/www.visit-ulcinj.com\/blog\/wp-content\/uploads\/2011\/07\/Ada-Bojana_Ulcinj_Montenegro.71.jpg\" alt=\"\" width=\"508\" height=\"340\" srcset=\"https:\/\/www.visit-ulcinj.com\/blog\/wp-content\/uploads\/2011\/07\/Ada-Bojana_Ulcinj_Montenegro.71.jpg 720w, https:\/\/www.visit-ulcinj.com\/blog\/wp-content\/uploads\/2011\/07\/Ada-Bojana_Ulcinj_Montenegro.71-300x200.jpg 300w\" sizes=\"(max-width: 508px) 100vw, 508px\" \/><\/a><br \/>\nCene na Adi Bojani su vi\u0161e nego pristupa\u010dne- polupansion u \u0161picu sezone se kre\u0107e od 33 do 40 eura za polupansion, a cene u vanpansionu su najjeftinije na \u010ditavom crnogorskom primorju: cena kafe je 1 euro, koka kola ko\u0161ta 1,5 euro, \u010da\u0161ica loze 1 euro, a kompletna ve\u010dera koja podrazumeva vrhunsku ribu prve kategorija sa predjelom i dezertom se mo\u017ee pojesti po ceni od 20 eura po osobi u bilo kom od vrhunskih restorana na Adi.<br \/>\n<a href=\"http:\/\/www.visit-ulcinj.com\/blog\/wp-content\/uploads\/2011\/07\/Ada-Bojana_Jahanje-konja.jpg\"><img loading=\"lazy\" class=\"alignleft size-full wp-image-49130\" title=\"Ada Bojana_Jahanje konja\" src=\"http:\/\/www.visit-ulcinj.com\/blog\/wp-content\/uploads\/2011\/07\/Ada-Bojana_Jahanje-konja.jpg\" alt=\"\" width=\"508\" height=\"330\" \/><\/a><br \/>\nSportska ponuda je vi\u0161e nego bogata. Jedna od nezaobilaznih atrakcija u ponudi Ade i prepoznatljiv simbol ovog letovali\u0161ta jeste jahanje konja. (sat vremena janjaha \u2013 10 eura.) Za sport i rekreaciju gosti hotela mogu koristiti teniske terene (sat sa rentiranjem opreme: 7 evra danju tj. 10 evra no\u0107u). U ponudi su tako\u0111e teren za mali fudbal, teren za odbojku koji se nalazi na samoj pla\u017ei kao i stolovi za stoni tenis.<\/p>\n<p>Ada Bojana je dugi niz godina \u201eprestonica\u201c surfera na Jadranu. Predve\u010de su i nebo i voda u\u0161\u0107a Bojane prekriveni jedrima i kajtovima.<br \/>\n<a href=\"http:\/\/www.visit-ulcinj.com\/blog\/wp-content\/uploads\/2011\/07\/Pune-plaze-Ade-Bojana_nudisticki-turisti.jpg\"><img loading=\"lazy\" class=\"alignleft size-full wp-image-49131\" title=\"Pune plaze Ade Bojana_nudisticki turisti\" src=\"http:\/\/www.visit-ulcinj.com\/blog\/wp-content\/uploads\/2011\/07\/Pune-plaze-Ade-Bojana_nudisticki-turisti.jpg\" alt=\"\" width=\"508\" height=\"330\" \/><\/a><br \/>\nPro\u0161le godine na Adi je ostvareno oko 24.000 no\u0107enja. Najve\u0107i broj no\u0107enja na Adi ostvarili su turisti iz Srbije \u2013 33% od ukupnog broja. Prema broju posetilaca i ostvarenog broja no\u0107enja slede gosti iz Nema\u010dke, \u010ce\u0161ke, Rusije, Slovenije, Slova\u010dke, Austrije\u2026 Poslednjih godina na Adi je zna\u010dajno porastao broj posetilaca iz Crne Gore i BiH.<span style=\"color: #ffffff;\">Sexy beach ada bojana,montenegro<\/span><br \/>\n<!--YouTube Error: bad URL entered--><\/p>\n","protected":false},"excerpt":{"rendered":"<p>Tako se kretala turisti\u010dka amplituda na Ulcinjskoj rivijeri, od minusa do rekorda,gde su u junu izostali gosti\u00a0 u ve\u0107em broju, dok je avgust\u00a0 prebukiran. U pore\u0111enju s jun i juli,\u00a0 sezonom 2010. godine, pove\u0107anje u proseku iznosi vi\u0161e od 30 odsto ili kao rekordne 2008. godine. Ulcinjskii hoteli su popunjeni do poslednjeg mesta, a u [&hellip;]<\/p>\n","protected":false},"author":1,"featured_media":0,"comment_status":"open","ping_status":"closed","sticky":false,"template":"","format":"standard","meta":{"spay_email":"","jetpack_publicize_message":"","jetpack_is_tweetstorm":false,"jetpack_publicize_feature_enabled":true},"categories":[8337],"tags":[138,1860,14623,18709,20,11253,18407,18713,79,18712,18708,18706,18710,18707,18705,18711,19,200,18],"jetpack_publicize_connections":[],"yoast_head":"<!-- This site is optimized with the Yoast SEO plugin v19.1 - https:\/\/yoast.com\/wordpress\/plugins\/seo\/ -->\n<title>+18: Pun Ulcinj to je neo\u010dekivano - Video nudista - Lajme nga Ulqini<\/title>\n<meta name=\"description\" content=\"Tako se kretala turisti\u010dka amplituda na Ulcinjskoj rivijeri, od minusa do rekorda,gde su u junu izostali gosti\u00a0 u ve\u0107em broju, dok je avgust\u00a0 prebukiran.\" \/>\n<meta name=\"robots\" content=\"index, follow, max-snippet:-1, max-image-preview:large, max-video-preview:-1\" \/>\n<link rel=\"canonical\" href=\"https:\/\/www.visit-ulcinj.com\/blog\/2011\/07\/16\/pun-ulcinj-to-je-neocekivano\/\" \/>\n<meta property=\"og:locale\" content=\"en_US\" \/>\n<meta property=\"og:type\" content=\"article\" \/>\n<meta property=\"og:title\" content=\"+18: Pun Ulcinj to je neo\u010dekivano - Video nudista - Lajme nga Ulqini\" \/>\n<meta property=\"og:description\" content=\"Tako se kretala turisti\u010dka amplituda na Ulcinjskoj rivijeri, od minusa do rekorda,gde su u junu izostali gosti\u00a0 u ve\u0107em broju, dok je avgust\u00a0 prebukiran.\" \/>\n<meta property=\"og:url\" content=\"https:\/\/www.visit-ulcinj.com\/blog\/2011\/07\/16\/pun-ulcinj-to-je-neocekivano\/\" \/>\n<meta property=\"og:site_name\" content=\"Lajme nga Ulqini\" \/>\n<meta property=\"article:published_time\" content=\"2011-07-16T13:51:21+00:00\" \/>\n<meta property=\"article:modified_time\" content=\"2011-07-16T14:03:10+00:00\" \/>\n<meta property=\"og:image\" content=\"http:\/\/www.visit-ulcinj.com\/blog\/wp-content\/uploads\/2011\/07\/Ulcinj-prepun-gostiju.jpg\" \/>\n<meta name=\"twitter:label1\" content=\"Written by\" \/>\n\t<meta name=\"twitter:data1\" content=\"ulqini\" \/>\n\t<meta name=\"twitter:label2\" content=\"Est. reading time\" \/>\n\t<meta name=\"twitter:data2\" content=\"2 minutes\" \/>\n<script type=\"application\/ld+json\" class=\"yoast-schema-graph\">{\"@context\":\"https:\/\/schema.org\",\"@graph\":[{\"@type\":\"WebSite\",\"@id\":\"https:\/\/www.visit-ulcinj.com\/blog\/#website\",\"url\":\"https:\/\/www.visit-ulcinj.com\/blog\/\",\"name\":\"Lajme nga Ulqini\",\"description\":\"Lajme,Vijesti,Ulqini,Ulqin,Crna Gora,Mali i Zi\",\"potentialAction\":[{\"@type\":\"SearchAction\",\"target\":{\"@type\":\"EntryPoint\",\"urlTemplate\":\"https:\/\/www.visit-ulcinj.com\/blog\/?s={search_term_string}\"},\"query-input\":\"required name=search_term_string\"}],\"inLanguage\":\"en-US\"},{\"@type\":\"ImageObject\",\"inLanguage\":\"en-US\",\"@id\":\"https:\/\/www.visit-ulcinj.com\/blog\/2011\/07\/16\/pun-ulcinj-to-je-neocekivano\/#primaryimage\",\"url\":\"https:\/\/www.visit-ulcinj.com\/blog\/wp-content\/uploads\/2011\/07\/Ulcinj-prepun-gostiju.jpg\",\"contentUrl\":\"https:\/\/www.visit-ulcinj.com\/blog\/wp-content\/uploads\/2011\/07\/Ulcinj-prepun-gostiju.jpg\",\"width\":\"720\",\"height\":\"482\"},{\"@type\":\"WebPage\",\"@id\":\"https:\/\/www.visit-ulcinj.com\/blog\/2011\/07\/16\/pun-ulcinj-to-je-neocekivano\/#webpage\",\"url\":\"https:\/\/www.visit-ulcinj.com\/blog\/2011\/07\/16\/pun-ulcinj-to-je-neocekivano\/\",\"name\":\"+18: Pun Ulcinj to je neo\u010dekivano - Video nudista - Lajme nga Ulqini\",\"isPartOf\":{\"@id\":\"https:\/\/www.visit-ulcinj.com\/blog\/#website\"},\"primaryImageOfPage\":{\"@id\":\"https:\/\/www.visit-ulcinj.com\/blog\/2011\/07\/16\/pun-ulcinj-to-je-neocekivano\/#primaryimage\"},\"datePublished\":\"2011-07-16T13:51:21+00:00\",\"dateModified\":\"2011-07-16T14:03:10+00:00\",\"author\":{\"@id\":\"https:\/\/www.visit-ulcinj.com\/blog\/#\/schema\/person\/dcab619c614d3038751c63bc2aadc06d\"},\"description\":\"Tako se kretala turisti\u010dka amplituda na Ulcinjskoj rivijeri, od minusa do rekorda,gde su u junu izostali gosti\u00a0 u ve\u0107em broju, dok je avgust\u00a0 prebukiran.\",\"breadcrumb\":{\"@id\":\"https:\/\/www.visit-ulcinj.com\/blog\/2011\/07\/16\/pun-ulcinj-to-je-neocekivano\/#breadcrumb\"},\"inLanguage\":\"en-US\",\"potentialAction\":[{\"@type\":\"ReadAction\",\"target\":[\"https:\/\/www.visit-ulcinj.com\/blog\/2011\/07\/16\/pun-ulcinj-to-je-neocekivano\/\"]}]},{\"@type\":\"BreadcrumbList\",\"@id\":\"https:\/\/www.visit-ulcinj.com\/blog\/2011\/07\/16\/pun-ulcinj-to-je-neocekivano\/#breadcrumb\",\"itemListElement\":[{\"@type\":\"ListItem\",\"position\":1,\"name\":\"+18: Pun Ulcinj to je neo\u010dekivano &#8211; Video nudista\"}]},{\"@type\":\"Person\",\"@id\":\"https:\/\/www.visit-ulcinj.com\/blog\/#\/schema\/person\/dcab619c614d3038751c63bc2aadc06d\",\"name\":\"ulqini\",\"sameAs\":[\"http:\/\/www.visit-ulcinj.com\"],\"url\":\"https:\/\/www.visit-ulcinj.com\/blog\/author\/admin\/\"}]}<\/script>\n<!-- \/ Yoast SEO plugin. -->","yoast_head_json":{"title":"+18: Pun Ulcinj to je neo\u010dekivano - Video nudista - Lajme nga Ulqini","description":"Tako se kretala turisti\u010dka amplituda na Ulcinjskoj rivijeri, od minusa do rekorda,gde su u junu izostali gosti\u00a0 u ve\u0107em broju, dok je avgust\u00a0 prebukiran.","robots":{"index":"index","follow":"follow","max-snippet":"max-snippet:-1","max-image-preview":"max-image-preview:large","max-video-preview":"max-video-preview:-1"},"canonical":"https:\/\/www.visit-ulcinj.com\/blog\/2011\/07\/16\/pun-ulcinj-to-je-neocekivano\/","og_locale":"en_US","og_type":"article","og_title":"+18: Pun Ulcinj to je neo\u010dekivano - Video nudista - Lajme nga Ulqini","og_description":"Tako se kretala turisti\u010dka amplituda na Ulcinjskoj rivijeri, od minusa do rekorda,gde su u junu izostali gosti\u00a0 u ve\u0107em broju, dok je avgust\u00a0 prebukiran.","og_url":"https:\/\/www.visit-ulcinj.com\/blog\/2011\/07\/16\/pun-ulcinj-to-je-neocekivano\/","og_site_name":"Lajme nga Ulqini","article_published_time":"2011-07-16T13:51:21+00:00","article_modified_time":"2011-07-16T14:03:10+00:00","og_image":[{"url":"http:\/\/www.visit-ulcinj.com\/blog\/wp-content\/uploads\/2011\/07\/Ulcinj-prepun-gostiju.jpg"}],"twitter_misc":{"Written by":"ulqini","Est. reading time":"2 minutes"},"schema":{"@context":"https:\/\/schema.org","@graph":[{"@type":"WebSite","@id":"https:\/\/www.visit-ulcinj.com\/blog\/#website","url":"https:\/\/www.visit-ulcinj.com\/blog\/","name":"Lajme nga Ulqini","description":"Lajme,Vijesti,Ulqini,Ulqin,Crna Gora,Mali i Zi","potentialAction":[{"@type":"SearchAction","target":{"@type":"EntryPoint","urlTemplate":"https:\/\/www.visit-ulcinj.com\/blog\/?s={search_term_string}"},"query-input":"required name=search_term_string"}],"inLanguage":"en-US"},{"@type":"ImageObject","inLanguage":"en-US","@id":"https:\/\/www.visit-ulcinj.com\/blog\/2011\/07\/16\/pun-ulcinj-to-je-neocekivano\/#primaryimage","url":"https:\/\/www.visit-ulcinj.com\/blog\/wp-content\/uploads\/2011\/07\/Ulcinj-prepun-gostiju.jpg","contentUrl":"https:\/\/www.visit-ulcinj.com\/blog\/wp-content\/uploads\/2011\/07\/Ulcinj-prepun-gostiju.jpg","width":"720","height":"482"},{"@type":"WebPage","@id":"https:\/\/www.visit-ulcinj.com\/blog\/2011\/07\/16\/pun-ulcinj-to-je-neocekivano\/#webpage","url":"https:\/\/www.visit-ulcinj.com\/blog\/2011\/07\/16\/pun-ulcinj-to-je-neocekivano\/","name":"+18: Pun Ulcinj to je neo\u010dekivano - Video nudista - Lajme nga Ulqini","isPartOf":{"@id":"https:\/\/www.visit-ulcinj.com\/blog\/#website"},"primaryImageOfPage":{"@id":"https:\/\/www.visit-ulcinj.com\/blog\/2011\/07\/16\/pun-ulcinj-to-je-neocekivano\/#primaryimage"},"datePublished":"2011-07-16T13:51:21+00:00","dateModified":"2011-07-16T14:03:10+00:00","author":{"@id":"https:\/\/www.visit-ulcinj.com\/blog\/#\/schema\/person\/dcab619c614d3038751c63bc2aadc06d"},"description":"Tako se kretala turisti\u010dka amplituda na Ulcinjskoj rivijeri, od minusa do rekorda,gde su u junu izostali gosti\u00a0 u ve\u0107em broju, dok je avgust\u00a0 prebukiran.","breadcrumb":{"@id":"https:\/\/www.visit-ulcinj.com\/blog\/2011\/07\/16\/pun-ulcinj-to-je-neocekivano\/#breadcrumb"},"inLanguage":"en-US","potentialAction":[{"@type":"ReadAction","target":["https:\/\/www.visit-ulcinj.com\/blog\/2011\/07\/16\/pun-ulcinj-to-je-neocekivano\/"]}]},{"@type":"BreadcrumbList","@id":"https:\/\/www.visit-ulcinj.com\/blog\/2011\/07\/16\/pun-ulcinj-to-je-neocekivano\/#breadcrumb","itemListElement":[{"@type":"ListItem","position":1,"name":"+18: Pun Ulcinj to je neo\u010dekivano &#8211; Video nudista"}]},{"@type":"Person","@id":"https:\/\/www.visit-ulcinj.com\/blog\/#\/schema\/person\/dcab619c614d3038751c63bc2aadc06d","name":"ulqini","sameAs":["http:\/\/www.visit-ulcinj.com"],"url":"https:\/\/www.visit-ulcinj.com\/blog\/author\/admin\/"}]}},"jetpack_featured_media_url":"","jetpack_sharing_enabled":true,"jetpack_shortlink":"https:\/\/wp.me\/pe6lTn-cMd","_links":{"self":[{"href":"https:\/\/www.visit-ulcinj.com\/blog\/wp-json\/wp\/v2\/posts\/49117"}],"collection":[{"href":"https:\/\/www.visit-ulcinj.com\/blog\/wp-json\/wp\/v2\/posts"}],"about":[{"href":"https:\/\/www.visit-ulcinj.com\/blog\/wp-json\/wp\/v2\/types\/post"}],"author":[{"embeddable":true,"href":"https:\/\/www.visit-ulcinj.com\/blog\/wp-json\/wp\/v2\/users\/1"}],"replies":[{"embeddable":true,"href":"https:\/\/www.visit-ulcinj.com\/blog\/wp-json\/wp\/v2\/comments?post=49117"}],"version-history":[{"count":8,"href":"https:\/\/www.visit-ulcinj.com\/blog\/wp-json\/wp\/v2\/posts\/49117\/revisions"}],"predecessor-version":[{"id":49147,"href":"https:\/\/www.visit-ulcinj.com\/blog\/wp-json\/wp\/v2\/posts\/49117\/revisions\/49147"}],"wp:attachment":[{"href":"https:\/\/www.visit-ulcinj.com\/blog\/wp-json\/wp\/v2\/media?parent=49117"}],"wp:term":[{"taxonomy":"category","embeddable":true,"href":"https:\/\/www.visit-ulcinj.com\/blog\/wp-json\/wp\/v2\/categories?post=49117"},{"taxonomy":"post_tag","embeddable":true,"href":"https:\/\/www.visit-ulcinj.com\/blog\/wp-json\/wp\/v2\/tags?post=49117"}],"curies":[{"name":"wp","href":"https:\/\/api.w.org\/{rel}","templated":true}]}}