{"id":49121,"date":"2011-07-16T14:34:14","date_gmt":"2011-07-16T13:34:14","guid":{"rendered":"http:\/\/www.visit-ulcinj.com\/blog\/?p=49121"},"modified":"2011-07-16T14:34:14","modified_gmt":"2011-07-16T13:34:14","slug":"stresi-do-ta-festoj-lirine-ne-rome-kur-te-kthehem-do-takohem-me-vajzen-15-vjecare","status":"publish","type":"post","link":"https:\/\/www.visit-ulcinj.com\/blog\/2011\/07\/16\/stresi-do-ta-festoj-lirine-ne-rome-kur-te-kthehem-do-takohem-me-vajzen-15-vjecare\/","title":{"rendered":"Stresi: &#8221;Do ta festoj lirin\u00eb n\u00eb Rom\u00eb, kur t\u00eb kthehem do takohem me vajz\u00ebn 15-vje\u00e7are&#8221;"},"content":{"rendered":"<p>P\u00ebr ndjesin\u00eb e t\u00eb qenit i lir\u00eb ka shum\u00eb p\u00ebr t\u00eb th\u00ebn\u00eb. Pohon se k\u00ebto koh\u00eb n\u00eb ndjekje ka provuar adrenalin\u00ebn e nj\u00eb filmi aksion p\u00ebr t\u00eb sfiduar policin\u00eb. Reperi i njohur Arkimed Lushaj (Stresi) prej tre dit\u00ebsh nuk \u00ebsht\u00eb m\u00eb n\u00eb list\u00ebn e t\u00eb k\u00ebrkuarve nga policia, pasi Gjykata e Lart\u00eb shfuqizoi urdhrin e Gjykat\u00ebs s\u00eb Apelit p\u00ebr Krimet e R\u00ebnda p\u00ebr arrestimin e tij me akuz\u00ebn e \u201cgjob\u00ebv\u00ebnies\u201d ndaj regjisorit Leonard Bombaj. Rr\u00ebfen dy muajt e aventur\u00ebs nd\u00ebrsa ndiqej nga policia, dhe pse ka vendosur t\u00eb b\u00ebj\u00eb tashm\u00eb m\u00eb shum\u00eb miq se armiq n\u00eb jet\u00eb.<\/p>\n<p><a href=\"http:\/\/www.visit-ulcinj.com\/blog\/wp-content\/uploads\/2011\/07\/stresi-ne-studio.jpg\"><img loading=\"lazy\" class=\"alignleft size-full wp-image-49126\" title=\"stresi-ne-studio\" src=\"http:\/\/www.visit-ulcinj.com\/blog\/wp-content\/uploads\/2011\/07\/stresi-ne-studio.jpg\" alt=\"\" width=\"508\" height=\"380\" \/><\/a><\/p>\n<p><strong>Stresi shum\u00eb fansa jan\u00eb kurioz\u00eb t\u00eb din\u00eb se ku ndodhesh, si po vazhdon jeta jote?<\/strong><\/p>\n<p>Pak a shum\u00eb t\u00eb gjith\u00eb e din\u00eb se ku jam, \u00e7far\u00eb po b\u00ebj dhe me \u00e7far\u00eb po merrem. Po i jetoj m\u00eb s\u00eb miri keto dit\u00eb, dhe kam shijuar pa fund aventurat q\u00eb n\u00eb fund t\u00eb fundit s\u2019kan\u00eb t\u00eb paguar. (qesh)<\/p>\n<p><strong>Thua q\u00eb ke b\u00ebr\u00eb aventura nd\u00ebrkoh\u00eb ke qen\u00eb person i shpallur n\u00eb k\u00ebrkim nga policia, p\u00ebr \u00e7far\u00eb aventurash b\u00ebhet fjal\u00eb?<\/strong><\/p>\n<p>Si fillim t\u00eb b\u00ebsh aventura nuk \u00ebsht\u00eb e leht\u00eb as kur je i lir\u00eb pasi nuk i b\u00ebn dot kushdo. Duhet t\u00eb kesh shpirt aventurieri dhe t\u00eb kesh par\u00eb bot\u00eb me sy. Un\u00eb do t\u2019ju thoja q\u00eb jam k\u00ebnaqur dhe arg\u00ebtuar shum\u00eb n\u00eb periudh\u00ebn q\u00eb kam qen\u00eb n\u00eb k\u00ebrkim, pasi kam dal\u00eb pafund n\u00eb t\u00eb gjitha club-et e Tiran\u00ebs, gj\u00eb q\u00eb e pranoj ta them q\u00eb nuk ishte e leht\u00eb p\u00ebr mua.<\/p>\n<p><strong>Nj\u00eb nj\u00ebfar\u00eb m\u00ebnyre i ke shpallur sfid\u00eb policis\u00eb, nuk e kishe frik\u00ebn e arrestimit?\u00a0<\/strong><\/p>\n<p><strong><\/strong>T\u00eb kesh frik\u00eb \u00ebsht\u00eb di\u00e7ka e mir\u00eb sepse b\u00ebn dhe kujdes p\u00ebr veten. Por ky jam un\u00eb n\u00eb \u00e7far\u00ebdo lloj situate q\u00eb t\u00eb jem. Un\u00eb nuk rri dot i mbyllur, jam tip i l\u00ebvizur dhe ndaj dhe k\u00ebsaj here s\u2019kam ndier frik\u00eb.<\/p>\n<p><a href=\"http:\/\/www.visit-ulcinj.com\/blog\/wp-content\/uploads\/2011\/07\/Stresi-dhe-Enxhin.jpg\"><img loading=\"lazy\" class=\"alignleft size-full wp-image-49125\" title=\"Stresi-dhe-Enxhin\" src=\"http:\/\/www.visit-ulcinj.com\/blog\/wp-content\/uploads\/2011\/07\/Stresi-dhe-Enxhin.jpg\" alt=\"\" width=\"508\" height=\"380\" \/><\/a><\/p>\n<p><strong>Tashm\u00eb a duhet t\u00eb ket\u00eb frik\u00eb Leonard Bombaj nga ty, m\u00eb sakt\u00eb ti personalisht e konsideron k\u00ebt\u00eb \u00e7\u00ebshtje t\u00eb mbyllur?<\/strong><\/p>\n<p><strong><\/strong>Leonardit i uroj fat t\u00eb mbar\u00eb! Ai s\u2019ka pse t\u00eb ket\u00eb frik\u00eb nga un\u00eb sepse nuk jam person q\u00eb sjell rrezik, \u00e7\u00ebshtja do mbyllet dhe ia kemi l\u00ebn\u00eb drejt\u00ebsis\u00eb shqiptare. Un\u00eb personalisht besoj q\u00eb po, e konsideroj t\u00eb mbyllur.<\/p>\n<p><strong>Shum\u00eb u fol p\u00ebr vajz\u00ebn 15 vje\u00e7are, e cila ishte strumbullari i konfliktit me regjisorin Bombaj. Tashm\u00eb si vazhdon miq\u00ebsia me vajz\u00ebn, takoheni, \u00e7far\u00eb ju lidh realisht bashk\u00eb?<\/strong><\/p>\n<p><strong><\/strong>Me vajz\u00ebn nuk takohem prej koh\u00ebsh, por kam shok kush\u00ebririn e saj. Do t\u00eb sqaroja miq\u00ebsia jon\u00eb ka lindur nga muzika, pasi dihet q\u00eb ajo \u00ebsht\u00eb artiste. E njoh dhe mund t\u00eb them se \u00ebsht\u00eb vajz\u00eb shembullore, q\u00ebnie e pafajshme.<\/p>\n<p><strong>Po pse nuk jeni takuar k\u00ebto koh\u00eb, \u00e7far\u00eb ju ka penguar?<\/strong><\/p>\n<p><strong><\/strong>Vajz\u00ebn nuk e kam takuar prej koh\u00ebsh sepse v\u00ebrtet kam qen\u00eb i z\u00ebn\u00eb me disa \u00e7\u00ebshtje t\u00eb mia personale jasht\u00eb shtetit, por do ta takoj shum\u00eb shpejt jam i sigurt.<\/p>\n<p><strong>Nuk flisni as n\u00eb telefon, ruani foto t\u00eb dy?<\/strong><\/p>\n<p><strong><\/strong>N\u00eb fakt nuk kam num\u00ebr t\u00eb saj p\u00ebr momentin, por n\u00ebse do dua ta takoj di se ku ta gjej. Nd\u00ebrsa foto nuk mbaj mend t\u00eb kemi b\u00ebr\u00eb bashk\u00eb.<\/p>\n<p><a href=\"http:\/\/www.visit-ulcinj.com\/blog\/wp-content\/uploads\/2011\/07\/Stresi-dhe-Enxhi-11.jpg\"><img loading=\"lazy\" class=\"alignleft size-full wp-image-49123\" title=\"Stresi-dhe-Enxhi-1\" src=\"http:\/\/www.visit-ulcinj.com\/blog\/wp-content\/uploads\/2011\/07\/Stresi-dhe-Enxhi-11.jpg\" alt=\"\" width=\"508\" height=\"320\" \/><\/a><\/p>\n<p><strong>Meq\u00ebn\u00ebse ajo \u00ebsht\u00eb artiste, ke menduar ta p\u00ebrfshish n\u00eb klipet e tua n\u00eb ndonj\u00eb duet?<\/strong><\/p>\n<p><strong><\/strong>K\u00ebt\u00eb ide faktikisht e kam menduar, por do t\u00eb ishte nj\u00eb fabul shum\u00eb reale n\u00ebse do vendosnim ta relizonim n\u00eb m\u00ebnyr\u00ebn m\u00eb perfekte t\u00eb mundshme. Por s\u2019i dihet, Never say never.<\/p>\n<p><strong>Tani q\u00eb je i lir\u00eb si ndihesh dhe ke menduar ta festosh duke ja ditur m\u00eb shum\u00eb vler\u00ebn tashm\u00eb?<\/strong><\/p>\n<p><strong><\/strong>Ndihem mir\u00eb, bukur, i ve\u00e7ant\u00eb, i qeshur, i lezetsh\u00ebm. (Qesh) Do ta festoj sigurisht k\u00ebt\u00eb fundjav\u00eb n\u00eb Rom\u00eb (Itali), me t\u00eb dashur\u00ebn time Enxhin, dhe miqt\u00eb e saj q\u00eb mezi po m\u00eb presin.<\/p>\n<p><strong>Kthehemi tek Stresi, sapo ke mbushur 25 vje\u00e7. Munde t\u00eb organizoje di\u00e7ka me miqt\u00eb?<\/strong><\/p>\n<p><strong><\/strong>Dit\u00eblindjen e kam festuar n\u00eb plazh me shoq\u00ebrin\u00eb time m\u00eb t\u00eb ngusht\u00eb. Ka qen\u00eb nj\u00eb fest\u00eb ku jemi k\u00ebnaqur pa fund dhe zgjati deri n\u00eb or\u00ebt e para t\u00eb m\u00ebngjezit.<\/p>\n<p><a href=\"http:\/\/www.visit-ulcinj.com\/blog\/wp-content\/uploads\/2011\/07\/Stresi-dhe-Enxhi-2.jpg\"><img loading=\"lazy\" class=\"alignleft size-full wp-image-49124\" title=\"Stresi-dhe-Enxhi-2\" src=\"http:\/\/www.visit-ulcinj.com\/blog\/wp-content\/uploads\/2011\/07\/Stresi-dhe-Enxhi-2.jpg\" alt=\"\" width=\"508\" height=\"707\" \/><\/a><\/p>\n<p><strong>Nd\u00ebrkoh\u00eb q\u00eb je duke punuar p\u00ebr realizimin e klipit \u201cLamtumir\u00eb\u201d, q\u00eb i dedikohet lidhjes me t\u00eb dashur\u00ebn. Si do t\u00eb jet\u00eb ky klip, ku realizohen xhirimet dhe a mund t\u00eb na zbulosh vargje?<\/strong><\/p>\n<p><strong><\/strong>Mund t\u00eb them vet\u00ebm q\u00eb klipi do t\u00eb publikohet shum\u00eb shpejt, dhe \u00ebsht\u00eb nj\u00eb super hit. Teksti ka vargje shum\u00eb t\u00eb bukura e q\u00eb v\u00ebrtet t\u00eb prekin.<\/p>\n<p><strong>U fol se do t\u00eb jet\u00eb Enxhi n\u00eb duet n\u00eb k\u00ebt\u00eb k\u00ebng\u00eb, \u00ebsht\u00eb e v\u00ebrtet\u00eb apo jo?\u00a0<\/strong><\/p>\n<p><strong><\/strong>Kam d\u00ebshir\u00eb ta ruaj k\u00ebt\u00eb surpriz\u00eb.<\/p>\n<p><strong>Vargjet e k\u00ebng\u00ebs \u201cLamtumir\u00eb\u201d\u00a0 dedikuar Enxhit<\/strong><\/p>\n<p><em>Shpesh her\u00eb them se jeta \u00ebsht\u00eb rruga q\u00eb duhet me e ndjek.<\/em><br \/>\n<em>P\u00ebr vajz\u00ebn e jet\u00ebs t\u00ebnde ja vlen edhe me vdek.<\/em><br \/>\n<em>Mos kujto se kom humb, edhe n\u00eb det t\u00eb isha hedh.<\/em><br \/>\n<em>Dallg\u00eb isha bo vet\u00ebm ty me t\u2019gjet.<\/em><br \/>\n<em>Edhe n\u00ebse nes\u00ebr vdes do m\u00eb mbuloj\u00eb dheu i zi.<\/em><br \/>\n<em>Mbi varrin tem do ta\u00a0<\/em><br \/>\n<em>shkruaj t\u2019kom dasht vet\u00ebm ty.<\/em><\/p>\n<!--YouTube Error: bad URL entered-->\n<p><strong>Klotilda Harka<\/strong><\/p>\n","protected":false},"excerpt":{"rendered":"<p>P\u00ebr ndjesin\u00eb e t\u00eb qenit i lir\u00eb ka shum\u00eb p\u00ebr t\u00eb th\u00ebn\u00eb. Pohon se k\u00ebto koh\u00eb n\u00eb ndjekje ka provuar adrenalin\u00ebn e nj\u00eb filmi aksion p\u00ebr t\u00eb sfiduar policin\u00eb. Reperi i njohur Arkimed Lushaj (Stresi) prej tre dit\u00ebsh nuk \u00ebsht\u00eb m\u00eb n\u00eb list\u00ebn e t\u00eb k\u00ebrkuarve nga policia, pasi Gjykata e Lart\u00eb shfuqizoi urdhrin e [&hellip;]<\/p>\n","protected":false},"author":1,"featured_media":0,"comment_status":"open","ping_status":"closed","sticky":false,"template":"","format":"standard","meta":{"spay_email":"","jetpack_publicize_message":"","jetpack_is_tweetstorm":false,"jetpack_publicize_feature_enabled":true},"categories":[1],"tags":[18704,15127,15935],"jetpack_publicize_connections":[],"yoast_head":"<!-- This site is optimized with the Yoast SEO plugin v19.1 - https:\/\/yoast.com\/wordpress\/plugins\/seo\/ -->\n<title>Stresi: Do ta festoj lirin\u00eb n\u00eb Rom\u00eb<\/title>\n<meta name=\"description\" content=\"P\u00ebr ndjesin\u00eb e t\u00eb qenit i lir\u00eb ka shum\u00eb p\u00ebr t\u00eb th\u00ebn\u00eb. Pohon se k\u00ebto koh\u00eb n\u00eb ndjekje ka provuar adrenalin\u00ebn e nj\u00eb filmi aksion p\u00ebr t\u00eb sfiduar policin\u00eb.\" \/>\n<meta name=\"robots\" content=\"index, follow, max-snippet:-1, max-image-preview:large, max-video-preview:-1\" \/>\n<link rel=\"canonical\" href=\"https:\/\/www.visit-ulcinj.com\/blog\/2011\/07\/16\/stresi-do-ta-festoj-lirine-ne-rome-kur-te-kthehem-do-takohem-me-vajzen-15-vjecare\/\" \/>\n<meta property=\"og:locale\" content=\"en_US\" \/>\n<meta property=\"og:type\" content=\"article\" \/>\n<meta property=\"og:title\" content=\"Stresi: Do ta festoj lirin\u00eb n\u00eb Rom\u00eb\" \/>\n<meta property=\"og:description\" content=\"P\u00ebr ndjesin\u00eb e t\u00eb qenit i lir\u00eb ka shum\u00eb p\u00ebr t\u00eb th\u00ebn\u00eb. Pohon se k\u00ebto koh\u00eb n\u00eb ndjekje ka provuar adrenalin\u00ebn e nj\u00eb filmi aksion p\u00ebr t\u00eb sfiduar policin\u00eb.\" \/>\n<meta property=\"og:url\" content=\"https:\/\/www.visit-ulcinj.com\/blog\/2011\/07\/16\/stresi-do-ta-festoj-lirine-ne-rome-kur-te-kthehem-do-takohem-me-vajzen-15-vjecare\/\" \/>\n<meta property=\"og:site_name\" content=\"Lajme nga Ulqini\" \/>\n<meta property=\"article:published_time\" content=\"2011-07-16T13:34:14+00:00\" \/>\n<meta property=\"og:image\" content=\"http:\/\/www.visit-ulcinj.com\/blog\/wp-content\/uploads\/2011\/07\/stresi-ne-studio.jpg\" \/>\n<meta name=\"twitter:label1\" content=\"Written by\" \/>\n\t<meta name=\"twitter:data1\" content=\"ulqini\" \/>\n\t<meta name=\"twitter:label2\" content=\"Est. reading time\" \/>\n\t<meta name=\"twitter:data2\" content=\"5 minutes\" \/>\n<script type=\"application\/ld+json\" class=\"yoast-schema-graph\">{\"@context\":\"https:\/\/schema.org\",\"@graph\":[{\"@type\":\"WebSite\",\"@id\":\"https:\/\/www.visit-ulcinj.com\/blog\/#website\",\"url\":\"https:\/\/www.visit-ulcinj.com\/blog\/\",\"name\":\"Lajme nga Ulqini\",\"description\":\"Lajme,Vijesti,Ulqini,Ulqin,Crna Gora,Mali i Zi\",\"potentialAction\":[{\"@type\":\"SearchAction\",\"target\":{\"@type\":\"EntryPoint\",\"urlTemplate\":\"https:\/\/www.visit-ulcinj.com\/blog\/?s={search_term_string}\"},\"query-input\":\"required name=search_term_string\"}],\"inLanguage\":\"en-US\"},{\"@type\":\"ImageObject\",\"inLanguage\":\"en-US\",\"@id\":\"https:\/\/www.visit-ulcinj.com\/blog\/2011\/07\/16\/stresi-do-ta-festoj-lirine-ne-rome-kur-te-kthehem-do-takohem-me-vajzen-15-vjecare\/#primaryimage\",\"url\":\"http:\/\/www.visit-ulcinj.com\/blog\/wp-content\/uploads\/2011\/07\/stresi-ne-studio.jpg\",\"contentUrl\":\"http:\/\/www.visit-ulcinj.com\/blog\/wp-content\/uploads\/2011\/07\/stresi-ne-studio.jpg\"},{\"@type\":\"WebPage\",\"@id\":\"https:\/\/www.visit-ulcinj.com\/blog\/2011\/07\/16\/stresi-do-ta-festoj-lirine-ne-rome-kur-te-kthehem-do-takohem-me-vajzen-15-vjecare\/#webpage\",\"url\":\"https:\/\/www.visit-ulcinj.com\/blog\/2011\/07\/16\/stresi-do-ta-festoj-lirine-ne-rome-kur-te-kthehem-do-takohem-me-vajzen-15-vjecare\/\",\"name\":\"Stresi: Do ta festoj lirin\u00eb n\u00eb Rom\u00eb\",\"isPartOf\":{\"@id\":\"https:\/\/www.visit-ulcinj.com\/blog\/#website\"},\"primaryImageOfPage\":{\"@id\":\"https:\/\/www.visit-ulcinj.com\/blog\/2011\/07\/16\/stresi-do-ta-festoj-lirine-ne-rome-kur-te-kthehem-do-takohem-me-vajzen-15-vjecare\/#primaryimage\"},\"datePublished\":\"2011-07-16T13:34:14+00:00\",\"dateModified\":\"2011-07-16T13:34:14+00:00\",\"author\":{\"@id\":\"https:\/\/www.visit-ulcinj.com\/blog\/#\/schema\/person\/dcab619c614d3038751c63bc2aadc06d\"},\"description\":\"P\u00ebr ndjesin\u00eb e t\u00eb qenit i lir\u00eb ka shum\u00eb p\u00ebr t\u00eb th\u00ebn\u00eb. Pohon se k\u00ebto koh\u00eb n\u00eb ndjekje ka provuar adrenalin\u00ebn e nj\u00eb filmi aksion p\u00ebr t\u00eb sfiduar policin\u00eb.\",\"breadcrumb\":{\"@id\":\"https:\/\/www.visit-ulcinj.com\/blog\/2011\/07\/16\/stresi-do-ta-festoj-lirine-ne-rome-kur-te-kthehem-do-takohem-me-vajzen-15-vjecare\/#breadcrumb\"},\"inLanguage\":\"en-US\",\"potentialAction\":[{\"@type\":\"ReadAction\",\"target\":[\"https:\/\/www.visit-ulcinj.com\/blog\/2011\/07\/16\/stresi-do-ta-festoj-lirine-ne-rome-kur-te-kthehem-do-takohem-me-vajzen-15-vjecare\/\"]}]},{\"@type\":\"BreadcrumbList\",\"@id\":\"https:\/\/www.visit-ulcinj.com\/blog\/2011\/07\/16\/stresi-do-ta-festoj-lirine-ne-rome-kur-te-kthehem-do-takohem-me-vajzen-15-vjecare\/#breadcrumb\",\"itemListElement\":[{\"@type\":\"ListItem\",\"position\":1,\"name\":\"Stresi: &#8221;Do ta festoj lirin\u00eb n\u00eb Rom\u00eb, kur t\u00eb kthehem do takohem me vajz\u00ebn 15-vje\u00e7are&#8221;\"}]},{\"@type\":\"Person\",\"@id\":\"https:\/\/www.visit-ulcinj.com\/blog\/#\/schema\/person\/dcab619c614d3038751c63bc2aadc06d\",\"name\":\"ulqini\",\"sameAs\":[\"http:\/\/www.visit-ulcinj.com\"],\"url\":\"https:\/\/www.visit-ulcinj.com\/blog\/author\/admin\/\"}]}<\/script>\n<!-- \/ Yoast SEO plugin. -->","yoast_head_json":{"title":"Stresi: Do ta festoj lirin\u00eb n\u00eb Rom\u00eb","description":"P\u00ebr ndjesin\u00eb e t\u00eb qenit i lir\u00eb ka shum\u00eb p\u00ebr t\u00eb th\u00ebn\u00eb. Pohon se k\u00ebto koh\u00eb n\u00eb ndjekje ka provuar adrenalin\u00ebn e nj\u00eb filmi aksion p\u00ebr t\u00eb sfiduar policin\u00eb.","robots":{"index":"index","follow":"follow","max-snippet":"max-snippet:-1","max-image-preview":"max-image-preview:large","max-video-preview":"max-video-preview:-1"},"canonical":"https:\/\/www.visit-ulcinj.com\/blog\/2011\/07\/16\/stresi-do-ta-festoj-lirine-ne-rome-kur-te-kthehem-do-takohem-me-vajzen-15-vjecare\/","og_locale":"en_US","og_type":"article","og_title":"Stresi: Do ta festoj lirin\u00eb n\u00eb Rom\u00eb","og_description":"P\u00ebr ndjesin\u00eb e t\u00eb qenit i lir\u00eb ka shum\u00eb p\u00ebr t\u00eb th\u00ebn\u00eb. Pohon se k\u00ebto koh\u00eb n\u00eb ndjekje ka provuar adrenalin\u00ebn e nj\u00eb filmi aksion p\u00ebr t\u00eb sfiduar policin\u00eb.","og_url":"https:\/\/www.visit-ulcinj.com\/blog\/2011\/07\/16\/stresi-do-ta-festoj-lirine-ne-rome-kur-te-kthehem-do-takohem-me-vajzen-15-vjecare\/","og_site_name":"Lajme nga Ulqini","article_published_time":"2011-07-16T13:34:14+00:00","og_image":[{"url":"http:\/\/www.visit-ulcinj.com\/blog\/wp-content\/uploads\/2011\/07\/stresi-ne-studio.jpg"}],"twitter_misc":{"Written by":"ulqini","Est. reading time":"5 minutes"},"schema":{"@context":"https:\/\/schema.org","@graph":[{"@type":"WebSite","@id":"https:\/\/www.visit-ulcinj.com\/blog\/#website","url":"https:\/\/www.visit-ulcinj.com\/blog\/","name":"Lajme nga Ulqini","description":"Lajme,Vijesti,Ulqini,Ulqin,Crna Gora,Mali i Zi","potentialAction":[{"@type":"SearchAction","target":{"@type":"EntryPoint","urlTemplate":"https:\/\/www.visit-ulcinj.com\/blog\/?s={search_term_string}"},"query-input":"required name=search_term_string"}],"inLanguage":"en-US"},{"@type":"ImageObject","inLanguage":"en-US","@id":"https:\/\/www.visit-ulcinj.com\/blog\/2011\/07\/16\/stresi-do-ta-festoj-lirine-ne-rome-kur-te-kthehem-do-takohem-me-vajzen-15-vjecare\/#primaryimage","url":"http:\/\/www.visit-ulcinj.com\/blog\/wp-content\/uploads\/2011\/07\/stresi-ne-studio.jpg","contentUrl":"http:\/\/www.visit-ulcinj.com\/blog\/wp-content\/uploads\/2011\/07\/stresi-ne-studio.jpg"},{"@type":"WebPage","@id":"https:\/\/www.visit-ulcinj.com\/blog\/2011\/07\/16\/stresi-do-ta-festoj-lirine-ne-rome-kur-te-kthehem-do-takohem-me-vajzen-15-vjecare\/#webpage","url":"https:\/\/www.visit-ulcinj.com\/blog\/2011\/07\/16\/stresi-do-ta-festoj-lirine-ne-rome-kur-te-kthehem-do-takohem-me-vajzen-15-vjecare\/","name":"Stresi: Do ta festoj lirin\u00eb n\u00eb Rom\u00eb","isPartOf":{"@id":"https:\/\/www.visit-ulcinj.com\/blog\/#website"},"primaryImageOfPage":{"@id":"https:\/\/www.visit-ulcinj.com\/blog\/2011\/07\/16\/stresi-do-ta-festoj-lirine-ne-rome-kur-te-kthehem-do-takohem-me-vajzen-15-vjecare\/#primaryimage"},"datePublished":"2011-07-16T13:34:14+00:00","dateModified":"2011-07-16T13:34:14+00:00","author":{"@id":"https:\/\/www.visit-ulcinj.com\/blog\/#\/schema\/person\/dcab619c614d3038751c63bc2aadc06d"},"description":"P\u00ebr ndjesin\u00eb e t\u00eb qenit i lir\u00eb ka shum\u00eb p\u00ebr t\u00eb th\u00ebn\u00eb. Pohon se k\u00ebto koh\u00eb n\u00eb ndjekje ka provuar adrenalin\u00ebn e nj\u00eb filmi aksion p\u00ebr t\u00eb sfiduar policin\u00eb.","breadcrumb":{"@id":"https:\/\/www.visit-ulcinj.com\/blog\/2011\/07\/16\/stresi-do-ta-festoj-lirine-ne-rome-kur-te-kthehem-do-takohem-me-vajzen-15-vjecare\/#breadcrumb"},"inLanguage":"en-US","potentialAction":[{"@type":"ReadAction","target":["https:\/\/www.visit-ulcinj.com\/blog\/2011\/07\/16\/stresi-do-ta-festoj-lirine-ne-rome-kur-te-kthehem-do-takohem-me-vajzen-15-vjecare\/"]}]},{"@type":"BreadcrumbList","@id":"https:\/\/www.visit-ulcinj.com\/blog\/2011\/07\/16\/stresi-do-ta-festoj-lirine-ne-rome-kur-te-kthehem-do-takohem-me-vajzen-15-vjecare\/#breadcrumb","itemListElement":[{"@type":"ListItem","position":1,"name":"Stresi: &#8221;Do ta festoj lirin\u00eb n\u00eb Rom\u00eb, kur t\u00eb kthehem do takohem me vajz\u00ebn 15-vje\u00e7are&#8221;"}]},{"@type":"Person","@id":"https:\/\/www.visit-ulcinj.com\/blog\/#\/schema\/person\/dcab619c614d3038751c63bc2aadc06d","name":"ulqini","sameAs":["http:\/\/www.visit-ulcinj.com"],"url":"https:\/\/www.visit-ulcinj.com\/blog\/author\/admin\/"}]}},"jetpack_featured_media_url":"","jetpack_sharing_enabled":true,"jetpack_shortlink":"https:\/\/wp.me\/pe6lTn-cMh","_links":{"self":[{"href":"https:\/\/www.visit-ulcinj.com\/blog\/wp-json\/wp\/v2\/posts\/49121"}],"collection":[{"href":"https:\/\/www.visit-ulcinj.com\/blog\/wp-json\/wp\/v2\/posts"}],"about":[{"href":"https:\/\/www.visit-ulcinj.com\/blog\/wp-json\/wp\/v2\/types\/post"}],"author":[{"embeddable":true,"href":"https:\/\/www.visit-ulcinj.com\/blog\/wp-json\/wp\/v2\/users\/1"}],"replies":[{"embeddable":true,"href":"https:\/\/www.visit-ulcinj.com\/blog\/wp-json\/wp\/v2\/comments?post=49121"}],"version-history":[{"count":1,"href":"https:\/\/www.visit-ulcinj.com\/blog\/wp-json\/wp\/v2\/posts\/49121\/revisions"}],"predecessor-version":[{"id":49128,"href":"https:\/\/www.visit-ulcinj.com\/blog\/wp-json\/wp\/v2\/posts\/49121\/revisions\/49128"}],"wp:attachment":[{"href":"https:\/\/www.visit-ulcinj.com\/blog\/wp-json\/wp\/v2\/media?parent=49121"}],"wp:term":[{"taxonomy":"category","embeddable":true,"href":"https:\/\/www.visit-ulcinj.com\/blog\/wp-json\/wp\/v2\/categories?post=49121"},{"taxonomy":"post_tag","embeddable":true,"href":"https:\/\/www.visit-ulcinj.com\/blog\/wp-json\/wp\/v2\/tags?post=49121"}],"curies":[{"name":"wp","href":"https:\/\/api.w.org\/{rel}","templated":true}]}}