{"id":49161,"date":"2011-07-17T13:18:22","date_gmt":"2011-07-17T12:18:22","guid":{"rendered":"http:\/\/www.visit-ulcinj.com\/blog\/?p=49161"},"modified":"2011-07-18T16:01:02","modified_gmt":"2011-07-18T15:01:02","slug":"ferma-e-dhive-nga-selatin-gjeloshi-ne-kravare","status":"publish","type":"post","link":"https:\/\/www.visit-ulcinj.com\/blog\/2011\/07\/17\/ferma-e-dhive-nga-selatin-gjeloshi-ne-kravare\/","title":{"rendered":"Ferma e dhive nga Selatin Gjeloshi n\u00eb Kravar\u00eb &#8211; Video"},"content":{"rendered":"<p><a href=\"http:\/\/www.visit-ulcinj.com\/blog\/wp-content\/uploads\/2011\/07\/Ferma-e-dhive-ne-Kravar-nga-Selatin-Gjeloshi.16.jpg\"><img loading=\"lazy\" class=\"alignleft size-full wp-image-49162\" title=\"Ferma e dhive ne Kravar nga Selatin Gjeloshi.16\" src=\"http:\/\/www.visit-ulcinj.com\/blog\/wp-content\/uploads\/2011\/07\/Ferma-e-dhive-ne-Kravar-nga-Selatin-Gjeloshi.16.jpg\" alt=\"\" width=\"508\" height=\"368\" srcset=\"https:\/\/www.visit-ulcinj.com\/blog\/wp-content\/uploads\/2011\/07\/Ferma-e-dhive-ne-Kravar-nga-Selatin-Gjeloshi.16.jpg 508w, https:\/\/www.visit-ulcinj.com\/blog\/wp-content\/uploads\/2011\/07\/Ferma-e-dhive-ne-Kravar-nga-Selatin-Gjeloshi.16-300x217.jpg 300w\" sizes=\"(max-width: 508px) 100vw, 508px\" \/><\/a>Vler\u00ebsimet p\u00ebr prodhimtarin\u00eb blegtorale te dhive nga prodhuesi Ulqinak nga Kravari \u00ebsht\u00eb u kryer prej shume vitesh. Sidoqoft\u00eb shum\u00eb nga fermer\u00ebt nuk jan\u00eb n\u00eb dijeni p\u00ebr praktikat e vler\u00ebsimit te fitimeve me p\u00ebrcaktimin e prodhimtaris\u00eb efektive dhe joefektive. Mund\u00ebsia qe t\u00eb dokumentohen dhe analizohen t\u00eb dh\u00ebnat bazuar n\u00eb performancen e kafsh\u00ebs dhe krahasimi i tyre me mesataren e performances s\u00eb kopes\u00eb \u00ebsht\u00eb mjet i r\u00ebnd\u00ebsish\u00ebm p\u00ebr vler\u00ebsim.<\/p>\n<p>Selatin Gjeloshi si menaxhues t\u00eb ferm\u00ebs, prodhuesit blegtoral duhet ta mbajn\u00eb nj\u00eb sistem tabel\u00eb p\u00ebr mbajtjen e t\u00eb dh\u00ebnave qe do t&#8217;u mund\u00ebsoj nj\u00eb vler\u00ebsim me t\u00eb thell\u00eb.<br \/>\n<a href=\"http:\/\/www.visit-ulcinj.com\/blog\/wp-content\/uploads\/2011\/07\/Ferma-e-dhive-ne-Kravar-nga-Selatin-Gjeloshi.17.jpg\"><img loading=\"lazy\" class=\"alignleft size-full wp-image-49163\" title=\"Ferma e dhive ne Kravar nga Selatin Gjeloshi.17\" src=\"http:\/\/www.visit-ulcinj.com\/blog\/wp-content\/uploads\/2011\/07\/Ferma-e-dhive-ne-Kravar-nga-Selatin-Gjeloshi.17.jpg\" alt=\"\" width=\"508\" height=\"330\" \/><\/a><br \/>\nSelatin Gjeloshi p\u00ebr te ardhmen mendon t\u00eb rris\u00eb ferm\u00ebn e tij, duke par\u00eb interesin nga ky biznes dhe duke pasur p\u00ebrkrahjen e gjith\u00eb njer\u00ebzve ku aj jeton. Me t\u00eb hyrat nga prodhimi dhe grumbullimi i qum\u00ebshtit dhe shitjes s\u00eb saj b\u00ebhet n\u00eb mynuyra tradicionale ku Selatin Gjeloshi th\u00ebret edhe blektoret tjer\u00eb t\u00eb merren me aktivitet t\u00eb fermes s\u00eb dhive.<br \/>\nAi \u00ebsht\u00eb shum\u00eb mir\u00ebnjoh\u00ebs p\u00ebr ndihm\u00ebn dhe mb\u00ebshtetjen e vazhdueshme \u00a0t\u00eb popullat\u00ebs lokale cila ka b\u00ebr\u00eb q\u00eb ai ta ndjej veten m\u00eb t\u00eb sigurt n\u00eb pun\u00ebn e tij si fermer i dhive.<br \/>\n<a href=\"http:\/\/www.visit-ulcinj.com\/blog\/wp-content\/uploads\/2011\/07\/Ferma-e-dhive-ne-Kravar-nga-Selatin-Gjeloshi.11.jpg\"><img loading=\"lazy\" class=\"alignleft size-full wp-image-49165\" title=\"Ferma e dhive ne Kravar nga Selatin Gjeloshi.11\" src=\"http:\/\/www.visit-ulcinj.com\/blog\/wp-content\/uploads\/2011\/07\/Ferma-e-dhive-ne-Kravar-nga-Selatin-Gjeloshi.11.jpg\" alt=\"\" width=\"508\" height=\"330\" \/><\/a><br \/>\nSelatin Gjeloshi \u00a0shprehet gjithashtu se bejn\u00eb shitjen e dhive per qumsht dhe per mish ,shitjen e edhave ,si dhe shitjen e djathit dhe qumshtit te cilsise se larte,te dhise se kuqe ,dhe per me shume informata lajmrohuni direkt blektorit dhe fermerit Selatin Gjeloshit.<\/p>\n<p><strong>P\u00ebr m\u00eb teper shikoni videon e realizuar nga ekipi i Mozaikut TV i Malit t\u00eb Zi.<\/strong><br \/>\n<!--YouTube Error: bad URL entered--><br \/>\n\n\t\t<style type=\"text\/css\">\n\t\t\t#gallery-1 {\n\t\t\t\tmargin: auto;\n\t\t\t}\n\t\t\t#gallery-1 .gallery-item {\n\t\t\t\tfloat: left;\n\t\t\t\tmargin-top: 10px;\n\t\t\t\ttext-align: center;\n\t\t\t\twidth: 33%;\n\t\t\t}\n\t\t\t#gallery-1 img {\n\t\t\t\tborder: 2px solid #cfcfcf;\n\t\t\t}\n\t\t\t#gallery-1 .gallery-caption {\n\t\t\t\tmargin-left: 0;\n\t\t\t}\n\t\t\t\/* see gallery_shortcode() in wp-includes\/media.php *\/\n\t\t<\/style>\n\t\t<div id='gallery-1' class='gallery galleryid-49161 gallery-columns-3 gallery-size-thumbnail'><dl class='gallery-item'>\n\t\t\t<dt class='gallery-icon landscape'>\n\t\t\t\t<a href='https:\/\/www.visit-ulcinj.com\/blog\/wp-content\/uploads\/2011\/07\/Ferma-e-dhive-ne-Kravar-nga-Selatin-Gjeloshi.16.jpg'><img width=\"150\" height=\"150\" src=\"https:\/\/www.visit-ulcinj.com\/blog\/wp-content\/uploads\/2011\/07\/Ferma-e-dhive-ne-Kravar-nga-Selatin-Gjeloshi.16-150x150.jpg\" class=\"attachment-thumbnail size-thumbnail\" alt=\"\" loading=\"lazy\" \/><\/a>\n\t\t\t<\/dt><\/dl><dl class='gallery-item'>\n\t\t\t<dt class='gallery-icon landscape'>\n\t\t\t\t<a href='https:\/\/www.visit-ulcinj.com\/blog\/wp-content\/uploads\/2011\/07\/Ferma-e-dhive-ne-Kravar-nga-Selatin-Gjeloshi.17.jpg'><img width=\"150\" height=\"150\" src=\"https:\/\/www.visit-ulcinj.com\/blog\/wp-content\/uploads\/2011\/07\/Ferma-e-dhive-ne-Kravar-nga-Selatin-Gjeloshi.17-150x150.jpg\" class=\"attachment-thumbnail size-thumbnail\" alt=\"\" loading=\"lazy\" \/><\/a>\n\t\t\t<\/dt><\/dl><dl class='gallery-item'>\n\t\t\t<dt class='gallery-icon landscape'>\n\t\t\t\t<a href='https:\/\/www.visit-ulcinj.com\/blog\/wp-content\/uploads\/2011\/07\/Ferma-e-dhive-ne-Kravar-nga-Selatin-Gjeloshi.11.jpg'><img width=\"150\" height=\"150\" src=\"https:\/\/www.visit-ulcinj.com\/blog\/wp-content\/uploads\/2011\/07\/Ferma-e-dhive-ne-Kravar-nga-Selatin-Gjeloshi.11-150x150.jpg\" class=\"attachment-thumbnail size-thumbnail\" alt=\"\" loading=\"lazy\" \/><\/a>\n\t\t\t<\/dt><\/dl><br style=\"clear: both\" \/><dl class='gallery-item'>\n\t\t\t<dt class='gallery-icon landscape'>\n\t\t\t\t<a href='https:\/\/www.visit-ulcinj.com\/blog\/wp-content\/uploads\/2011\/07\/Ferma-e-dhive-ne-Kravar-nga-Selatin-Gjeloshi.3.jpg'><img width=\"150\" height=\"150\" src=\"https:\/\/www.visit-ulcinj.com\/blog\/wp-content\/uploads\/2011\/07\/Ferma-e-dhive-ne-Kravar-nga-Selatin-Gjeloshi.3-150x150.jpg\" class=\"attachment-thumbnail size-thumbnail\" alt=\"\" loading=\"lazy\" \/><\/a>\n\t\t\t<\/dt><\/dl><dl class='gallery-item'>\n\t\t\t<dt class='gallery-icon landscape'>\n\t\t\t\t<a href='https:\/\/www.visit-ulcinj.com\/blog\/wp-content\/uploads\/2011\/07\/Ferma-e-dhive-ne-Kravar-nga-Selatin-Gjeloshi.4.jpg'><img width=\"150\" height=\"150\" src=\"https:\/\/www.visit-ulcinj.com\/blog\/wp-content\/uploads\/2011\/07\/Ferma-e-dhive-ne-Kravar-nga-Selatin-Gjeloshi.4-150x150.jpg\" class=\"attachment-thumbnail size-thumbnail\" alt=\"\" loading=\"lazy\" \/><\/a>\n\t\t\t<\/dt><\/dl><dl class='gallery-item'>\n\t\t\t<dt class='gallery-icon landscape'>\n\t\t\t\t<a href='https:\/\/www.visit-ulcinj.com\/blog\/wp-content\/uploads\/2011\/07\/Ferma-e-dhive-ne-Kravar-nga-Selatin-Gjeloshi.5.jpg'><img width=\"150\" height=\"150\" src=\"https:\/\/www.visit-ulcinj.com\/blog\/wp-content\/uploads\/2011\/07\/Ferma-e-dhive-ne-Kravar-nga-Selatin-Gjeloshi.5-150x150.jpg\" class=\"attachment-thumbnail size-thumbnail\" alt=\"\" loading=\"lazy\" \/><\/a>\n\t\t\t<\/dt><\/dl><br style=\"clear: both\" \/><dl class='gallery-item'>\n\t\t\t<dt class='gallery-icon landscape'>\n\t\t\t\t<a href='https:\/\/www.visit-ulcinj.com\/blog\/wp-content\/uploads\/2011\/07\/Ferma-e-dhive-ne-Kravar-nga-Selatin-Gjeloshi.6.jpg'><img width=\"150\" height=\"150\" src=\"https:\/\/www.visit-ulcinj.com\/blog\/wp-content\/uploads\/2011\/07\/Ferma-e-dhive-ne-Kravar-nga-Selatin-Gjeloshi.6-150x150.jpg\" class=\"attachment-thumbnail size-thumbnail\" alt=\"\" loading=\"lazy\" \/><\/a>\n\t\t\t<\/dt><\/dl><dl class='gallery-item'>\n\t\t\t<dt class='gallery-icon landscape'>\n\t\t\t\t<a href='https:\/\/www.visit-ulcinj.com\/blog\/wp-content\/uploads\/2011\/07\/Ferma-e-dhive-ne-Kravar-nga-Selatin-Gjeloshi.8.jpg'><img width=\"150\" height=\"150\" src=\"https:\/\/www.visit-ulcinj.com\/blog\/wp-content\/uploads\/2011\/07\/Ferma-e-dhive-ne-Kravar-nga-Selatin-Gjeloshi.8-150x150.jpg\" class=\"attachment-thumbnail size-thumbnail\" alt=\"\" loading=\"lazy\" \/><\/a>\n\t\t\t<\/dt><\/dl><dl class='gallery-item'>\n\t\t\t<dt class='gallery-icon landscape'>\n\t\t\t\t<a href='https:\/\/www.visit-ulcinj.com\/blog\/wp-content\/uploads\/2011\/07\/Ferma-e-dhive-ne-Kravar-nga-Selatin-Gjeloshi.9.jpg'><img width=\"150\" height=\"150\" src=\"https:\/\/www.visit-ulcinj.com\/blog\/wp-content\/uploads\/2011\/07\/Ferma-e-dhive-ne-Kravar-nga-Selatin-Gjeloshi.9-150x150.jpg\" class=\"attachment-thumbnail size-thumbnail\" alt=\"\" loading=\"lazy\" \/><\/a>\n\t\t\t<\/dt><\/dl><br style=\"clear: both\" \/><dl class='gallery-item'>\n\t\t\t<dt class='gallery-icon landscape'>\n\t\t\t\t<a href='https:\/\/www.visit-ulcinj.com\/blog\/wp-content\/uploads\/2011\/07\/Ferma-e-dhive-ne-Kravar-nga-Selatin-Gjeloshi.12.jpg'><img width=\"150\" height=\"150\" src=\"https:\/\/www.visit-ulcinj.com\/blog\/wp-content\/uploads\/2011\/07\/Ferma-e-dhive-ne-Kravar-nga-Selatin-Gjeloshi.12-150x150.jpg\" class=\"attachment-thumbnail size-thumbnail\" alt=\"\" loading=\"lazy\" \/><\/a>\n\t\t\t<\/dt><\/dl><dl class='gallery-item'>\n\t\t\t<dt class='gallery-icon landscape'>\n\t\t\t\t<a href='https:\/\/www.visit-ulcinj.com\/blog\/wp-content\/uploads\/2011\/07\/Ferma-e-dhive-ne-Kravar-nga-Selatin-Gjeloshi.13.jpg'><img width=\"150\" height=\"150\" src=\"https:\/\/www.visit-ulcinj.com\/blog\/wp-content\/uploads\/2011\/07\/Ferma-e-dhive-ne-Kravar-nga-Selatin-Gjeloshi.13-150x150.jpg\" class=\"attachment-thumbnail size-thumbnail\" alt=\"\" loading=\"lazy\" \/><\/a>\n\t\t\t<\/dt><\/dl><dl class='gallery-item'>\n\t\t\t<dt class='gallery-icon landscape'>\n\t\t\t\t<a href='https:\/\/www.visit-ulcinj.com\/blog\/wp-content\/uploads\/2011\/07\/Ferma-e-dhive-ne-Kravar-nga-Selatin-Gjeloshi.15.jpg'><img width=\"150\" height=\"150\" src=\"https:\/\/www.visit-ulcinj.com\/blog\/wp-content\/uploads\/2011\/07\/Ferma-e-dhive-ne-Kravar-nga-Selatin-Gjeloshi.15-150x150.jpg\" class=\"attachment-thumbnail size-thumbnail\" alt=\"\" loading=\"lazy\" \/><\/a>\n\t\t\t<\/dt><\/dl><br style=\"clear: both\" \/>\n\t\t<\/div>\n<\/p>\n","protected":false},"excerpt":{"rendered":"<p>Vler\u00ebsimet p\u00ebr prodhimtarin\u00eb blegtorale te dhive nga prodhuesi Ulqinak nga Kravari \u00ebsht\u00eb u kryer prej shume vitesh. Sidoqoft\u00eb shum\u00eb nga fermer\u00ebt nuk jan\u00eb n\u00eb dijeni p\u00ebr praktikat e vler\u00ebsimit te fitimeve me p\u00ebrcaktimin e prodhimtaris\u00eb efektive dhe joefektive. Mund\u00ebsia qe t\u00eb dokumentohen dhe analizohen t\u00eb dh\u00ebnat bazuar n\u00eb performancen e kafsh\u00ebs dhe krahasimi i tyre [&hellip;]<\/p>\n","protected":false},"author":1,"featured_media":0,"comment_status":"open","ping_status":"closed","sticky":false,"template":"","format":"standard","meta":{"spay_email":"","jetpack_publicize_message":"","jetpack_is_tweetstorm":false,"jetpack_publicize_feature_enabled":true},"categories":[10,14249],"tags":[212,17828,17834,17811,17831,14353,17808,14354,12340,17840,17839,17835,17814,17810,17816,17071,17807,18721,18719,3516,14652,17837,17827,18718,14358,222,17802,17812,17803,18266,17820,17825,17817,17805,3713,17823,17832,3506,17818,214,17680,14362,14363,3507,17800,498,3500,2668,18290,14364,17799,3327,17841,17826,15213,3512,17806,18289,17838,95,17813,17804,15141,17836,14366,18292,18720,79,17073,18294,1653,1909,14367,17801,18322,14663,17822,14368,14369,17824,14370,18291,16228,2083,14371,41,3617,14372,17844,17821,13413,17830,17077,18295,14375,17833,17829,18293,200,18,17819,17809,14376],"jetpack_publicize_connections":[],"yoast_head":"<!-- This site is optimized with the Yoast SEO plugin v19.1 - https:\/\/yoast.com\/wordpress\/plugins\/seo\/ -->\n<title>Ferma e dhive nga Selatin Gjeloshi n\u00eb Kravar\u00eb - Video - Lajme nga Ulqini<\/title>\n<meta name=\"description\" content=\"Vler\u00ebsimet p\u00ebr prodhimtarin\u00eb blegtorale te dhive nga prodhuesi Ulqinak nga Kravari \u00ebsht\u00eb u kryer prej shume vitesh. Sidoqoft\u00eb shum\u00eb nga fermer\u00ebt nuk jan\u00eb\" \/>\n<meta name=\"robots\" content=\"index, follow, max-snippet:-1, max-image-preview:large, max-video-preview:-1\" \/>\n<link rel=\"canonical\" href=\"https:\/\/www.visit-ulcinj.com\/blog\/2011\/07\/17\/ferma-e-dhive-nga-selatin-gjeloshi-ne-kravare\/\" \/>\n<meta property=\"og:locale\" content=\"en_US\" \/>\n<meta property=\"og:type\" content=\"article\" \/>\n<meta property=\"og:title\" content=\"Ferma e dhive nga Selatin Gjeloshi n\u00eb Kravar\u00eb - Video - Lajme nga Ulqini\" \/>\n<meta property=\"og:description\" content=\"Vler\u00ebsimet p\u00ebr prodhimtarin\u00eb blegtorale te dhive nga prodhuesi Ulqinak nga Kravari \u00ebsht\u00eb u kryer prej shume vitesh. Sidoqoft\u00eb shum\u00eb nga fermer\u00ebt nuk jan\u00eb\" \/>\n<meta property=\"og:url\" content=\"https:\/\/www.visit-ulcinj.com\/blog\/2011\/07\/17\/ferma-e-dhive-nga-selatin-gjeloshi-ne-kravare\/\" \/>\n<meta property=\"og:site_name\" content=\"Lajme nga Ulqini\" \/>\n<meta property=\"article:published_time\" content=\"2011-07-17T12:18:22+00:00\" \/>\n<meta property=\"article:modified_time\" content=\"2011-07-18T15:01:02+00:00\" \/>\n<meta property=\"og:image\" content=\"https:\/\/www.visit-ulcinj.com\/blog\/wp-content\/uploads\/2011\/07\/Ferma-e-dhive-ne-Kravar-nga-Selatin-Gjeloshi.16-150x150.jpg\" \/>\n<meta name=\"twitter:label1\" content=\"Written by\" \/>\n\t<meta name=\"twitter:data1\" content=\"ulqini\" \/>\n\t<meta name=\"twitter:label2\" content=\"Est. reading time\" \/>\n\t<meta name=\"twitter:data2\" content=\"1 minute\" \/>\n<script type=\"application\/ld+json\" class=\"yoast-schema-graph\">{\"@context\":\"https:\/\/schema.org\",\"@graph\":[{\"@type\":\"WebSite\",\"@id\":\"https:\/\/www.visit-ulcinj.com\/blog\/#website\",\"url\":\"https:\/\/www.visit-ulcinj.com\/blog\/\",\"name\":\"Lajme nga Ulqini\",\"description\":\"Lajme,Vijesti,Ulqini,Ulqin,Crna Gora,Mali i Zi\",\"potentialAction\":[{\"@type\":\"SearchAction\",\"target\":{\"@type\":\"EntryPoint\",\"urlTemplate\":\"https:\/\/www.visit-ulcinj.com\/blog\/?s={search_term_string}\"},\"query-input\":\"required name=search_term_string\"}],\"inLanguage\":\"en-US\"},{\"@type\":\"ImageObject\",\"inLanguage\":\"en-US\",\"@id\":\"https:\/\/www.visit-ulcinj.com\/blog\/2011\/07\/17\/ferma-e-dhive-nga-selatin-gjeloshi-ne-kravare\/#primaryimage\",\"url\":\"https:\/\/www.visit-ulcinj.com\/blog\/wp-content\/uploads\/2011\/07\/Ferma-e-dhive-ne-Kravar-nga-Selatin-Gjeloshi.16.jpg\",\"contentUrl\":\"https:\/\/www.visit-ulcinj.com\/blog\/wp-content\/uploads\/2011\/07\/Ferma-e-dhive-ne-Kravar-nga-Selatin-Gjeloshi.16.jpg\",\"width\":\"508\",\"height\":\"368\"},{\"@type\":\"WebPage\",\"@id\":\"https:\/\/www.visit-ulcinj.com\/blog\/2011\/07\/17\/ferma-e-dhive-nga-selatin-gjeloshi-ne-kravare\/#webpage\",\"url\":\"https:\/\/www.visit-ulcinj.com\/blog\/2011\/07\/17\/ferma-e-dhive-nga-selatin-gjeloshi-ne-kravare\/\",\"name\":\"Ferma e dhive nga Selatin Gjeloshi n\u00eb Kravar\u00eb - Video - Lajme nga Ulqini\",\"isPartOf\":{\"@id\":\"https:\/\/www.visit-ulcinj.com\/blog\/#website\"},\"primaryImageOfPage\":{\"@id\":\"https:\/\/www.visit-ulcinj.com\/blog\/2011\/07\/17\/ferma-e-dhive-nga-selatin-gjeloshi-ne-kravare\/#primaryimage\"},\"datePublished\":\"2011-07-17T12:18:22+00:00\",\"dateModified\":\"2011-07-18T15:01:02+00:00\",\"author\":{\"@id\":\"https:\/\/www.visit-ulcinj.com\/blog\/#\/schema\/person\/dcab619c614d3038751c63bc2aadc06d\"},\"description\":\"Vler\u00ebsimet p\u00ebr prodhimtarin\u00eb blegtorale te dhive nga prodhuesi Ulqinak nga Kravari \u00ebsht\u00eb u kryer prej shume vitesh. Sidoqoft\u00eb shum\u00eb nga fermer\u00ebt nuk jan\u00eb\",\"breadcrumb\":{\"@id\":\"https:\/\/www.visit-ulcinj.com\/blog\/2011\/07\/17\/ferma-e-dhive-nga-selatin-gjeloshi-ne-kravare\/#breadcrumb\"},\"inLanguage\":\"en-US\",\"potentialAction\":[{\"@type\":\"ReadAction\",\"target\":[\"https:\/\/www.visit-ulcinj.com\/blog\/2011\/07\/17\/ferma-e-dhive-nga-selatin-gjeloshi-ne-kravare\/\"]}]},{\"@type\":\"BreadcrumbList\",\"@id\":\"https:\/\/www.visit-ulcinj.com\/blog\/2011\/07\/17\/ferma-e-dhive-nga-selatin-gjeloshi-ne-kravare\/#breadcrumb\",\"itemListElement\":[{\"@type\":\"ListItem\",\"position\":1,\"name\":\"Ferma e dhive nga Selatin Gjeloshi n\u00eb Kravar\u00eb &#8211; Video\"}]},{\"@type\":\"Person\",\"@id\":\"https:\/\/www.visit-ulcinj.com\/blog\/#\/schema\/person\/dcab619c614d3038751c63bc2aadc06d\",\"name\":\"ulqini\",\"sameAs\":[\"http:\/\/www.visit-ulcinj.com\"],\"url\":\"https:\/\/www.visit-ulcinj.com\/blog\/author\/admin\/\"}]}<\/script>\n<!-- \/ Yoast SEO plugin. -->","yoast_head_json":{"title":"Ferma e dhive nga Selatin Gjeloshi n\u00eb Kravar\u00eb - Video - Lajme nga Ulqini","description":"Vler\u00ebsimet p\u00ebr prodhimtarin\u00eb blegtorale te dhive nga prodhuesi Ulqinak nga Kravari \u00ebsht\u00eb u kryer prej shume vitesh. Sidoqoft\u00eb shum\u00eb nga fermer\u00ebt nuk jan\u00eb","robots":{"index":"index","follow":"follow","max-snippet":"max-snippet:-1","max-image-preview":"max-image-preview:large","max-video-preview":"max-video-preview:-1"},"canonical":"https:\/\/www.visit-ulcinj.com\/blog\/2011\/07\/17\/ferma-e-dhive-nga-selatin-gjeloshi-ne-kravare\/","og_locale":"en_US","og_type":"article","og_title":"Ferma e dhive nga Selatin Gjeloshi n\u00eb Kravar\u00eb - Video - Lajme nga Ulqini","og_description":"Vler\u00ebsimet p\u00ebr prodhimtarin\u00eb blegtorale te dhive nga prodhuesi Ulqinak nga Kravari \u00ebsht\u00eb u kryer prej shume vitesh. Sidoqoft\u00eb shum\u00eb nga fermer\u00ebt nuk jan\u00eb","og_url":"https:\/\/www.visit-ulcinj.com\/blog\/2011\/07\/17\/ferma-e-dhive-nga-selatin-gjeloshi-ne-kravare\/","og_site_name":"Lajme nga Ulqini","article_published_time":"2011-07-17T12:18:22+00:00","article_modified_time":"2011-07-18T15:01:02+00:00","og_image":[{"url":"https:\/\/www.visit-ulcinj.com\/blog\/wp-content\/uploads\/2011\/07\/Ferma-e-dhive-ne-Kravar-nga-Selatin-Gjeloshi.16-150x150.jpg"}],"twitter_misc":{"Written by":"ulqini","Est. reading time":"1 minute"},"schema":{"@context":"https:\/\/schema.org","@graph":[{"@type":"WebSite","@id":"https:\/\/www.visit-ulcinj.com\/blog\/#website","url":"https:\/\/www.visit-ulcinj.com\/blog\/","name":"Lajme nga Ulqini","description":"Lajme,Vijesti,Ulqini,Ulqin,Crna Gora,Mali i Zi","potentialAction":[{"@type":"SearchAction","target":{"@type":"EntryPoint","urlTemplate":"https:\/\/www.visit-ulcinj.com\/blog\/?s={search_term_string}"},"query-input":"required name=search_term_string"}],"inLanguage":"en-US"},{"@type":"ImageObject","inLanguage":"en-US","@id":"https:\/\/www.visit-ulcinj.com\/blog\/2011\/07\/17\/ferma-e-dhive-nga-selatin-gjeloshi-ne-kravare\/#primaryimage","url":"https:\/\/www.visit-ulcinj.com\/blog\/wp-content\/uploads\/2011\/07\/Ferma-e-dhive-ne-Kravar-nga-Selatin-Gjeloshi.16.jpg","contentUrl":"https:\/\/www.visit-ulcinj.com\/blog\/wp-content\/uploads\/2011\/07\/Ferma-e-dhive-ne-Kravar-nga-Selatin-Gjeloshi.16.jpg","width":"508","height":"368"},{"@type":"WebPage","@id":"https:\/\/www.visit-ulcinj.com\/blog\/2011\/07\/17\/ferma-e-dhive-nga-selatin-gjeloshi-ne-kravare\/#webpage","url":"https:\/\/www.visit-ulcinj.com\/blog\/2011\/07\/17\/ferma-e-dhive-nga-selatin-gjeloshi-ne-kravare\/","name":"Ferma e dhive nga Selatin Gjeloshi n\u00eb Kravar\u00eb - Video - Lajme nga Ulqini","isPartOf":{"@id":"https:\/\/www.visit-ulcinj.com\/blog\/#website"},"primaryImageOfPage":{"@id":"https:\/\/www.visit-ulcinj.com\/blog\/2011\/07\/17\/ferma-e-dhive-nga-selatin-gjeloshi-ne-kravare\/#primaryimage"},"datePublished":"2011-07-17T12:18:22+00:00","dateModified":"2011-07-18T15:01:02+00:00","author":{"@id":"https:\/\/www.visit-ulcinj.com\/blog\/#\/schema\/person\/dcab619c614d3038751c63bc2aadc06d"},"description":"Vler\u00ebsimet p\u00ebr prodhimtarin\u00eb blegtorale te dhive nga prodhuesi Ulqinak nga Kravari \u00ebsht\u00eb u kryer prej shume vitesh. Sidoqoft\u00eb shum\u00eb nga fermer\u00ebt nuk jan\u00eb","breadcrumb":{"@id":"https:\/\/www.visit-ulcinj.com\/blog\/2011\/07\/17\/ferma-e-dhive-nga-selatin-gjeloshi-ne-kravare\/#breadcrumb"},"inLanguage":"en-US","potentialAction":[{"@type":"ReadAction","target":["https:\/\/www.visit-ulcinj.com\/blog\/2011\/07\/17\/ferma-e-dhive-nga-selatin-gjeloshi-ne-kravare\/"]}]},{"@type":"BreadcrumbList","@id":"https:\/\/www.visit-ulcinj.com\/blog\/2011\/07\/17\/ferma-e-dhive-nga-selatin-gjeloshi-ne-kravare\/#breadcrumb","itemListElement":[{"@type":"ListItem","position":1,"name":"Ferma e dhive nga Selatin Gjeloshi n\u00eb Kravar\u00eb &#8211; Video"}]},{"@type":"Person","@id":"https:\/\/www.visit-ulcinj.com\/blog\/#\/schema\/person\/dcab619c614d3038751c63bc2aadc06d","name":"ulqini","sameAs":["http:\/\/www.visit-ulcinj.com"],"url":"https:\/\/www.visit-ulcinj.com\/blog\/author\/admin\/"}]}},"jetpack_featured_media_url":"","jetpack_sharing_enabled":true,"jetpack_shortlink":"https:\/\/wp.me\/pe6lTn-cMV","_links":{"self":[{"href":"https:\/\/www.visit-ulcinj.com\/blog\/wp-json\/wp\/v2\/posts\/49161"}],"collection":[{"href":"https:\/\/www.visit-ulcinj.com\/blog\/wp-json\/wp\/v2\/posts"}],"about":[{"href":"https:\/\/www.visit-ulcinj.com\/blog\/wp-json\/wp\/v2\/types\/post"}],"author":[{"embeddable":true,"href":"https:\/\/www.visit-ulcinj.com\/blog\/wp-json\/wp\/v2\/users\/1"}],"replies":[{"embeddable":true,"href":"https:\/\/www.visit-ulcinj.com\/blog\/wp-json\/wp\/v2\/comments?post=49161"}],"version-history":[{"count":7,"href":"https:\/\/www.visit-ulcinj.com\/blog\/wp-json\/wp\/v2\/posts\/49161\/revisions"}],"predecessor-version":[{"id":49168,"href":"https:\/\/www.visit-ulcinj.com\/blog\/wp-json\/wp\/v2\/posts\/49161\/revisions\/49168"}],"wp:attachment":[{"href":"https:\/\/www.visit-ulcinj.com\/blog\/wp-json\/wp\/v2\/media?parent=49161"}],"wp:term":[{"taxonomy":"category","embeddable":true,"href":"https:\/\/www.visit-ulcinj.com\/blog\/wp-json\/wp\/v2\/categories?post=49161"},{"taxonomy":"post_tag","embeddable":true,"href":"https:\/\/www.visit-ulcinj.com\/blog\/wp-json\/wp\/v2\/tags?post=49161"}],"curies":[{"name":"wp","href":"https:\/\/api.w.org\/{rel}","templated":true}]}}