{"id":49170,"date":"2011-07-17T15:04:07","date_gmt":"2011-07-17T14:04:07","guid":{"rendered":"http:\/\/www.visit-ulcinj.com\/blog\/?p=49170"},"modified":"2011-07-17T15:04:07","modified_gmt":"2011-07-17T14:04:07","slug":"loreta-kacka-do-te-jem-per-disa-dite-ne-bregdetin-e-ulqinit","status":"publish","type":"post","link":"https:\/\/www.visit-ulcinj.com\/blog\/2011\/07\/17\/loreta-kacka-do-te-jem-per-disa-dite-ne-bregdetin-e-ulqinit\/","title":{"rendered":"Loreta Ka\u00e7ka: Do t\u00eb jem p\u00ebr disa dit\u00eb n\u00eb bregdetin e Ulqinit"},"content":{"rendered":"<p><strong><a href=\"http:\/\/www.visit-ulcinj.com\/blog\/wp-content\/uploads\/2011\/07\/Loreta-Kacka-Lori..jpg\"><img loading=\"lazy\" class=\"alignleft size-full wp-image-49171\" title=\"Loreta-Kacka-Lori.\" src=\"http:\/\/www.visit-ulcinj.com\/blog\/wp-content\/uploads\/2011\/07\/Loreta-Kacka-Lori..jpg\" alt=\"\" width=\"508\" height=\"620\" \/><\/a>\u201cP\u00ebr ty\u201d, s\u2019ka t\u00eb b\u00ebj\u00eb me jet\u00ebn time<\/strong><\/p>\n<p>K\u00ebng\u00ebtarja Loreta Ka\u00e7ka, gjithnj\u00eb n\u00eb trend me koh\u00ebn, surprizat e radh\u00ebs i ka shpalosur gjat\u00eb k\u00ebsaj jave, ku lansoi albumin e saj m\u00eb t\u00eb ri, t\u00eb titulluar \u201cP\u00ebr ty\u201d. Ndon\u00ebse sukses t\u00eb madh thot\u00eb se i solli edhe bashk\u00ebpunimi me k\u00ebng\u00ebn duet \u201cKthehu\u201d me Bleron.<\/p>\n<p>M\u00eb shum\u00eb rreth albumit dhe k\u00ebtij bashk\u00ebpunimi flet p\u00ebr \u201cZ\u00ebrin\u201d.<\/p>\n<p>&#8211; Sapo keni lansuar albumin e ri, nj\u00eb koment tuajin p\u00ebr k\u00ebt\u00eb projekt?<\/p>\n<p>&#8211; Gjat\u00eb k\u00ebsaj jave lansova albumin tim m\u00eb t\u00eb ri t\u00eb quajtur \u201cP\u00ebr ty\u201d, me 10 k\u00ebng\u00eb t\u00eb mrekullueshme. Deri m\u00eb tani jam e k\u00ebnaqur me k\u00ebt\u00eb album sepse kam arritur t\u00eb marr shum\u00eb kritika pozitive. Uroj q\u00eb edhe m\u00eb tej t\u00eb p\u00eblqehet ky album.<\/p>\n<p><a href=\"http:\/\/www.visit-ulcinj.com\/blog\/wp-content\/uploads\/2011\/07\/Loreta-Kacka-Lori.2.jpg\"><img loading=\"lazy\" class=\"alignleft size-full wp-image-49172\" title=\"Loreta-Kacka-Lori.2\" src=\"http:\/\/www.visit-ulcinj.com\/blog\/wp-content\/uploads\/2011\/07\/Loreta-Kacka-Lori.2.jpg\" alt=\"\" width=\"300\" height=\"429\" \/><\/a>&#8211; Albumin \u201cP\u00ebr ty\u201d, kujt ia keni dedikuar?<\/p>\n<p>&#8211; M\u00eb besoni se ky titull nuk ka t\u00eb b\u00ebj\u00eb fare me jet\u00ebn time private. Tekstin e k\u00ebng\u00ebs \u201cP\u00ebr ty\u201d e ka realizuar Flori dhe mund t\u00eb jet\u00eb e mundshme q\u00eb ndoshta ai mund t\u2019ia ket\u00eb kushtuar dikujt. Mua m\u00eb ka p\u00eblqyer si tekst andaj edhe pranova q\u00eb k\u00ebt\u00eb k\u00ebng\u00eb ta kem n\u00eb album dhe mes tjerash ta em\u00ebroj edhe albumin.<\/p>\n<p>&#8211; Me k\u00eb keni bashk\u00ebpunuar n\u00eb k\u00ebt\u00eb album?<\/p>\n<p>&#8211; Kam bashk\u00ebpunuar me m\u00eb shum\u00eb krijues t\u00eb k\u00ebng\u00ebs, si Flori, Ilir Berani, Ardian dhe Artan Kastrati, Florent Boshnjaku, Fatmir Muja, Genc Prelvukaj, Aida Baraku, Armend Rexhepagiqi etj.<\/p>\n<p>&#8211; S\u00eb fundi keni realizuar nj\u00eb duet me Bleron, si erdhi deri te ky bashk\u00ebpunim?<\/p>\n<p>&#8211; Kemi qen\u00eb s\u00eb bashku n\u00eb nj\u00eb koncert n\u00eb Zvic\u00ebr dhe aty biseduam p\u00ebr ta realizuar nj\u00eb k\u00ebng\u00eb. Fatmir\u00ebsisht ky duet \u00ebsht\u00eb pritur mjaft mir\u00eb n\u00eb publik. K\u00ebnga titullohet \u201cKthehu\u201d tekstin e s\u00eb cil\u00ebs e ka b\u00ebr\u00eb Bubulina Krasniqi, nd\u00ebrsa \u00ebsht\u00eb punuar nga producenti suedez \u00c7ekiq dhe Dj. Kristi. Kjo k\u00ebng\u00eb ka edhe videospotin q\u00eb e kemi p\u00ebrgatitur me \u201cAsha Grafik\u201d nj\u00eb produksion i ri nga Prishtina, por q\u00eb punojn\u00eb shum\u00eb mir\u00eb.<br \/>\n<a href=\"http:\/\/www.visit-ulcinj.com\/blog\/wp-content\/uploads\/2011\/07\/Loreta-Ka%C3%A7ka-Lori.jpg\"><img loading=\"lazy\" class=\"alignleft size-full wp-image-49173\" title=\"Loreta Ka\u00e7ka - Lori\" src=\"http:\/\/www.visit-ulcinj.com\/blog\/wp-content\/uploads\/2011\/07\/Loreta-Ka%C3%A7ka-Lori.jpg\" alt=\"\" width=\"508\" height=\"330\" \/><\/a><\/p>\n<p>&#8211; Si po i kaloni k\u00ebto dit\u00eb t\u00eb nxehta vere?<\/p>\n<p>&#8211; Momentalisht jam shum\u00eb e angazhuar me dasma e ahengje t\u00eb ndryshme gazmore. P\u00ebrve\u00e7 tyre vazhdoj t\u00eb kem edhe mbr\u00ebmje muzikore brenda dhe jasht\u00eb vendit, do t\u00eb jem p\u00ebr disa dit\u00eb me radh\u00eb n\u00eb bregdetin e Durr\u00ebsit dhe t\u00eb Ulqinit. Uroj q\u00eb edhe kjo ver\u00eb t\u00eb m\u00eb kaloj\u00eb me shum\u00eb fat dhe suksese.<\/p>\n<p><strong>Kastriote Bajrami<br \/>\nZ\u00ebri<br \/>\n<!--YouTube Error: bad URL entered--><br \/>\n<\/strong><\/p>\n","protected":false},"excerpt":{"rendered":"<p>\u201cP\u00ebr ty\u201d, s\u2019ka t\u00eb b\u00ebj\u00eb me jet\u00ebn time K\u00ebng\u00ebtarja Loreta Ka\u00e7ka, gjithnj\u00eb n\u00eb trend me koh\u00ebn, surprizat e radh\u00ebs i ka shpalosur gjat\u00eb k\u00ebsaj jave, ku lansoi albumin e saj m\u00eb t\u00eb ri, t\u00eb titulluar \u201cP\u00ebr ty\u201d. Ndon\u00ebse sukses t\u00eb madh thot\u00eb se i solli edhe bashk\u00ebpunimi me k\u00ebng\u00ebn duet \u201cKthehu\u201d me Bleron. M\u00eb shum\u00eb [&hellip;]<\/p>\n","protected":false},"author":1,"featured_media":0,"comment_status":"open","ping_status":"closed","sticky":false,"template":"","format":"standard","meta":{"spay_email":"","jetpack_publicize_message":"","jetpack_is_tweetstorm":false,"jetpack_publicize_feature_enabled":true},"categories":[1],"tags":[17192],"jetpack_publicize_connections":[],"yoast_head":"<!-- This site is optimized with the Yoast SEO plugin v19.1 - https:\/\/yoast.com\/wordpress\/plugins\/seo\/ -->\n<title>Loreta Ka\u00e7ka: Do t\u00eb jem p\u00ebr disa dit\u00eb n\u00eb bregdetin e Ulqinit - Lajme nga Ulqini<\/title>\n<meta name=\"description\" content=\"\u201cP\u00ebr ty\u201d, s\u2019ka t\u00eb b\u00ebj\u00eb me jet\u00ebn time K\u00ebng\u00ebtarja Loreta Ka\u00e7ka, gjithnj\u00eb n\u00eb trend me koh\u00ebn, surprizat e radh\u00ebs i ka shpalosur gjat\u00eb k\u00ebsaj jave, ku lansoi\" \/>\n<meta name=\"robots\" content=\"index, follow, max-snippet:-1, max-image-preview:large, max-video-preview:-1\" \/>\n<link rel=\"canonical\" href=\"https:\/\/www.visit-ulcinj.com\/blog\/2011\/07\/17\/loreta-kacka-do-te-jem-per-disa-dite-ne-bregdetin-e-ulqinit\/\" \/>\n<meta property=\"og:locale\" content=\"en_US\" \/>\n<meta property=\"og:type\" content=\"article\" \/>\n<meta property=\"og:title\" content=\"Loreta Ka\u00e7ka: Do t\u00eb jem p\u00ebr disa dit\u00eb n\u00eb bregdetin e Ulqinit - Lajme nga Ulqini\" \/>\n<meta property=\"og:description\" content=\"\u201cP\u00ebr ty\u201d, s\u2019ka t\u00eb b\u00ebj\u00eb me jet\u00ebn time K\u00ebng\u00ebtarja Loreta Ka\u00e7ka, gjithnj\u00eb n\u00eb trend me koh\u00ebn, surprizat e radh\u00ebs i ka shpalosur gjat\u00eb k\u00ebsaj jave, ku lansoi\" \/>\n<meta property=\"og:url\" content=\"https:\/\/www.visit-ulcinj.com\/blog\/2011\/07\/17\/loreta-kacka-do-te-jem-per-disa-dite-ne-bregdetin-e-ulqinit\/\" \/>\n<meta property=\"og:site_name\" content=\"Lajme nga Ulqini\" \/>\n<meta property=\"article:published_time\" content=\"2011-07-17T14:04:07+00:00\" \/>\n<meta property=\"og:image\" content=\"http:\/\/www.visit-ulcinj.com\/blog\/wp-content\/uploads\/2011\/07\/Loreta-Kacka-Lori..jpg\" \/>\n<meta name=\"twitter:label1\" content=\"Written by\" \/>\n\t<meta name=\"twitter:data1\" content=\"ulqini\" \/>\n\t<meta name=\"twitter:label2\" content=\"Est. reading time\" \/>\n\t<meta name=\"twitter:data2\" content=\"2 minutes\" \/>\n<script type=\"application\/ld+json\" class=\"yoast-schema-graph\">{\"@context\":\"https:\/\/schema.org\",\"@graph\":[{\"@type\":\"WebSite\",\"@id\":\"https:\/\/www.visit-ulcinj.com\/blog\/#website\",\"url\":\"https:\/\/www.visit-ulcinj.com\/blog\/\",\"name\":\"Lajme nga Ulqini\",\"description\":\"Lajme,Vijesti,Ulqini,Ulqin,Crna Gora,Mali i Zi\",\"potentialAction\":[{\"@type\":\"SearchAction\",\"target\":{\"@type\":\"EntryPoint\",\"urlTemplate\":\"https:\/\/www.visit-ulcinj.com\/blog\/?s={search_term_string}\"},\"query-input\":\"required name=search_term_string\"}],\"inLanguage\":\"en-US\"},{\"@type\":\"ImageObject\",\"inLanguage\":\"en-US\",\"@id\":\"https:\/\/www.visit-ulcinj.com\/blog\/2011\/07\/17\/loreta-kacka-do-te-jem-per-disa-dite-ne-bregdetin-e-ulqinit\/#primaryimage\",\"url\":\"http:\/\/www.visit-ulcinj.com\/blog\/wp-content\/uploads\/2011\/07\/Loreta-Kacka-Lori..jpg\",\"contentUrl\":\"http:\/\/www.visit-ulcinj.com\/blog\/wp-content\/uploads\/2011\/07\/Loreta-Kacka-Lori..jpg\"},{\"@type\":\"WebPage\",\"@id\":\"https:\/\/www.visit-ulcinj.com\/blog\/2011\/07\/17\/loreta-kacka-do-te-jem-per-disa-dite-ne-bregdetin-e-ulqinit\/#webpage\",\"url\":\"https:\/\/www.visit-ulcinj.com\/blog\/2011\/07\/17\/loreta-kacka-do-te-jem-per-disa-dite-ne-bregdetin-e-ulqinit\/\",\"name\":\"Loreta Ka\u00e7ka: Do t\u00eb jem p\u00ebr disa dit\u00eb n\u00eb bregdetin e Ulqinit - Lajme nga Ulqini\",\"isPartOf\":{\"@id\":\"https:\/\/www.visit-ulcinj.com\/blog\/#website\"},\"primaryImageOfPage\":{\"@id\":\"https:\/\/www.visit-ulcinj.com\/blog\/2011\/07\/17\/loreta-kacka-do-te-jem-per-disa-dite-ne-bregdetin-e-ulqinit\/#primaryimage\"},\"datePublished\":\"2011-07-17T14:04:07+00:00\",\"dateModified\":\"2011-07-17T14:04:07+00:00\",\"author\":{\"@id\":\"https:\/\/www.visit-ulcinj.com\/blog\/#\/schema\/person\/dcab619c614d3038751c63bc2aadc06d\"},\"description\":\"\u201cP\u00ebr ty\u201d, s\u2019ka t\u00eb b\u00ebj\u00eb me jet\u00ebn time K\u00ebng\u00ebtarja Loreta Ka\u00e7ka, gjithnj\u00eb n\u00eb trend me koh\u00ebn, surprizat e radh\u00ebs i ka shpalosur gjat\u00eb k\u00ebsaj jave, ku lansoi\",\"breadcrumb\":{\"@id\":\"https:\/\/www.visit-ulcinj.com\/blog\/2011\/07\/17\/loreta-kacka-do-te-jem-per-disa-dite-ne-bregdetin-e-ulqinit\/#breadcrumb\"},\"inLanguage\":\"en-US\",\"potentialAction\":[{\"@type\":\"ReadAction\",\"target\":[\"https:\/\/www.visit-ulcinj.com\/blog\/2011\/07\/17\/loreta-kacka-do-te-jem-per-disa-dite-ne-bregdetin-e-ulqinit\/\"]}]},{\"@type\":\"BreadcrumbList\",\"@id\":\"https:\/\/www.visit-ulcinj.com\/blog\/2011\/07\/17\/loreta-kacka-do-te-jem-per-disa-dite-ne-bregdetin-e-ulqinit\/#breadcrumb\",\"itemListElement\":[{\"@type\":\"ListItem\",\"position\":1,\"name\":\"Loreta Ka\u00e7ka: Do t\u00eb jem p\u00ebr disa dit\u00eb n\u00eb bregdetin e Ulqinit\"}]},{\"@type\":\"Person\",\"@id\":\"https:\/\/www.visit-ulcinj.com\/blog\/#\/schema\/person\/dcab619c614d3038751c63bc2aadc06d\",\"name\":\"ulqini\",\"sameAs\":[\"http:\/\/www.visit-ulcinj.com\"],\"url\":\"https:\/\/www.visit-ulcinj.com\/blog\/author\/admin\/\"}]}<\/script>\n<!-- \/ Yoast SEO plugin. -->","yoast_head_json":{"title":"Loreta Ka\u00e7ka: Do t\u00eb jem p\u00ebr disa dit\u00eb n\u00eb bregdetin e Ulqinit - Lajme nga Ulqini","description":"\u201cP\u00ebr ty\u201d, s\u2019ka t\u00eb b\u00ebj\u00eb me jet\u00ebn time K\u00ebng\u00ebtarja Loreta Ka\u00e7ka, gjithnj\u00eb n\u00eb trend me koh\u00ebn, surprizat e radh\u00ebs i ka shpalosur gjat\u00eb k\u00ebsaj jave, ku lansoi","robots":{"index":"index","follow":"follow","max-snippet":"max-snippet:-1","max-image-preview":"max-image-preview:large","max-video-preview":"max-video-preview:-1"},"canonical":"https:\/\/www.visit-ulcinj.com\/blog\/2011\/07\/17\/loreta-kacka-do-te-jem-per-disa-dite-ne-bregdetin-e-ulqinit\/","og_locale":"en_US","og_type":"article","og_title":"Loreta Ka\u00e7ka: Do t\u00eb jem p\u00ebr disa dit\u00eb n\u00eb bregdetin e Ulqinit - Lajme nga Ulqini","og_description":"\u201cP\u00ebr ty\u201d, s\u2019ka t\u00eb b\u00ebj\u00eb me jet\u00ebn time K\u00ebng\u00ebtarja Loreta Ka\u00e7ka, gjithnj\u00eb n\u00eb trend me koh\u00ebn, surprizat e radh\u00ebs i ka shpalosur gjat\u00eb k\u00ebsaj jave, ku lansoi","og_url":"https:\/\/www.visit-ulcinj.com\/blog\/2011\/07\/17\/loreta-kacka-do-te-jem-per-disa-dite-ne-bregdetin-e-ulqinit\/","og_site_name":"Lajme nga Ulqini","article_published_time":"2011-07-17T14:04:07+00:00","og_image":[{"url":"http:\/\/www.visit-ulcinj.com\/blog\/wp-content\/uploads\/2011\/07\/Loreta-Kacka-Lori..jpg"}],"twitter_misc":{"Written by":"ulqini","Est. reading time":"2 minutes"},"schema":{"@context":"https:\/\/schema.org","@graph":[{"@type":"WebSite","@id":"https:\/\/www.visit-ulcinj.com\/blog\/#website","url":"https:\/\/www.visit-ulcinj.com\/blog\/","name":"Lajme nga Ulqini","description":"Lajme,Vijesti,Ulqini,Ulqin,Crna Gora,Mali i Zi","potentialAction":[{"@type":"SearchAction","target":{"@type":"EntryPoint","urlTemplate":"https:\/\/www.visit-ulcinj.com\/blog\/?s={search_term_string}"},"query-input":"required name=search_term_string"}],"inLanguage":"en-US"},{"@type":"ImageObject","inLanguage":"en-US","@id":"https:\/\/www.visit-ulcinj.com\/blog\/2011\/07\/17\/loreta-kacka-do-te-jem-per-disa-dite-ne-bregdetin-e-ulqinit\/#primaryimage","url":"http:\/\/www.visit-ulcinj.com\/blog\/wp-content\/uploads\/2011\/07\/Loreta-Kacka-Lori..jpg","contentUrl":"http:\/\/www.visit-ulcinj.com\/blog\/wp-content\/uploads\/2011\/07\/Loreta-Kacka-Lori..jpg"},{"@type":"WebPage","@id":"https:\/\/www.visit-ulcinj.com\/blog\/2011\/07\/17\/loreta-kacka-do-te-jem-per-disa-dite-ne-bregdetin-e-ulqinit\/#webpage","url":"https:\/\/www.visit-ulcinj.com\/blog\/2011\/07\/17\/loreta-kacka-do-te-jem-per-disa-dite-ne-bregdetin-e-ulqinit\/","name":"Loreta Ka\u00e7ka: Do t\u00eb jem p\u00ebr disa dit\u00eb n\u00eb bregdetin e Ulqinit - Lajme nga Ulqini","isPartOf":{"@id":"https:\/\/www.visit-ulcinj.com\/blog\/#website"},"primaryImageOfPage":{"@id":"https:\/\/www.visit-ulcinj.com\/blog\/2011\/07\/17\/loreta-kacka-do-te-jem-per-disa-dite-ne-bregdetin-e-ulqinit\/#primaryimage"},"datePublished":"2011-07-17T14:04:07+00:00","dateModified":"2011-07-17T14:04:07+00:00","author":{"@id":"https:\/\/www.visit-ulcinj.com\/blog\/#\/schema\/person\/dcab619c614d3038751c63bc2aadc06d"},"description":"\u201cP\u00ebr ty\u201d, s\u2019ka t\u00eb b\u00ebj\u00eb me jet\u00ebn time K\u00ebng\u00ebtarja Loreta Ka\u00e7ka, gjithnj\u00eb n\u00eb trend me koh\u00ebn, surprizat e radh\u00ebs i ka shpalosur gjat\u00eb k\u00ebsaj jave, ku lansoi","breadcrumb":{"@id":"https:\/\/www.visit-ulcinj.com\/blog\/2011\/07\/17\/loreta-kacka-do-te-jem-per-disa-dite-ne-bregdetin-e-ulqinit\/#breadcrumb"},"inLanguage":"en-US","potentialAction":[{"@type":"ReadAction","target":["https:\/\/www.visit-ulcinj.com\/blog\/2011\/07\/17\/loreta-kacka-do-te-jem-per-disa-dite-ne-bregdetin-e-ulqinit\/"]}]},{"@type":"BreadcrumbList","@id":"https:\/\/www.visit-ulcinj.com\/blog\/2011\/07\/17\/loreta-kacka-do-te-jem-per-disa-dite-ne-bregdetin-e-ulqinit\/#breadcrumb","itemListElement":[{"@type":"ListItem","position":1,"name":"Loreta Ka\u00e7ka: Do t\u00eb jem p\u00ebr disa dit\u00eb n\u00eb bregdetin e Ulqinit"}]},{"@type":"Person","@id":"https:\/\/www.visit-ulcinj.com\/blog\/#\/schema\/person\/dcab619c614d3038751c63bc2aadc06d","name":"ulqini","sameAs":["http:\/\/www.visit-ulcinj.com"],"url":"https:\/\/www.visit-ulcinj.com\/blog\/author\/admin\/"}]}},"jetpack_featured_media_url":"","jetpack_sharing_enabled":true,"jetpack_shortlink":"https:\/\/wp.me\/pe6lTn-cN4","_links":{"self":[{"href":"https:\/\/www.visit-ulcinj.com\/blog\/wp-json\/wp\/v2\/posts\/49170"}],"collection":[{"href":"https:\/\/www.visit-ulcinj.com\/blog\/wp-json\/wp\/v2\/posts"}],"about":[{"href":"https:\/\/www.visit-ulcinj.com\/blog\/wp-json\/wp\/v2\/types\/post"}],"author":[{"embeddable":true,"href":"https:\/\/www.visit-ulcinj.com\/blog\/wp-json\/wp\/v2\/users\/1"}],"replies":[{"embeddable":true,"href":"https:\/\/www.visit-ulcinj.com\/blog\/wp-json\/wp\/v2\/comments?post=49170"}],"version-history":[{"count":1,"href":"https:\/\/www.visit-ulcinj.com\/blog\/wp-json\/wp\/v2\/posts\/49170\/revisions"}],"predecessor-version":[{"id":49176,"href":"https:\/\/www.visit-ulcinj.com\/blog\/wp-json\/wp\/v2\/posts\/49170\/revisions\/49176"}],"wp:attachment":[{"href":"https:\/\/www.visit-ulcinj.com\/blog\/wp-json\/wp\/v2\/media?parent=49170"}],"wp:term":[{"taxonomy":"category","embeddable":true,"href":"https:\/\/www.visit-ulcinj.com\/blog\/wp-json\/wp\/v2\/categories?post=49170"},{"taxonomy":"post_tag","embeddable":true,"href":"https:\/\/www.visit-ulcinj.com\/blog\/wp-json\/wp\/v2\/tags?post=49170"}],"curies":[{"name":"wp","href":"https:\/\/api.w.org\/{rel}","templated":true}]}}