{"id":49197,"date":"2011-07-17T17:37:57","date_gmt":"2011-07-17T16:37:57","guid":{"rendered":"http:\/\/www.visit-ulcinj.com\/blog\/?p=49197"},"modified":"2011-07-20T16:20:58","modified_gmt":"2011-07-20T15:20:58","slug":"prosjaci-ce-morati-da-napustaju-ulcinjske-plaze","status":"publish","type":"post","link":"https:\/\/www.visit-ulcinj.com\/blog\/2011\/07\/17\/prosjaci-ce-morati-da-napustaju-ulcinjske-plaze\/","title":{"rendered":"Prosjaci \u0107e morati da napu\u0161taju ulcinjske pla\u017ee"},"content":{"rendered":"<p><strong><a href=\"http:\/\/www.visit-ulcinj.com\/blog\/wp-content\/uploads\/2011\/07\/Gzim-Hajdinaga-gradonacelnik-Ulcinja.jpg\"><img loading=\"lazy\" class=\"alignleft size-full wp-image-49198\" title=\"Gzim Hajdinaga, gradonacelnik Ulcinja\" src=\"http:\/\/www.visit-ulcinj.com\/blog\/wp-content\/uploads\/2011\/07\/Gzim-Hajdinaga-gradonacelnik-Ulcinja.jpg\" alt=\"\" width=\"508\" height=\"360\" \/><\/a>Gzim Hajdinaga, gradona\u010delnik Ulcinja<\/strong><br \/>\nProsjaci i uli\u010dna prodaja svega i sva\u010dega najru\u017enija su slika ovog grada<\/p>\n<p>Prema podacima Turisti\u010dke organizacije Ulcinja, u ovom gradu ljetuje oko 20.000 registrovanih gostiju \u0161to je 18 odsto vi\u0161e nego u istom periodu pro\u0161le godine. Na\u017ealost, me\u0111u brojnim gostima na\u0161eg najju\u017enijeg grada ima i onih koji formiraju ru\u017enu sliku o njegovim prelijepim pla\u017eama \u2013 prosjaci, uli\u010dna prodaja svega i sva\u010dega, prepuni kontejneri, problemi sa vodom, naro\u010dito u visokim zonama.<\/p>\n<p><a href=\"http:\/\/www.visit-ulcinj.com\/blog\/wp-content\/uploads\/2011\/07\/mala-plaza-ulcinj.jpg\"><img loading=\"lazy\" class=\"alignleft size-full wp-image-49200\" title=\"mala plaza ulcinj\" src=\"http:\/\/www.visit-ulcinj.com\/blog\/wp-content\/uploads\/2011\/07\/mala-plaza-ulcinj.jpg\" alt=\"\" width=\"508\" height=\"340\" \/><\/a><\/p>\n<p><strong>Ko nam je u ku\u0107i?<\/strong><\/p>\n<p>Zato treba razumjeti Gzima Hajdinagu, gradona\u010delnika Ulcinja, koji nam je rekao da je na posljednjoj sjednici Vladinog kooordinacionog tijela za pra\u0107enje turisti\u010dkih sezona u Crnoj Gori tra\u017eio od policije i drugih organa da se prosjaci, \u201edekor\u201c Ulcinja, vrate odakle su i do\u0161li.<\/p>\n<p>&#8211; Me\u0111u negativnostima ovogodi\u0161nje sezone je i to \u0161to ne uspijevamo da registrujemo ta\u010dan broj turista. Zbog toga gube i na\u0161a i dr\u017eavna kasa. Gra\u0111ani, koji izdaju svoje apartmane i sobe, treba da shvate da registracija turista svima donosi bezbjednost. Rije\u010dju, moramo znati ko nam je u ku\u0107i, odnosno ko nam je u gradu, i u tome je uloga gra\u0111ana nezamjenljiva &#8211; poru\u010duje Hajdinaga.<\/p>\n<p>Prvi \u010dovjek Ulcinja nije zadovoljan ni \u010disto\u0107om u gradu iako hvali zaposlene u Komunalnom preduze\u0107u.<\/p>\n<p>On je svjestan da je te\u0161ko odr\u017eavati \u010disto\u0107u u jednom gradu \u010diji broj stanovnika u julu i avgustu sa 25.000 poraste na 125.000 ljudi. Zato apeluje na vlasnike restorana i lokala i druge sugra\u0111ane da se pridr\u017eavaju dogovorene satnice i sme\u0107e iznose samo u predvi\u0111eno vrijeme.<br \/>\n<a href=\"http:\/\/www.visit-ulcinj.com\/blog\/wp-content\/uploads\/2011\/07\/Plazha-madhe-Ulqin.2.jpg\"><img loading=\"lazy\" class=\"alignleft size-full wp-image-49202\" title=\"Plazha-madhe-Ulqin.2\" src=\"http:\/\/www.visit-ulcinj.com\/blog\/wp-content\/uploads\/2011\/07\/Plazha-madhe-Ulqin.2.jpg\" alt=\"\" width=\"508\" height=\"340\" \/><\/a><\/p>\n<p><strong>Vode ima-nema<\/strong><\/p>\n<p>Negativnoj slici Ulcinja doprinosi uli\u010dna prodaja svega i sva\u010dega, samokriti\u010dan je Hajdinaga. Dodu\u0161e, 2006. godine uli\u010dna prodaja u ovom gradu je iskorijenjena, ali se \u201esiva ekonomija\u201c ponekad mo\u017ee vratiti i za no\u0107. Ipak, organi lokalne uprave su budni i ne dozvoljavaju da uli\u010dna prodaja i siva ekonomija cvjetaju na \u0161etali\u0161tu ispred Male pla\u017ee, na Pristanu ili pod Starim gradom. Jedna od negativnosti koja brine gradona\u010delnika Ulcinja, a novijeg je datuma jeste nedostatak vode u visokim zonama.<\/p>\n<p>&#8211; Ulcinj je grad koji sam sebe mo\u017ee da snabdijeva vodom, podsje\u0107a Hajdinaga, ali od 13. jula imamo manjih problema, ka\u017ee on.<\/p>\n<p>Kao i u drugim primorskim gradovima ovdje se bore i sa problemom buke. Me\u0111utim, za razliku od drugih primorskih gradova u centru Ulcinja muzika se gasi ta\u010dno u pono\u0107, ka\u017ee Hajdinaga. Ipak, na Velikoj pla\u017ei i u njenoj okolini mo\u017ee se pjevati i zabavljati do ranih jutarnjih sati.<\/p>\n<p>&#8211; Tamo ne smetamo nikome i zbog toga na\u0161 grad s pravom nosi epitet grada koji \u017eivi 24 sata &#8211; ka\u017ee Hajdinaga.<br \/>\n<a href=\"http:\/\/www.visit-ulcinj.com\/blog\/wp-content\/uploads\/2011\/07\/Plazha-madhe-Ulqin.1.jpg\"><img loading=\"lazy\" class=\"alignleft size-full wp-image-49199\" title=\"Plazha-madhe-Ulqin.1\" src=\"http:\/\/www.visit-ulcinj.com\/blog\/wp-content\/uploads\/2011\/07\/Plazha-madhe-Ulqin.1.jpg\" alt=\"\" width=\"508\" height=\"340\" \/><\/a><\/p>\n<p><strong>Bezbjednost za svaku pohvalu<\/strong><\/p>\n<p>Iako samokriti\u010dki govori o mnogim negativnostima Gzim Hajdinaga ima \u0161ta da pohvali u svom gradu.<\/p>\n<p>&#8211; Bezbjednost nam je zaista za svaku pohvalu, kao i priliv turista. To najbolje potvr\u0111uje i \u010dinjenica da je na grani\u010dnom prelazu u Sukobinu na dana\u0161nji dan u odnosu na isti pro\u0161logodi\u0161nji bilo oko \u010detrdeset odsto vi\u0161e prolazaka. Raduje i \u0161to je sve vi\u0161e turista iz Njema\u010dke, Ma\u0111arske, Rusije, Poljske, Ukrajine, Srbije i sa Kosova, \u0161to turisti\u010dki radnici ve\u0107 tri godine pripremaju pravu sliku starog Ulcinja koja \u0107e privu\u0107i jo\u0161 vi\u0161e gostiju &#8211; ka\u017ee Hajdinaga.<\/p>\n<p><a href=\"http:\/\/www.pobjeda.me\/citanje.php?datum=2011-07-17&amp;id=214167\" target=\"_blank\"><strong>Izvor: Pobjeda<\/strong><\/a><\/p>\n<!--YouTube Error: bad URL entered-->\n<p>&nbsp;<\/p>\n","protected":false},"excerpt":{"rendered":"<p>Gzim Hajdinaga, gradona\u010delnik Ulcinja Prosjaci i uli\u010dna prodaja svega i sva\u010dega najru\u017enija su slika ovog grada Prema podacima Turisti\u010dke organizacije Ulcinja, u ovom gradu ljetuje oko 20.000 registrovanih gostiju \u0161to je 18 odsto vi\u0161e nego u istom periodu pro\u0161le godine. Na\u017ealost, me\u0111u brojnim gostima na\u0161eg najju\u017enijeg grada ima i onih koji formiraju ru\u017enu sliku o [&hellip;]<\/p>\n","protected":false},"author":1,"featured_media":0,"comment_status":"open","ping_status":"closed","sticky":false,"template":"","format":"standard","meta":{"spay_email":"","jetpack_publicize_message":"","jetpack_is_tweetstorm":false,"jetpack_publicize_feature_enabled":true},"categories":[8337],"tags":[150,2417,140,19],"jetpack_publicize_connections":[],"yoast_head":"<!-- This site is optimized with the Yoast SEO plugin v19.1 - https:\/\/yoast.com\/wordpress\/plugins\/seo\/ -->\n<title>Prosjaci \u0107e morati da napu\u0161taju ulcinjske pla\u017ee - Lajme nga Ulqini<\/title>\n<meta name=\"description\" content=\"Gzim Hajdinaga, gradona\u010delnik Ulcinja Prosjaci i uli\u010dna prodaja svega i sva\u010dega najru\u017enija su slika ovog grada Prema podacima Turisti\u010dke organizacije\" \/>\n<meta name=\"robots\" content=\"index, follow, max-snippet:-1, max-image-preview:large, max-video-preview:-1\" \/>\n<link rel=\"canonical\" href=\"https:\/\/www.visit-ulcinj.com\/blog\/2011\/07\/17\/prosjaci-ce-morati-da-napustaju-ulcinjske-plaze\/\" \/>\n<meta property=\"og:locale\" content=\"en_US\" \/>\n<meta property=\"og:type\" content=\"article\" \/>\n<meta property=\"og:title\" content=\"Prosjaci \u0107e morati da napu\u0161taju ulcinjske pla\u017ee - Lajme nga Ulqini\" \/>\n<meta property=\"og:description\" content=\"Gzim Hajdinaga, gradona\u010delnik Ulcinja Prosjaci i uli\u010dna prodaja svega i sva\u010dega najru\u017enija su slika ovog grada Prema podacima Turisti\u010dke organizacije\" \/>\n<meta property=\"og:url\" content=\"https:\/\/www.visit-ulcinj.com\/blog\/2011\/07\/17\/prosjaci-ce-morati-da-napustaju-ulcinjske-plaze\/\" \/>\n<meta property=\"og:site_name\" content=\"Lajme nga Ulqini\" \/>\n<meta property=\"article:published_time\" content=\"2011-07-17T16:37:57+00:00\" \/>\n<meta property=\"article:modified_time\" content=\"2011-07-20T15:20:58+00:00\" \/>\n<meta property=\"og:image\" content=\"http:\/\/www.visit-ulcinj.com\/blog\/wp-content\/uploads\/2011\/07\/Gzim-Hajdinaga-gradonacelnik-Ulcinja.jpg\" \/>\n<meta name=\"twitter:label1\" content=\"Written by\" \/>\n\t<meta name=\"twitter:data1\" content=\"ulqini\" \/>\n\t<meta name=\"twitter:label2\" content=\"Est. reading time\" \/>\n\t<meta name=\"twitter:data2\" content=\"3 minutes\" \/>\n<script type=\"application\/ld+json\" class=\"yoast-schema-graph\">{\"@context\":\"https:\/\/schema.org\",\"@graph\":[{\"@type\":\"WebSite\",\"@id\":\"https:\/\/www.visit-ulcinj.com\/blog\/#website\",\"url\":\"https:\/\/www.visit-ulcinj.com\/blog\/\",\"name\":\"Lajme nga Ulqini\",\"description\":\"Lajme,Vijesti,Ulqini,Ulqin,Crna Gora,Mali i Zi\",\"potentialAction\":[{\"@type\":\"SearchAction\",\"target\":{\"@type\":\"EntryPoint\",\"urlTemplate\":\"https:\/\/www.visit-ulcinj.com\/blog\/?s={search_term_string}\"},\"query-input\":\"required name=search_term_string\"}],\"inLanguage\":\"en-US\"},{\"@type\":\"ImageObject\",\"inLanguage\":\"en-US\",\"@id\":\"https:\/\/www.visit-ulcinj.com\/blog\/2011\/07\/17\/prosjaci-ce-morati-da-napustaju-ulcinjske-plaze\/#primaryimage\",\"url\":\"https:\/\/www.visit-ulcinj.com\/blog\/wp-content\/uploads\/2011\/07\/Gzim-Hajdinaga-gradonacelnik-Ulcinja.jpg\",\"contentUrl\":\"https:\/\/www.visit-ulcinj.com\/blog\/wp-content\/uploads\/2011\/07\/Gzim-Hajdinaga-gradonacelnik-Ulcinja.jpg\",\"width\":\"480\",\"height\":\"360\"},{\"@type\":\"WebPage\",\"@id\":\"https:\/\/www.visit-ulcinj.com\/blog\/2011\/07\/17\/prosjaci-ce-morati-da-napustaju-ulcinjske-plaze\/#webpage\",\"url\":\"https:\/\/www.visit-ulcinj.com\/blog\/2011\/07\/17\/prosjaci-ce-morati-da-napustaju-ulcinjske-plaze\/\",\"name\":\"Prosjaci \u0107e morati da napu\u0161taju ulcinjske pla\u017ee - Lajme nga Ulqini\",\"isPartOf\":{\"@id\":\"https:\/\/www.visit-ulcinj.com\/blog\/#website\"},\"primaryImageOfPage\":{\"@id\":\"https:\/\/www.visit-ulcinj.com\/blog\/2011\/07\/17\/prosjaci-ce-morati-da-napustaju-ulcinjske-plaze\/#primaryimage\"},\"datePublished\":\"2011-07-17T16:37:57+00:00\",\"dateModified\":\"2011-07-20T15:20:58+00:00\",\"author\":{\"@id\":\"https:\/\/www.visit-ulcinj.com\/blog\/#\/schema\/person\/dcab619c614d3038751c63bc2aadc06d\"},\"description\":\"Gzim Hajdinaga, gradona\u010delnik Ulcinja Prosjaci i uli\u010dna prodaja svega i sva\u010dega najru\u017enija su slika ovog grada Prema podacima Turisti\u010dke organizacije\",\"breadcrumb\":{\"@id\":\"https:\/\/www.visit-ulcinj.com\/blog\/2011\/07\/17\/prosjaci-ce-morati-da-napustaju-ulcinjske-plaze\/#breadcrumb\"},\"inLanguage\":\"en-US\",\"potentialAction\":[{\"@type\":\"ReadAction\",\"target\":[\"https:\/\/www.visit-ulcinj.com\/blog\/2011\/07\/17\/prosjaci-ce-morati-da-napustaju-ulcinjske-plaze\/\"]}]},{\"@type\":\"BreadcrumbList\",\"@id\":\"https:\/\/www.visit-ulcinj.com\/blog\/2011\/07\/17\/prosjaci-ce-morati-da-napustaju-ulcinjske-plaze\/#breadcrumb\",\"itemListElement\":[{\"@type\":\"ListItem\",\"position\":1,\"name\":\"Prosjaci \u0107e morati da napu\u0161taju ulcinjske pla\u017ee\"}]},{\"@type\":\"Person\",\"@id\":\"https:\/\/www.visit-ulcinj.com\/blog\/#\/schema\/person\/dcab619c614d3038751c63bc2aadc06d\",\"name\":\"ulqini\",\"sameAs\":[\"http:\/\/www.visit-ulcinj.com\"],\"url\":\"https:\/\/www.visit-ulcinj.com\/blog\/author\/admin\/\"}]}<\/script>\n<!-- \/ Yoast SEO plugin. -->","yoast_head_json":{"title":"Prosjaci \u0107e morati da napu\u0161taju ulcinjske pla\u017ee - Lajme nga Ulqini","description":"Gzim Hajdinaga, gradona\u010delnik Ulcinja Prosjaci i uli\u010dna prodaja svega i sva\u010dega najru\u017enija su slika ovog grada Prema podacima Turisti\u010dke organizacije","robots":{"index":"index","follow":"follow","max-snippet":"max-snippet:-1","max-image-preview":"max-image-preview:large","max-video-preview":"max-video-preview:-1"},"canonical":"https:\/\/www.visit-ulcinj.com\/blog\/2011\/07\/17\/prosjaci-ce-morati-da-napustaju-ulcinjske-plaze\/","og_locale":"en_US","og_type":"article","og_title":"Prosjaci \u0107e morati da napu\u0161taju ulcinjske pla\u017ee - Lajme nga Ulqini","og_description":"Gzim Hajdinaga, gradona\u010delnik Ulcinja Prosjaci i uli\u010dna prodaja svega i sva\u010dega najru\u017enija su slika ovog grada Prema podacima Turisti\u010dke organizacije","og_url":"https:\/\/www.visit-ulcinj.com\/blog\/2011\/07\/17\/prosjaci-ce-morati-da-napustaju-ulcinjske-plaze\/","og_site_name":"Lajme nga Ulqini","article_published_time":"2011-07-17T16:37:57+00:00","article_modified_time":"2011-07-20T15:20:58+00:00","og_image":[{"url":"http:\/\/www.visit-ulcinj.com\/blog\/wp-content\/uploads\/2011\/07\/Gzim-Hajdinaga-gradonacelnik-Ulcinja.jpg"}],"twitter_misc":{"Written by":"ulqini","Est. reading time":"3 minutes"},"schema":{"@context":"https:\/\/schema.org","@graph":[{"@type":"WebSite","@id":"https:\/\/www.visit-ulcinj.com\/blog\/#website","url":"https:\/\/www.visit-ulcinj.com\/blog\/","name":"Lajme nga Ulqini","description":"Lajme,Vijesti,Ulqini,Ulqin,Crna Gora,Mali i Zi","potentialAction":[{"@type":"SearchAction","target":{"@type":"EntryPoint","urlTemplate":"https:\/\/www.visit-ulcinj.com\/blog\/?s={search_term_string}"},"query-input":"required name=search_term_string"}],"inLanguage":"en-US"},{"@type":"ImageObject","inLanguage":"en-US","@id":"https:\/\/www.visit-ulcinj.com\/blog\/2011\/07\/17\/prosjaci-ce-morati-da-napustaju-ulcinjske-plaze\/#primaryimage","url":"https:\/\/www.visit-ulcinj.com\/blog\/wp-content\/uploads\/2011\/07\/Gzim-Hajdinaga-gradonacelnik-Ulcinja.jpg","contentUrl":"https:\/\/www.visit-ulcinj.com\/blog\/wp-content\/uploads\/2011\/07\/Gzim-Hajdinaga-gradonacelnik-Ulcinja.jpg","width":"480","height":"360"},{"@type":"WebPage","@id":"https:\/\/www.visit-ulcinj.com\/blog\/2011\/07\/17\/prosjaci-ce-morati-da-napustaju-ulcinjske-plaze\/#webpage","url":"https:\/\/www.visit-ulcinj.com\/blog\/2011\/07\/17\/prosjaci-ce-morati-da-napustaju-ulcinjske-plaze\/","name":"Prosjaci \u0107e morati da napu\u0161taju ulcinjske pla\u017ee - Lajme nga Ulqini","isPartOf":{"@id":"https:\/\/www.visit-ulcinj.com\/blog\/#website"},"primaryImageOfPage":{"@id":"https:\/\/www.visit-ulcinj.com\/blog\/2011\/07\/17\/prosjaci-ce-morati-da-napustaju-ulcinjske-plaze\/#primaryimage"},"datePublished":"2011-07-17T16:37:57+00:00","dateModified":"2011-07-20T15:20:58+00:00","author":{"@id":"https:\/\/www.visit-ulcinj.com\/blog\/#\/schema\/person\/dcab619c614d3038751c63bc2aadc06d"},"description":"Gzim Hajdinaga, gradona\u010delnik Ulcinja Prosjaci i uli\u010dna prodaja svega i sva\u010dega najru\u017enija su slika ovog grada Prema podacima Turisti\u010dke organizacije","breadcrumb":{"@id":"https:\/\/www.visit-ulcinj.com\/blog\/2011\/07\/17\/prosjaci-ce-morati-da-napustaju-ulcinjske-plaze\/#breadcrumb"},"inLanguage":"en-US","potentialAction":[{"@type":"ReadAction","target":["https:\/\/www.visit-ulcinj.com\/blog\/2011\/07\/17\/prosjaci-ce-morati-da-napustaju-ulcinjske-plaze\/"]}]},{"@type":"BreadcrumbList","@id":"https:\/\/www.visit-ulcinj.com\/blog\/2011\/07\/17\/prosjaci-ce-morati-da-napustaju-ulcinjske-plaze\/#breadcrumb","itemListElement":[{"@type":"ListItem","position":1,"name":"Prosjaci \u0107e morati da napu\u0161taju ulcinjske pla\u017ee"}]},{"@type":"Person","@id":"https:\/\/www.visit-ulcinj.com\/blog\/#\/schema\/person\/dcab619c614d3038751c63bc2aadc06d","name":"ulqini","sameAs":["http:\/\/www.visit-ulcinj.com"],"url":"https:\/\/www.visit-ulcinj.com\/blog\/author\/admin\/"}]}},"jetpack_featured_media_url":"","jetpack_sharing_enabled":true,"jetpack_shortlink":"https:\/\/wp.me\/pe6lTn-cNv","_links":{"self":[{"href":"https:\/\/www.visit-ulcinj.com\/blog\/wp-json\/wp\/v2\/posts\/49197"}],"collection":[{"href":"https:\/\/www.visit-ulcinj.com\/blog\/wp-json\/wp\/v2\/posts"}],"about":[{"href":"https:\/\/www.visit-ulcinj.com\/blog\/wp-json\/wp\/v2\/types\/post"}],"author":[{"embeddable":true,"href":"https:\/\/www.visit-ulcinj.com\/blog\/wp-json\/wp\/v2\/users\/1"}],"replies":[{"embeddable":true,"href":"https:\/\/www.visit-ulcinj.com\/blog\/wp-json\/wp\/v2\/comments?post=49197"}],"version-history":[{"count":5,"href":"https:\/\/www.visit-ulcinj.com\/blog\/wp-json\/wp\/v2\/posts\/49197\/revisions"}],"predecessor-version":[{"id":49288,"href":"https:\/\/www.visit-ulcinj.com\/blog\/wp-json\/wp\/v2\/posts\/49197\/revisions\/49288"}],"wp:attachment":[{"href":"https:\/\/www.visit-ulcinj.com\/blog\/wp-json\/wp\/v2\/media?parent=49197"}],"wp:term":[{"taxonomy":"category","embeddable":true,"href":"https:\/\/www.visit-ulcinj.com\/blog\/wp-json\/wp\/v2\/categories?post=49197"},{"taxonomy":"post_tag","embeddable":true,"href":"https:\/\/www.visit-ulcinj.com\/blog\/wp-json\/wp\/v2\/tags?post=49197"}],"curies":[{"name":"wp","href":"https:\/\/api.w.org\/{rel}","templated":true}]}}