{"id":49208,"date":"2011-07-18T15:39:33","date_gmt":"2011-07-18T14:39:33","guid":{"rendered":"http:\/\/www.visit-ulcinj.com\/blog\/?p=49208"},"modified":"2011-07-18T15:59:48","modified_gmt":"2011-07-18T14:59:48","slug":"saopstenje-force-u-ime-poljoprivrednih-proizvodaca-opstine-ulcinj","status":"publish","type":"post","link":"https:\/\/www.visit-ulcinj.com\/blog\/2011\/07\/18\/saopstenje-force-u-ime-poljoprivrednih-proizvodaca-opstine-ulcinj\/","title":{"rendered":"Saop\u0161tenje Force u ime poljoprivrednih proizvo\u0111a\u010da op\u0161tine Ulcinj"},"content":{"rendered":"<p><a href=\"http:\/\/www.visit-ulcinj.com\/blog\/wp-content\/uploads\/2011\/07\/poljoprivredni-proizvodjaci-opstine-Ulcinj_Mezjah_Pijaca-Ulcinj.jpg\"><img loading=\"lazy\" class=\"alignleft size-full wp-image-49209\" title=\"poljoprivredni proizvodjaci opstine Ulcinj_Mezjah_Pijaca Ulcinj\" src=\"http:\/\/www.visit-ulcinj.com\/blog\/wp-content\/uploads\/2011\/07\/poljoprivredni-proizvodjaci-opstine-Ulcinj_Mezjah_Pijaca-Ulcinj.jpg\" alt=\"\" width=\"508\" height=\"380\" srcset=\"https:\/\/www.visit-ulcinj.com\/blog\/wp-content\/uploads\/2011\/07\/poljoprivredni-proizvodjaci-opstine-Ulcinj_Mezjah_Pijaca-Ulcinj.jpg 1024w, https:\/\/www.visit-ulcinj.com\/blog\/wp-content\/uploads\/2011\/07\/poljoprivredni-proizvodjaci-opstine-Ulcinj_Mezjah_Pijaca-Ulcinj-300x225.jpg 300w\" sizes=\"(max-width: 508px) 100vw, 508px\" \/><\/a>U ime poljoprivrednih proizvodja\u010da Op\u0161tine Ulcinj apelujemo na Ministarstvo poljoprivrede i ruralnog razvoja da \u0161to hitno reaguje i pru\u017ei pomo\u0107 poljoprivrednim proizvodja\u010dima u prikupljanju i plasmanu sezonskih poloprivrednih proizvoda koji zbog nedostatka tr\u017ei\u0161ta, nemogu\u0107nosti izvoza, niskih cijena, i visokih temperatura, u najve\u0107oj mjeri propadaju.<\/p>\n<p>Pozivamo Vladu da preko odgovaraju\u0107ih Ministarstava preduzmete mjere na smanjenju ovih gubitaka tako \u0161to \u0107e te uticati na otkupne centre da pospje\u0161e otkup poloprivrednih proizvoda kao \u0161to je to u\u010dinjeno sa proizvodja\u010dima iz Zete i Malesije\u00a0 jer je u Ulcinju\u00a0 situacija ista ako ne i gora. Mnogo je hektara zasadjeno uglavnom lubenicom, pradajzom i drugim poljoprivrednim proizvodima koji u potpunosti propadaju kao rezultat nedostatka potra\u017enje na tr\u017ei\u0161tu iako se oni nude po veoma niskoj cijeni koja je ispod cijene tro\u0161kova proizvodnje<\/p>\n<p>Zbog ovih okolnosti, poljoprivredni proizvodja\u010di su u najte\u017eoj situaciji do sada i u velikoj dilemi dali da nastave da se bave proizvodnjom kada su dovedeni u ovakvu situaciju da rizikuju da ne povrate ni ulo\u017eena sredstva za proizvodnju.<\/p>\n<p>Tro\u0161kovi proizvodjne u poliporivredi su veoma visoki i kao posljedicu proizvodja\u010di svu djelatnost objavljaju rukovode\u0107i se tr\u017ei\u0161nim cijenama, kako za kupovinu sjemena, djubriva, za\u0161titnih sredstava, goriva, radne snage, koje su u obavezi da pla\u0107aju odmah i po tr\u017ei\u0161noj cijeni zbog nedostataka subvencija od dr\u017eave.<\/p>\n<p>O ovakvoj situaciji dru\u0161tveni segmenti nemogu ostati skr\u0161tenih ruku a posebno Vlada koja uz pomo\u0107 svojih mehanizama treba da uti\u010de kao regulator u saniranju posledica i pove\u0107anju povjerenja poliporivrednih proizvodja\u010da da u ovakvim situacijama mogu o\u010dekivati mjere za smanjenje njihovih gubitaka<\/p>\n<p>U ovoj situaciji mi imamo dva predloga za razre\u0161enje:<\/p>\n<ol start=\"1\">\n<li>Da se djeluje u skladu sa planom Ministarstva koji je objavljen prije nedelju dana i odnosi se na podsticaj\u00a0 otkupa sa odredjenim cijenama odlukom Ministarstva, ali da se ova mogu\u0107nost da i proizvodja\u010dima iz drugih op\u0161tina ( a ne samo za Zetu i Malesiju)<\/li>\n<li>\u00a0Da se formira jedna komisija sastavljena od predstavnika odgovaraju\u0107ih Ministarstava i savjetodavnih slu\u017ebi u op\u0161tinama koja \u0107e na terenu da izvidi situaciju i iz bud\u017eeta Ministarstva subvencionira gubitke o\u0161te\u0107enima.<\/li>\n<\/ol>\n<p>U slu\u010daju da ne bude nikakve reakcije, poloprivredni izvodja\u010di \u0107e se suo\u010diti sa te\u0161kom situacijom koja rizikuje prekidanje njihovih proizvodnih aktivnsoti \u0161to ne bi bilo dobro ni za koga naro\u010dito za dr\u017eavu Crnu Goru koja uporno promovi\u0161e podsticanje doma\u0107e proizvodnje.<\/p>\n<p>&nbsp;<\/p>\n<p><strong>Odbornik u Ulcinjskom parlamentu<\/strong><br \/>\n<strong> Faik Nika<\/strong><\/p>\n<!--YouTube Error: bad URL entered-->\n","protected":false},"excerpt":{"rendered":"<p>U ime poljoprivrednih proizvodja\u010da Op\u0161tine Ulcinj apelujemo na Ministarstvo poljoprivrede i ruralnog razvoja da \u0161to hitno reaguje i pru\u017ei pomo\u0107 poljoprivrednim proizvodja\u010dima u prikupljanju i plasmanu sezonskih poloprivrednih proizvoda koji zbog nedostatka tr\u017ei\u0161ta, nemogu\u0107nosti izvoza, niskih cijena, i visokih temperatura, u najve\u0107oj mjeri propadaju. Pozivamo Vladu da preko odgovaraju\u0107ih Ministarstava preduzmete mjere na smanjenju ovih [&hellip;]<\/p>\n","protected":false},"author":1,"featured_media":0,"comment_status":"open","ping_status":"closed","sticky":false,"template":"","format":"standard","meta":{"spay_email":"","jetpack_publicize_message":"","jetpack_is_tweetstorm":false,"jetpack_publicize_feature_enabled":true},"categories":[8337],"tags":[18722,19],"jetpack_publicize_connections":[],"yoast_head":"<!-- This site is optimized with the Yoast SEO plugin v19.1 - https:\/\/yoast.com\/wordpress\/plugins\/seo\/ -->\n<title>Saop\u0161tenje Force u ime poljoprivrednih proizvo\u0111a\u010da op\u0161tine Ulcinj - Lajme nga Ulqini<\/title>\n<meta name=\"description\" content=\"U ime poljoprivrednih proizvodja\u010da Op\u0161tine Ulcinj apelujemo na Ministarstvo poljoprivrede i ruralnog razvoja da \u0161to hitno reaguje i pru\u017ei pomo\u0107\" \/>\n<meta name=\"robots\" content=\"index, follow, max-snippet:-1, max-image-preview:large, max-video-preview:-1\" \/>\n<link rel=\"canonical\" href=\"https:\/\/www.visit-ulcinj.com\/blog\/2011\/07\/18\/saopstenje-force-u-ime-poljoprivrednih-proizvodaca-opstine-ulcinj\/\" \/>\n<meta property=\"og:locale\" content=\"en_US\" \/>\n<meta property=\"og:type\" content=\"article\" \/>\n<meta property=\"og:title\" content=\"Saop\u0161tenje Force u ime poljoprivrednih proizvo\u0111a\u010da op\u0161tine Ulcinj - Lajme nga Ulqini\" \/>\n<meta property=\"og:description\" content=\"U ime poljoprivrednih proizvodja\u010da Op\u0161tine Ulcinj apelujemo na Ministarstvo poljoprivrede i ruralnog razvoja da \u0161to hitno reaguje i pru\u017ei pomo\u0107\" \/>\n<meta property=\"og:url\" content=\"https:\/\/www.visit-ulcinj.com\/blog\/2011\/07\/18\/saopstenje-force-u-ime-poljoprivrednih-proizvodaca-opstine-ulcinj\/\" \/>\n<meta property=\"og:site_name\" content=\"Lajme nga Ulqini\" \/>\n<meta property=\"article:published_time\" content=\"2011-07-18T14:39:33+00:00\" \/>\n<meta property=\"article:modified_time\" content=\"2011-07-18T14:59:48+00:00\" \/>\n<meta property=\"og:image\" content=\"http:\/\/www.visit-ulcinj.com\/blog\/wp-content\/uploads\/2011\/07\/poljoprivredni-proizvodjaci-opstine-Ulcinj_Mezjah_Pijaca-Ulcinj.jpg\" \/>\n<meta name=\"twitter:label1\" content=\"Written by\" \/>\n\t<meta name=\"twitter:data1\" content=\"ulqini\" \/>\n\t<meta name=\"twitter:label2\" content=\"Est. reading time\" \/>\n\t<meta name=\"twitter:data2\" content=\"2 minutes\" \/>\n<script type=\"application\/ld+json\" class=\"yoast-schema-graph\">{\"@context\":\"https:\/\/schema.org\",\"@graph\":[{\"@type\":\"WebSite\",\"@id\":\"https:\/\/www.visit-ulcinj.com\/blog\/#website\",\"url\":\"https:\/\/www.visit-ulcinj.com\/blog\/\",\"name\":\"Lajme nga Ulqini\",\"description\":\"Lajme,Vijesti,Ulqini,Ulqin,Crna Gora,Mali i Zi\",\"potentialAction\":[{\"@type\":\"SearchAction\",\"target\":{\"@type\":\"EntryPoint\",\"urlTemplate\":\"https:\/\/www.visit-ulcinj.com\/blog\/?s={search_term_string}\"},\"query-input\":\"required name=search_term_string\"}],\"inLanguage\":\"en-US\"},{\"@type\":\"ImageObject\",\"inLanguage\":\"en-US\",\"@id\":\"https:\/\/www.visit-ulcinj.com\/blog\/2011\/07\/18\/saopstenje-force-u-ime-poljoprivrednih-proizvodaca-opstine-ulcinj\/#primaryimage\",\"url\":\"https:\/\/www.visit-ulcinj.com\/blog\/wp-content\/uploads\/2011\/07\/poljoprivredni-proizvodjaci-opstine-Ulcinj_Mezjah_Pijaca-Ulcinj.jpg\",\"contentUrl\":\"https:\/\/www.visit-ulcinj.com\/blog\/wp-content\/uploads\/2011\/07\/poljoprivredni-proizvodjaci-opstine-Ulcinj_Mezjah_Pijaca-Ulcinj.jpg\",\"width\":\"1024\",\"height\":\"768\"},{\"@type\":\"WebPage\",\"@id\":\"https:\/\/www.visit-ulcinj.com\/blog\/2011\/07\/18\/saopstenje-force-u-ime-poljoprivrednih-proizvodaca-opstine-ulcinj\/#webpage\",\"url\":\"https:\/\/www.visit-ulcinj.com\/blog\/2011\/07\/18\/saopstenje-force-u-ime-poljoprivrednih-proizvodaca-opstine-ulcinj\/\",\"name\":\"Saop\u0161tenje Force u ime poljoprivrednih proizvo\u0111a\u010da op\u0161tine Ulcinj - Lajme nga Ulqini\",\"isPartOf\":{\"@id\":\"https:\/\/www.visit-ulcinj.com\/blog\/#website\"},\"primaryImageOfPage\":{\"@id\":\"https:\/\/www.visit-ulcinj.com\/blog\/2011\/07\/18\/saopstenje-force-u-ime-poljoprivrednih-proizvodaca-opstine-ulcinj\/#primaryimage\"},\"datePublished\":\"2011-07-18T14:39:33+00:00\",\"dateModified\":\"2011-07-18T14:59:48+00:00\",\"author\":{\"@id\":\"https:\/\/www.visit-ulcinj.com\/blog\/#\/schema\/person\/dcab619c614d3038751c63bc2aadc06d\"},\"description\":\"U ime poljoprivrednih proizvodja\u010da Op\u0161tine Ulcinj apelujemo na Ministarstvo poljoprivrede i ruralnog razvoja da \u0161to hitno reaguje i pru\u017ei pomo\u0107\",\"breadcrumb\":{\"@id\":\"https:\/\/www.visit-ulcinj.com\/blog\/2011\/07\/18\/saopstenje-force-u-ime-poljoprivrednih-proizvodaca-opstine-ulcinj\/#breadcrumb\"},\"inLanguage\":\"en-US\",\"potentialAction\":[{\"@type\":\"ReadAction\",\"target\":[\"https:\/\/www.visit-ulcinj.com\/blog\/2011\/07\/18\/saopstenje-force-u-ime-poljoprivrednih-proizvodaca-opstine-ulcinj\/\"]}]},{\"@type\":\"BreadcrumbList\",\"@id\":\"https:\/\/www.visit-ulcinj.com\/blog\/2011\/07\/18\/saopstenje-force-u-ime-poljoprivrednih-proizvodaca-opstine-ulcinj\/#breadcrumb\",\"itemListElement\":[{\"@type\":\"ListItem\",\"position\":1,\"name\":\"Saop\u0161tenje Force u ime poljoprivrednih proizvo\u0111a\u010da op\u0161tine Ulcinj\"}]},{\"@type\":\"Person\",\"@id\":\"https:\/\/www.visit-ulcinj.com\/blog\/#\/schema\/person\/dcab619c614d3038751c63bc2aadc06d\",\"name\":\"ulqini\",\"sameAs\":[\"http:\/\/www.visit-ulcinj.com\"],\"url\":\"https:\/\/www.visit-ulcinj.com\/blog\/author\/admin\/\"}]}<\/script>\n<!-- \/ Yoast SEO plugin. -->","yoast_head_json":{"title":"Saop\u0161tenje Force u ime poljoprivrednih proizvo\u0111a\u010da op\u0161tine Ulcinj - Lajme nga Ulqini","description":"U ime poljoprivrednih proizvodja\u010da Op\u0161tine Ulcinj apelujemo na Ministarstvo poljoprivrede i ruralnog razvoja da \u0161to hitno reaguje i pru\u017ei pomo\u0107","robots":{"index":"index","follow":"follow","max-snippet":"max-snippet:-1","max-image-preview":"max-image-preview:large","max-video-preview":"max-video-preview:-1"},"canonical":"https:\/\/www.visit-ulcinj.com\/blog\/2011\/07\/18\/saopstenje-force-u-ime-poljoprivrednih-proizvodaca-opstine-ulcinj\/","og_locale":"en_US","og_type":"article","og_title":"Saop\u0161tenje Force u ime poljoprivrednih proizvo\u0111a\u010da op\u0161tine Ulcinj - Lajme nga Ulqini","og_description":"U ime poljoprivrednih proizvodja\u010da Op\u0161tine Ulcinj apelujemo na Ministarstvo poljoprivrede i ruralnog razvoja da \u0161to hitno reaguje i pru\u017ei pomo\u0107","og_url":"https:\/\/www.visit-ulcinj.com\/blog\/2011\/07\/18\/saopstenje-force-u-ime-poljoprivrednih-proizvodaca-opstine-ulcinj\/","og_site_name":"Lajme nga Ulqini","article_published_time":"2011-07-18T14:39:33+00:00","article_modified_time":"2011-07-18T14:59:48+00:00","og_image":[{"url":"http:\/\/www.visit-ulcinj.com\/blog\/wp-content\/uploads\/2011\/07\/poljoprivredni-proizvodjaci-opstine-Ulcinj_Mezjah_Pijaca-Ulcinj.jpg"}],"twitter_misc":{"Written by":"ulqini","Est. reading time":"2 minutes"},"schema":{"@context":"https:\/\/schema.org","@graph":[{"@type":"WebSite","@id":"https:\/\/www.visit-ulcinj.com\/blog\/#website","url":"https:\/\/www.visit-ulcinj.com\/blog\/","name":"Lajme nga Ulqini","description":"Lajme,Vijesti,Ulqini,Ulqin,Crna Gora,Mali i Zi","potentialAction":[{"@type":"SearchAction","target":{"@type":"EntryPoint","urlTemplate":"https:\/\/www.visit-ulcinj.com\/blog\/?s={search_term_string}"},"query-input":"required name=search_term_string"}],"inLanguage":"en-US"},{"@type":"ImageObject","inLanguage":"en-US","@id":"https:\/\/www.visit-ulcinj.com\/blog\/2011\/07\/18\/saopstenje-force-u-ime-poljoprivrednih-proizvodaca-opstine-ulcinj\/#primaryimage","url":"https:\/\/www.visit-ulcinj.com\/blog\/wp-content\/uploads\/2011\/07\/poljoprivredni-proizvodjaci-opstine-Ulcinj_Mezjah_Pijaca-Ulcinj.jpg","contentUrl":"https:\/\/www.visit-ulcinj.com\/blog\/wp-content\/uploads\/2011\/07\/poljoprivredni-proizvodjaci-opstine-Ulcinj_Mezjah_Pijaca-Ulcinj.jpg","width":"1024","height":"768"},{"@type":"WebPage","@id":"https:\/\/www.visit-ulcinj.com\/blog\/2011\/07\/18\/saopstenje-force-u-ime-poljoprivrednih-proizvodaca-opstine-ulcinj\/#webpage","url":"https:\/\/www.visit-ulcinj.com\/blog\/2011\/07\/18\/saopstenje-force-u-ime-poljoprivrednih-proizvodaca-opstine-ulcinj\/","name":"Saop\u0161tenje Force u ime poljoprivrednih proizvo\u0111a\u010da op\u0161tine Ulcinj - Lajme nga Ulqini","isPartOf":{"@id":"https:\/\/www.visit-ulcinj.com\/blog\/#website"},"primaryImageOfPage":{"@id":"https:\/\/www.visit-ulcinj.com\/blog\/2011\/07\/18\/saopstenje-force-u-ime-poljoprivrednih-proizvodaca-opstine-ulcinj\/#primaryimage"},"datePublished":"2011-07-18T14:39:33+00:00","dateModified":"2011-07-18T14:59:48+00:00","author":{"@id":"https:\/\/www.visit-ulcinj.com\/blog\/#\/schema\/person\/dcab619c614d3038751c63bc2aadc06d"},"description":"U ime poljoprivrednih proizvodja\u010da Op\u0161tine Ulcinj apelujemo na Ministarstvo poljoprivrede i ruralnog razvoja da \u0161to hitno reaguje i pru\u017ei pomo\u0107","breadcrumb":{"@id":"https:\/\/www.visit-ulcinj.com\/blog\/2011\/07\/18\/saopstenje-force-u-ime-poljoprivrednih-proizvodaca-opstine-ulcinj\/#breadcrumb"},"inLanguage":"en-US","potentialAction":[{"@type":"ReadAction","target":["https:\/\/www.visit-ulcinj.com\/blog\/2011\/07\/18\/saopstenje-force-u-ime-poljoprivrednih-proizvodaca-opstine-ulcinj\/"]}]},{"@type":"BreadcrumbList","@id":"https:\/\/www.visit-ulcinj.com\/blog\/2011\/07\/18\/saopstenje-force-u-ime-poljoprivrednih-proizvodaca-opstine-ulcinj\/#breadcrumb","itemListElement":[{"@type":"ListItem","position":1,"name":"Saop\u0161tenje Force u ime poljoprivrednih proizvo\u0111a\u010da op\u0161tine Ulcinj"}]},{"@type":"Person","@id":"https:\/\/www.visit-ulcinj.com\/blog\/#\/schema\/person\/dcab619c614d3038751c63bc2aadc06d","name":"ulqini","sameAs":["http:\/\/www.visit-ulcinj.com"],"url":"https:\/\/www.visit-ulcinj.com\/blog\/author\/admin\/"}]}},"jetpack_featured_media_url":"","jetpack_sharing_enabled":true,"jetpack_shortlink":"https:\/\/wp.me\/pe6lTn-cNG","_links":{"self":[{"href":"https:\/\/www.visit-ulcinj.com\/blog\/wp-json\/wp\/v2\/posts\/49208"}],"collection":[{"href":"https:\/\/www.visit-ulcinj.com\/blog\/wp-json\/wp\/v2\/posts"}],"about":[{"href":"https:\/\/www.visit-ulcinj.com\/blog\/wp-json\/wp\/v2\/types\/post"}],"author":[{"embeddable":true,"href":"https:\/\/www.visit-ulcinj.com\/blog\/wp-json\/wp\/v2\/users\/1"}],"replies":[{"embeddable":true,"href":"https:\/\/www.visit-ulcinj.com\/blog\/wp-json\/wp\/v2\/comments?post=49208"}],"version-history":[{"count":3,"href":"https:\/\/www.visit-ulcinj.com\/blog\/wp-json\/wp\/v2\/posts\/49208\/revisions"}],"predecessor-version":[{"id":49217,"href":"https:\/\/www.visit-ulcinj.com\/blog\/wp-json\/wp\/v2\/posts\/49208\/revisions\/49217"}],"wp:attachment":[{"href":"https:\/\/www.visit-ulcinj.com\/blog\/wp-json\/wp\/v2\/media?parent=49208"}],"wp:term":[{"taxonomy":"category","embeddable":true,"href":"https:\/\/www.visit-ulcinj.com\/blog\/wp-json\/wp\/v2\/categories?post=49208"},{"taxonomy":"post_tag","embeddable":true,"href":"https:\/\/www.visit-ulcinj.com\/blog\/wp-json\/wp\/v2\/tags?post=49208"}],"curies":[{"name":"wp","href":"https:\/\/api.w.org\/{rel}","templated":true}]}}