{"id":49213,"date":"2011-07-18T15:54:43","date_gmt":"2011-07-18T14:54:43","guid":{"rendered":"http:\/\/www.visit-ulcinj.com\/blog\/?p=49213"},"modified":"2011-07-18T15:58:19","modified_gmt":"2011-07-18T14:58:19","slug":"reagim-i-forces-ne-emer-te-prodhuesve-bujqesor-nga-komuna-e-ulqinit","status":"publish","type":"post","link":"https:\/\/www.visit-ulcinj.com\/blog\/2011\/07\/18\/reagim-i-forces-ne-emer-te-prodhuesve-bujqesor-nga-komuna-e-ulqinit\/","title":{"rendered":"Reagim i Forc\u00ebs n\u00eb em\u00ebr t\u00eb prodhuesve bujq\u00ebsor nga komuna e Ulqinit"},"content":{"rendered":"<p><a href=\"http:\/\/www.visit-ulcinj.com\/blog\/wp-content\/uploads\/2011\/07\/Prodhuesite-bujqesor-nga-komuna-e-Ulqinit_Pazari-i-Ulqinit_Mezjahi.jpg\"><img loading=\"lazy\" class=\"alignleft size-full wp-image-49214\" title=\"Prodhuesite bujqesor nga komuna e Ulqinit_Pazari i Ulqinit_Mezjahi\" src=\"http:\/\/www.visit-ulcinj.com\/blog\/wp-content\/uploads\/2011\/07\/Prodhuesite-bujqesor-nga-komuna-e-Ulqinit_Pazari-i-Ulqinit_Mezjahi.jpg\" alt=\"\" width=\"508\" height=\"380\" \/><\/a>N\u00eb em\u00ebr t\u00eb prodhuesve bujq\u00ebsor t\u00eb komun\u00ebs s\u00eb Ulqinit i b\u00ebjme apel Ministris s\u00eb Bujqesis dhe Zhvillimit rural q\u00eb t\u00eb veproj\u00eb n\u00eb menyr\u00eb sa me urgjente p\u00ebr t\u00eb ju ofruar ndihese\u00a0 prodhuesve bujq\u00ebsor n\u00eb grumbullimin dhe plasimin e prodhimeve bujq\u00ebsore sezonale t\u00eb cilat p\u00ebr shkak\u00a0 munges\u00ebs s\u00eb tregut, mos egzistimi mund\u00ebsive p\u00ebr eksport, \u00e7mimet t\u00ebjet t\u00eb ul\u00ebta, si dhe temperaturave momentale shum t\u00eb larta, shum nga prodhimet bujq\u00ebsore sezonale po degradohen.<\/p>\n<p>I bejme thirje qeveris\u00eb q\u00eb p\u00ebrmes ministris\u00eb p\u00ebrkat\u00ebse t\u00eb marrin masa p\u00ebr zbutjen e k\u00ebtyre humbjeve, t\u00eb ndikoj\u00eb t\u00eb q\u00ebndrat e grumbullimit q\u00eb t\u00eb b\u00ebjne grumbullimin e prodhimeve bujq\u00ebsore me t\u00eb nj\u00ebjtat kushte dhe ne t\u00eb njejten m\u00ebnyr\u00eb si\u00e7 ka vepruar me prodhuesit e Zet\u00ebs dhe Mal\u00ebsis\u00eb, sepse situate \u00ebshte e njejte dhe mos me keqe edhe n\u00eb komun\u00ebn e Ulqinit. Hektar t\u00eb t\u00ebr\u00eb t\u00eb kultivuar kryesisht\u00a0 me sharqi, domate dhe prodhime t\u00eb tjera bujq\u00ebsore po shkatrrohen plot\u00ebsisht, si shkak i munges\u00ebs s\u00eb tregut, biles duke i ofruar me \u00e7mimin edhe n\u00ebn koston e prodhimit nuk arrin ti shesin.<\/p>\n<p>N\u00eb nj\u00eb situat\u00eb t\u00eb till\u00eb, prodhusit bujqesor jane ne dilemma te medha dhe me pesimiste se kurre, se a ja vlene\u00a0 te merren me prodhim, pasi situata \u00ebshte aq e rend\u00eb sa q\u00eb rrezikojn t\u00eb mos i mbulojne as shpenzimet e b\u00ebra\u00a0 gjat\u00eb procesit t\u00eb prodhimit.<\/p>\n<p>Kostoja e prodhimit n\u00eb bujq\u00ebsi \u00ebsht\u00eb shum e lart\u00eb edhe si pasoj\u00eb se fermeret t\u00eb gjith\u00eb veprimtarin e vet\u00eb bujq\u00ebsore e realizojn\u00eb n\u00ebn diktatin e \u00e7mimeve t\u00eb tregut, si p\u00ebr blerjen e imputeve bujq\u00ebsore, far\u00ebrave, plehrave, preparat\u00ebve mbrojt\u00ebse, karburanteve, fuqis\u00eb puntore, t\u00eb cilat jan\u00eb t\u00eb detyruar ti paguajn me \u00e7mimin e tregut si shkak i munges\u00ebs s\u00eb subvencioneve nga qeveria.<\/p>\n<p>N\u00eb nj\u00eb situat\u00eb t\u00eb till\u00eb ne si shoq\u00ebri nuk mund t\u00eb rrijm\u00eb duarkryq, e n\u00eb ve\u00e7anti qeveria e cila p\u00ebrmes mekanizmave t\u00eb veta, duhet te ndikoj\u00eb si rregullator p\u00ebr zbutjen e pasojave dhe rritjen e besushmeris\u00eb tek prodhuesit bujq\u00ebsor, q\u00eb\u00a0 ne situata t\u00eb tilla mund t\u00eb kene edhe nj\u00eb shpres\u00eb t\u00eb vogel ne zbutjen e humbjeve.<\/p>\n<p>P\u00ebrballe nj\u00eb situate te till\u00eb ne kemi\u00a0 dy propozime si t\u00eb zgjidhet kjo situat\u00eb.<\/p>\n<ol start=\"1\">\n<li>T\u00eb veprohet me planin e ministris\u00eb t\u00eb publikuar nj\u00eb jav\u00eb m\u00eb pare p\u00ebr\u00a0 nxitur qendrat e grumbullimit p\u00ebr t\u00eb bler\u00eb prodhimet me \u00e7mimet e p\u00ebrcaktuara nga vendimi i ministris\u00eb, por q\u00eb kjo mund\u00ebsi t\u00eb ju jepet edhe prodhuesve nga komunat tjera e jo vet\u00ebm t\u00eb Zet\u00ebs dhe Malesis\u00eb.<\/li>\n<li>T\u00eb nxirret nje komison n\u00eb terren i perber\u00eb nga p\u00ebrfaqesuesit e ministris\u00eb p\u00ebrkatese dhe sh\u00ebrbimeve k\u00ebshilluese n\u00eb Komuna p\u00ebr t\u00eb b\u00ebre inspektimin e situat\u00ebs, dhe permes buxhetit te ministris\u00eb t\u00eb subvencionohen t\u00eb demtuarit.<\/li>\n<\/ol>\n<p>N\u00eb rastet se nuk do te ket\u00eb asnjefar\u00eb reagimi prodhuesit bujq\u00ebsor jan\u00eb perball\u00eb nj\u00eb situate shum\u00eb\u00a0 t\u00eb v\u00ebshtir\u00eb dhe rrezikojne braktisjen e aktivitetit te tyre prodhues, \u00e7ka nuk do t\u00eb ishte mir\u00eb p\u00ebr askend, e n\u00eb ve\u00e7anti p\u00ebr shtetin e Malit te Zi i cili promovon vazhdimisht nxitjen e prodhimit vendas.<\/p>\n<p><strong>Faik Nika<br \/>\n<strong>K\u00ebshilltar i Forc\u00ebs n\u00eb parlamentin e Ulqinit<\/p>\n<p><!--YouTube Error: bad URL entered--><\/strong><\/strong><\/p>\n","protected":false},"excerpt":{"rendered":"<p>N\u00eb em\u00ebr t\u00eb prodhuesve bujq\u00ebsor t\u00eb komun\u00ebs s\u00eb Ulqinit i b\u00ebjme apel Ministris s\u00eb Bujqesis dhe Zhvillimit rural q\u00eb t\u00eb veproj\u00eb n\u00eb menyr\u00eb sa me urgjente p\u00ebr t\u00eb ju ofruar ndihese\u00a0 prodhuesve bujq\u00ebsor n\u00eb grumbullimin dhe plasimin e prodhimeve bujq\u00ebsore sezonale t\u00eb cilat p\u00ebr shkak\u00a0 munges\u00ebs s\u00eb tregut, mos egzistimi mund\u00ebsive p\u00ebr eksport, \u00e7mimet t\u00ebjet [&hellip;]<\/p>\n","protected":false},"author":1,"featured_media":0,"comment_status":"open","ping_status":"closed","sticky":false,"template":"","format":"standard","meta":{"spay_email":"","jetpack_publicize_message":"","jetpack_is_tweetstorm":false,"jetpack_publicize_feature_enabled":true},"categories":[10],"tags":[16426,18723,18724,200,18],"jetpack_publicize_connections":[],"yoast_head":"<!-- This site is optimized with the Yoast SEO plugin v19.1 - https:\/\/yoast.com\/wordpress\/plugins\/seo\/ -->\n<title>Reagim i Forc\u00ebs n\u00eb em\u00ebr t\u00eb prodhuesve bujq\u00ebsor nga komuna e Ulqinit - Lajme nga Ulqini<\/title>\n<meta name=\"description\" content=\"N\u00eb em\u00ebr t\u00eb prodhuesve bujq\u00ebsor t\u00eb komun\u00ebs s\u00eb Ulqinit i b\u00ebjme apel Ministris s\u00eb Bujqesis dhe Zhvillimit rural q\u00eb t\u00eb veproj\u00eb n\u00eb menyr\u00eb sa me urgjente p\u00ebr t\u00eb\" \/>\n<meta name=\"robots\" content=\"index, follow, max-snippet:-1, max-image-preview:large, max-video-preview:-1\" \/>\n<link rel=\"canonical\" href=\"https:\/\/www.visit-ulcinj.com\/blog\/2011\/07\/18\/reagim-i-forces-ne-emer-te-prodhuesve-bujqesor-nga-komuna-e-ulqinit\/\" \/>\n<meta property=\"og:locale\" content=\"en_US\" \/>\n<meta property=\"og:type\" content=\"article\" \/>\n<meta property=\"og:title\" content=\"Reagim i Forc\u00ebs n\u00eb em\u00ebr t\u00eb prodhuesve bujq\u00ebsor nga komuna e Ulqinit - Lajme nga Ulqini\" \/>\n<meta property=\"og:description\" content=\"N\u00eb em\u00ebr t\u00eb prodhuesve bujq\u00ebsor t\u00eb komun\u00ebs s\u00eb Ulqinit i b\u00ebjme apel Ministris s\u00eb Bujqesis dhe Zhvillimit rural q\u00eb t\u00eb veproj\u00eb n\u00eb menyr\u00eb sa me urgjente p\u00ebr t\u00eb\" \/>\n<meta property=\"og:url\" content=\"https:\/\/www.visit-ulcinj.com\/blog\/2011\/07\/18\/reagim-i-forces-ne-emer-te-prodhuesve-bujqesor-nga-komuna-e-ulqinit\/\" \/>\n<meta property=\"og:site_name\" content=\"Lajme nga Ulqini\" \/>\n<meta property=\"article:published_time\" content=\"2011-07-18T14:54:43+00:00\" \/>\n<meta property=\"article:modified_time\" content=\"2011-07-18T14:58:19+00:00\" \/>\n<meta property=\"og:image\" content=\"http:\/\/www.visit-ulcinj.com\/blog\/wp-content\/uploads\/2011\/07\/Prodhuesite-bujqesor-nga-komuna-e-Ulqinit_Pazari-i-Ulqinit_Mezjahi.jpg\" \/>\n<meta name=\"twitter:label1\" content=\"Written by\" \/>\n\t<meta name=\"twitter:data1\" content=\"ulqini\" \/>\n\t<meta name=\"twitter:label2\" content=\"Est. reading time\" \/>\n\t<meta name=\"twitter:data2\" content=\"3 minutes\" \/>\n<script type=\"application\/ld+json\" class=\"yoast-schema-graph\">{\"@context\":\"https:\/\/schema.org\",\"@graph\":[{\"@type\":\"WebSite\",\"@id\":\"https:\/\/www.visit-ulcinj.com\/blog\/#website\",\"url\":\"https:\/\/www.visit-ulcinj.com\/blog\/\",\"name\":\"Lajme nga Ulqini\",\"description\":\"Lajme,Vijesti,Ulqini,Ulqin,Crna Gora,Mali i Zi\",\"potentialAction\":[{\"@type\":\"SearchAction\",\"target\":{\"@type\":\"EntryPoint\",\"urlTemplate\":\"https:\/\/www.visit-ulcinj.com\/blog\/?s={search_term_string}\"},\"query-input\":\"required name=search_term_string\"}],\"inLanguage\":\"en-US\"},{\"@type\":\"ImageObject\",\"inLanguage\":\"en-US\",\"@id\":\"https:\/\/www.visit-ulcinj.com\/blog\/2011\/07\/18\/reagim-i-forces-ne-emer-te-prodhuesve-bujqesor-nga-komuna-e-ulqinit\/#primaryimage\",\"url\":\"https:\/\/www.visit-ulcinj.com\/blog\/wp-content\/uploads\/2011\/07\/Prodhuesite-bujqesor-nga-komuna-e-Ulqinit_Pazari-i-Ulqinit_Mezjahi.jpg\",\"contentUrl\":\"https:\/\/www.visit-ulcinj.com\/blog\/wp-content\/uploads\/2011\/07\/Prodhuesite-bujqesor-nga-komuna-e-Ulqinit_Pazari-i-Ulqinit_Mezjahi.jpg\",\"width\":\"660\",\"height\":\"545\"},{\"@type\":\"WebPage\",\"@id\":\"https:\/\/www.visit-ulcinj.com\/blog\/2011\/07\/18\/reagim-i-forces-ne-emer-te-prodhuesve-bujqesor-nga-komuna-e-ulqinit\/#webpage\",\"url\":\"https:\/\/www.visit-ulcinj.com\/blog\/2011\/07\/18\/reagim-i-forces-ne-emer-te-prodhuesve-bujqesor-nga-komuna-e-ulqinit\/\",\"name\":\"Reagim i Forc\u00ebs n\u00eb em\u00ebr t\u00eb prodhuesve bujq\u00ebsor nga komuna e Ulqinit - Lajme nga Ulqini\",\"isPartOf\":{\"@id\":\"https:\/\/www.visit-ulcinj.com\/blog\/#website\"},\"primaryImageOfPage\":{\"@id\":\"https:\/\/www.visit-ulcinj.com\/blog\/2011\/07\/18\/reagim-i-forces-ne-emer-te-prodhuesve-bujqesor-nga-komuna-e-ulqinit\/#primaryimage\"},\"datePublished\":\"2011-07-18T14:54:43+00:00\",\"dateModified\":\"2011-07-18T14:58:19+00:00\",\"author\":{\"@id\":\"https:\/\/www.visit-ulcinj.com\/blog\/#\/schema\/person\/dcab619c614d3038751c63bc2aadc06d\"},\"description\":\"N\u00eb em\u00ebr t\u00eb prodhuesve bujq\u00ebsor t\u00eb komun\u00ebs s\u00eb Ulqinit i b\u00ebjme apel Ministris s\u00eb Bujqesis dhe Zhvillimit rural q\u00eb t\u00eb veproj\u00eb n\u00eb menyr\u00eb sa me urgjente p\u00ebr t\u00eb\",\"breadcrumb\":{\"@id\":\"https:\/\/www.visit-ulcinj.com\/blog\/2011\/07\/18\/reagim-i-forces-ne-emer-te-prodhuesve-bujqesor-nga-komuna-e-ulqinit\/#breadcrumb\"},\"inLanguage\":\"en-US\",\"potentialAction\":[{\"@type\":\"ReadAction\",\"target\":[\"https:\/\/www.visit-ulcinj.com\/blog\/2011\/07\/18\/reagim-i-forces-ne-emer-te-prodhuesve-bujqesor-nga-komuna-e-ulqinit\/\"]}]},{\"@type\":\"BreadcrumbList\",\"@id\":\"https:\/\/www.visit-ulcinj.com\/blog\/2011\/07\/18\/reagim-i-forces-ne-emer-te-prodhuesve-bujqesor-nga-komuna-e-ulqinit\/#breadcrumb\",\"itemListElement\":[{\"@type\":\"ListItem\",\"position\":1,\"name\":\"Reagim i Forc\u00ebs n\u00eb em\u00ebr t\u00eb prodhuesve bujq\u00ebsor nga komuna e Ulqinit\"}]},{\"@type\":\"Person\",\"@id\":\"https:\/\/www.visit-ulcinj.com\/blog\/#\/schema\/person\/dcab619c614d3038751c63bc2aadc06d\",\"name\":\"ulqini\",\"sameAs\":[\"http:\/\/www.visit-ulcinj.com\"],\"url\":\"https:\/\/www.visit-ulcinj.com\/blog\/author\/admin\/\"}]}<\/script>\n<!-- \/ Yoast SEO plugin. -->","yoast_head_json":{"title":"Reagim i Forc\u00ebs n\u00eb em\u00ebr t\u00eb prodhuesve bujq\u00ebsor nga komuna e Ulqinit - Lajme nga Ulqini","description":"N\u00eb em\u00ebr t\u00eb prodhuesve bujq\u00ebsor t\u00eb komun\u00ebs s\u00eb Ulqinit i b\u00ebjme apel Ministris s\u00eb Bujqesis dhe Zhvillimit rural q\u00eb t\u00eb veproj\u00eb n\u00eb menyr\u00eb sa me urgjente p\u00ebr t\u00eb","robots":{"index":"index","follow":"follow","max-snippet":"max-snippet:-1","max-image-preview":"max-image-preview:large","max-video-preview":"max-video-preview:-1"},"canonical":"https:\/\/www.visit-ulcinj.com\/blog\/2011\/07\/18\/reagim-i-forces-ne-emer-te-prodhuesve-bujqesor-nga-komuna-e-ulqinit\/","og_locale":"en_US","og_type":"article","og_title":"Reagim i Forc\u00ebs n\u00eb em\u00ebr t\u00eb prodhuesve bujq\u00ebsor nga komuna e Ulqinit - Lajme nga Ulqini","og_description":"N\u00eb em\u00ebr t\u00eb prodhuesve bujq\u00ebsor t\u00eb komun\u00ebs s\u00eb Ulqinit i b\u00ebjme apel Ministris s\u00eb Bujqesis dhe Zhvillimit rural q\u00eb t\u00eb veproj\u00eb n\u00eb menyr\u00eb sa me urgjente p\u00ebr t\u00eb","og_url":"https:\/\/www.visit-ulcinj.com\/blog\/2011\/07\/18\/reagim-i-forces-ne-emer-te-prodhuesve-bujqesor-nga-komuna-e-ulqinit\/","og_site_name":"Lajme nga Ulqini","article_published_time":"2011-07-18T14:54:43+00:00","article_modified_time":"2011-07-18T14:58:19+00:00","og_image":[{"url":"http:\/\/www.visit-ulcinj.com\/blog\/wp-content\/uploads\/2011\/07\/Prodhuesite-bujqesor-nga-komuna-e-Ulqinit_Pazari-i-Ulqinit_Mezjahi.jpg"}],"twitter_misc":{"Written by":"ulqini","Est. reading time":"3 minutes"},"schema":{"@context":"https:\/\/schema.org","@graph":[{"@type":"WebSite","@id":"https:\/\/www.visit-ulcinj.com\/blog\/#website","url":"https:\/\/www.visit-ulcinj.com\/blog\/","name":"Lajme nga Ulqini","description":"Lajme,Vijesti,Ulqini,Ulqin,Crna Gora,Mali i Zi","potentialAction":[{"@type":"SearchAction","target":{"@type":"EntryPoint","urlTemplate":"https:\/\/www.visit-ulcinj.com\/blog\/?s={search_term_string}"},"query-input":"required name=search_term_string"}],"inLanguage":"en-US"},{"@type":"ImageObject","inLanguage":"en-US","@id":"https:\/\/www.visit-ulcinj.com\/blog\/2011\/07\/18\/reagim-i-forces-ne-emer-te-prodhuesve-bujqesor-nga-komuna-e-ulqinit\/#primaryimage","url":"https:\/\/www.visit-ulcinj.com\/blog\/wp-content\/uploads\/2011\/07\/Prodhuesite-bujqesor-nga-komuna-e-Ulqinit_Pazari-i-Ulqinit_Mezjahi.jpg","contentUrl":"https:\/\/www.visit-ulcinj.com\/blog\/wp-content\/uploads\/2011\/07\/Prodhuesite-bujqesor-nga-komuna-e-Ulqinit_Pazari-i-Ulqinit_Mezjahi.jpg","width":"660","height":"545"},{"@type":"WebPage","@id":"https:\/\/www.visit-ulcinj.com\/blog\/2011\/07\/18\/reagim-i-forces-ne-emer-te-prodhuesve-bujqesor-nga-komuna-e-ulqinit\/#webpage","url":"https:\/\/www.visit-ulcinj.com\/blog\/2011\/07\/18\/reagim-i-forces-ne-emer-te-prodhuesve-bujqesor-nga-komuna-e-ulqinit\/","name":"Reagim i Forc\u00ebs n\u00eb em\u00ebr t\u00eb prodhuesve bujq\u00ebsor nga komuna e Ulqinit - Lajme nga Ulqini","isPartOf":{"@id":"https:\/\/www.visit-ulcinj.com\/blog\/#website"},"primaryImageOfPage":{"@id":"https:\/\/www.visit-ulcinj.com\/blog\/2011\/07\/18\/reagim-i-forces-ne-emer-te-prodhuesve-bujqesor-nga-komuna-e-ulqinit\/#primaryimage"},"datePublished":"2011-07-18T14:54:43+00:00","dateModified":"2011-07-18T14:58:19+00:00","author":{"@id":"https:\/\/www.visit-ulcinj.com\/blog\/#\/schema\/person\/dcab619c614d3038751c63bc2aadc06d"},"description":"N\u00eb em\u00ebr t\u00eb prodhuesve bujq\u00ebsor t\u00eb komun\u00ebs s\u00eb Ulqinit i b\u00ebjme apel Ministris s\u00eb Bujqesis dhe Zhvillimit rural q\u00eb t\u00eb veproj\u00eb n\u00eb menyr\u00eb sa me urgjente p\u00ebr t\u00eb","breadcrumb":{"@id":"https:\/\/www.visit-ulcinj.com\/blog\/2011\/07\/18\/reagim-i-forces-ne-emer-te-prodhuesve-bujqesor-nga-komuna-e-ulqinit\/#breadcrumb"},"inLanguage":"en-US","potentialAction":[{"@type":"ReadAction","target":["https:\/\/www.visit-ulcinj.com\/blog\/2011\/07\/18\/reagim-i-forces-ne-emer-te-prodhuesve-bujqesor-nga-komuna-e-ulqinit\/"]}]},{"@type":"BreadcrumbList","@id":"https:\/\/www.visit-ulcinj.com\/blog\/2011\/07\/18\/reagim-i-forces-ne-emer-te-prodhuesve-bujqesor-nga-komuna-e-ulqinit\/#breadcrumb","itemListElement":[{"@type":"ListItem","position":1,"name":"Reagim i Forc\u00ebs n\u00eb em\u00ebr t\u00eb prodhuesve bujq\u00ebsor nga komuna e Ulqinit"}]},{"@type":"Person","@id":"https:\/\/www.visit-ulcinj.com\/blog\/#\/schema\/person\/dcab619c614d3038751c63bc2aadc06d","name":"ulqini","sameAs":["http:\/\/www.visit-ulcinj.com"],"url":"https:\/\/www.visit-ulcinj.com\/blog\/author\/admin\/"}]}},"jetpack_featured_media_url":"","jetpack_sharing_enabled":true,"jetpack_shortlink":"https:\/\/wp.me\/pe6lTn-cNL","_links":{"self":[{"href":"https:\/\/www.visit-ulcinj.com\/blog\/wp-json\/wp\/v2\/posts\/49213"}],"collection":[{"href":"https:\/\/www.visit-ulcinj.com\/blog\/wp-json\/wp\/v2\/posts"}],"about":[{"href":"https:\/\/www.visit-ulcinj.com\/blog\/wp-json\/wp\/v2\/types\/post"}],"author":[{"embeddable":true,"href":"https:\/\/www.visit-ulcinj.com\/blog\/wp-json\/wp\/v2\/users\/1"}],"replies":[{"embeddable":true,"href":"https:\/\/www.visit-ulcinj.com\/blog\/wp-json\/wp\/v2\/comments?post=49213"}],"version-history":[{"count":2,"href":"https:\/\/www.visit-ulcinj.com\/blog\/wp-json\/wp\/v2\/posts\/49213\/revisions"}],"predecessor-version":[{"id":49216,"href":"https:\/\/www.visit-ulcinj.com\/blog\/wp-json\/wp\/v2\/posts\/49213\/revisions\/49216"}],"wp:attachment":[{"href":"https:\/\/www.visit-ulcinj.com\/blog\/wp-json\/wp\/v2\/media?parent=49213"}],"wp:term":[{"taxonomy":"category","embeddable":true,"href":"https:\/\/www.visit-ulcinj.com\/blog\/wp-json\/wp\/v2\/categories?post=49213"},{"taxonomy":"post_tag","embeddable":true,"href":"https:\/\/www.visit-ulcinj.com\/blog\/wp-json\/wp\/v2\/tags?post=49213"}],"curies":[{"name":"wp","href":"https:\/\/api.w.org\/{rel}","templated":true}]}}