{"id":49233,"date":"2011-07-18T18:54:05","date_gmt":"2011-07-18T17:54:05","guid":{"rendered":"http:\/\/www.visit-ulcinj.com\/blog\/?p=49233"},"modified":"2011-07-18T18:54:05","modified_gmt":"2011-07-18T17:54:05","slug":"adelina-emini-dhe-gentz-tipsy","status":"publish","type":"post","link":"https:\/\/www.visit-ulcinj.com\/blog\/2011\/07\/18\/adelina-emini-dhe-gentz-tipsy\/","title":{"rendered":"Adelina Emini dhe Gentz &#8211; Tipsy"},"content":{"rendered":"<p><a href=\"http:\/\/www.visit-ulcinj.com\/blog\/wp-content\/uploads\/2011\/07\/Adelina-Emini-dhe-Genc-Prelvukaj.jpg\"><img loading=\"lazy\" class=\"alignleft size-full wp-image-49234\" title=\"Adelina Emini dhe Genc Prelvukaj\" src=\"http:\/\/www.visit-ulcinj.com\/blog\/wp-content\/uploads\/2011\/07\/Adelina-Emini-dhe-Genc-Prelvukaj.jpg\" alt=\"\" width=\"508\" height=\"620\" \/><\/a>Kjo \u00ebsht\u00eb videok\u00ebnga e re e Adelina Eminit n\u00eb bashk\u00ebpunim me Gentz (Etnon). Mesaduket Gentz, pas suksesit t\u00eb Dafina Rexhepit ka vendosur t\u00eb ndjek\u00eb t\u00eb nj\u00ebjt\u00ebn rrug\u00eb dhe me Adelin\u00ebn. Suksese! K\u00ebnga \u00ebsht\u00eb ok, videoja gjithashtu. Asgj\u00eb e jasht\u00ebzakonshme, por e lezetshme.<\/p>\n<p><strong>Revista Albaniac<\/strong><\/p>\n<p><strong><!--YouTube Error: bad URL entered--><\/strong><\/p>\n","protected":false},"excerpt":{"rendered":"<p>Kjo \u00ebsht\u00eb videok\u00ebnga e re e Adelina Eminit n\u00eb bashk\u00ebpunim me Gentz (Etnon). Mesaduket Gentz, pas suksesit t\u00eb Dafina Rexhepit ka vendosur t\u00eb ndjek\u00eb t\u00eb nj\u00ebjt\u00ebn rrug\u00eb dhe me Adelin\u00ebn. Suksese! K\u00ebnga \u00ebsht\u00eb ok, videoja gjithashtu. Asgj\u00eb e jasht\u00ebzakonshme, por e lezetshme. Revista Albaniac<\/p>\n","protected":false},"author":1,"featured_media":0,"comment_status":"open","ping_status":"closed","sticky":false,"template":"","format":"standard","meta":{"spay_email":"","jetpack_publicize_message":"","jetpack_is_tweetstorm":false,"jetpack_publicize_feature_enabled":true},"categories":[1],"tags":[17016,6045],"jetpack_publicize_connections":[],"yoast_head":"<!-- This site is optimized with the Yoast SEO plugin v19.1 - https:\/\/yoast.com\/wordpress\/plugins\/seo\/ -->\n<title>Adelina Emini dhe Gentz - Tipsy - Lajme nga Ulqini<\/title>\n<meta name=\"description\" content=\"Kjo \u00ebsht\u00eb videok\u00ebnga e re e Adelina Eminit n\u00eb bashk\u00ebpunim me Gentz (Etnon). Mesaduket Gentz, pas suksesit t\u00eb Dafina Rexhepit ka vendosur t\u00eb ndjek\u00eb t\u00eb\" \/>\n<meta name=\"robots\" content=\"index, follow, max-snippet:-1, max-image-preview:large, max-video-preview:-1\" \/>\n<link rel=\"canonical\" href=\"https:\/\/www.visit-ulcinj.com\/blog\/2011\/07\/18\/adelina-emini-dhe-gentz-tipsy\/\" \/>\n<meta property=\"og:locale\" content=\"en_US\" \/>\n<meta property=\"og:type\" content=\"article\" \/>\n<meta property=\"og:title\" content=\"Adelina Emini dhe Gentz - Tipsy - Lajme nga Ulqini\" \/>\n<meta property=\"og:description\" content=\"Kjo \u00ebsht\u00eb videok\u00ebnga e re e Adelina Eminit n\u00eb bashk\u00ebpunim me Gentz (Etnon). Mesaduket Gentz, pas suksesit t\u00eb Dafina Rexhepit ka vendosur t\u00eb ndjek\u00eb t\u00eb\" \/>\n<meta property=\"og:url\" content=\"https:\/\/www.visit-ulcinj.com\/blog\/2011\/07\/18\/adelina-emini-dhe-gentz-tipsy\/\" \/>\n<meta property=\"og:site_name\" content=\"Lajme nga Ulqini\" \/>\n<meta property=\"article:published_time\" content=\"2011-07-18T17:54:05+00:00\" \/>\n<meta property=\"og:image\" content=\"http:\/\/www.visit-ulcinj.com\/blog\/wp-content\/uploads\/2011\/07\/Adelina-Emini-dhe-Genc-Prelvukaj.jpg\" \/>\n<meta name=\"twitter:label1\" content=\"Written by\" \/>\n\t<meta name=\"twitter:data1\" content=\"ulqini\" \/>\n<script type=\"application\/ld+json\" class=\"yoast-schema-graph\">{\"@context\":\"https:\/\/schema.org\",\"@graph\":[{\"@type\":\"WebSite\",\"@id\":\"https:\/\/www.visit-ulcinj.com\/blog\/#website\",\"url\":\"https:\/\/www.visit-ulcinj.com\/blog\/\",\"name\":\"Lajme nga Ulqini\",\"description\":\"Lajme,Vijesti,Ulqini,Ulqin,Crna Gora,Mali i Zi\",\"potentialAction\":[{\"@type\":\"SearchAction\",\"target\":{\"@type\":\"EntryPoint\",\"urlTemplate\":\"https:\/\/www.visit-ulcinj.com\/blog\/?s={search_term_string}\"},\"query-input\":\"required name=search_term_string\"}],\"inLanguage\":\"en-US\"},{\"@type\":\"ImageObject\",\"inLanguage\":\"en-US\",\"@id\":\"https:\/\/www.visit-ulcinj.com\/blog\/2011\/07\/18\/adelina-emini-dhe-gentz-tipsy\/#primaryimage\",\"url\":\"http:\/\/www.visit-ulcinj.com\/blog\/wp-content\/uploads\/2011\/07\/Adelina-Emini-dhe-Genc-Prelvukaj.jpg\",\"contentUrl\":\"http:\/\/www.visit-ulcinj.com\/blog\/wp-content\/uploads\/2011\/07\/Adelina-Emini-dhe-Genc-Prelvukaj.jpg\"},{\"@type\":\"WebPage\",\"@id\":\"https:\/\/www.visit-ulcinj.com\/blog\/2011\/07\/18\/adelina-emini-dhe-gentz-tipsy\/#webpage\",\"url\":\"https:\/\/www.visit-ulcinj.com\/blog\/2011\/07\/18\/adelina-emini-dhe-gentz-tipsy\/\",\"name\":\"Adelina Emini dhe Gentz - Tipsy - Lajme nga Ulqini\",\"isPartOf\":{\"@id\":\"https:\/\/www.visit-ulcinj.com\/blog\/#website\"},\"primaryImageOfPage\":{\"@id\":\"https:\/\/www.visit-ulcinj.com\/blog\/2011\/07\/18\/adelina-emini-dhe-gentz-tipsy\/#primaryimage\"},\"datePublished\":\"2011-07-18T17:54:05+00:00\",\"dateModified\":\"2011-07-18T17:54:05+00:00\",\"author\":{\"@id\":\"https:\/\/www.visit-ulcinj.com\/blog\/#\/schema\/person\/dcab619c614d3038751c63bc2aadc06d\"},\"description\":\"Kjo \u00ebsht\u00eb videok\u00ebnga e re e Adelina Eminit n\u00eb bashk\u00ebpunim me Gentz (Etnon). Mesaduket Gentz, pas suksesit t\u00eb Dafina Rexhepit ka vendosur t\u00eb ndjek\u00eb t\u00eb\",\"breadcrumb\":{\"@id\":\"https:\/\/www.visit-ulcinj.com\/blog\/2011\/07\/18\/adelina-emini-dhe-gentz-tipsy\/#breadcrumb\"},\"inLanguage\":\"en-US\",\"potentialAction\":[{\"@type\":\"ReadAction\",\"target\":[\"https:\/\/www.visit-ulcinj.com\/blog\/2011\/07\/18\/adelina-emini-dhe-gentz-tipsy\/\"]}]},{\"@type\":\"BreadcrumbList\",\"@id\":\"https:\/\/www.visit-ulcinj.com\/blog\/2011\/07\/18\/adelina-emini-dhe-gentz-tipsy\/#breadcrumb\",\"itemListElement\":[{\"@type\":\"ListItem\",\"position\":1,\"name\":\"Adelina Emini dhe Gentz &#8211; Tipsy\"}]},{\"@type\":\"Person\",\"@id\":\"https:\/\/www.visit-ulcinj.com\/blog\/#\/schema\/person\/dcab619c614d3038751c63bc2aadc06d\",\"name\":\"ulqini\",\"sameAs\":[\"http:\/\/www.visit-ulcinj.com\"],\"url\":\"https:\/\/www.visit-ulcinj.com\/blog\/author\/admin\/\"}]}<\/script>\n<!-- \/ Yoast SEO plugin. -->","yoast_head_json":{"title":"Adelina Emini dhe Gentz - Tipsy - Lajme nga Ulqini","description":"Kjo \u00ebsht\u00eb videok\u00ebnga e re e Adelina Eminit n\u00eb bashk\u00ebpunim me Gentz (Etnon). Mesaduket Gentz, pas suksesit t\u00eb Dafina Rexhepit ka vendosur t\u00eb ndjek\u00eb t\u00eb","robots":{"index":"index","follow":"follow","max-snippet":"max-snippet:-1","max-image-preview":"max-image-preview:large","max-video-preview":"max-video-preview:-1"},"canonical":"https:\/\/www.visit-ulcinj.com\/blog\/2011\/07\/18\/adelina-emini-dhe-gentz-tipsy\/","og_locale":"en_US","og_type":"article","og_title":"Adelina Emini dhe Gentz - Tipsy - Lajme nga Ulqini","og_description":"Kjo \u00ebsht\u00eb videok\u00ebnga e re e Adelina Eminit n\u00eb bashk\u00ebpunim me Gentz (Etnon). Mesaduket Gentz, pas suksesit t\u00eb Dafina Rexhepit ka vendosur t\u00eb ndjek\u00eb t\u00eb","og_url":"https:\/\/www.visit-ulcinj.com\/blog\/2011\/07\/18\/adelina-emini-dhe-gentz-tipsy\/","og_site_name":"Lajme nga Ulqini","article_published_time":"2011-07-18T17:54:05+00:00","og_image":[{"url":"http:\/\/www.visit-ulcinj.com\/blog\/wp-content\/uploads\/2011\/07\/Adelina-Emini-dhe-Genc-Prelvukaj.jpg"}],"twitter_misc":{"Written by":"ulqini"},"schema":{"@context":"https:\/\/schema.org","@graph":[{"@type":"WebSite","@id":"https:\/\/www.visit-ulcinj.com\/blog\/#website","url":"https:\/\/www.visit-ulcinj.com\/blog\/","name":"Lajme nga Ulqini","description":"Lajme,Vijesti,Ulqini,Ulqin,Crna Gora,Mali i Zi","potentialAction":[{"@type":"SearchAction","target":{"@type":"EntryPoint","urlTemplate":"https:\/\/www.visit-ulcinj.com\/blog\/?s={search_term_string}"},"query-input":"required name=search_term_string"}],"inLanguage":"en-US"},{"@type":"ImageObject","inLanguage":"en-US","@id":"https:\/\/www.visit-ulcinj.com\/blog\/2011\/07\/18\/adelina-emini-dhe-gentz-tipsy\/#primaryimage","url":"http:\/\/www.visit-ulcinj.com\/blog\/wp-content\/uploads\/2011\/07\/Adelina-Emini-dhe-Genc-Prelvukaj.jpg","contentUrl":"http:\/\/www.visit-ulcinj.com\/blog\/wp-content\/uploads\/2011\/07\/Adelina-Emini-dhe-Genc-Prelvukaj.jpg"},{"@type":"WebPage","@id":"https:\/\/www.visit-ulcinj.com\/blog\/2011\/07\/18\/adelina-emini-dhe-gentz-tipsy\/#webpage","url":"https:\/\/www.visit-ulcinj.com\/blog\/2011\/07\/18\/adelina-emini-dhe-gentz-tipsy\/","name":"Adelina Emini dhe Gentz - Tipsy - Lajme nga Ulqini","isPartOf":{"@id":"https:\/\/www.visit-ulcinj.com\/blog\/#website"},"primaryImageOfPage":{"@id":"https:\/\/www.visit-ulcinj.com\/blog\/2011\/07\/18\/adelina-emini-dhe-gentz-tipsy\/#primaryimage"},"datePublished":"2011-07-18T17:54:05+00:00","dateModified":"2011-07-18T17:54:05+00:00","author":{"@id":"https:\/\/www.visit-ulcinj.com\/blog\/#\/schema\/person\/dcab619c614d3038751c63bc2aadc06d"},"description":"Kjo \u00ebsht\u00eb videok\u00ebnga e re e Adelina Eminit n\u00eb bashk\u00ebpunim me Gentz (Etnon). Mesaduket Gentz, pas suksesit t\u00eb Dafina Rexhepit ka vendosur t\u00eb ndjek\u00eb t\u00eb","breadcrumb":{"@id":"https:\/\/www.visit-ulcinj.com\/blog\/2011\/07\/18\/adelina-emini-dhe-gentz-tipsy\/#breadcrumb"},"inLanguage":"en-US","potentialAction":[{"@type":"ReadAction","target":["https:\/\/www.visit-ulcinj.com\/blog\/2011\/07\/18\/adelina-emini-dhe-gentz-tipsy\/"]}]},{"@type":"BreadcrumbList","@id":"https:\/\/www.visit-ulcinj.com\/blog\/2011\/07\/18\/adelina-emini-dhe-gentz-tipsy\/#breadcrumb","itemListElement":[{"@type":"ListItem","position":1,"name":"Adelina Emini dhe Gentz &#8211; Tipsy"}]},{"@type":"Person","@id":"https:\/\/www.visit-ulcinj.com\/blog\/#\/schema\/person\/dcab619c614d3038751c63bc2aadc06d","name":"ulqini","sameAs":["http:\/\/www.visit-ulcinj.com"],"url":"https:\/\/www.visit-ulcinj.com\/blog\/author\/admin\/"}]}},"jetpack_featured_media_url":"","jetpack_sharing_enabled":true,"jetpack_shortlink":"https:\/\/wp.me\/pe6lTn-cO5","_links":{"self":[{"href":"https:\/\/www.visit-ulcinj.com\/blog\/wp-json\/wp\/v2\/posts\/49233"}],"collection":[{"href":"https:\/\/www.visit-ulcinj.com\/blog\/wp-json\/wp\/v2\/posts"}],"about":[{"href":"https:\/\/www.visit-ulcinj.com\/blog\/wp-json\/wp\/v2\/types\/post"}],"author":[{"embeddable":true,"href":"https:\/\/www.visit-ulcinj.com\/blog\/wp-json\/wp\/v2\/users\/1"}],"replies":[{"embeddable":true,"href":"https:\/\/www.visit-ulcinj.com\/blog\/wp-json\/wp\/v2\/comments?post=49233"}],"version-history":[{"count":1,"href":"https:\/\/www.visit-ulcinj.com\/blog\/wp-json\/wp\/v2\/posts\/49233\/revisions"}],"predecessor-version":[{"id":49236,"href":"https:\/\/www.visit-ulcinj.com\/blog\/wp-json\/wp\/v2\/posts\/49233\/revisions\/49236"}],"wp:attachment":[{"href":"https:\/\/www.visit-ulcinj.com\/blog\/wp-json\/wp\/v2\/media?parent=49233"}],"wp:term":[{"taxonomy":"category","embeddable":true,"href":"https:\/\/www.visit-ulcinj.com\/blog\/wp-json\/wp\/v2\/categories?post=49233"},{"taxonomy":"post_tag","embeddable":true,"href":"https:\/\/www.visit-ulcinj.com\/blog\/wp-json\/wp\/v2\/tags?post=49233"}],"curies":[{"name":"wp","href":"https:\/\/api.w.org\/{rel}","templated":true}]}}