{"id":49280,"date":"2011-07-20T15:50:54","date_gmt":"2011-07-20T14:50:54","guid":{"rendered":"http:\/\/www.visit-ulcinj.com\/blog\/?p=49280"},"modified":"2011-07-20T16:25:28","modified_gmt":"2011-07-20T15:25:28","slug":"kryetari-hajdinaga-me-prodhuesit-bujqesore-te-ulqinit","status":"publish","type":"post","link":"https:\/\/www.visit-ulcinj.com\/blog\/2011\/07\/20\/kryetari-hajdinaga-me-prodhuesit-bujqesore-te-ulqinit\/","title":{"rendered":"Kryetari Hajdinaga me prodhuesit bujq\u00ebsor\u00eb t\u00eb Ulqinit"},"content":{"rendered":"<p><a href=\"http:\/\/www.visit-ulcinj.com\/blog\/wp-content\/uploads\/2011\/07\/AD-PLODOVI-Crne-Gore.2.jpg\"><img loading=\"lazy\" class=\"alignleft size-full wp-image-49282\" title=\"AD PLODOVI Crne Gore.2\" src=\"http:\/\/www.visit-ulcinj.com\/blog\/wp-content\/uploads\/2011\/07\/AD-PLODOVI-Crne-Gore.2.jpg\" alt=\"\" width=\"508\" height=\"350\" \/><\/a>N\u00eb baz\u00eb t\u00eb takimit t\u00eb djesh\u00ebm t\u00eb kryetarit t\u00eb Komun\u00ebs me prodhuesit bujq\u00ebsor\u00eb t\u00eb Ulqinit, ku u trajtua problem i shitjes &#8211; grumbullimit t\u00eb prodhimeve bujq\u00ebsore sezonale kryesisht tepricat t\u00eb cilat paraqiten te shalqini dhe domatja, kontaktit dhe bashk\u00ebpunimit t\u00eb vazhduesh\u00ebm me Ministrin\u00eb e Bujq\u00ebsis\u00eb dhe ministrin Tarzan Millosheviq i cili shqafi mir\u00ebkuptimin dhe reagoj\u00eb n\u00eb m\u00ebnyr\u00eb t\u00eb menj\u00ebher\u00ebshme, njoftojm\u00eb prodhuesit bujq\u00ebsor\u00eb q\u00eb duke filluar prej dit\u00ebs s\u00eb nes\u00ebrme (data 21.07.2011) mund t\u00eb transportojn\u00eb sasit\u00eb e tep\u00ebrta t\u00eb shalqinit dhe domates n\u00eb qendr\u00ebn grumbulluese <strong><a href=\"http:\/\/www.businesspeople.me\/index.php?option=com_content&amp;view=article&amp;id=53&amp;Itemid=5916\" target=\"_blank\">AD PLODOVI Crne Gore n\u00eb Podgoric\u00eb<\/a><\/strong> me \u00e7mimin grumbullues p\u00ebr shalqinin 0.10 \u20ac\/kg kurse p\u00ebr domaten 0.20\u20ac\/kg.<\/p>\n<p><a href=\"http:\/\/www.visit-ulcinj.com\/blog\/wp-content\/uploads\/2011\/07\/AD-PLODOVI-Crne-Gore.1.jpg\"><img loading=\"lazy\" class=\"alignleft size-full wp-image-49281\" title=\"AD PLODOVI Crne Gore.1\" src=\"http:\/\/www.visit-ulcinj.com\/blog\/wp-content\/uploads\/2011\/07\/AD-PLODOVI-Crne-Gore.1.jpg\" alt=\"\" width=\"508\" height=\"330\" \/><\/a><\/p>\n<p>I lutemi prodhuesve bujq\u00ebsor\u00eb t\u00eb jen\u00eb t\u00eb kujdesh\u00ebm n\u00eb cil\u00ebsin\u00eb \u2013 kualitetin e prodhimeve!<\/p>\n<p><strong>Municipality of Ulcinj \/ Ulqin &#8211; Arsllan Hajdinaga<br \/>\n\n\t\t<style type=\"text\/css\">\n\t\t\t#gallery-1 {\n\t\t\t\tmargin: auto;\n\t\t\t}\n\t\t\t#gallery-1 .gallery-item {\n\t\t\t\tfloat: left;\n\t\t\t\tmargin-top: 10px;\n\t\t\t\ttext-align: center;\n\t\t\t\twidth: 33%;\n\t\t\t}\n\t\t\t#gallery-1 img {\n\t\t\t\tborder: 2px solid #cfcfcf;\n\t\t\t}\n\t\t\t#gallery-1 .gallery-caption {\n\t\t\t\tmargin-left: 0;\n\t\t\t}\n\t\t\t\/* see gallery_shortcode() in wp-includes\/media.php *\/\n\t\t<\/style>\n\t\t<div id='gallery-1' class='gallery galleryid-49280 gallery-columns-3 gallery-size-thumbnail'><dl class='gallery-item'>\n\t\t\t<dt class='gallery-icon landscape'>\n\t\t\t\t<a href='https:\/\/www.visit-ulcinj.com\/blog\/wp-content\/uploads\/2011\/07\/AD-PLODOVI-Crne-Gore.1.jpg'><img width=\"150\" height=\"150\" src=\"https:\/\/www.visit-ulcinj.com\/blog\/wp-content\/uploads\/2011\/07\/AD-PLODOVI-Crne-Gore.1-150x150.jpg\" class=\"attachment-thumbnail size-thumbnail\" alt=\"\" loading=\"lazy\" \/><\/a>\n\t\t\t<\/dt><\/dl><dl class='gallery-item'>\n\t\t\t<dt class='gallery-icon landscape'>\n\t\t\t\t<a href='https:\/\/www.visit-ulcinj.com\/blog\/wp-content\/uploads\/2011\/07\/AD-PLODOVI-Crne-Gore.2.jpg'><img width=\"150\" height=\"150\" src=\"https:\/\/www.visit-ulcinj.com\/blog\/wp-content\/uploads\/2011\/07\/AD-PLODOVI-Crne-Gore.2-150x150.jpg\" class=\"attachment-thumbnail size-thumbnail\" alt=\"\" loading=\"lazy\" \/><\/a>\n\t\t\t<\/dt><\/dl><dl class='gallery-item'>\n\t\t\t<dt class='gallery-icon landscape'>\n\t\t\t\t<a href='https:\/\/www.visit-ulcinj.com\/blog\/wp-content\/uploads\/2011\/07\/AD-PLODOVI-Crne-Gore.jpg'><img width=\"150\" height=\"150\" src=\"https:\/\/www.visit-ulcinj.com\/blog\/wp-content\/uploads\/2011\/07\/AD-PLODOVI-Crne-Gore-150x150.jpg\" class=\"attachment-thumbnail size-thumbnail\" alt=\"\" loading=\"lazy\" \/><\/a>\n\t\t\t<\/dt><\/dl><br style=\"clear: both\" \/>\n\t\t<\/div>\n<br \/>\n<\/strong><\/p>\n","protected":false},"excerpt":{"rendered":"<p>N\u00eb baz\u00eb t\u00eb takimit t\u00eb djesh\u00ebm t\u00eb kryetarit t\u00eb Komun\u00ebs me prodhuesit bujq\u00ebsor\u00eb t\u00eb Ulqinit, ku u trajtua problem i shitjes &#8211; grumbullimit t\u00eb prodhimeve bujq\u00ebsore sezonale kryesisht tepricat t\u00eb cilat paraqiten te shalqini dhe domatja, kontaktit dhe bashk\u00ebpunimit t\u00eb vazhduesh\u00ebm me Ministrin\u00eb e Bujq\u00ebsis\u00eb dhe ministrin Tarzan Millosheviq i cili shqafi mir\u00ebkuptimin dhe reagoj\u00eb [&hellip;]<\/p>\n","protected":false},"author":1,"featured_media":0,"comment_status":"open","ping_status":"closed","sticky":false,"template":"","format":"standard","meta":{"spay_email":"","jetpack_publicize_message":"","jetpack_is_tweetstorm":false,"jetpack_publicize_feature_enabled":true},"categories":[6],"tags":[222,18737,18738,200,18],"jetpack_publicize_connections":[],"yoast_head":"<!-- This site is optimized with the Yoast SEO plugin v19.1 - https:\/\/yoast.com\/wordpress\/plugins\/seo\/ -->\n<title>Kryetari Hajdinaga me prodhuesit bujq\u00ebsor\u00eb t\u00eb Ulqinit - Lajme nga Ulqini<\/title>\n<meta name=\"description\" content=\"N\u00eb baz\u00eb t\u00eb takimit t\u00eb djesh\u00ebm t\u00eb kryetarit t\u00eb Komun\u00ebs me prodhuesit bujq\u00ebsor\u00eb t\u00eb Ulqinit, ku u trajtua problem i shitjes - grumbullimit t\u00eb prodhimeve\" \/>\n<meta name=\"robots\" content=\"index, follow, max-snippet:-1, max-image-preview:large, max-video-preview:-1\" \/>\n<link rel=\"canonical\" href=\"https:\/\/www.visit-ulcinj.com\/blog\/2011\/07\/20\/kryetari-hajdinaga-me-prodhuesit-bujqesore-te-ulqinit\/\" \/>\n<meta property=\"og:locale\" content=\"en_US\" \/>\n<meta property=\"og:type\" content=\"article\" \/>\n<meta property=\"og:title\" content=\"Kryetari Hajdinaga me prodhuesit bujq\u00ebsor\u00eb t\u00eb Ulqinit - Lajme nga Ulqini\" \/>\n<meta property=\"og:description\" content=\"N\u00eb baz\u00eb t\u00eb takimit t\u00eb djesh\u00ebm t\u00eb kryetarit t\u00eb Komun\u00ebs me prodhuesit bujq\u00ebsor\u00eb t\u00eb Ulqinit, ku u trajtua problem i shitjes - grumbullimit t\u00eb prodhimeve\" \/>\n<meta property=\"og:url\" content=\"https:\/\/www.visit-ulcinj.com\/blog\/2011\/07\/20\/kryetari-hajdinaga-me-prodhuesit-bujqesore-te-ulqinit\/\" \/>\n<meta property=\"og:site_name\" content=\"Lajme nga Ulqini\" \/>\n<meta property=\"article:published_time\" content=\"2011-07-20T14:50:54+00:00\" \/>\n<meta property=\"article:modified_time\" content=\"2011-07-20T15:25:28+00:00\" \/>\n<meta property=\"og:image\" content=\"https:\/\/www.visit-ulcinj.com\/blog\/wp-content\/uploads\/2011\/07\/AD-PLODOVI-Crne-Gore.1-150x150.jpg\" \/>\n<meta name=\"twitter:label1\" content=\"Written by\" \/>\n\t<meta name=\"twitter:data1\" content=\"ulqini\" \/>\n\t<meta name=\"twitter:label2\" content=\"Est. reading time\" \/>\n\t<meta name=\"twitter:data2\" content=\"1 minute\" \/>\n<script type=\"application\/ld+json\" class=\"yoast-schema-graph\">{\"@context\":\"https:\/\/schema.org\",\"@graph\":[{\"@type\":\"WebSite\",\"@id\":\"https:\/\/www.visit-ulcinj.com\/blog\/#website\",\"url\":\"https:\/\/www.visit-ulcinj.com\/blog\/\",\"name\":\"Lajme nga Ulqini\",\"description\":\"Lajme,Vijesti,Ulqini,Ulqin,Crna Gora,Mali i Zi\",\"potentialAction\":[{\"@type\":\"SearchAction\",\"target\":{\"@type\":\"EntryPoint\",\"urlTemplate\":\"https:\/\/www.visit-ulcinj.com\/blog\/?s={search_term_string}\"},\"query-input\":\"required name=search_term_string\"}],\"inLanguage\":\"en-US\"},{\"@type\":\"ImageObject\",\"inLanguage\":\"en-US\",\"@id\":\"https:\/\/www.visit-ulcinj.com\/blog\/2011\/07\/20\/kryetari-hajdinaga-me-prodhuesit-bujqesore-te-ulqinit\/#primaryimage\",\"url\":\"https:\/\/www.visit-ulcinj.com\/blog\/wp-content\/uploads\/2011\/07\/AD-PLODOVI-Crne-Gore.2.jpg\",\"contentUrl\":\"https:\/\/www.visit-ulcinj.com\/blog\/wp-content\/uploads\/2011\/07\/AD-PLODOVI-Crne-Gore.2.jpg\",\"width\":\"525\",\"height\":\"350\"},{\"@type\":\"WebPage\",\"@id\":\"https:\/\/www.visit-ulcinj.com\/blog\/2011\/07\/20\/kryetari-hajdinaga-me-prodhuesit-bujqesore-te-ulqinit\/#webpage\",\"url\":\"https:\/\/www.visit-ulcinj.com\/blog\/2011\/07\/20\/kryetari-hajdinaga-me-prodhuesit-bujqesore-te-ulqinit\/\",\"name\":\"Kryetari Hajdinaga me prodhuesit bujq\u00ebsor\u00eb t\u00eb Ulqinit - Lajme nga Ulqini\",\"isPartOf\":{\"@id\":\"https:\/\/www.visit-ulcinj.com\/blog\/#website\"},\"primaryImageOfPage\":{\"@id\":\"https:\/\/www.visit-ulcinj.com\/blog\/2011\/07\/20\/kryetari-hajdinaga-me-prodhuesit-bujqesore-te-ulqinit\/#primaryimage\"},\"datePublished\":\"2011-07-20T14:50:54+00:00\",\"dateModified\":\"2011-07-20T15:25:28+00:00\",\"author\":{\"@id\":\"https:\/\/www.visit-ulcinj.com\/blog\/#\/schema\/person\/dcab619c614d3038751c63bc2aadc06d\"},\"description\":\"N\u00eb baz\u00eb t\u00eb takimit t\u00eb djesh\u00ebm t\u00eb kryetarit t\u00eb Komun\u00ebs me prodhuesit bujq\u00ebsor\u00eb t\u00eb Ulqinit, ku u trajtua problem i shitjes - grumbullimit t\u00eb prodhimeve\",\"breadcrumb\":{\"@id\":\"https:\/\/www.visit-ulcinj.com\/blog\/2011\/07\/20\/kryetari-hajdinaga-me-prodhuesit-bujqesore-te-ulqinit\/#breadcrumb\"},\"inLanguage\":\"en-US\",\"potentialAction\":[{\"@type\":\"ReadAction\",\"target\":[\"https:\/\/www.visit-ulcinj.com\/blog\/2011\/07\/20\/kryetari-hajdinaga-me-prodhuesit-bujqesore-te-ulqinit\/\"]}]},{\"@type\":\"BreadcrumbList\",\"@id\":\"https:\/\/www.visit-ulcinj.com\/blog\/2011\/07\/20\/kryetari-hajdinaga-me-prodhuesit-bujqesore-te-ulqinit\/#breadcrumb\",\"itemListElement\":[{\"@type\":\"ListItem\",\"position\":1,\"name\":\"Kryetari Hajdinaga me prodhuesit bujq\u00ebsor\u00eb t\u00eb Ulqinit\"}]},{\"@type\":\"Person\",\"@id\":\"https:\/\/www.visit-ulcinj.com\/blog\/#\/schema\/person\/dcab619c614d3038751c63bc2aadc06d\",\"name\":\"ulqini\",\"sameAs\":[\"http:\/\/www.visit-ulcinj.com\"],\"url\":\"https:\/\/www.visit-ulcinj.com\/blog\/author\/admin\/\"}]}<\/script>\n<!-- \/ Yoast SEO plugin. -->","yoast_head_json":{"title":"Kryetari Hajdinaga me prodhuesit bujq\u00ebsor\u00eb t\u00eb Ulqinit - Lajme nga Ulqini","description":"N\u00eb baz\u00eb t\u00eb takimit t\u00eb djesh\u00ebm t\u00eb kryetarit t\u00eb Komun\u00ebs me prodhuesit bujq\u00ebsor\u00eb t\u00eb Ulqinit, ku u trajtua problem i shitjes - grumbullimit t\u00eb prodhimeve","robots":{"index":"index","follow":"follow","max-snippet":"max-snippet:-1","max-image-preview":"max-image-preview:large","max-video-preview":"max-video-preview:-1"},"canonical":"https:\/\/www.visit-ulcinj.com\/blog\/2011\/07\/20\/kryetari-hajdinaga-me-prodhuesit-bujqesore-te-ulqinit\/","og_locale":"en_US","og_type":"article","og_title":"Kryetari Hajdinaga me prodhuesit bujq\u00ebsor\u00eb t\u00eb Ulqinit - Lajme nga Ulqini","og_description":"N\u00eb baz\u00eb t\u00eb takimit t\u00eb djesh\u00ebm t\u00eb kryetarit t\u00eb Komun\u00ebs me prodhuesit bujq\u00ebsor\u00eb t\u00eb Ulqinit, ku u trajtua problem i shitjes - grumbullimit t\u00eb prodhimeve","og_url":"https:\/\/www.visit-ulcinj.com\/blog\/2011\/07\/20\/kryetari-hajdinaga-me-prodhuesit-bujqesore-te-ulqinit\/","og_site_name":"Lajme nga Ulqini","article_published_time":"2011-07-20T14:50:54+00:00","article_modified_time":"2011-07-20T15:25:28+00:00","og_image":[{"url":"https:\/\/www.visit-ulcinj.com\/blog\/wp-content\/uploads\/2011\/07\/AD-PLODOVI-Crne-Gore.1-150x150.jpg"}],"twitter_misc":{"Written by":"ulqini","Est. reading time":"1 minute"},"schema":{"@context":"https:\/\/schema.org","@graph":[{"@type":"WebSite","@id":"https:\/\/www.visit-ulcinj.com\/blog\/#website","url":"https:\/\/www.visit-ulcinj.com\/blog\/","name":"Lajme nga Ulqini","description":"Lajme,Vijesti,Ulqini,Ulqin,Crna Gora,Mali i Zi","potentialAction":[{"@type":"SearchAction","target":{"@type":"EntryPoint","urlTemplate":"https:\/\/www.visit-ulcinj.com\/blog\/?s={search_term_string}"},"query-input":"required name=search_term_string"}],"inLanguage":"en-US"},{"@type":"ImageObject","inLanguage":"en-US","@id":"https:\/\/www.visit-ulcinj.com\/blog\/2011\/07\/20\/kryetari-hajdinaga-me-prodhuesit-bujqesore-te-ulqinit\/#primaryimage","url":"https:\/\/www.visit-ulcinj.com\/blog\/wp-content\/uploads\/2011\/07\/AD-PLODOVI-Crne-Gore.2.jpg","contentUrl":"https:\/\/www.visit-ulcinj.com\/blog\/wp-content\/uploads\/2011\/07\/AD-PLODOVI-Crne-Gore.2.jpg","width":"525","height":"350"},{"@type":"WebPage","@id":"https:\/\/www.visit-ulcinj.com\/blog\/2011\/07\/20\/kryetari-hajdinaga-me-prodhuesit-bujqesore-te-ulqinit\/#webpage","url":"https:\/\/www.visit-ulcinj.com\/blog\/2011\/07\/20\/kryetari-hajdinaga-me-prodhuesit-bujqesore-te-ulqinit\/","name":"Kryetari Hajdinaga me prodhuesit bujq\u00ebsor\u00eb t\u00eb Ulqinit - Lajme nga Ulqini","isPartOf":{"@id":"https:\/\/www.visit-ulcinj.com\/blog\/#website"},"primaryImageOfPage":{"@id":"https:\/\/www.visit-ulcinj.com\/blog\/2011\/07\/20\/kryetari-hajdinaga-me-prodhuesit-bujqesore-te-ulqinit\/#primaryimage"},"datePublished":"2011-07-20T14:50:54+00:00","dateModified":"2011-07-20T15:25:28+00:00","author":{"@id":"https:\/\/www.visit-ulcinj.com\/blog\/#\/schema\/person\/dcab619c614d3038751c63bc2aadc06d"},"description":"N\u00eb baz\u00eb t\u00eb takimit t\u00eb djesh\u00ebm t\u00eb kryetarit t\u00eb Komun\u00ebs me prodhuesit bujq\u00ebsor\u00eb t\u00eb Ulqinit, ku u trajtua problem i shitjes - grumbullimit t\u00eb prodhimeve","breadcrumb":{"@id":"https:\/\/www.visit-ulcinj.com\/blog\/2011\/07\/20\/kryetari-hajdinaga-me-prodhuesit-bujqesore-te-ulqinit\/#breadcrumb"},"inLanguage":"en-US","potentialAction":[{"@type":"ReadAction","target":["https:\/\/www.visit-ulcinj.com\/blog\/2011\/07\/20\/kryetari-hajdinaga-me-prodhuesit-bujqesore-te-ulqinit\/"]}]},{"@type":"BreadcrumbList","@id":"https:\/\/www.visit-ulcinj.com\/blog\/2011\/07\/20\/kryetari-hajdinaga-me-prodhuesit-bujqesore-te-ulqinit\/#breadcrumb","itemListElement":[{"@type":"ListItem","position":1,"name":"Kryetari Hajdinaga me prodhuesit bujq\u00ebsor\u00eb t\u00eb Ulqinit"}]},{"@type":"Person","@id":"https:\/\/www.visit-ulcinj.com\/blog\/#\/schema\/person\/dcab619c614d3038751c63bc2aadc06d","name":"ulqini","sameAs":["http:\/\/www.visit-ulcinj.com"],"url":"https:\/\/www.visit-ulcinj.com\/blog\/author\/admin\/"}]}},"jetpack_featured_media_url":"","jetpack_sharing_enabled":true,"jetpack_shortlink":"https:\/\/wp.me\/pe6lTn-cOQ","_links":{"self":[{"href":"https:\/\/www.visit-ulcinj.com\/blog\/wp-json\/wp\/v2\/posts\/49280"}],"collection":[{"href":"https:\/\/www.visit-ulcinj.com\/blog\/wp-json\/wp\/v2\/posts"}],"about":[{"href":"https:\/\/www.visit-ulcinj.com\/blog\/wp-json\/wp\/v2\/types\/post"}],"author":[{"embeddable":true,"href":"https:\/\/www.visit-ulcinj.com\/blog\/wp-json\/wp\/v2\/users\/1"}],"replies":[{"embeddable":true,"href":"https:\/\/www.visit-ulcinj.com\/blog\/wp-json\/wp\/v2\/comments?post=49280"}],"version-history":[{"count":3,"href":"https:\/\/www.visit-ulcinj.com\/blog\/wp-json\/wp\/v2\/posts\/49280\/revisions"}],"predecessor-version":[{"id":49292,"href":"https:\/\/www.visit-ulcinj.com\/blog\/wp-json\/wp\/v2\/posts\/49280\/revisions\/49292"}],"wp:attachment":[{"href":"https:\/\/www.visit-ulcinj.com\/blog\/wp-json\/wp\/v2\/media?parent=49280"}],"wp:term":[{"taxonomy":"category","embeddable":true,"href":"https:\/\/www.visit-ulcinj.com\/blog\/wp-json\/wp\/v2\/categories?post=49280"},{"taxonomy":"post_tag","embeddable":true,"href":"https:\/\/www.visit-ulcinj.com\/blog\/wp-json\/wp\/v2\/tags?post=49280"}],"curies":[{"name":"wp","href":"https:\/\/api.w.org\/{rel}","templated":true}]}}