{"id":493,"date":"2008-02-11T17:08:05","date_gmt":"2008-02-11T22:08:05","guid":{"rendered":"http:\/\/www.visit-ulcinj.com\/blog\/2008\/02\/11\/intrviste-me-kryetarin-e-udsh-se-ferhat-dinoshen\/"},"modified":"2008-02-15T17:12:55","modified_gmt":"2008-02-15T22:12:55","slug":"intrviste-me-kryetarin-e-udsh-se-ferhat-dinoshen","status":"publish","type":"post","link":"https:\/\/www.visit-ulcinj.com\/blog\/2008\/02\/11\/intrviste-me-kryetarin-e-udsh-se-ferhat-dinoshen\/","title":{"rendered":"Intervist\u00eb me kryetarin e UDSH-s\u00eb Ferhat Dinosh\u00ebn"},"content":{"rendered":"<p><a href=\"http:\/\/www.visit-ulcinj.com\/blog\/wp-content\/uploads\/2008\/02\/ferhat-dinosa.jpg\" title=\"Ferhat Dino\u0161a\"><img vspace=\"2\" align=\"left\" src=\"http:\/\/www.visit-ulcinj.com\/blog\/wp-content\/uploads\/2008\/02\/ferhat-dinosa.thumbnail.jpg\" hspace=\"2\" alt=\"Ferhat Dino\u0161a\" \/><\/a><strong>Dinosha rizgjedhet kryetar<\/strong><br \/>\nUlqin &#8211; Lideri aktual i UDSH-s\u00eb, Ferhat Dinosha, \u00ebsht\u00eb rizgjedhur p\u00ebr kryetar t\u00eb ardhsh\u00ebm t\u00eb partis\u00eb n\u00eb Kuvendin e Pest\u00eb Zgjedhor, i cili u mbajt t\u00eb shtun\u00ebn n\u00eb Qendr\u00ebn e Kultur\u00ebs n\u00eb Ulqin.<br \/>\nKuvendi Zgjedhor, p\u00ebrve\u00e7 kryetarit, zgjodhi edhe 25 an\u00ebtar\u00eb t\u00eb rinj t\u00eb K\u00ebshillit Qendror, miratoi Raportin e pun\u00ebs n\u00eb mes dy kuvendeve, Statutin partiak, Programin politik t\u00eb partis\u00eb, Rezolut\u00ebn p\u00ebr Kosov\u00ebn, Rezolut\u00ebn p\u00ebr grupin e shqiptar\u00ebve t\u00eb paraburgosur n\u00eb aksionin policor &#8220;Fluturimi i shqiponj\u00ebs&#8221;, si dhe Apelin drejtuar partive t\u00eb tjera shqiptare p\u00ebr bashk\u00ebpunim.<!--more--><\/p>\n<p><center><object width=\"420\" height=\"339\"><param name=\"movie\" value=\"http:\/\/www.dailymotion.com\/swf\/x4chmy\"><\/param><param name=\"allowFullScreen\" value=\"true\"><\/param><param name=\"allowScriptAccess\" value=\"always\"><\/param><\/object><br \/>\n<strong><a href=\"http:\/\/www.dailymotion.com\/swf\/x4chmy\"><br \/>\n<\/a><\/strong><em><a href=\"http:\/\/www.dailymotion.com\/floww07\"><\/a><\/em>Kreu i UDSH-s\u00eb Dinosha n\u00eb fjal\u00ebn e tij p\u00ebrsh\u00ebndet\u00ebse paraqiti Raportin e pun\u00ebs n\u00eb mes Kuvendit t\u00eb Kat\u00ebrt dhe t\u00eb Pest\u00eb zgjedhor, ku theksoi T\u00eb arritjet dhe angazhimet e k\u00ebsaj partie gjat\u00eb periudh\u00ebs s\u00eb kaluar pes\u00ebvje\u00e7are.<br \/>\nDinosha tha se ndjehet i privilegjuar dhe me fat q\u00eb ka qen\u00eb bashk\u00ebkoh\u00ebs dhe bashk\u00ebveprues i dy tribun\u00ebve popullor\u00eb, n\u00eb krye t\u00eb dy ngjarjeve historike, strategut t\u00eb pavar\u00ebsis\u00eb s\u00eb Malit t\u00eb Zi, Millo Gjukanoviq dhe strategut t\u00eb pavar\u00ebsis\u00eb s\u00eb Kosov\u00ebs, t\u00eb ndjerit president historik, dr. Ibrahim Rugova, duke shtuar se k\u00ebto dy projekte m\u00eb madhore n\u00eb faz\u00ebn e p\u00ebrmendur t\u00eb proceseve demokratike n\u00eb Mal t\u00eb Zi e n\u00eb rajon kan\u00eb determinuar pozicionimin politk dhe veprimin konkret t\u00eb UDSH-s\u00eb, krahas luft\u00ebs parlamentare p\u00ebr p\u00ebrmir\u00ebsimin e statusit t\u00eb shqiptar\u00ebve n\u00eb Mal t\u00eb Zi.<br \/>\nDinosha nd\u00ebr arritjet e partis\u00eb n\u00eb mes dy kuvendeve p\u00ebrmendi Ligjin mbi t\u00eb drejtat dhe lirit\u00eb e pakicave, themelimin e Deg\u00ebs s\u00eb M\u00ebsuesis\u00eb n\u00eb gjuh\u00ebn shqipe n\u00eb Podgoric\u00eb, Ligjin mbi kryeqytetin, i cili Tuzit i siguron status t\u00eb komun\u00ebs urbane, me elemente t\u00eb r\u00ebnd\u00ebsishme t\u00eb vet\u00ebqeverisjes lokale dhe me pjes\u00ebmarrje t\u00eb dukshme n\u00eb buxhetin e kryqytetit, hapjen e maternitetit n\u00eb Ulqin, vendkalimet e reja me Republik\u00ebn e Shqip\u00ebris\u00eb, Panairin e Librit n\u00eb Ulqin, Festivalin e K\u00ebng\u00ebs p\u00ebr F\u00ebmij\u00eb dhe objektet e shumta t\u00eb infrastruktur\u00ebs.<br \/>\nLideri i UDSH-s\u00eb premtoi se n\u00eb periudh\u00ebn e ardhshme subjekti q\u00eb ai drejton do t\u00eb angazhohet p\u00ebr decentralizimin e pushtetit lokal, pjes\u00ebmarrjen proporcionale t\u00eb shqiptar\u00ebve n\u00eb organet dhe administrat\u00ebn shtet\u00ebrore, privatizimin e drejt\u00eb dhe valorizimin e v\u00ebrtet\u00eb t\u00eb resurseve turistike dhe ekonomike n\u00eb Ulqin dhe mjediset e tjera.<br \/>\nDinosha po ashtu u zotua se UDSH do t\u00eb vazhdoj\u00eb bashk\u00ebpunimin e partneritetit me pushtetin demokratik n\u00eb Mal t\u00eb Zi mbi baz\u00ebn e Platform\u00ebs s\u00eb saj t\u00eb vitit 200 dhe t\u00eb programit t\u00eb saj t\u00eb rinovuar politik.<br \/>\nNumri nj\u00eb i UDSH-s\u00eb pozit\u00ebn aktuale t\u00eb shqiptar\u00ebve e vler\u00ebsoi tep\u00ebr t\u00eb mir\u00eb.<br \/>\n&#8220;Qysh prej ilir\u00ebve shqiptar\u00ebt nuk kan\u00eb qen\u00eb asnj\u00ebher\u00eb n\u00eb situat\u00eb m\u00eb t\u00eb mir\u00eb e m\u00eb me shum\u00eb miq. Viti 2008 do t\u00eb jet\u00eb vit i shqiptar\u00ebve, vit i pavar\u00ebsis\u00eb s\u00eb Kosov\u00ebs, vit i akumulimit t\u00eb energjive t\u00eb reja p\u00ebr t\u00eb vazhduar proceset demokratike n\u00eb Mal t\u00eb Zi dhe n\u00eb rajon?&#8221;, theksoi Dinosha.<br \/>\nKuvendin Zgjedhor e p\u00ebrsh\u00ebndet\u00ebn Nard Ndoka, minist\u00ebr i Sh\u00ebndet\u00ebsis\u00eb s\u00eb Republik\u00ebs s\u00eb Shqip\u00ebris\u00eb, nj\u00ebherazi edhe kryetar i PDK-s\u00eb s\u00eb Shqip\u00ebris\u00eb, P\u00ebllumb Xhufi, n\u00ebnkryetar i LSI-s\u00eb, Predrag Sekuliq, drejtor politik i PDS-s\u00eb dhe deputet n\u00eb Parlamentin republikan, Aleksand\u00ebr Damjanoviq, p\u00ebrfaq\u00ebseus i PPS-s\u00eb, Rafet Husoviq, lider i Partis\u00eb Boshnjake, Vasel Sinishtaj, lider i Alternativ\u00ebs Shqiptare, Nada Drobnjak, drejtoresh\u00eb e Zyr\u00ebs p\u00ebr Barazi Gjinore n\u00eb Qeverin\u00eb e Malit t\u00eb Zi, Luigj Shkreli, deputet i PDS-s\u00eb, Mirsad Gjokaj, p\u00ebrfaq\u00ebsues i L\u00ebvizjes &#8220;Atdheu na Bashkon&#8221; me seli n\u00eb Nju-Jork dhe Mirosllav Mariq, p\u00ebrfaq\u00ebsues i Iniciativ\u00ebs Qytetare Kroate.<br \/>\nT\u00eb pranish\u00ebm n\u00eb Kuvend, p\u00ebrve\u00e7 172 delegat\u00ebve t\u00eb Kuvendit nga 179 sa ishin ftuar, ishin edhe p\u00ebrfaq\u00ebsuesit e disa ambasadave n\u00eb Mal t\u00eb Zi, lider\u00ebt e dy subjekteve nacionale shqiptare, Forc\u00ebs s\u00eb Re Demokratike &#8211; Forca, Nazif Cungu dhe i Bashkimit Demokratik t\u00eb Shqiptar\u00ebve n\u00eb Mal t\u00eb Zi, Ali Doda, si dhe t\u00eb ftuar t\u00eb tjer\u00eb, por jo edhe t\u00eb LD n\u00eb MZ dhe PPD-s\u00eb.Gj. Gjonaj<\/p>\n<p><\/center><\/p>\n","protected":false},"excerpt":{"rendered":"<p><img src=\"http:\/\/www.visit-ulcinj.com\/blog\/wp-content\/uploads\/2008\/02\/ferhat-dinosa.thumbnail.jpg\" alt=\"Ferhat Dino\u0161a\" witdh=\"140\" height=\"140\" \/> <\/p>\n","protected":false},"author":1,"featured_media":0,"comment_status":"open","ping_status":"closed","sticky":false,"template":"","format":"standard","meta":{"spay_email":"","jetpack_publicize_message":"","jetpack_is_tweetstorm":false,"jetpack_publicize_feature_enabled":true},"categories":[1],"tags":[89,1408,117,1406,305,325,1407,1391,336,195,200],"jetpack_publicize_connections":[],"yoast_head":"<!-- This site is optimized with the Yoast SEO plugin v19.1 - https:\/\/yoast.com\/wordpress\/plugins\/seo\/ -->\n<title>Intervist\u00eb me kryetarin e UDSH-s\u00eb Ferhat Dinosh\u00ebn - Lajme nga Ulqini<\/title>\n<meta name=\"robots\" content=\"index, follow, max-snippet:-1, max-image-preview:large, max-video-preview:-1\" \/>\n<link rel=\"canonical\" href=\"https:\/\/www.visit-ulcinj.com\/blog\/2008\/02\/11\/intrviste-me-kryetarin-e-udsh-se-ferhat-dinoshen\/\" \/>\n<meta property=\"og:locale\" content=\"en_US\" \/>\n<meta property=\"og:type\" content=\"article\" \/>\n<meta property=\"og:title\" content=\"Intervist\u00eb me kryetarin e UDSH-s\u00eb Ferhat Dinosh\u00ebn - Lajme nga Ulqini\" \/>\n<meta property=\"og:url\" content=\"https:\/\/www.visit-ulcinj.com\/blog\/2008\/02\/11\/intrviste-me-kryetarin-e-udsh-se-ferhat-dinoshen\/\" \/>\n<meta property=\"og:site_name\" content=\"Lajme nga Ulqini\" \/>\n<meta property=\"article:published_time\" content=\"2008-02-11T22:08:05+00:00\" \/>\n<meta property=\"article:modified_time\" content=\"2008-02-15T22:12:55+00:00\" \/>\n<meta property=\"og:image\" content=\"http:\/\/www.visit-ulcinj.com\/blog\/wp-content\/uploads\/2008\/02\/ferhat-dinosa.thumbnail.jpg\" \/>\n<meta name=\"twitter:label1\" content=\"Written by\" \/>\n\t<meta name=\"twitter:data1\" content=\"ulqini\" \/>\n\t<meta name=\"twitter:label2\" content=\"Est. reading time\" \/>\n\t<meta name=\"twitter:data2\" content=\"4 minutes\" \/>\n<script type=\"application\/ld+json\" class=\"yoast-schema-graph\">{\"@context\":\"https:\/\/schema.org\",\"@graph\":[{\"@type\":\"WebSite\",\"@id\":\"https:\/\/www.visit-ulcinj.com\/blog\/#website\",\"url\":\"https:\/\/www.visit-ulcinj.com\/blog\/\",\"name\":\"Lajme nga Ulqini\",\"description\":\"Lajme,Vijesti,Ulqini,Ulqin,Crna Gora,Mali i Zi\",\"potentialAction\":[{\"@type\":\"SearchAction\",\"target\":{\"@type\":\"EntryPoint\",\"urlTemplate\":\"https:\/\/www.visit-ulcinj.com\/blog\/?s={search_term_string}\"},\"query-input\":\"required name=search_term_string\"}],\"inLanguage\":\"en-US\"},{\"@type\":\"ImageObject\",\"inLanguage\":\"en-US\",\"@id\":\"https:\/\/www.visit-ulcinj.com\/blog\/2008\/02\/11\/intrviste-me-kryetarin-e-udsh-se-ferhat-dinoshen\/#primaryimage\",\"url\":\"http:\/\/www.visit-ulcinj.com\/blog\/wp-content\/uploads\/2008\/02\/ferhat-dinosa.thumbnail.jpg\",\"contentUrl\":\"http:\/\/www.visit-ulcinj.com\/blog\/wp-content\/uploads\/2008\/02\/ferhat-dinosa.thumbnail.jpg\"},{\"@type\":\"WebPage\",\"@id\":\"https:\/\/www.visit-ulcinj.com\/blog\/2008\/02\/11\/intrviste-me-kryetarin-e-udsh-se-ferhat-dinoshen\/#webpage\",\"url\":\"https:\/\/www.visit-ulcinj.com\/blog\/2008\/02\/11\/intrviste-me-kryetarin-e-udsh-se-ferhat-dinoshen\/\",\"name\":\"Intervist\u00eb me kryetarin e UDSH-s\u00eb Ferhat Dinosh\u00ebn - Lajme nga Ulqini\",\"isPartOf\":{\"@id\":\"https:\/\/www.visit-ulcinj.com\/blog\/#website\"},\"primaryImageOfPage\":{\"@id\":\"https:\/\/www.visit-ulcinj.com\/blog\/2008\/02\/11\/intrviste-me-kryetarin-e-udsh-se-ferhat-dinoshen\/#primaryimage\"},\"datePublished\":\"2008-02-11T22:08:05+00:00\",\"dateModified\":\"2008-02-15T22:12:55+00:00\",\"author\":{\"@id\":\"https:\/\/www.visit-ulcinj.com\/blog\/#\/schema\/person\/dcab619c614d3038751c63bc2aadc06d\"},\"breadcrumb\":{\"@id\":\"https:\/\/www.visit-ulcinj.com\/blog\/2008\/02\/11\/intrviste-me-kryetarin-e-udsh-se-ferhat-dinoshen\/#breadcrumb\"},\"inLanguage\":\"en-US\",\"potentialAction\":[{\"@type\":\"ReadAction\",\"target\":[\"https:\/\/www.visit-ulcinj.com\/blog\/2008\/02\/11\/intrviste-me-kryetarin-e-udsh-se-ferhat-dinoshen\/\"]}]},{\"@type\":\"BreadcrumbList\",\"@id\":\"https:\/\/www.visit-ulcinj.com\/blog\/2008\/02\/11\/intrviste-me-kryetarin-e-udsh-se-ferhat-dinoshen\/#breadcrumb\",\"itemListElement\":[{\"@type\":\"ListItem\",\"position\":1,\"name\":\"Intervist\u00eb me kryetarin e UDSH-s\u00eb Ferhat Dinosh\u00ebn\"}]},{\"@type\":\"Person\",\"@id\":\"https:\/\/www.visit-ulcinj.com\/blog\/#\/schema\/person\/dcab619c614d3038751c63bc2aadc06d\",\"name\":\"ulqini\",\"sameAs\":[\"http:\/\/www.visit-ulcinj.com\"],\"url\":\"https:\/\/www.visit-ulcinj.com\/blog\/author\/admin\/\"}]}<\/script>\n<!-- \/ Yoast SEO plugin. -->","yoast_head_json":{"title":"Intervist\u00eb me kryetarin e UDSH-s\u00eb Ferhat Dinosh\u00ebn - Lajme nga Ulqini","robots":{"index":"index","follow":"follow","max-snippet":"max-snippet:-1","max-image-preview":"max-image-preview:large","max-video-preview":"max-video-preview:-1"},"canonical":"https:\/\/www.visit-ulcinj.com\/blog\/2008\/02\/11\/intrviste-me-kryetarin-e-udsh-se-ferhat-dinoshen\/","og_locale":"en_US","og_type":"article","og_title":"Intervist\u00eb me kryetarin e UDSH-s\u00eb Ferhat Dinosh\u00ebn - Lajme nga Ulqini","og_url":"https:\/\/www.visit-ulcinj.com\/blog\/2008\/02\/11\/intrviste-me-kryetarin-e-udsh-se-ferhat-dinoshen\/","og_site_name":"Lajme nga Ulqini","article_published_time":"2008-02-11T22:08:05+00:00","article_modified_time":"2008-02-15T22:12:55+00:00","og_image":[{"url":"http:\/\/www.visit-ulcinj.com\/blog\/wp-content\/uploads\/2008\/02\/ferhat-dinosa.thumbnail.jpg"}],"twitter_misc":{"Written by":"ulqini","Est. reading time":"4 minutes"},"schema":{"@context":"https:\/\/schema.org","@graph":[{"@type":"WebSite","@id":"https:\/\/www.visit-ulcinj.com\/blog\/#website","url":"https:\/\/www.visit-ulcinj.com\/blog\/","name":"Lajme nga Ulqini","description":"Lajme,Vijesti,Ulqini,Ulqin,Crna Gora,Mali i Zi","potentialAction":[{"@type":"SearchAction","target":{"@type":"EntryPoint","urlTemplate":"https:\/\/www.visit-ulcinj.com\/blog\/?s={search_term_string}"},"query-input":"required name=search_term_string"}],"inLanguage":"en-US"},{"@type":"ImageObject","inLanguage":"en-US","@id":"https:\/\/www.visit-ulcinj.com\/blog\/2008\/02\/11\/intrviste-me-kryetarin-e-udsh-se-ferhat-dinoshen\/#primaryimage","url":"http:\/\/www.visit-ulcinj.com\/blog\/wp-content\/uploads\/2008\/02\/ferhat-dinosa.thumbnail.jpg","contentUrl":"http:\/\/www.visit-ulcinj.com\/blog\/wp-content\/uploads\/2008\/02\/ferhat-dinosa.thumbnail.jpg"},{"@type":"WebPage","@id":"https:\/\/www.visit-ulcinj.com\/blog\/2008\/02\/11\/intrviste-me-kryetarin-e-udsh-se-ferhat-dinoshen\/#webpage","url":"https:\/\/www.visit-ulcinj.com\/blog\/2008\/02\/11\/intrviste-me-kryetarin-e-udsh-se-ferhat-dinoshen\/","name":"Intervist\u00eb me kryetarin e UDSH-s\u00eb Ferhat Dinosh\u00ebn - Lajme nga Ulqini","isPartOf":{"@id":"https:\/\/www.visit-ulcinj.com\/blog\/#website"},"primaryImageOfPage":{"@id":"https:\/\/www.visit-ulcinj.com\/blog\/2008\/02\/11\/intrviste-me-kryetarin-e-udsh-se-ferhat-dinoshen\/#primaryimage"},"datePublished":"2008-02-11T22:08:05+00:00","dateModified":"2008-02-15T22:12:55+00:00","author":{"@id":"https:\/\/www.visit-ulcinj.com\/blog\/#\/schema\/person\/dcab619c614d3038751c63bc2aadc06d"},"breadcrumb":{"@id":"https:\/\/www.visit-ulcinj.com\/blog\/2008\/02\/11\/intrviste-me-kryetarin-e-udsh-se-ferhat-dinoshen\/#breadcrumb"},"inLanguage":"en-US","potentialAction":[{"@type":"ReadAction","target":["https:\/\/www.visit-ulcinj.com\/blog\/2008\/02\/11\/intrviste-me-kryetarin-e-udsh-se-ferhat-dinoshen\/"]}]},{"@type":"BreadcrumbList","@id":"https:\/\/www.visit-ulcinj.com\/blog\/2008\/02\/11\/intrviste-me-kryetarin-e-udsh-se-ferhat-dinoshen\/#breadcrumb","itemListElement":[{"@type":"ListItem","position":1,"name":"Intervist\u00eb me kryetarin e UDSH-s\u00eb Ferhat Dinosh\u00ebn"}]},{"@type":"Person","@id":"https:\/\/www.visit-ulcinj.com\/blog\/#\/schema\/person\/dcab619c614d3038751c63bc2aadc06d","name":"ulqini","sameAs":["http:\/\/www.visit-ulcinj.com"],"url":"https:\/\/www.visit-ulcinj.com\/blog\/author\/admin\/"}]}},"jetpack_featured_media_url":"","jetpack_sharing_enabled":true,"jetpack_shortlink":"https:\/\/wp.me\/pe6lTn-7X","_links":{"self":[{"href":"https:\/\/www.visit-ulcinj.com\/blog\/wp-json\/wp\/v2\/posts\/493"}],"collection":[{"href":"https:\/\/www.visit-ulcinj.com\/blog\/wp-json\/wp\/v2\/posts"}],"about":[{"href":"https:\/\/www.visit-ulcinj.com\/blog\/wp-json\/wp\/v2\/types\/post"}],"author":[{"embeddable":true,"href":"https:\/\/www.visit-ulcinj.com\/blog\/wp-json\/wp\/v2\/users\/1"}],"replies":[{"embeddable":true,"href":"https:\/\/www.visit-ulcinj.com\/blog\/wp-json\/wp\/v2\/comments?post=493"}],"version-history":[{"count":0,"href":"https:\/\/www.visit-ulcinj.com\/blog\/wp-json\/wp\/v2\/posts\/493\/revisions"}],"wp:attachment":[{"href":"https:\/\/www.visit-ulcinj.com\/blog\/wp-json\/wp\/v2\/media?parent=493"}],"wp:term":[{"taxonomy":"category","embeddable":true,"href":"https:\/\/www.visit-ulcinj.com\/blog\/wp-json\/wp\/v2\/categories?post=493"},{"taxonomy":"post_tag","embeddable":true,"href":"https:\/\/www.visit-ulcinj.com\/blog\/wp-json\/wp\/v2\/tags?post=493"}],"curies":[{"name":"wp","href":"https:\/\/api.w.org\/{rel}","templated":true}]}}