{"id":49310,"date":"2011-07-21T19:37:00","date_gmt":"2011-07-21T18:37:00","guid":{"rendered":"http:\/\/www.visit-ulcinj.com\/blog\/?p=49310"},"modified":"2011-07-29T08:16:27","modified_gmt":"2011-07-29T07:16:27","slug":"sulmohet-deputeti-mehmet-zenka","status":"publish","type":"post","link":"https:\/\/www.visit-ulcinj.com\/blog\/2011\/07\/21\/sulmohet-deputeti-mehmet-zenka\/","title":{"rendered":"Sulmohet deputeti Mehmet Zenka"},"content":{"rendered":"<p><a href=\"http:\/\/www.visit-ulcinj.com\/blog\/wp-content\/uploads\/2011\/07\/Mehmet-Zenka.jpg\"><img loading=\"lazy\" class=\"alignleft size-full wp-image-49311\" title=\"Mehmet Zenka\" src=\"http:\/\/www.visit-ulcinj.com\/blog\/wp-content\/uploads\/2011\/07\/Mehmet-Zenka.jpg\" alt=\"\" width=\"330\" height=\"300\" \/><\/a>Zenka rreth or\u00ebs 04:00 t\u00eb mengjesit ka njoftuar policin\u00eb se n\u00eb lokalin &#8220;Merlin&#8221; i cili gjendet n\u00eb stacionin e autobus\u00ebve n\u00eb Ulqin, \u00ebsht\u00eb sulmuar fizikisht dhe ka p\u00ebsuar l\u00ebndime, njofton Vijesti.<br \/>\nPolicia ka arrestuar shtetasit nga Kosova F.V. (25) nga Klina dhe S.A. (32) nga Lipjani me dyshim se ata kan\u00eb rrahur deputetin e Unionit Demokratik t\u00eb Shqiptar\u00ebve Mehmet Zenka.<br \/>\nPo ashtu, sipas t\u00eb nj\u00ebjtit burim, gjat\u00eb rrahjes \u00ebsht\u00eb plagosur edhe dyshuari F.V., i cili poashtu p\u00ebsoi d\u00ebmtime t\u00eb lehta.<br \/>\nPolicia thot\u00eb se para ngjarjes k\u00ebta kan\u00eb parkaluar nj\u00ebri-tjetrin me automjete n\u00eb Bulevardi Teuta.<br \/>\nT\u00eb dyshuarit F.V. dhe S.A. do t&#8217;i dor\u00ebzohen gjykat\u00ebsit hetues t\u00eb Gjykat\u00ebs Komunale n\u00eb Ulqin, me dyshimin p\u00ebr kryerjen e krimit &#8220;sjellje t\u00eb dhunshme&#8221;.<\/p>\n<p><strong>Promul<\/strong><strong> Ulqin<\/strong><strong><em><\/em><\/strong><\/p>\n","protected":false},"excerpt":{"rendered":"<p>Zenka rreth or\u00ebs 04:00 t\u00eb mengjesit ka njoftuar policin\u00eb se n\u00eb lokalin &#8220;Merlin&#8221; i cili gjendet n\u00eb stacionin e autobus\u00ebve n\u00eb Ulqin, \u00ebsht\u00eb sulmuar fizikisht dhe ka p\u00ebsuar l\u00ebndime, njofton Vijesti. Policia ka arrestuar shtetasit nga Kosova F.V. (25) nga Klina dhe S.A. (32) nga Lipjani me dyshim se ata kan\u00eb rrahur deputetin e Unionit [&hellip;]<\/p>\n","protected":false},"author":1,"featured_media":0,"comment_status":"open","ping_status":"closed","sticky":false,"template":"","format":"standard","meta":{"spay_email":"","jetpack_publicize_message":"","jetpack_is_tweetstorm":false,"jetpack_publicize_feature_enabled":true},"categories":[8],"tags":[2825,3371,200,18],"jetpack_publicize_connections":[],"yoast_head":"<!-- This site is optimized with the Yoast SEO plugin v19.1 - https:\/\/yoast.com\/wordpress\/plugins\/seo\/ -->\n<title>Sulmohet deputeti Mehmet Zenka - Lajme nga Ulqini<\/title>\n<meta name=\"description\" content=\"Zenka rreth or\u00ebs 04:00 t\u00eb mengjesit ka njoftuar policin\u00eb se n\u00eb lokalin &quot;Merlin&quot; i cili gjendet n\u00eb stacionin e autobus\u00ebve n\u00eb Ulqin, \u00ebsht\u00eb sulmuar fizikisht\" \/>\n<meta name=\"robots\" content=\"index, follow, max-snippet:-1, max-image-preview:large, max-video-preview:-1\" \/>\n<link rel=\"canonical\" href=\"https:\/\/www.visit-ulcinj.com\/blog\/2011\/07\/21\/sulmohet-deputeti-mehmet-zenka\/\" \/>\n<meta property=\"og:locale\" content=\"en_US\" \/>\n<meta property=\"og:type\" content=\"article\" \/>\n<meta property=\"og:title\" content=\"Sulmohet deputeti Mehmet Zenka - Lajme nga Ulqini\" \/>\n<meta property=\"og:description\" content=\"Zenka rreth or\u00ebs 04:00 t\u00eb mengjesit ka njoftuar policin\u00eb se n\u00eb lokalin &quot;Merlin&quot; i cili gjendet n\u00eb stacionin e autobus\u00ebve n\u00eb Ulqin, \u00ebsht\u00eb sulmuar fizikisht\" \/>\n<meta property=\"og:url\" content=\"https:\/\/www.visit-ulcinj.com\/blog\/2011\/07\/21\/sulmohet-deputeti-mehmet-zenka\/\" \/>\n<meta property=\"og:site_name\" content=\"Lajme nga Ulqini\" \/>\n<meta property=\"article:published_time\" content=\"2011-07-21T18:37:00+00:00\" \/>\n<meta property=\"article:modified_time\" content=\"2011-07-29T07:16:27+00:00\" \/>\n<meta property=\"og:image\" content=\"http:\/\/www.visit-ulcinj.com\/blog\/wp-content\/uploads\/2011\/07\/Mehmet-Zenka.jpg\" \/>\n<meta name=\"twitter:label1\" content=\"Written by\" \/>\n\t<meta name=\"twitter:data1\" content=\"ulqini\" \/>\n\t<meta name=\"twitter:label2\" content=\"Est. reading time\" \/>\n\t<meta name=\"twitter:data2\" content=\"1 minute\" \/>\n<script type=\"application\/ld+json\" class=\"yoast-schema-graph\">{\"@context\":\"https:\/\/schema.org\",\"@graph\":[{\"@type\":\"WebSite\",\"@id\":\"https:\/\/www.visit-ulcinj.com\/blog\/#website\",\"url\":\"https:\/\/www.visit-ulcinj.com\/blog\/\",\"name\":\"Lajme nga Ulqini\",\"description\":\"Lajme,Vijesti,Ulqini,Ulqin,Crna Gora,Mali i Zi\",\"potentialAction\":[{\"@type\":\"SearchAction\",\"target\":{\"@type\":\"EntryPoint\",\"urlTemplate\":\"https:\/\/www.visit-ulcinj.com\/blog\/?s={search_term_string}\"},\"query-input\":\"required name=search_term_string\"}],\"inLanguage\":\"en-US\"},{\"@type\":\"ImageObject\",\"inLanguage\":\"en-US\",\"@id\":\"https:\/\/www.visit-ulcinj.com\/blog\/2011\/07\/21\/sulmohet-deputeti-mehmet-zenka\/#primaryimage\",\"url\":\"https:\/\/www.visit-ulcinj.com\/blog\/wp-content\/uploads\/2011\/07\/Mehmet-Zenka.jpg\",\"contentUrl\":\"https:\/\/www.visit-ulcinj.com\/blog\/wp-content\/uploads\/2011\/07\/Mehmet-Zenka.jpg\",\"width\":\"467\",\"height\":\"386\"},{\"@type\":\"WebPage\",\"@id\":\"https:\/\/www.visit-ulcinj.com\/blog\/2011\/07\/21\/sulmohet-deputeti-mehmet-zenka\/#webpage\",\"url\":\"https:\/\/www.visit-ulcinj.com\/blog\/2011\/07\/21\/sulmohet-deputeti-mehmet-zenka\/\",\"name\":\"Sulmohet deputeti Mehmet Zenka - Lajme nga Ulqini\",\"isPartOf\":{\"@id\":\"https:\/\/www.visit-ulcinj.com\/blog\/#website\"},\"primaryImageOfPage\":{\"@id\":\"https:\/\/www.visit-ulcinj.com\/blog\/2011\/07\/21\/sulmohet-deputeti-mehmet-zenka\/#primaryimage\"},\"datePublished\":\"2011-07-21T18:37:00+00:00\",\"dateModified\":\"2011-07-29T07:16:27+00:00\",\"author\":{\"@id\":\"https:\/\/www.visit-ulcinj.com\/blog\/#\/schema\/person\/dcab619c614d3038751c63bc2aadc06d\"},\"description\":\"Zenka rreth or\u00ebs 04:00 t\u00eb mengjesit ka njoftuar policin\u00eb se n\u00eb lokalin \\\"Merlin\\\" i cili gjendet n\u00eb stacionin e autobus\u00ebve n\u00eb Ulqin, \u00ebsht\u00eb sulmuar fizikisht\",\"breadcrumb\":{\"@id\":\"https:\/\/www.visit-ulcinj.com\/blog\/2011\/07\/21\/sulmohet-deputeti-mehmet-zenka\/#breadcrumb\"},\"inLanguage\":\"en-US\",\"potentialAction\":[{\"@type\":\"ReadAction\",\"target\":[\"https:\/\/www.visit-ulcinj.com\/blog\/2011\/07\/21\/sulmohet-deputeti-mehmet-zenka\/\"]}]},{\"@type\":\"BreadcrumbList\",\"@id\":\"https:\/\/www.visit-ulcinj.com\/blog\/2011\/07\/21\/sulmohet-deputeti-mehmet-zenka\/#breadcrumb\",\"itemListElement\":[{\"@type\":\"ListItem\",\"position\":1,\"name\":\"Sulmohet deputeti Mehmet Zenka\"}]},{\"@type\":\"Person\",\"@id\":\"https:\/\/www.visit-ulcinj.com\/blog\/#\/schema\/person\/dcab619c614d3038751c63bc2aadc06d\",\"name\":\"ulqini\",\"sameAs\":[\"http:\/\/www.visit-ulcinj.com\"],\"url\":\"https:\/\/www.visit-ulcinj.com\/blog\/author\/admin\/\"}]}<\/script>\n<!-- \/ Yoast SEO plugin. -->","yoast_head_json":{"title":"Sulmohet deputeti Mehmet Zenka - Lajme nga Ulqini","description":"Zenka rreth or\u00ebs 04:00 t\u00eb mengjesit ka njoftuar policin\u00eb se n\u00eb lokalin \"Merlin\" i cili gjendet n\u00eb stacionin e autobus\u00ebve n\u00eb Ulqin, \u00ebsht\u00eb sulmuar fizikisht","robots":{"index":"index","follow":"follow","max-snippet":"max-snippet:-1","max-image-preview":"max-image-preview:large","max-video-preview":"max-video-preview:-1"},"canonical":"https:\/\/www.visit-ulcinj.com\/blog\/2011\/07\/21\/sulmohet-deputeti-mehmet-zenka\/","og_locale":"en_US","og_type":"article","og_title":"Sulmohet deputeti Mehmet Zenka - Lajme nga Ulqini","og_description":"Zenka rreth or\u00ebs 04:00 t\u00eb mengjesit ka njoftuar policin\u00eb se n\u00eb lokalin \"Merlin\" i cili gjendet n\u00eb stacionin e autobus\u00ebve n\u00eb Ulqin, \u00ebsht\u00eb sulmuar fizikisht","og_url":"https:\/\/www.visit-ulcinj.com\/blog\/2011\/07\/21\/sulmohet-deputeti-mehmet-zenka\/","og_site_name":"Lajme nga Ulqini","article_published_time":"2011-07-21T18:37:00+00:00","article_modified_time":"2011-07-29T07:16:27+00:00","og_image":[{"url":"http:\/\/www.visit-ulcinj.com\/blog\/wp-content\/uploads\/2011\/07\/Mehmet-Zenka.jpg"}],"twitter_misc":{"Written by":"ulqini","Est. reading time":"1 minute"},"schema":{"@context":"https:\/\/schema.org","@graph":[{"@type":"WebSite","@id":"https:\/\/www.visit-ulcinj.com\/blog\/#website","url":"https:\/\/www.visit-ulcinj.com\/blog\/","name":"Lajme nga Ulqini","description":"Lajme,Vijesti,Ulqini,Ulqin,Crna Gora,Mali i Zi","potentialAction":[{"@type":"SearchAction","target":{"@type":"EntryPoint","urlTemplate":"https:\/\/www.visit-ulcinj.com\/blog\/?s={search_term_string}"},"query-input":"required name=search_term_string"}],"inLanguage":"en-US"},{"@type":"ImageObject","inLanguage":"en-US","@id":"https:\/\/www.visit-ulcinj.com\/blog\/2011\/07\/21\/sulmohet-deputeti-mehmet-zenka\/#primaryimage","url":"https:\/\/www.visit-ulcinj.com\/blog\/wp-content\/uploads\/2011\/07\/Mehmet-Zenka.jpg","contentUrl":"https:\/\/www.visit-ulcinj.com\/blog\/wp-content\/uploads\/2011\/07\/Mehmet-Zenka.jpg","width":"467","height":"386"},{"@type":"WebPage","@id":"https:\/\/www.visit-ulcinj.com\/blog\/2011\/07\/21\/sulmohet-deputeti-mehmet-zenka\/#webpage","url":"https:\/\/www.visit-ulcinj.com\/blog\/2011\/07\/21\/sulmohet-deputeti-mehmet-zenka\/","name":"Sulmohet deputeti Mehmet Zenka - Lajme nga Ulqini","isPartOf":{"@id":"https:\/\/www.visit-ulcinj.com\/blog\/#website"},"primaryImageOfPage":{"@id":"https:\/\/www.visit-ulcinj.com\/blog\/2011\/07\/21\/sulmohet-deputeti-mehmet-zenka\/#primaryimage"},"datePublished":"2011-07-21T18:37:00+00:00","dateModified":"2011-07-29T07:16:27+00:00","author":{"@id":"https:\/\/www.visit-ulcinj.com\/blog\/#\/schema\/person\/dcab619c614d3038751c63bc2aadc06d"},"description":"Zenka rreth or\u00ebs 04:00 t\u00eb mengjesit ka njoftuar policin\u00eb se n\u00eb lokalin \"Merlin\" i cili gjendet n\u00eb stacionin e autobus\u00ebve n\u00eb Ulqin, \u00ebsht\u00eb sulmuar fizikisht","breadcrumb":{"@id":"https:\/\/www.visit-ulcinj.com\/blog\/2011\/07\/21\/sulmohet-deputeti-mehmet-zenka\/#breadcrumb"},"inLanguage":"en-US","potentialAction":[{"@type":"ReadAction","target":["https:\/\/www.visit-ulcinj.com\/blog\/2011\/07\/21\/sulmohet-deputeti-mehmet-zenka\/"]}]},{"@type":"BreadcrumbList","@id":"https:\/\/www.visit-ulcinj.com\/blog\/2011\/07\/21\/sulmohet-deputeti-mehmet-zenka\/#breadcrumb","itemListElement":[{"@type":"ListItem","position":1,"name":"Sulmohet deputeti Mehmet Zenka"}]},{"@type":"Person","@id":"https:\/\/www.visit-ulcinj.com\/blog\/#\/schema\/person\/dcab619c614d3038751c63bc2aadc06d","name":"ulqini","sameAs":["http:\/\/www.visit-ulcinj.com"],"url":"https:\/\/www.visit-ulcinj.com\/blog\/author\/admin\/"}]}},"jetpack_featured_media_url":"","jetpack_sharing_enabled":true,"jetpack_shortlink":"https:\/\/wp.me\/pe6lTn-cPk","_links":{"self":[{"href":"https:\/\/www.visit-ulcinj.com\/blog\/wp-json\/wp\/v2\/posts\/49310"}],"collection":[{"href":"https:\/\/www.visit-ulcinj.com\/blog\/wp-json\/wp\/v2\/posts"}],"about":[{"href":"https:\/\/www.visit-ulcinj.com\/blog\/wp-json\/wp\/v2\/types\/post"}],"author":[{"embeddable":true,"href":"https:\/\/www.visit-ulcinj.com\/blog\/wp-json\/wp\/v2\/users\/1"}],"replies":[{"embeddable":true,"href":"https:\/\/www.visit-ulcinj.com\/blog\/wp-json\/wp\/v2\/comments?post=49310"}],"version-history":[{"count":3,"href":"https:\/\/www.visit-ulcinj.com\/blog\/wp-json\/wp\/v2\/posts\/49310\/revisions"}],"predecessor-version":[{"id":49499,"href":"https:\/\/www.visit-ulcinj.com\/blog\/wp-json\/wp\/v2\/posts\/49310\/revisions\/49499"}],"wp:attachment":[{"href":"https:\/\/www.visit-ulcinj.com\/blog\/wp-json\/wp\/v2\/media?parent=49310"}],"wp:term":[{"taxonomy":"category","embeddable":true,"href":"https:\/\/www.visit-ulcinj.com\/blog\/wp-json\/wp\/v2\/categories?post=49310"},{"taxonomy":"post_tag","embeddable":true,"href":"https:\/\/www.visit-ulcinj.com\/blog\/wp-json\/wp\/v2\/tags?post=49310"}],"curies":[{"name":"wp","href":"https:\/\/api.w.org\/{rel}","templated":true}]}}