{"id":49314,"date":"2011-07-21T19:44:57","date_gmt":"2011-07-21T18:44:57","guid":{"rendered":"http:\/\/www.visit-ulcinj.com\/blog\/?p=49314"},"modified":"2011-07-21T19:44:57","modified_gmt":"2011-07-21T18:44:57","slug":"u-ulcinju-pretucen-poslanik-mehmet-zenka","status":"publish","type":"post","link":"https:\/\/www.visit-ulcinj.com\/blog\/2011\/07\/21\/u-ulcinju-pretucen-poslanik-mehmet-zenka\/","title":{"rendered":"U Ulcinju pretu\u010den poslanik Mehmet Zenka"},"content":{"rendered":"<p><a href=\"http:\/\/www.visit-ulcinj.com\/blog\/wp-content\/uploads\/2011\/07\/Mehmet-Zenka1.jpg\"><img loading=\"lazy\" class=\"alignleft size-full wp-image-49315\" title=\"Mehmet Zenka\" src=\"http:\/\/www.visit-ulcinj.com\/blog\/wp-content\/uploads\/2011\/07\/Mehmet-Zenka1.jpg\" alt=\"\" width=\"320\" height=\"300\" \/><\/a>Tu\u010di u lokalu Merlin je prethodila gestikulacija izme\u0111u Zenke i T.\u0110, vlasnika \u201eMerlina\u201c, saop\u0161tila je Uprava policije.<br \/>\nPolicija je uhapsila kosovske dr\u017eavljene F.V. (25) iz Klina i S.A. (32) iz Lipljana zbog sumnje da su pretukli poslanika Demokratske unije Albanaca Mehmeta Zenku.<\/p>\n<p>Zenka je, oko 4 sata ujutro\u00a0 prijavio policiji da je u lokalu &#8216;Merlin&#8217;, koji se nalazi na autobuskoj stanici, fizi\u010dki napadnut i da je zadobio povrede.<\/p>\n<p>Na lice mjesta je ubrzo stigao policijski slu\u017ebenik, koji je pozvao poja\u010danje. Policijska patrola je do\u0161la i uhapsila aktere incidenta.<\/p>\n<h3><strong><a href=\"http:\/\/www.vijesti.me\/vijesti\/u-ulcinju-pretucen-poslanik-mehmet-zenka-clanak-29930\" target=\"_blank\"><strong><strong><strong>Pro\u010ditaj vijest do kraja &gt;&gt; Vijest Online &gt;&gt; <\/strong><\/strong><\/strong><\/a><\/strong><\/h3>\n","protected":false},"excerpt":{"rendered":"<p>Tu\u010di u lokalu Merlin je prethodila gestikulacija izme\u0111u Zenke i T.\u0110, vlasnika \u201eMerlina\u201c, saop\u0161tila je Uprava policije. Policija je uhapsila kosovske dr\u017eavljene F.V. (25) iz Klina i S.A. (32) iz Lipljana zbog sumnje da su pretukli poslanika Demokratske unije Albanaca Mehmeta Zenku. Zenka je, oko 4 sata ujutro\u00a0 prijavio policiji da je u lokalu &#8216;Merlin&#8217;, [&hellip;]<\/p>\n","protected":false},"author":1,"featured_media":0,"comment_status":"open","ping_status":"closed","sticky":false,"template":"","format":"standard","meta":{"spay_email":"","jetpack_publicize_message":"","jetpack_is_tweetstorm":false,"jetpack_publicize_feature_enabled":true},"categories":[8337],"tags":[3371,18741,18742,19],"jetpack_publicize_connections":[],"yoast_head":"<!-- This site is optimized with the Yoast SEO plugin v19.1 - https:\/\/yoast.com\/wordpress\/plugins\/seo\/ -->\n<title>U Ulcinju pretu\u010den poslanik Mehmet Zenka - Lajme nga Ulqini<\/title>\n<meta name=\"description\" content=\"Tu\u010di u lokalu Merlin je prethodila gestikulacija izme\u0111u Zenke i T.\u0110, vlasnika \u201eMerlina\u201c, saop\u0161tila je Uprava policije. Policija je uhapsila kosovske\" \/>\n<meta name=\"robots\" content=\"index, follow, max-snippet:-1, max-image-preview:large, max-video-preview:-1\" \/>\n<link rel=\"canonical\" href=\"https:\/\/www.visit-ulcinj.com\/blog\/2011\/07\/21\/u-ulcinju-pretucen-poslanik-mehmet-zenka\/\" \/>\n<meta property=\"og:locale\" content=\"en_US\" \/>\n<meta property=\"og:type\" content=\"article\" \/>\n<meta property=\"og:title\" content=\"U Ulcinju pretu\u010den poslanik Mehmet Zenka - Lajme nga Ulqini\" \/>\n<meta property=\"og:description\" content=\"Tu\u010di u lokalu Merlin je prethodila gestikulacija izme\u0111u Zenke i T.\u0110, vlasnika \u201eMerlina\u201c, saop\u0161tila je Uprava policije. Policija je uhapsila kosovske\" \/>\n<meta property=\"og:url\" content=\"https:\/\/www.visit-ulcinj.com\/blog\/2011\/07\/21\/u-ulcinju-pretucen-poslanik-mehmet-zenka\/\" \/>\n<meta property=\"og:site_name\" content=\"Lajme nga Ulqini\" \/>\n<meta property=\"article:published_time\" content=\"2011-07-21T18:44:57+00:00\" \/>\n<meta property=\"og:image\" content=\"http:\/\/www.visit-ulcinj.com\/blog\/wp-content\/uploads\/2011\/07\/Mehmet-Zenka1.jpg\" \/>\n<meta name=\"twitter:label1\" content=\"Written by\" \/>\n\t<meta name=\"twitter:data1\" content=\"ulqini\" \/>\n\t<meta name=\"twitter:label2\" content=\"Est. reading time\" \/>\n\t<meta name=\"twitter:data2\" content=\"1 minute\" \/>\n<script type=\"application\/ld+json\" class=\"yoast-schema-graph\">{\"@context\":\"https:\/\/schema.org\",\"@graph\":[{\"@type\":\"WebSite\",\"@id\":\"https:\/\/www.visit-ulcinj.com\/blog\/#website\",\"url\":\"https:\/\/www.visit-ulcinj.com\/blog\/\",\"name\":\"Lajme nga Ulqini\",\"description\":\"Lajme,Vijesti,Ulqini,Ulqin,Crna Gora,Mali i Zi\",\"potentialAction\":[{\"@type\":\"SearchAction\",\"target\":{\"@type\":\"EntryPoint\",\"urlTemplate\":\"https:\/\/www.visit-ulcinj.com\/blog\/?s={search_term_string}\"},\"query-input\":\"required name=search_term_string\"}],\"inLanguage\":\"en-US\"},{\"@type\":\"ImageObject\",\"inLanguage\":\"en-US\",\"@id\":\"https:\/\/www.visit-ulcinj.com\/blog\/2011\/07\/21\/u-ulcinju-pretucen-poslanik-mehmet-zenka\/#primaryimage\",\"url\":\"https:\/\/www.visit-ulcinj.com\/blog\/wp-content\/uploads\/2011\/07\/Mehmet-Zenka1.jpg\",\"contentUrl\":\"https:\/\/www.visit-ulcinj.com\/blog\/wp-content\/uploads\/2011\/07\/Mehmet-Zenka1.jpg\",\"width\":\"467\",\"height\":\"386\"},{\"@type\":\"WebPage\",\"@id\":\"https:\/\/www.visit-ulcinj.com\/blog\/2011\/07\/21\/u-ulcinju-pretucen-poslanik-mehmet-zenka\/#webpage\",\"url\":\"https:\/\/www.visit-ulcinj.com\/blog\/2011\/07\/21\/u-ulcinju-pretucen-poslanik-mehmet-zenka\/\",\"name\":\"U Ulcinju pretu\u010den poslanik Mehmet Zenka - Lajme nga Ulqini\",\"isPartOf\":{\"@id\":\"https:\/\/www.visit-ulcinj.com\/blog\/#website\"},\"primaryImageOfPage\":{\"@id\":\"https:\/\/www.visit-ulcinj.com\/blog\/2011\/07\/21\/u-ulcinju-pretucen-poslanik-mehmet-zenka\/#primaryimage\"},\"datePublished\":\"2011-07-21T18:44:57+00:00\",\"dateModified\":\"2011-07-21T18:44:57+00:00\",\"author\":{\"@id\":\"https:\/\/www.visit-ulcinj.com\/blog\/#\/schema\/person\/dcab619c614d3038751c63bc2aadc06d\"},\"description\":\"Tu\u010di u lokalu Merlin je prethodila gestikulacija izme\u0111u Zenke i T.\u0110, vlasnika \u201eMerlina\u201c, saop\u0161tila je Uprava policije. Policija je uhapsila kosovske\",\"breadcrumb\":{\"@id\":\"https:\/\/www.visit-ulcinj.com\/blog\/2011\/07\/21\/u-ulcinju-pretucen-poslanik-mehmet-zenka\/#breadcrumb\"},\"inLanguage\":\"en-US\",\"potentialAction\":[{\"@type\":\"ReadAction\",\"target\":[\"https:\/\/www.visit-ulcinj.com\/blog\/2011\/07\/21\/u-ulcinju-pretucen-poslanik-mehmet-zenka\/\"]}]},{\"@type\":\"BreadcrumbList\",\"@id\":\"https:\/\/www.visit-ulcinj.com\/blog\/2011\/07\/21\/u-ulcinju-pretucen-poslanik-mehmet-zenka\/#breadcrumb\",\"itemListElement\":[{\"@type\":\"ListItem\",\"position\":1,\"name\":\"U Ulcinju pretu\u010den poslanik Mehmet Zenka\"}]},{\"@type\":\"Person\",\"@id\":\"https:\/\/www.visit-ulcinj.com\/blog\/#\/schema\/person\/dcab619c614d3038751c63bc2aadc06d\",\"name\":\"ulqini\",\"sameAs\":[\"http:\/\/www.visit-ulcinj.com\"],\"url\":\"https:\/\/www.visit-ulcinj.com\/blog\/author\/admin\/\"}]}<\/script>\n<!-- \/ Yoast SEO plugin. -->","yoast_head_json":{"title":"U Ulcinju pretu\u010den poslanik Mehmet Zenka - Lajme nga Ulqini","description":"Tu\u010di u lokalu Merlin je prethodila gestikulacija izme\u0111u Zenke i T.\u0110, vlasnika \u201eMerlina\u201c, saop\u0161tila je Uprava policije. Policija je uhapsila kosovske","robots":{"index":"index","follow":"follow","max-snippet":"max-snippet:-1","max-image-preview":"max-image-preview:large","max-video-preview":"max-video-preview:-1"},"canonical":"https:\/\/www.visit-ulcinj.com\/blog\/2011\/07\/21\/u-ulcinju-pretucen-poslanik-mehmet-zenka\/","og_locale":"en_US","og_type":"article","og_title":"U Ulcinju pretu\u010den poslanik Mehmet Zenka - Lajme nga Ulqini","og_description":"Tu\u010di u lokalu Merlin je prethodila gestikulacija izme\u0111u Zenke i T.\u0110, vlasnika \u201eMerlina\u201c, saop\u0161tila je Uprava policije. Policija je uhapsila kosovske","og_url":"https:\/\/www.visit-ulcinj.com\/blog\/2011\/07\/21\/u-ulcinju-pretucen-poslanik-mehmet-zenka\/","og_site_name":"Lajme nga Ulqini","article_published_time":"2011-07-21T18:44:57+00:00","og_image":[{"url":"http:\/\/www.visit-ulcinj.com\/blog\/wp-content\/uploads\/2011\/07\/Mehmet-Zenka1.jpg"}],"twitter_misc":{"Written by":"ulqini","Est. reading time":"1 minute"},"schema":{"@context":"https:\/\/schema.org","@graph":[{"@type":"WebSite","@id":"https:\/\/www.visit-ulcinj.com\/blog\/#website","url":"https:\/\/www.visit-ulcinj.com\/blog\/","name":"Lajme nga Ulqini","description":"Lajme,Vijesti,Ulqini,Ulqin,Crna Gora,Mali i Zi","potentialAction":[{"@type":"SearchAction","target":{"@type":"EntryPoint","urlTemplate":"https:\/\/www.visit-ulcinj.com\/blog\/?s={search_term_string}"},"query-input":"required name=search_term_string"}],"inLanguage":"en-US"},{"@type":"ImageObject","inLanguage":"en-US","@id":"https:\/\/www.visit-ulcinj.com\/blog\/2011\/07\/21\/u-ulcinju-pretucen-poslanik-mehmet-zenka\/#primaryimage","url":"https:\/\/www.visit-ulcinj.com\/blog\/wp-content\/uploads\/2011\/07\/Mehmet-Zenka1.jpg","contentUrl":"https:\/\/www.visit-ulcinj.com\/blog\/wp-content\/uploads\/2011\/07\/Mehmet-Zenka1.jpg","width":"467","height":"386"},{"@type":"WebPage","@id":"https:\/\/www.visit-ulcinj.com\/blog\/2011\/07\/21\/u-ulcinju-pretucen-poslanik-mehmet-zenka\/#webpage","url":"https:\/\/www.visit-ulcinj.com\/blog\/2011\/07\/21\/u-ulcinju-pretucen-poslanik-mehmet-zenka\/","name":"U Ulcinju pretu\u010den poslanik Mehmet Zenka - Lajme nga Ulqini","isPartOf":{"@id":"https:\/\/www.visit-ulcinj.com\/blog\/#website"},"primaryImageOfPage":{"@id":"https:\/\/www.visit-ulcinj.com\/blog\/2011\/07\/21\/u-ulcinju-pretucen-poslanik-mehmet-zenka\/#primaryimage"},"datePublished":"2011-07-21T18:44:57+00:00","dateModified":"2011-07-21T18:44:57+00:00","author":{"@id":"https:\/\/www.visit-ulcinj.com\/blog\/#\/schema\/person\/dcab619c614d3038751c63bc2aadc06d"},"description":"Tu\u010di u lokalu Merlin je prethodila gestikulacija izme\u0111u Zenke i T.\u0110, vlasnika \u201eMerlina\u201c, saop\u0161tila je Uprava policije. Policija je uhapsila kosovske","breadcrumb":{"@id":"https:\/\/www.visit-ulcinj.com\/blog\/2011\/07\/21\/u-ulcinju-pretucen-poslanik-mehmet-zenka\/#breadcrumb"},"inLanguage":"en-US","potentialAction":[{"@type":"ReadAction","target":["https:\/\/www.visit-ulcinj.com\/blog\/2011\/07\/21\/u-ulcinju-pretucen-poslanik-mehmet-zenka\/"]}]},{"@type":"BreadcrumbList","@id":"https:\/\/www.visit-ulcinj.com\/blog\/2011\/07\/21\/u-ulcinju-pretucen-poslanik-mehmet-zenka\/#breadcrumb","itemListElement":[{"@type":"ListItem","position":1,"name":"U Ulcinju pretu\u010den poslanik Mehmet Zenka"}]},{"@type":"Person","@id":"https:\/\/www.visit-ulcinj.com\/blog\/#\/schema\/person\/dcab619c614d3038751c63bc2aadc06d","name":"ulqini","sameAs":["http:\/\/www.visit-ulcinj.com"],"url":"https:\/\/www.visit-ulcinj.com\/blog\/author\/admin\/"}]}},"jetpack_featured_media_url":"","jetpack_sharing_enabled":true,"jetpack_shortlink":"https:\/\/wp.me\/pe6lTn-cPo","_links":{"self":[{"href":"https:\/\/www.visit-ulcinj.com\/blog\/wp-json\/wp\/v2\/posts\/49314"}],"collection":[{"href":"https:\/\/www.visit-ulcinj.com\/blog\/wp-json\/wp\/v2\/posts"}],"about":[{"href":"https:\/\/www.visit-ulcinj.com\/blog\/wp-json\/wp\/v2\/types\/post"}],"author":[{"embeddable":true,"href":"https:\/\/www.visit-ulcinj.com\/blog\/wp-json\/wp\/v2\/users\/1"}],"replies":[{"embeddable":true,"href":"https:\/\/www.visit-ulcinj.com\/blog\/wp-json\/wp\/v2\/comments?post=49314"}],"version-history":[{"count":1,"href":"https:\/\/www.visit-ulcinj.com\/blog\/wp-json\/wp\/v2\/posts\/49314\/revisions"}],"predecessor-version":[{"id":49316,"href":"https:\/\/www.visit-ulcinj.com\/blog\/wp-json\/wp\/v2\/posts\/49314\/revisions\/49316"}],"wp:attachment":[{"href":"https:\/\/www.visit-ulcinj.com\/blog\/wp-json\/wp\/v2\/media?parent=49314"}],"wp:term":[{"taxonomy":"category","embeddable":true,"href":"https:\/\/www.visit-ulcinj.com\/blog\/wp-json\/wp\/v2\/categories?post=49314"},{"taxonomy":"post_tag","embeddable":true,"href":"https:\/\/www.visit-ulcinj.com\/blog\/wp-json\/wp\/v2\/tags?post=49314"}],"curies":[{"name":"wp","href":"https:\/\/api.w.org\/{rel}","templated":true}]}}