{"id":49317,"date":"2011-07-21T19:55:48","date_gmt":"2011-07-21T18:55:48","guid":{"rendered":"http:\/\/www.visit-ulcinj.com\/blog\/?p=49317"},"modified":"2011-07-21T23:15:02","modified_gmt":"2011-07-21T22:15:02","slug":"forca-kumtese-reagim-pas-5-viteve","status":"publish","type":"post","link":"https:\/\/www.visit-ulcinj.com\/blog\/2011\/07\/21\/forca-kumtese-reagim-pas-5-viteve\/","title":{"rendered":"Forca &#8211; Kumtese: Reagim pas 5 viteve!"},"content":{"rendered":"<div id=\"attachment_49318\" style=\"width: 518px\" class=\"wp-caption alignleft\"><a href=\"http:\/\/www.visit-ulcinj.com\/blog\/wp-content\/uploads\/2011\/07\/Pas-reagimit-t%C3%AB-Forc%C3%ABs-dhe-apelit-t%C3%AB-Ministris%C3%AB-p%C3%ABr-bujq%C3%ABsi-ne-ulqin.jpg\"><img aria-describedby=\"caption-attachment-49318\" loading=\"lazy\" class=\"size-full wp-image-49318\" title=\"Pas reagimit t\u00eb Forc\u00ebs dhe apelit t\u00eb Ministris\u00eb p\u00ebr bujq\u00ebsi ne ulqin\" src=\"http:\/\/www.visit-ulcinj.com\/blog\/wp-content\/uploads\/2011\/07\/Pas-reagimit-t%C3%AB-Forc%C3%ABs-dhe-apelit-t%C3%AB-Ministris%C3%AB-p%C3%ABr-bujq%C3%ABsi-ne-ulqin.jpg\" alt=\"\" width=\"508\" height=\"380\" \/><\/a><p id=\"caption-attachment-49318\" class=\"wp-caption-text\">Foto: Samir Adrovi\u0107<\/p><\/div>\n<p>Pas reagimit t\u00eb Forc\u00ebs dhe apelit t\u00eb Ministris\u00eb p\u00ebr bujq\u00ebsi dhe zhvillim rural, n\u00eb lidhje me masat p\u00ebr zvog\u00eblimin e d\u00ebmeve, Kryetarit t\u00eb Komun\u00ebs s\u00eb Ulqinit Z. Hajdinaga dje i ka shkrep dhe ka organizuar nj\u00eb takom me bujqit.<\/p>\n<p>Magjithate ne e p\u00ebrsh\u00ebndesim k\u00ebt\u00eb p\u00ebrpjekje dhe shpresojm\u00eb se nuk do t\u00eb mbetet vet\u00ebm nj\u00eb iniciativ\u00eb. Shpresojm\u00eb se do t\u00eb nd\u00ebrmerren hapa konkrete dhe n\u00eb bashk\u00ebpunim me Ministrin\u00eb e bujq\u00ebsis\u00eb do ti ndihmoj prodhuesve t\u00eb bujq\u00ebsis\u00eb t\u00eb ruajn\u00eb prodhimtarin\u00eb e vet.<\/p>\n<p>N\u00eb lidhje me takimin e djesh\u00ebm me bujqit ku kan\u00eb marr\u00eb vet\u00ebm rreth dhjet nga\u00a0 nj\u00ebqind prodhues, vazhdon praksa q\u00eb pas reagimit t\u00eb Forc\u00ebs komuna kujtohet dhe nd\u00ebrmerr hapa p\u00ebr mbrojtjen e qytetar\u00ebve t\u00eb vet\u00eb n\u00eb k\u00ebt\u00eb rast bujqve. N\u00eb k\u00ebt\u00eb rast\u00eb nuk ka r\u00ebnd\u00ebsi se kush e nis iniciativ\u00ebn por problemi t\u00eb zgjidhet.<br \/>\n<a href=\"http:\/\/www.visit-ulcinj.com\/blog\/wp-content\/uploads\/2011\/07\/Pazari_ne_Shtoj%C3%AB_ulqin.jpg\"><img loading=\"lazy\" class=\"alignleft size-full wp-image-49341\" title=\"Pazari_ne_Shtoj\u00eb_ulqin\" src=\"http:\/\/www.visit-ulcinj.com\/blog\/wp-content\/uploads\/2011\/07\/Pazari_ne_Shtoj%C3%AB_ulqin.jpg\" alt=\"\" width=\"508\" height=\"330\" \/><\/a><\/p>\n<p>Kurse ky problem \u00ebsht\u00eb aktual dhe po p\u00ebrs\u00ebritet prej koh\u00ebsh, nuk \u00ebsht\u00eb hera e par\u00eb q\u00eb bujqit ballafaqohen me probleme t\u00eb ndryshme kurse ata q\u00eb jan\u00eb p\u00ebrgjegj\u00ebs nuk reagojn\u00eb tare ose reagimi i tyre vjen tep\u00ebr von\u00eb. K\u00ebshtu p\u00ebr shembull, nga Buxheti i Komun\u00ebs, edhe pse t\u00eb dedikuara n\u00eb vitin 2008 yyy euro, n\u00eb vitin 2009 xxx euro kurse n\u00eb vitin 2010 170.000 euro, jan\u00eb ndar\u00eb vet\u00ebn 1500 euro nga Buxheti agrar si ndihm\u00eb bujq\u00ebve.<\/p>\n<p>Pushteti aktual i komun\u00ebs s\u00eb Ulqinit p\u00ebrfundimisht ka d\u00ebshmuar vet\u00ebm se interesin e qytetar\u00ebve\u00a0 nuk e kan\u00eb t\u00eb r\u00ebnd\u00ebsish\u00ebm por vet\u00ebm funksionet e veta dhe \u00e7do aktivitet i tyre \u00ebsht\u00eb vet\u00ebm propagand\u00eb , pa kurrfar\u00eb d\u00ebshire t\u00eb p\u00ebrmir\u00ebsoj\u00eb situat\u00ebn n\u00eb Ulqin.<\/p>\n<p>N\u00eb fund, shpresojm\u00eb se organet kompetente q\u00eb jan\u00eb t\u00eb paguar p\u00ebr k\u00ebto \u00e7\u00ebshtje n\u00eb t\u00eb ardhmen ti kushtojn\u00eb m\u00eb shum\u00eb kujdes dhe\u00a0 brengosje p\u00ebr hallet e qytetar\u00ebve dhe t\u00eb reagojn\u00eb me koh\u00eb.<\/p>\n<p><strong>Sherbimi per informim.<\/strong><\/p>\n","protected":false},"excerpt":{"rendered":"<p>Pas reagimit t\u00eb Forc\u00ebs dhe apelit t\u00eb Ministris\u00eb p\u00ebr bujq\u00ebsi dhe zhvillim rural, n\u00eb lidhje me masat p\u00ebr zvog\u00eblimin e d\u00ebmeve, Kryetarit t\u00eb Komun\u00ebs s\u00eb Ulqinit Z. Hajdinaga dje i ka shkrep dhe ka organizuar nj\u00eb takom me bujqit. Magjithate ne e p\u00ebrsh\u00ebndesim k\u00ebt\u00eb p\u00ebrpjekje dhe shpresojm\u00eb se nuk do t\u00eb mbetet vet\u00ebm nj\u00eb iniciativ\u00eb. [&hellip;]<\/p>\n","protected":false},"author":1,"featured_media":0,"comment_status":"open","ping_status":"closed","sticky":false,"template":"","format":"standard","meta":{"spay_email":"","jetpack_publicize_message":"","jetpack_is_tweetstorm":false,"jetpack_publicize_feature_enabled":true},"categories":[6],"tags":[117,200,18],"jetpack_publicize_connections":[],"yoast_head":"<!-- This site is optimized with the Yoast SEO plugin v19.1 - https:\/\/yoast.com\/wordpress\/plugins\/seo\/ -->\n<title>Forca - Kumtese: Reagim pas 5 viteve! - Lajme nga Ulqini<\/title>\n<meta name=\"description\" content=\"Pas reagimit t\u00eb Forc\u00ebs dhe apelit t\u00eb Ministris\u00eb p\u00ebr bujq\u00ebsi dhe zhvillim rural, n\u00eb lidhje me masat p\u00ebr zvog\u00eblimin e d\u00ebmeve, Kryetarit t\u00eb Komun\u00ebs s\u00eb\" \/>\n<meta name=\"robots\" content=\"index, follow, max-snippet:-1, max-image-preview:large, max-video-preview:-1\" \/>\n<link rel=\"canonical\" href=\"https:\/\/www.visit-ulcinj.com\/blog\/2011\/07\/21\/forca-kumtese-reagim-pas-5-viteve\/\" \/>\n<meta property=\"og:locale\" content=\"en_US\" \/>\n<meta property=\"og:type\" content=\"article\" \/>\n<meta property=\"og:title\" content=\"Forca - Kumtese: Reagim pas 5 viteve! - Lajme nga Ulqini\" \/>\n<meta property=\"og:description\" content=\"Pas reagimit t\u00eb Forc\u00ebs dhe apelit t\u00eb Ministris\u00eb p\u00ebr bujq\u00ebsi dhe zhvillim rural, n\u00eb lidhje me masat p\u00ebr zvog\u00eblimin e d\u00ebmeve, Kryetarit t\u00eb Komun\u00ebs s\u00eb\" \/>\n<meta property=\"og:url\" content=\"https:\/\/www.visit-ulcinj.com\/blog\/2011\/07\/21\/forca-kumtese-reagim-pas-5-viteve\/\" \/>\n<meta property=\"og:site_name\" content=\"Lajme nga Ulqini\" \/>\n<meta property=\"article:published_time\" content=\"2011-07-21T18:55:48+00:00\" \/>\n<meta property=\"article:modified_time\" content=\"2011-07-21T22:15:02+00:00\" \/>\n<meta property=\"og:image\" content=\"http:\/\/www.visit-ulcinj.com\/blog\/wp-content\/uploads\/2011\/07\/Pas-reagimit-t%C3%AB-Forc%C3%ABs-dhe-apelit-t%C3%AB-Ministris%C3%AB-p%C3%ABr-bujq%C3%ABsi-ne-ulqin.jpg\" \/>\n<meta name=\"twitter:label1\" content=\"Written by\" \/>\n\t<meta name=\"twitter:data1\" content=\"ulqini\" \/>\n\t<meta name=\"twitter:label2\" content=\"Est. reading time\" \/>\n\t<meta name=\"twitter:data2\" content=\"2 minutes\" \/>\n<script type=\"application\/ld+json\" class=\"yoast-schema-graph\">{\"@context\":\"https:\/\/schema.org\",\"@graph\":[{\"@type\":\"WebSite\",\"@id\":\"https:\/\/www.visit-ulcinj.com\/blog\/#website\",\"url\":\"https:\/\/www.visit-ulcinj.com\/blog\/\",\"name\":\"Lajme nga Ulqini\",\"description\":\"Lajme,Vijesti,Ulqini,Ulqin,Crna Gora,Mali i Zi\",\"potentialAction\":[{\"@type\":\"SearchAction\",\"target\":{\"@type\":\"EntryPoint\",\"urlTemplate\":\"https:\/\/www.visit-ulcinj.com\/blog\/?s={search_term_string}\"},\"query-input\":\"required name=search_term_string\"}],\"inLanguage\":\"en-US\"},{\"@type\":\"ImageObject\",\"inLanguage\":\"en-US\",\"@id\":\"https:\/\/www.visit-ulcinj.com\/blog\/2011\/07\/21\/forca-kumtese-reagim-pas-5-viteve\/#primaryimage\",\"url\":\"http:\/\/www.visit-ulcinj.com\/blog\/wp-content\/uploads\/2011\/07\/Pas-reagimit-t%C3%AB-Forc%C3%ABs-dhe-apelit-t%C3%AB-Ministris%C3%AB-p%C3%ABr-bujq%C3%ABsi-ne-ulqin.jpg\",\"contentUrl\":\"http:\/\/www.visit-ulcinj.com\/blog\/wp-content\/uploads\/2011\/07\/Pas-reagimit-t%C3%AB-Forc%C3%ABs-dhe-apelit-t%C3%AB-Ministris%C3%AB-p%C3%ABr-bujq%C3%ABsi-ne-ulqin.jpg\"},{\"@type\":\"WebPage\",\"@id\":\"https:\/\/www.visit-ulcinj.com\/blog\/2011\/07\/21\/forca-kumtese-reagim-pas-5-viteve\/#webpage\",\"url\":\"https:\/\/www.visit-ulcinj.com\/blog\/2011\/07\/21\/forca-kumtese-reagim-pas-5-viteve\/\",\"name\":\"Forca - Kumtese: Reagim pas 5 viteve! - Lajme nga Ulqini\",\"isPartOf\":{\"@id\":\"https:\/\/www.visit-ulcinj.com\/blog\/#website\"},\"primaryImageOfPage\":{\"@id\":\"https:\/\/www.visit-ulcinj.com\/blog\/2011\/07\/21\/forca-kumtese-reagim-pas-5-viteve\/#primaryimage\"},\"datePublished\":\"2011-07-21T18:55:48+00:00\",\"dateModified\":\"2011-07-21T22:15:02+00:00\",\"author\":{\"@id\":\"https:\/\/www.visit-ulcinj.com\/blog\/#\/schema\/person\/dcab619c614d3038751c63bc2aadc06d\"},\"description\":\"Pas reagimit t\u00eb Forc\u00ebs dhe apelit t\u00eb Ministris\u00eb p\u00ebr bujq\u00ebsi dhe zhvillim rural, n\u00eb lidhje me masat p\u00ebr zvog\u00eblimin e d\u00ebmeve, Kryetarit t\u00eb Komun\u00ebs s\u00eb\",\"breadcrumb\":{\"@id\":\"https:\/\/www.visit-ulcinj.com\/blog\/2011\/07\/21\/forca-kumtese-reagim-pas-5-viteve\/#breadcrumb\"},\"inLanguage\":\"en-US\",\"potentialAction\":[{\"@type\":\"ReadAction\",\"target\":[\"https:\/\/www.visit-ulcinj.com\/blog\/2011\/07\/21\/forca-kumtese-reagim-pas-5-viteve\/\"]}]},{\"@type\":\"BreadcrumbList\",\"@id\":\"https:\/\/www.visit-ulcinj.com\/blog\/2011\/07\/21\/forca-kumtese-reagim-pas-5-viteve\/#breadcrumb\",\"itemListElement\":[{\"@type\":\"ListItem\",\"position\":1,\"name\":\"Forca &#8211; Kumtese: Reagim pas 5 viteve!\"}]},{\"@type\":\"Person\",\"@id\":\"https:\/\/www.visit-ulcinj.com\/blog\/#\/schema\/person\/dcab619c614d3038751c63bc2aadc06d\",\"name\":\"ulqini\",\"sameAs\":[\"http:\/\/www.visit-ulcinj.com\"],\"url\":\"https:\/\/www.visit-ulcinj.com\/blog\/author\/admin\/\"}]}<\/script>\n<!-- \/ Yoast SEO plugin. -->","yoast_head_json":{"title":"Forca - Kumtese: Reagim pas 5 viteve! - Lajme nga Ulqini","description":"Pas reagimit t\u00eb Forc\u00ebs dhe apelit t\u00eb Ministris\u00eb p\u00ebr bujq\u00ebsi dhe zhvillim rural, n\u00eb lidhje me masat p\u00ebr zvog\u00eblimin e d\u00ebmeve, Kryetarit t\u00eb Komun\u00ebs s\u00eb","robots":{"index":"index","follow":"follow","max-snippet":"max-snippet:-1","max-image-preview":"max-image-preview:large","max-video-preview":"max-video-preview:-1"},"canonical":"https:\/\/www.visit-ulcinj.com\/blog\/2011\/07\/21\/forca-kumtese-reagim-pas-5-viteve\/","og_locale":"en_US","og_type":"article","og_title":"Forca - Kumtese: Reagim pas 5 viteve! - Lajme nga Ulqini","og_description":"Pas reagimit t\u00eb Forc\u00ebs dhe apelit t\u00eb Ministris\u00eb p\u00ebr bujq\u00ebsi dhe zhvillim rural, n\u00eb lidhje me masat p\u00ebr zvog\u00eblimin e d\u00ebmeve, Kryetarit t\u00eb Komun\u00ebs s\u00eb","og_url":"https:\/\/www.visit-ulcinj.com\/blog\/2011\/07\/21\/forca-kumtese-reagim-pas-5-viteve\/","og_site_name":"Lajme nga Ulqini","article_published_time":"2011-07-21T18:55:48+00:00","article_modified_time":"2011-07-21T22:15:02+00:00","og_image":[{"url":"http:\/\/www.visit-ulcinj.com\/blog\/wp-content\/uploads\/2011\/07\/Pas-reagimit-t%C3%AB-Forc%C3%ABs-dhe-apelit-t%C3%AB-Ministris%C3%AB-p%C3%ABr-bujq%C3%ABsi-ne-ulqin.jpg"}],"twitter_misc":{"Written by":"ulqini","Est. reading time":"2 minutes"},"schema":{"@context":"https:\/\/schema.org","@graph":[{"@type":"WebSite","@id":"https:\/\/www.visit-ulcinj.com\/blog\/#website","url":"https:\/\/www.visit-ulcinj.com\/blog\/","name":"Lajme nga Ulqini","description":"Lajme,Vijesti,Ulqini,Ulqin,Crna Gora,Mali i Zi","potentialAction":[{"@type":"SearchAction","target":{"@type":"EntryPoint","urlTemplate":"https:\/\/www.visit-ulcinj.com\/blog\/?s={search_term_string}"},"query-input":"required name=search_term_string"}],"inLanguage":"en-US"},{"@type":"ImageObject","inLanguage":"en-US","@id":"https:\/\/www.visit-ulcinj.com\/blog\/2011\/07\/21\/forca-kumtese-reagim-pas-5-viteve\/#primaryimage","url":"http:\/\/www.visit-ulcinj.com\/blog\/wp-content\/uploads\/2011\/07\/Pas-reagimit-t%C3%AB-Forc%C3%ABs-dhe-apelit-t%C3%AB-Ministris%C3%AB-p%C3%ABr-bujq%C3%ABsi-ne-ulqin.jpg","contentUrl":"http:\/\/www.visit-ulcinj.com\/blog\/wp-content\/uploads\/2011\/07\/Pas-reagimit-t%C3%AB-Forc%C3%ABs-dhe-apelit-t%C3%AB-Ministris%C3%AB-p%C3%ABr-bujq%C3%ABsi-ne-ulqin.jpg"},{"@type":"WebPage","@id":"https:\/\/www.visit-ulcinj.com\/blog\/2011\/07\/21\/forca-kumtese-reagim-pas-5-viteve\/#webpage","url":"https:\/\/www.visit-ulcinj.com\/blog\/2011\/07\/21\/forca-kumtese-reagim-pas-5-viteve\/","name":"Forca - Kumtese: Reagim pas 5 viteve! - Lajme nga Ulqini","isPartOf":{"@id":"https:\/\/www.visit-ulcinj.com\/blog\/#website"},"primaryImageOfPage":{"@id":"https:\/\/www.visit-ulcinj.com\/blog\/2011\/07\/21\/forca-kumtese-reagim-pas-5-viteve\/#primaryimage"},"datePublished":"2011-07-21T18:55:48+00:00","dateModified":"2011-07-21T22:15:02+00:00","author":{"@id":"https:\/\/www.visit-ulcinj.com\/blog\/#\/schema\/person\/dcab619c614d3038751c63bc2aadc06d"},"description":"Pas reagimit t\u00eb Forc\u00ebs dhe apelit t\u00eb Ministris\u00eb p\u00ebr bujq\u00ebsi dhe zhvillim rural, n\u00eb lidhje me masat p\u00ebr zvog\u00eblimin e d\u00ebmeve, Kryetarit t\u00eb Komun\u00ebs s\u00eb","breadcrumb":{"@id":"https:\/\/www.visit-ulcinj.com\/blog\/2011\/07\/21\/forca-kumtese-reagim-pas-5-viteve\/#breadcrumb"},"inLanguage":"en-US","potentialAction":[{"@type":"ReadAction","target":["https:\/\/www.visit-ulcinj.com\/blog\/2011\/07\/21\/forca-kumtese-reagim-pas-5-viteve\/"]}]},{"@type":"BreadcrumbList","@id":"https:\/\/www.visit-ulcinj.com\/blog\/2011\/07\/21\/forca-kumtese-reagim-pas-5-viteve\/#breadcrumb","itemListElement":[{"@type":"ListItem","position":1,"name":"Forca &#8211; Kumtese: Reagim pas 5 viteve!"}]},{"@type":"Person","@id":"https:\/\/www.visit-ulcinj.com\/blog\/#\/schema\/person\/dcab619c614d3038751c63bc2aadc06d","name":"ulqini","sameAs":["http:\/\/www.visit-ulcinj.com"],"url":"https:\/\/www.visit-ulcinj.com\/blog\/author\/admin\/"}]}},"jetpack_featured_media_url":"","jetpack_sharing_enabled":true,"jetpack_shortlink":"https:\/\/wp.me\/pe6lTn-cPr","_links":{"self":[{"href":"https:\/\/www.visit-ulcinj.com\/blog\/wp-json\/wp\/v2\/posts\/49317"}],"collection":[{"href":"https:\/\/www.visit-ulcinj.com\/blog\/wp-json\/wp\/v2\/posts"}],"about":[{"href":"https:\/\/www.visit-ulcinj.com\/blog\/wp-json\/wp\/v2\/types\/post"}],"author":[{"embeddable":true,"href":"https:\/\/www.visit-ulcinj.com\/blog\/wp-json\/wp\/v2\/users\/1"}],"replies":[{"embeddable":true,"href":"https:\/\/www.visit-ulcinj.com\/blog\/wp-json\/wp\/v2\/comments?post=49317"}],"version-history":[{"count":2,"href":"https:\/\/www.visit-ulcinj.com\/blog\/wp-json\/wp\/v2\/posts\/49317\/revisions"}],"predecessor-version":[{"id":49342,"href":"https:\/\/www.visit-ulcinj.com\/blog\/wp-json\/wp\/v2\/posts\/49317\/revisions\/49342"}],"wp:attachment":[{"href":"https:\/\/www.visit-ulcinj.com\/blog\/wp-json\/wp\/v2\/media?parent=49317"}],"wp:term":[{"taxonomy":"category","embeddable":true,"href":"https:\/\/www.visit-ulcinj.com\/blog\/wp-json\/wp\/v2\/categories?post=49317"},{"taxonomy":"post_tag","embeddable":true,"href":"https:\/\/www.visit-ulcinj.com\/blog\/wp-json\/wp\/v2\/tags?post=49317"}],"curies":[{"name":"wp","href":"https:\/\/api.w.org\/{rel}","templated":true}]}}