{"id":49335,"date":"2011-07-21T21:36:10","date_gmt":"2011-07-21T20:36:10","guid":{"rendered":"http:\/\/www.visit-ulcinj.com\/blog\/?p=49335"},"modified":"2011-07-22T19:59:59","modified_gmt":"2011-07-22T18:59:59","slug":"hajdinaga-ne-aksion-per-largimin-e-dilereve-nga-rruget-e-qytetit-te-ulqinit","status":"publish","type":"post","link":"https:\/\/www.visit-ulcinj.com\/blog\/2011\/07\/21\/hajdinaga-ne-aksion-per-largimin-e-dilereve-nga-rruget-e-qytetit-te-ulqinit\/","title":{"rendered":"Hajdinaga n\u00eb aksion p\u00ebr largimin e diler\u00ebve nga rrug\u00ebt e qytetit t\u00eb Ulqinit"},"content":{"rendered":"<p><a href=\"http:\/\/www.visit-ulcinj.com\/blog\/wp-content\/uploads\/2011\/07\/Dilerat-e-turistave-n%C3%AB-Ulqin.jpg\"><img loading=\"lazy\" class=\"alignleft size-full wp-image-49336\" title=\"Dilerat e turistave n\u00eb Ulqin\" src=\"http:\/\/www.visit-ulcinj.com\/blog\/wp-content\/uploads\/2011\/07\/Dilerat-e-turistave-n%C3%AB-Ulqin.jpg\" alt=\"\" width=\"508\" height=\"271\" \/><\/a>Kryetari i Komun\u00ebs s\u00eb Ulqinit, G\u00ebzim Hajdinaga deklaroi dit\u00ebn e enjte se q\u00eb nga dita e sotme jan\u00eb hedhur n\u00eb aksion p\u00ebr largimin e diler\u00ebve nga rrug\u00ebt e qytetit t\u00eb Ulqinit, t\u00eb cil\u00ebt me \u00e7dokusht tendojn\u00eb t&#8217;u imponojn\u00eb akomodime n\u00eb sht\u00ebpit\u00eb private pushuesve q\u00eb kan\u00eb zgjedhur Ulqinin p\u00ebr t\u00eb pushuar, njofton KosovaLive.<\/p>\n<p>Turist\u00ebt q\u00eb arrijn\u00eb n\u00eb Ulqin p\u00ebr t\u00eb pushuar edhe sivjet po ballafaqohen me dukurin\u00eb e ofrimin individual t\u00eb vendosjes dhe akomodimit, gj\u00eb q\u00eb e karakterizon t\u00ebr\u00eb bregdetin malazias, por n\u00eb Ulqin i kalon caqet e nj\u00eb mir\u00ebpritjeje t\u00eb turist\u00ebve, mbase p\u00ebr shkak se k\u00ebtu oferta b\u00ebjn\u00eb edhe diler\u00ebt mashtrues.<\/p>\n<p>Numrin e diler\u00ebve t\u00eb till\u00eb sivjet e kan\u00eb shtuar edhe disa diler\u00eb, t\u00eb cil\u00ebt ag e terr ndjekin \u00e7do makin\u00eb q\u00eb vjen nga Shkodra apo Tivari, e t\u00eb mos flasim p\u00ebr invadimin e tyre n\u00eb Stacionin e Autobus\u00ebve. K\u00ebta diler\u00eb nuk jan\u00eb ulqinak\u00eb, por e kan\u00eb gjetur nj\u00eb m\u00ebnyr\u00eb t\u00eb p\u00ebrfitimit p\u00ebr t\u2019i mashtruar turist\u00ebt, duke i vendosur n\u00ebp\u00ebr vila t\u00eb nd\u00ebrtuesve ilegal nga Novi Pazari, Rozhaja e Berana.<\/p>\n<p>\u201cK\u00ebtu e kan\u00eb fajin inspeksioni komunal dhe policia q\u00eb nuk nd\u00ebrmarrin masa ndaj k\u00ebtyre njer\u00ebzve, t\u00eb cil\u00ebt komprometojn\u00eb mikpritjen e Ulqinit dhe shqet\u00ebsojn\u00eb mysafir\u00ebt tan\u00eb. Shumica e tyre jan\u00eb ardhacak\u00eb nga vendet e rajonit, t\u00eb cil\u00ebt tentojn\u00eb, por edhe arrijn\u00eb t\u00eb mashtrojn\u00eb turist\u00ebt, duke i vendosur n\u00ebp\u00ebr vilat e nd\u00ebrtuesve ilegal nga Novi Pazari, Rozhaja e Berana, ku detyrimisht shfaqen pak\u00ebnaq\u00ebsi t\u00eb ndryshme.<br \/>\nPor, k\u00ebta diler\u00ebt jan\u00eb b\u00ebr\u00eb m\u00eb t\u00eb bezdissh\u00ebm sesa mushkonjat. Njeri prej tyre, madje, m\u00eb ofroi edhe mua q\u00eb t\u00eb angazhohem n\u00eb k\u00ebt\u00eb pun\u00eb \u201csepse mund t\u00eb fitohet mir\u00eb\u201d.<\/p>\n<p>Pa dyshim se kjo gjendje \u00ebsht\u00eb pasoj\u00eb edhe e faktit se Organizata Komunale Turistike n\u00eb Ulqin nuk ka arritur t\u00eb hap\u00eb sportelet e veta n\u00ebp\u00ebr pikat kryesore t\u00eb lagjeve turistike, si n\u00eb Pinjesh, Shtoj, Gjerana dhe K\u00ebrru\u00e7 p\u00ebr t\u00eb pasur n\u00ebn kontroll t\u00eb plot\u00eb t\u00eb gjitha rrjedhat e sezonit turistik, i cili ka startuar mir\u00eb.<\/p>\n<p>Startin e mir\u00eb t\u00eb sezonit turistik e konfirmon edhe Isat Dragovoja, shef i shitjes n\u00eb nd\u00ebrmarrjen turistike hoteliere \u201cRiviera e Ulqinit\u201d, i cili thot\u00eb se vizita i ka tejkaluar parashikimet dhe \u00ebsht\u00eb m\u00eb e mir\u00eb se sa vitin e kaluar m\u00eb se 30 p\u00ebrqind.<\/p>\n<!--YouTube Error: bad URL entered-->\n","protected":false},"excerpt":{"rendered":"<p>Kryetari i Komun\u00ebs s\u00eb Ulqinit, G\u00ebzim Hajdinaga deklaroi dit\u00ebn e enjte se q\u00eb nga dita e sotme jan\u00eb hedhur n\u00eb aksion p\u00ebr largimin e diler\u00ebve nga rrug\u00ebt e qytetit t\u00eb Ulqinit, t\u00eb cil\u00ebt me \u00e7dokusht tendojn\u00eb t&#8217;u imponojn\u00eb akomodime n\u00eb sht\u00ebpit\u00eb private pushuesve q\u00eb kan\u00eb zgjedhur Ulqinin p\u00ebr t\u00eb pushuar, njofton KosovaLive. Turist\u00ebt q\u00eb arrijn\u00eb [&hellip;]<\/p>\n","protected":false},"author":1,"featured_media":0,"comment_status":"open","ping_status":"closed","sticky":false,"template":"","format":"standard","meta":{"spay_email":"","jetpack_publicize_message":"","jetpack_is_tweetstorm":false,"jetpack_publicize_feature_enabled":true},"categories":[1,12],"tags":[7668,11537,18743,8870,7665,200,18],"jetpack_publicize_connections":[],"yoast_head":"<!-- This site is optimized with the Yoast SEO plugin v19.1 - https:\/\/yoast.com\/wordpress\/plugins\/seo\/ -->\n<title>Hajdinaga n\u00eb aksion p\u00ebr largimin e diler\u00ebve nga rrug\u00ebt e qytetit t\u00eb Ulqinit - Lajme nga Ulqini<\/title>\n<meta name=\"description\" content=\"Kryetari i Komun\u00ebs s\u00eb Ulqinit, G\u00ebzim Hajdinaga deklaroi dit\u00ebn e enjte se q\u00eb nga dita e sotme jan\u00eb hedhur n\u00eb aksion p\u00ebr largimin e diler\u00ebve nga rrug\u00ebt e\" \/>\n<meta name=\"robots\" content=\"index, follow, max-snippet:-1, max-image-preview:large, max-video-preview:-1\" \/>\n<link rel=\"canonical\" href=\"https:\/\/www.visit-ulcinj.com\/blog\/2011\/07\/21\/hajdinaga-ne-aksion-per-largimin-e-dilereve-nga-rruget-e-qytetit-te-ulqinit\/\" \/>\n<meta property=\"og:locale\" content=\"en_US\" \/>\n<meta property=\"og:type\" content=\"article\" \/>\n<meta property=\"og:title\" content=\"Hajdinaga n\u00eb aksion p\u00ebr largimin e diler\u00ebve nga rrug\u00ebt e qytetit t\u00eb Ulqinit - Lajme nga Ulqini\" \/>\n<meta property=\"og:description\" content=\"Kryetari i Komun\u00ebs s\u00eb Ulqinit, G\u00ebzim Hajdinaga deklaroi dit\u00ebn e enjte se q\u00eb nga dita e sotme jan\u00eb hedhur n\u00eb aksion p\u00ebr largimin e diler\u00ebve nga rrug\u00ebt e\" \/>\n<meta property=\"og:url\" content=\"https:\/\/www.visit-ulcinj.com\/blog\/2011\/07\/21\/hajdinaga-ne-aksion-per-largimin-e-dilereve-nga-rruget-e-qytetit-te-ulqinit\/\" \/>\n<meta property=\"og:site_name\" content=\"Lajme nga Ulqini\" \/>\n<meta property=\"article:published_time\" content=\"2011-07-21T20:36:10+00:00\" \/>\n<meta property=\"article:modified_time\" content=\"2011-07-22T18:59:59+00:00\" \/>\n<meta property=\"og:image\" content=\"http:\/\/www.visit-ulcinj.com\/blog\/wp-content\/uploads\/2011\/07\/Dilerat-e-turistave-n%C3%AB-Ulqin.jpg\" \/>\n<meta name=\"twitter:label1\" content=\"Written by\" \/>\n\t<meta name=\"twitter:data1\" content=\"ulqini\" \/>\n\t<meta name=\"twitter:label2\" content=\"Est. reading time\" \/>\n\t<meta name=\"twitter:data2\" content=\"2 minutes\" \/>\n<script type=\"application\/ld+json\" class=\"yoast-schema-graph\">{\"@context\":\"https:\/\/schema.org\",\"@graph\":[{\"@type\":\"WebSite\",\"@id\":\"https:\/\/www.visit-ulcinj.com\/blog\/#website\",\"url\":\"https:\/\/www.visit-ulcinj.com\/blog\/\",\"name\":\"Lajme nga Ulqini\",\"description\":\"Lajme,Vijesti,Ulqini,Ulqin,Crna Gora,Mali i Zi\",\"potentialAction\":[{\"@type\":\"SearchAction\",\"target\":{\"@type\":\"EntryPoint\",\"urlTemplate\":\"https:\/\/www.visit-ulcinj.com\/blog\/?s={search_term_string}\"},\"query-input\":\"required name=search_term_string\"}],\"inLanguage\":\"en-US\"},{\"@type\":\"ImageObject\",\"inLanguage\":\"en-US\",\"@id\":\"https:\/\/www.visit-ulcinj.com\/blog\/2011\/07\/21\/hajdinaga-ne-aksion-per-largimin-e-dilereve-nga-rruget-e-qytetit-te-ulqinit\/#primaryimage\",\"url\":\"http:\/\/www.visit-ulcinj.com\/blog\/wp-content\/uploads\/2011\/07\/Dilerat-e-turistave-n%C3%AB-Ulqin.jpg\",\"contentUrl\":\"http:\/\/www.visit-ulcinj.com\/blog\/wp-content\/uploads\/2011\/07\/Dilerat-e-turistave-n%C3%AB-Ulqin.jpg\"},{\"@type\":\"WebPage\",\"@id\":\"https:\/\/www.visit-ulcinj.com\/blog\/2011\/07\/21\/hajdinaga-ne-aksion-per-largimin-e-dilereve-nga-rruget-e-qytetit-te-ulqinit\/#webpage\",\"url\":\"https:\/\/www.visit-ulcinj.com\/blog\/2011\/07\/21\/hajdinaga-ne-aksion-per-largimin-e-dilereve-nga-rruget-e-qytetit-te-ulqinit\/\",\"name\":\"Hajdinaga n\u00eb aksion p\u00ebr largimin e diler\u00ebve nga rrug\u00ebt e qytetit t\u00eb Ulqinit - Lajme nga Ulqini\",\"isPartOf\":{\"@id\":\"https:\/\/www.visit-ulcinj.com\/blog\/#website\"},\"primaryImageOfPage\":{\"@id\":\"https:\/\/www.visit-ulcinj.com\/blog\/2011\/07\/21\/hajdinaga-ne-aksion-per-largimin-e-dilereve-nga-rruget-e-qytetit-te-ulqinit\/#primaryimage\"},\"datePublished\":\"2011-07-21T20:36:10+00:00\",\"dateModified\":\"2011-07-22T18:59:59+00:00\",\"author\":{\"@id\":\"https:\/\/www.visit-ulcinj.com\/blog\/#\/schema\/person\/dcab619c614d3038751c63bc2aadc06d\"},\"description\":\"Kryetari i Komun\u00ebs s\u00eb Ulqinit, G\u00ebzim Hajdinaga deklaroi dit\u00ebn e enjte se q\u00eb nga dita e sotme jan\u00eb hedhur n\u00eb aksion p\u00ebr largimin e diler\u00ebve nga rrug\u00ebt e\",\"breadcrumb\":{\"@id\":\"https:\/\/www.visit-ulcinj.com\/blog\/2011\/07\/21\/hajdinaga-ne-aksion-per-largimin-e-dilereve-nga-rruget-e-qytetit-te-ulqinit\/#breadcrumb\"},\"inLanguage\":\"en-US\",\"potentialAction\":[{\"@type\":\"ReadAction\",\"target\":[\"https:\/\/www.visit-ulcinj.com\/blog\/2011\/07\/21\/hajdinaga-ne-aksion-per-largimin-e-dilereve-nga-rruget-e-qytetit-te-ulqinit\/\"]}]},{\"@type\":\"BreadcrumbList\",\"@id\":\"https:\/\/www.visit-ulcinj.com\/blog\/2011\/07\/21\/hajdinaga-ne-aksion-per-largimin-e-dilereve-nga-rruget-e-qytetit-te-ulqinit\/#breadcrumb\",\"itemListElement\":[{\"@type\":\"ListItem\",\"position\":1,\"name\":\"Hajdinaga n\u00eb aksion p\u00ebr largimin e diler\u00ebve nga rrug\u00ebt e qytetit t\u00eb Ulqinit\"}]},{\"@type\":\"Person\",\"@id\":\"https:\/\/www.visit-ulcinj.com\/blog\/#\/schema\/person\/dcab619c614d3038751c63bc2aadc06d\",\"name\":\"ulqini\",\"sameAs\":[\"http:\/\/www.visit-ulcinj.com\"],\"url\":\"https:\/\/www.visit-ulcinj.com\/blog\/author\/admin\/\"}]}<\/script>\n<!-- \/ Yoast SEO plugin. -->","yoast_head_json":{"title":"Hajdinaga n\u00eb aksion p\u00ebr largimin e diler\u00ebve nga rrug\u00ebt e qytetit t\u00eb Ulqinit - Lajme nga Ulqini","description":"Kryetari i Komun\u00ebs s\u00eb Ulqinit, G\u00ebzim Hajdinaga deklaroi dit\u00ebn e enjte se q\u00eb nga dita e sotme jan\u00eb hedhur n\u00eb aksion p\u00ebr largimin e diler\u00ebve nga rrug\u00ebt e","robots":{"index":"index","follow":"follow","max-snippet":"max-snippet:-1","max-image-preview":"max-image-preview:large","max-video-preview":"max-video-preview:-1"},"canonical":"https:\/\/www.visit-ulcinj.com\/blog\/2011\/07\/21\/hajdinaga-ne-aksion-per-largimin-e-dilereve-nga-rruget-e-qytetit-te-ulqinit\/","og_locale":"en_US","og_type":"article","og_title":"Hajdinaga n\u00eb aksion p\u00ebr largimin e diler\u00ebve nga rrug\u00ebt e qytetit t\u00eb Ulqinit - Lajme nga Ulqini","og_description":"Kryetari i Komun\u00ebs s\u00eb Ulqinit, G\u00ebzim Hajdinaga deklaroi dit\u00ebn e enjte se q\u00eb nga dita e sotme jan\u00eb hedhur n\u00eb aksion p\u00ebr largimin e diler\u00ebve nga rrug\u00ebt e","og_url":"https:\/\/www.visit-ulcinj.com\/blog\/2011\/07\/21\/hajdinaga-ne-aksion-per-largimin-e-dilereve-nga-rruget-e-qytetit-te-ulqinit\/","og_site_name":"Lajme nga Ulqini","article_published_time":"2011-07-21T20:36:10+00:00","article_modified_time":"2011-07-22T18:59:59+00:00","og_image":[{"url":"http:\/\/www.visit-ulcinj.com\/blog\/wp-content\/uploads\/2011\/07\/Dilerat-e-turistave-n%C3%AB-Ulqin.jpg"}],"twitter_misc":{"Written by":"ulqini","Est. reading time":"2 minutes"},"schema":{"@context":"https:\/\/schema.org","@graph":[{"@type":"WebSite","@id":"https:\/\/www.visit-ulcinj.com\/blog\/#website","url":"https:\/\/www.visit-ulcinj.com\/blog\/","name":"Lajme nga Ulqini","description":"Lajme,Vijesti,Ulqini,Ulqin,Crna Gora,Mali i Zi","potentialAction":[{"@type":"SearchAction","target":{"@type":"EntryPoint","urlTemplate":"https:\/\/www.visit-ulcinj.com\/blog\/?s={search_term_string}"},"query-input":"required name=search_term_string"}],"inLanguage":"en-US"},{"@type":"ImageObject","inLanguage":"en-US","@id":"https:\/\/www.visit-ulcinj.com\/blog\/2011\/07\/21\/hajdinaga-ne-aksion-per-largimin-e-dilereve-nga-rruget-e-qytetit-te-ulqinit\/#primaryimage","url":"http:\/\/www.visit-ulcinj.com\/blog\/wp-content\/uploads\/2011\/07\/Dilerat-e-turistave-n%C3%AB-Ulqin.jpg","contentUrl":"http:\/\/www.visit-ulcinj.com\/blog\/wp-content\/uploads\/2011\/07\/Dilerat-e-turistave-n%C3%AB-Ulqin.jpg"},{"@type":"WebPage","@id":"https:\/\/www.visit-ulcinj.com\/blog\/2011\/07\/21\/hajdinaga-ne-aksion-per-largimin-e-dilereve-nga-rruget-e-qytetit-te-ulqinit\/#webpage","url":"https:\/\/www.visit-ulcinj.com\/blog\/2011\/07\/21\/hajdinaga-ne-aksion-per-largimin-e-dilereve-nga-rruget-e-qytetit-te-ulqinit\/","name":"Hajdinaga n\u00eb aksion p\u00ebr largimin e diler\u00ebve nga rrug\u00ebt e qytetit t\u00eb Ulqinit - Lajme nga Ulqini","isPartOf":{"@id":"https:\/\/www.visit-ulcinj.com\/blog\/#website"},"primaryImageOfPage":{"@id":"https:\/\/www.visit-ulcinj.com\/blog\/2011\/07\/21\/hajdinaga-ne-aksion-per-largimin-e-dilereve-nga-rruget-e-qytetit-te-ulqinit\/#primaryimage"},"datePublished":"2011-07-21T20:36:10+00:00","dateModified":"2011-07-22T18:59:59+00:00","author":{"@id":"https:\/\/www.visit-ulcinj.com\/blog\/#\/schema\/person\/dcab619c614d3038751c63bc2aadc06d"},"description":"Kryetari i Komun\u00ebs s\u00eb Ulqinit, G\u00ebzim Hajdinaga deklaroi dit\u00ebn e enjte se q\u00eb nga dita e sotme jan\u00eb hedhur n\u00eb aksion p\u00ebr largimin e diler\u00ebve nga rrug\u00ebt e","breadcrumb":{"@id":"https:\/\/www.visit-ulcinj.com\/blog\/2011\/07\/21\/hajdinaga-ne-aksion-per-largimin-e-dilereve-nga-rruget-e-qytetit-te-ulqinit\/#breadcrumb"},"inLanguage":"en-US","potentialAction":[{"@type":"ReadAction","target":["https:\/\/www.visit-ulcinj.com\/blog\/2011\/07\/21\/hajdinaga-ne-aksion-per-largimin-e-dilereve-nga-rruget-e-qytetit-te-ulqinit\/"]}]},{"@type":"BreadcrumbList","@id":"https:\/\/www.visit-ulcinj.com\/blog\/2011\/07\/21\/hajdinaga-ne-aksion-per-largimin-e-dilereve-nga-rruget-e-qytetit-te-ulqinit\/#breadcrumb","itemListElement":[{"@type":"ListItem","position":1,"name":"Hajdinaga n\u00eb aksion p\u00ebr largimin e diler\u00ebve nga rrug\u00ebt e qytetit t\u00eb Ulqinit"}]},{"@type":"Person","@id":"https:\/\/www.visit-ulcinj.com\/blog\/#\/schema\/person\/dcab619c614d3038751c63bc2aadc06d","name":"ulqini","sameAs":["http:\/\/www.visit-ulcinj.com"],"url":"https:\/\/www.visit-ulcinj.com\/blog\/author\/admin\/"}]}},"jetpack_featured_media_url":"","jetpack_sharing_enabled":true,"jetpack_shortlink":"https:\/\/wp.me\/pe6lTn-cPJ","_links":{"self":[{"href":"https:\/\/www.visit-ulcinj.com\/blog\/wp-json\/wp\/v2\/posts\/49335"}],"collection":[{"href":"https:\/\/www.visit-ulcinj.com\/blog\/wp-json\/wp\/v2\/posts"}],"about":[{"href":"https:\/\/www.visit-ulcinj.com\/blog\/wp-json\/wp\/v2\/types\/post"}],"author":[{"embeddable":true,"href":"https:\/\/www.visit-ulcinj.com\/blog\/wp-json\/wp\/v2\/users\/1"}],"replies":[{"embeddable":true,"href":"https:\/\/www.visit-ulcinj.com\/blog\/wp-json\/wp\/v2\/comments?post=49335"}],"version-history":[{"count":3,"href":"https:\/\/www.visit-ulcinj.com\/blog\/wp-json\/wp\/v2\/posts\/49335\/revisions"}],"predecessor-version":[{"id":49428,"href":"https:\/\/www.visit-ulcinj.com\/blog\/wp-json\/wp\/v2\/posts\/49335\/revisions\/49428"}],"wp:attachment":[{"href":"https:\/\/www.visit-ulcinj.com\/blog\/wp-json\/wp\/v2\/media?parent=49335"}],"wp:term":[{"taxonomy":"category","embeddable":true,"href":"https:\/\/www.visit-ulcinj.com\/blog\/wp-json\/wp\/v2\/categories?post=49335"},{"taxonomy":"post_tag","embeddable":true,"href":"https:\/\/www.visit-ulcinj.com\/blog\/wp-json\/wp\/v2\/tags?post=49335"}],"curies":[{"name":"wp","href":"https:\/\/api.w.org\/{rel}","templated":true}]}}