{"id":49389,"date":"2011-07-22T16:27:32","date_gmt":"2011-07-22T15:27:32","guid":{"rendered":"http:\/\/www.visit-ulcinj.com\/blog\/?p=49389"},"modified":"2011-07-22T16:27:32","modified_gmt":"2011-07-22T15:27:32","slug":"beatrix-ramosaj-po-pres-nje-oferte-te-mire","status":"publish","type":"post","link":"https:\/\/www.visit-ulcinj.com\/blog\/2011\/07\/22\/beatrix-ramosaj-po-pres-nje-oferte-te-mire\/","title":{"rendered":"Beatrix Ramosaj: Po pres nj\u00eb ofert\u00eb t\u00eb mir\u00eb!"},"content":{"rendered":"<p><strong><a href=\"http:\/\/www.visit-ulcinj.com\/blog\/wp-content\/uploads\/2011\/07\/Beatrix-Ramosaj.3.jpg\"><img loading=\"lazy\" class=\"alignleft size-full wp-image-49390\" title=\"Beatrix Ramosaj.3\" src=\"http:\/\/www.visit-ulcinj.com\/blog\/wp-content\/uploads\/2011\/07\/Beatrix-Ramosaj.3.jpg\" alt=\"\" width=\"508\" height=\"380\" \/><\/a>Intervist\u00eb me Beatrix Ramosaj, k\u00ebng\u00ebtare<\/strong><\/p>\n<p><strong>Intervistoi: Dafina Xhemaj<br \/>\n<\/strong><\/p>\n<p>E re n\u00eb mosh\u00eb, por e suksesshme, Beatrix Ramosaj, k\u00ebng\u00ebtare nga Tirana, synon t\u00eb arrij\u00eb sukses nd\u00ebrkomb\u00ebtar. E, pra, k\u00ebng\u00ebtarja e suksesshme, e mir\u00ebnjohur me hitet e saj t\u00eb muzik\u00ebs s\u00eb leht\u00eb dhe e p\u00eblqyer po aq edhe p\u00ebr muzik\u00ebn n\u00eb p\u00ebrgjith\u00ebsi, Beatrix, flet p\u00ebr gazet\u00ebn \u201cBota sot\u201d, duke ndar\u00eb me ne nj\u00eb ver\u00eb me pun\u00eb, me koncerte t\u00eb shpeshta dhe nj\u00eb befasi p\u00ebr publikun q\u00eb patjet\u00ebr do t\u00eb ket\u00eb sukses.<\/p>\n<p>\u201cBota sot\u201d: A mund ta fillojm\u00eb bised\u00ebn p\u00ebr f\u00ebmij\u00ebrin\u00eb tuaj?<\/p>\n<p>Beatrix Ramosaj: Kam lindur ne Groningen t\u00eb Holandes, m\u00eb 9.6.1994, kam jetuar atje p\u00ebr rreth 3 vjet, kam jetuar edhe n\u00eb Gjermani, 8 vitet e para t\u00eb shkoll\u00ebs i kam kryer n\u00eb Kosov\u00eb, aktualisht jetoj n\u00eb Tiran\u00eb.<\/p>\n<p>\u201cBota sot\u201d: Cili do t\u00eb jet\u00eb projekti muzikor i radh\u00ebs? Edhe pse tani keni dal\u00eb me projekt t\u00eb ri, kur mund t\u00eb presin \u201cfansat\u201d tuaj edhe di\u00e7ka tjet\u00ebr?<\/p>\n<p>Beatrix Ramosaj: Do t\u2019ju befasoj te \u201cK\u00ebnga Magjike 2011\u201d.<\/p>\n<p>\u201cBota sot\u201d: Cila ka qen\u00eb trokitja juaj e par\u00eb n\u00eb bot\u00ebn e artit?<\/p>\n<p>Beatrix Ramosaj: Hera e par\u00eb e daljes sime n\u00eb sken\u00eb ka qen\u00eb n\u00eb mosh\u00ebn 6-vje\u00e7are, n\u00eb nj\u00eb shfaqje ku u paraqita si k\u00ebrcimtare.<\/p>\n<p>\u201cBota sot\u201d: A mund t\u00eb na tregoni di\u00e7ka lidhur me karrier\u00ebn tuaj, sa pritni q\u00eb t\u00eb arrini n\u00eb karrier\u00eb meq\u00eb jeni e re ?<\/p>\n<p>Beatrix Ramosaj: Brenda mund\u00ebsive t\u00eb mia kam arritur shum\u00eb deri m\u00eb sot, por si gjith\u00eb t\u00eb tjer\u00ebt sigurisht q\u00eb nj\u00eb sukses nd\u00ebrkomb\u00ebtar do t\u00eb ishte madh\u00ebshtor.<\/p>\n<p><a href=\"http:\/\/www.visit-ulcinj.com\/blog\/wp-content\/uploads\/2011\/07\/Beatrix-Ramosaj.2.jpg\"><img loading=\"lazy\" class=\"alignleft size-full wp-image-49391\" title=\"Beatrix Ramosaj.2\" src=\"http:\/\/www.visit-ulcinj.com\/blog\/wp-content\/uploads\/2011\/07\/Beatrix-Ramosaj.2.jpg\" alt=\"\" width=\"508\" height=\"330\" \/><\/a><\/p>\n<p>\u201cBota sot\u201d: Si e shihni t\u00eb ardhmen tuaj?<\/p>\n<p>Beatrix Ramosaj: Besoj dhe shpresoj t\u00eb jet\u00eb e suksesshme dhe gjithmon\u00eb t\u00eb ngjitem sa m\u00eb lart n\u00eb art.<\/p>\n<p>\u201cBota sot\u201d: Sa e kishit t\u00eb v\u00ebshtir\u00eb ta gjeni vet\u00ebn n\u00eb tregun muzikor, q\u00eb ju mund\u00ebsua pas hapjes s\u00eb dyerve?<\/p>\n<p>Beatrix Ramosaj: Sigurisht q\u00eb ka qen\u00eb e v\u00ebshtir\u00eb, por me ndihm\u00ebn e mamit m\u00eb \u00ebsht\u00eb dukur fare e leht\u00eb.<\/p>\n<p>\u201cBota sot\u201d: \u00cbsht\u00eb p\u00ebrfolur mjaft shpesh p\u00ebr mund\u00ebsin\u00eb e bashk\u00ebpunimit me k\u00ebng\u00ebtar\u00eb t\u00eb tjer\u00eb nga ana juaj. Sa e preferoni bashk\u00ebpunimin dhe a mund t\u00eb presim n\u00eb t\u00eb ardhmen e af\u00ebrt di\u00e7ka t\u00eb till\u00eb?<\/p>\n<p>Beatrix Ramosaj: P\u00ebrgjith\u00ebsisht synimi im \u00ebsht\u00eb q\u00eb t\u00eb arrij gjith\u00e7ka vet\u00eb, por nj\u00eb bashk\u00ebpunim me nj\u00eb k\u00ebng\u00ebtar-e t\u00eb famsh\u00ebm dhe t\u00eb talentuar do t\u00eb ishte DI\u00c7KA.<br \/>\n<a href=\"http:\/\/www.visit-ulcinj.com\/blog\/wp-content\/uploads\/2011\/07\/Beatrix-Ramosaj.jpg\"><img loading=\"lazy\" class=\"alignleft size-full wp-image-49392\" title=\"Beatrix Ramosaj\" src=\"http:\/\/www.visit-ulcinj.com\/blog\/wp-content\/uploads\/2011\/07\/Beatrix-Ramosaj.jpg\" alt=\"\" width=\"508\" height=\"620\" \/><\/a><\/p>\n<p>\u201cBota sot\u201d: Sa keni pasur p\u00ebrkrahjen mediale, qoft\u00eb n\u00eb transmetim t\u00eb video-klipeve tuaja, po ashtu me intervista dhe ftesa p\u00ebr paraqitje t\u00eb tjera publike ?<\/p>\n<p>Beatrix Ramosaj: I fal\u00ebnderoj shum\u00eb mediet dhe televizionet q\u00eb m\u00eb kan\u00eb p\u00ebrkrahur m\u00eb shum\u00eb nga \u00e7&#8217;e prisja. Ftesa kam pasur goxha, madje me e fundit \u00ebsht\u00eb n\u00eb Mal t\u00eb Zi n\u00eb, dat\u00eb 23 e 24 korrik n\u00eb \u201cClub Ibiza\u201d. Ju mir\u00ebpres.<\/p>\n<p>\u201cBota sot\u201d: A mund t\u00eb na tregoni m\u00ebnyr\u00ebn tuaj aq t\u00eb suksesshme q\u00eb keni p\u00ebrdorur t\u00eb futeni edhe n\u00eb tregun muzikor n\u00eb Kosov\u00eb?<\/p>\n<p>Beatrix Ramosaj: Miq\u00ebsia e mir\u00eb me artist\u00ebt n\u00eb Kosov\u00eb m\u00eb ka b\u00ebr\u00eb kaq t\u00eb suksesshme, si\u00e7 e thoni edhe ju. \u00c7\u2019\u00ebsht\u00eb e v\u00ebrteta nuk kam qen\u00eb e pranishme n\u00eb publikun kosovar, pasi kam qen\u00eb shum\u00eb e angazhuar me arsimimin tim, por n\u00eb t\u00eb ardhmen do t\u00eb mundohem t&#8217;u p\u00ebrgjigjem t\u00eb gjitha ftesave nga shteti yn\u00eb i Kosov\u00ebs.<br \/>\n<a href=\"http:\/\/www.visit-ulcinj.com\/blog\/wp-content\/uploads\/2011\/07\/Beatrix-Ramosaj.1.jpg\"><img loading=\"lazy\" class=\"alignleft size-full wp-image-49393\" title=\"Beatrix Ramosaj.1\" src=\"http:\/\/www.visit-ulcinj.com\/blog\/wp-content\/uploads\/2011\/07\/Beatrix-Ramosaj.1.jpg\" alt=\"\" width=\"720\" height=\"479\" \/><\/a><\/p>\n<p>\u201cBota sot\u201d: Si e shihni vet\u00ebn n\u00eb t\u00eb ardhmen, si k\u00ebng\u00ebtare apo di\u00e7ka tjet\u00ebr?<\/p>\n<p>Beatrix Ramosaj: Gjithmon\u00eb kam dashur t\u00eb b\u00ebhem artiste n\u00eb kuptimin e plot\u00eb t\u00eb fjal\u00ebs, pra t\u00eb kem bazament dhe p\u00ebr aktrim, p\u00ebr regji, p\u00ebr muzik\u00eb dhe p\u00ebr k\u00ebrcim. Por veten ende e shoh si k\u00ebng\u00ebtare e muzik\u00ebs klasike dhe e muzik\u00ebs s\u00eb leht\u00eb.<\/p>\n<p>\u201cBota sot\u201d: \u00c7far\u00eb do t\u00eb shtoni p\u00ebr fund, di\u00e7ka q\u00eb ndoshta pa dashje harruam t\u2019ju pyesim?<\/p>\n<p>Beatrix Ramosaj: Kam d\u00ebshir\u00eb t\u00eb ndaj me ju nj\u00eb sekret t\u00eb vog\u00ebl. B\u00ebhet fjal\u00eb p\u00ebr v\u00ebllan\u00eb tim, Albanin, i cili gjithashtu \u00ebsht\u00eb i talentuar n\u00eb bot\u00ebn e artit. Do t\u2019ju befasojm\u00eb me nj\u00eb duet s\u00eb shpejti, pasi po b\u00ebj gjith\u00e7ka p\u00ebr ta ndihmuar n\u00eb angazhimet e arsimimit muzikor. Ju fal\u00ebnderoj p\u00ebr intervist\u00ebn dhe t\u00eb gjith\u00eb juve qe m\u00eb keni kushtuar v\u00ebmendje. `Love Beatrix!<\/p>\n<!--YouTube Error: bad URL entered-->\n","protected":false},"excerpt":{"rendered":"<p>Intervist\u00eb me Beatrix Ramosaj, k\u00ebng\u00ebtare Intervistoi: Dafina Xhemaj E re n\u00eb mosh\u00eb, por e suksesshme, Beatrix Ramosaj, k\u00ebng\u00ebtare nga Tirana, synon t\u00eb arrij\u00eb sukses nd\u00ebrkomb\u00ebtar. E, pra, k\u00ebng\u00ebtarja e suksesshme, e mir\u00ebnjohur me hitet e saj t\u00eb muzik\u00ebs s\u00eb leht\u00eb dhe e p\u00eblqyer po aq edhe p\u00ebr muzik\u00ebn n\u00eb p\u00ebrgjith\u00ebsi, Beatrix, flet p\u00ebr gazet\u00ebn \u201cBota [&hellip;]<\/p>\n","protected":false},"author":1,"featured_media":0,"comment_status":"open","ping_status":"closed","sticky":false,"template":"","format":"standard","meta":{"spay_email":"","jetpack_publicize_message":"","jetpack_is_tweetstorm":false,"jetpack_publicize_feature_enabled":true},"categories":[1],"tags":[16609],"jetpack_publicize_connections":[],"yoast_head":"<!-- This site is optimized with the Yoast SEO plugin v19.1 - https:\/\/yoast.com\/wordpress\/plugins\/seo\/ -->\n<title>Beatrix Ramosaj: Po pres nj\u00eb ofert\u00eb t\u00eb mir\u00eb! - Lajme nga Ulqini<\/title>\n<meta name=\"description\" content=\"Intervist\u00eb me Beatrix Ramosaj, k\u00ebng\u00ebtare Intervistoi: Dafina Xhemaj E re n\u00eb mosh\u00eb, por e suksesshme, Beatrix Ramosaj, k\u00ebng\u00ebtare nga Tirana, synon t\u00eb\" \/>\n<meta name=\"robots\" content=\"index, follow, max-snippet:-1, max-image-preview:large, max-video-preview:-1\" \/>\n<link rel=\"canonical\" href=\"https:\/\/www.visit-ulcinj.com\/blog\/2011\/07\/22\/beatrix-ramosaj-po-pres-nje-oferte-te-mire\/\" \/>\n<meta property=\"og:locale\" content=\"en_US\" \/>\n<meta property=\"og:type\" content=\"article\" \/>\n<meta property=\"og:title\" content=\"Beatrix Ramosaj: Po pres nj\u00eb ofert\u00eb t\u00eb mir\u00eb! - Lajme nga Ulqini\" \/>\n<meta property=\"og:description\" content=\"Intervist\u00eb me Beatrix Ramosaj, k\u00ebng\u00ebtare Intervistoi: Dafina Xhemaj E re n\u00eb mosh\u00eb, por e suksesshme, Beatrix Ramosaj, k\u00ebng\u00ebtare nga Tirana, synon t\u00eb\" \/>\n<meta property=\"og:url\" content=\"https:\/\/www.visit-ulcinj.com\/blog\/2011\/07\/22\/beatrix-ramosaj-po-pres-nje-oferte-te-mire\/\" \/>\n<meta property=\"og:site_name\" content=\"Lajme nga Ulqini\" \/>\n<meta property=\"article:published_time\" content=\"2011-07-22T15:27:32+00:00\" \/>\n<meta property=\"og:image\" content=\"http:\/\/www.visit-ulcinj.com\/blog\/wp-content\/uploads\/2011\/07\/Beatrix-Ramosaj.3.jpg\" \/>\n<meta name=\"twitter:label1\" content=\"Written by\" \/>\n\t<meta name=\"twitter:data1\" content=\"ulqini\" \/>\n\t<meta name=\"twitter:label2\" content=\"Est. reading time\" \/>\n\t<meta name=\"twitter:data2\" content=\"4 minutes\" \/>\n<script type=\"application\/ld+json\" class=\"yoast-schema-graph\">{\"@context\":\"https:\/\/schema.org\",\"@graph\":[{\"@type\":\"WebSite\",\"@id\":\"https:\/\/www.visit-ulcinj.com\/blog\/#website\",\"url\":\"https:\/\/www.visit-ulcinj.com\/blog\/\",\"name\":\"Lajme nga Ulqini\",\"description\":\"Lajme,Vijesti,Ulqini,Ulqin,Crna Gora,Mali i Zi\",\"potentialAction\":[{\"@type\":\"SearchAction\",\"target\":{\"@type\":\"EntryPoint\",\"urlTemplate\":\"https:\/\/www.visit-ulcinj.com\/blog\/?s={search_term_string}\"},\"query-input\":\"required name=search_term_string\"}],\"inLanguage\":\"en-US\"},{\"@type\":\"ImageObject\",\"inLanguage\":\"en-US\",\"@id\":\"https:\/\/www.visit-ulcinj.com\/blog\/2011\/07\/22\/beatrix-ramosaj-po-pres-nje-oferte-te-mire\/#primaryimage\",\"url\":\"http:\/\/www.visit-ulcinj.com\/blog\/wp-content\/uploads\/2011\/07\/Beatrix-Ramosaj.3.jpg\",\"contentUrl\":\"http:\/\/www.visit-ulcinj.com\/blog\/wp-content\/uploads\/2011\/07\/Beatrix-Ramosaj.3.jpg\"},{\"@type\":\"WebPage\",\"@id\":\"https:\/\/www.visit-ulcinj.com\/blog\/2011\/07\/22\/beatrix-ramosaj-po-pres-nje-oferte-te-mire\/#webpage\",\"url\":\"https:\/\/www.visit-ulcinj.com\/blog\/2011\/07\/22\/beatrix-ramosaj-po-pres-nje-oferte-te-mire\/\",\"name\":\"Beatrix Ramosaj: Po pres nj\u00eb ofert\u00eb t\u00eb mir\u00eb! - Lajme nga Ulqini\",\"isPartOf\":{\"@id\":\"https:\/\/www.visit-ulcinj.com\/blog\/#website\"},\"primaryImageOfPage\":{\"@id\":\"https:\/\/www.visit-ulcinj.com\/blog\/2011\/07\/22\/beatrix-ramosaj-po-pres-nje-oferte-te-mire\/#primaryimage\"},\"datePublished\":\"2011-07-22T15:27:32+00:00\",\"dateModified\":\"2011-07-22T15:27:32+00:00\",\"author\":{\"@id\":\"https:\/\/www.visit-ulcinj.com\/blog\/#\/schema\/person\/dcab619c614d3038751c63bc2aadc06d\"},\"description\":\"Intervist\u00eb me Beatrix Ramosaj, k\u00ebng\u00ebtare Intervistoi: Dafina Xhemaj E re n\u00eb mosh\u00eb, por e suksesshme, Beatrix Ramosaj, k\u00ebng\u00ebtare nga Tirana, synon t\u00eb\",\"breadcrumb\":{\"@id\":\"https:\/\/www.visit-ulcinj.com\/blog\/2011\/07\/22\/beatrix-ramosaj-po-pres-nje-oferte-te-mire\/#breadcrumb\"},\"inLanguage\":\"en-US\",\"potentialAction\":[{\"@type\":\"ReadAction\",\"target\":[\"https:\/\/www.visit-ulcinj.com\/blog\/2011\/07\/22\/beatrix-ramosaj-po-pres-nje-oferte-te-mire\/\"]}]},{\"@type\":\"BreadcrumbList\",\"@id\":\"https:\/\/www.visit-ulcinj.com\/blog\/2011\/07\/22\/beatrix-ramosaj-po-pres-nje-oferte-te-mire\/#breadcrumb\",\"itemListElement\":[{\"@type\":\"ListItem\",\"position\":1,\"name\":\"Beatrix Ramosaj: Po pres nj\u00eb ofert\u00eb t\u00eb mir\u00eb!\"}]},{\"@type\":\"Person\",\"@id\":\"https:\/\/www.visit-ulcinj.com\/blog\/#\/schema\/person\/dcab619c614d3038751c63bc2aadc06d\",\"name\":\"ulqini\",\"sameAs\":[\"http:\/\/www.visit-ulcinj.com\"],\"url\":\"https:\/\/www.visit-ulcinj.com\/blog\/author\/admin\/\"}]}<\/script>\n<!-- \/ Yoast SEO plugin. -->","yoast_head_json":{"title":"Beatrix Ramosaj: Po pres nj\u00eb ofert\u00eb t\u00eb mir\u00eb! - Lajme nga Ulqini","description":"Intervist\u00eb me Beatrix Ramosaj, k\u00ebng\u00ebtare Intervistoi: Dafina Xhemaj E re n\u00eb mosh\u00eb, por e suksesshme, Beatrix Ramosaj, k\u00ebng\u00ebtare nga Tirana, synon t\u00eb","robots":{"index":"index","follow":"follow","max-snippet":"max-snippet:-1","max-image-preview":"max-image-preview:large","max-video-preview":"max-video-preview:-1"},"canonical":"https:\/\/www.visit-ulcinj.com\/blog\/2011\/07\/22\/beatrix-ramosaj-po-pres-nje-oferte-te-mire\/","og_locale":"en_US","og_type":"article","og_title":"Beatrix Ramosaj: Po pres nj\u00eb ofert\u00eb t\u00eb mir\u00eb! - Lajme nga Ulqini","og_description":"Intervist\u00eb me Beatrix Ramosaj, k\u00ebng\u00ebtare Intervistoi: Dafina Xhemaj E re n\u00eb mosh\u00eb, por e suksesshme, Beatrix Ramosaj, k\u00ebng\u00ebtare nga Tirana, synon t\u00eb","og_url":"https:\/\/www.visit-ulcinj.com\/blog\/2011\/07\/22\/beatrix-ramosaj-po-pres-nje-oferte-te-mire\/","og_site_name":"Lajme nga Ulqini","article_published_time":"2011-07-22T15:27:32+00:00","og_image":[{"url":"http:\/\/www.visit-ulcinj.com\/blog\/wp-content\/uploads\/2011\/07\/Beatrix-Ramosaj.3.jpg"}],"twitter_misc":{"Written by":"ulqini","Est. reading time":"4 minutes"},"schema":{"@context":"https:\/\/schema.org","@graph":[{"@type":"WebSite","@id":"https:\/\/www.visit-ulcinj.com\/blog\/#website","url":"https:\/\/www.visit-ulcinj.com\/blog\/","name":"Lajme nga Ulqini","description":"Lajme,Vijesti,Ulqini,Ulqin,Crna Gora,Mali i Zi","potentialAction":[{"@type":"SearchAction","target":{"@type":"EntryPoint","urlTemplate":"https:\/\/www.visit-ulcinj.com\/blog\/?s={search_term_string}"},"query-input":"required name=search_term_string"}],"inLanguage":"en-US"},{"@type":"ImageObject","inLanguage":"en-US","@id":"https:\/\/www.visit-ulcinj.com\/blog\/2011\/07\/22\/beatrix-ramosaj-po-pres-nje-oferte-te-mire\/#primaryimage","url":"http:\/\/www.visit-ulcinj.com\/blog\/wp-content\/uploads\/2011\/07\/Beatrix-Ramosaj.3.jpg","contentUrl":"http:\/\/www.visit-ulcinj.com\/blog\/wp-content\/uploads\/2011\/07\/Beatrix-Ramosaj.3.jpg"},{"@type":"WebPage","@id":"https:\/\/www.visit-ulcinj.com\/blog\/2011\/07\/22\/beatrix-ramosaj-po-pres-nje-oferte-te-mire\/#webpage","url":"https:\/\/www.visit-ulcinj.com\/blog\/2011\/07\/22\/beatrix-ramosaj-po-pres-nje-oferte-te-mire\/","name":"Beatrix Ramosaj: Po pres nj\u00eb ofert\u00eb t\u00eb mir\u00eb! - Lajme nga Ulqini","isPartOf":{"@id":"https:\/\/www.visit-ulcinj.com\/blog\/#website"},"primaryImageOfPage":{"@id":"https:\/\/www.visit-ulcinj.com\/blog\/2011\/07\/22\/beatrix-ramosaj-po-pres-nje-oferte-te-mire\/#primaryimage"},"datePublished":"2011-07-22T15:27:32+00:00","dateModified":"2011-07-22T15:27:32+00:00","author":{"@id":"https:\/\/www.visit-ulcinj.com\/blog\/#\/schema\/person\/dcab619c614d3038751c63bc2aadc06d"},"description":"Intervist\u00eb me Beatrix Ramosaj, k\u00ebng\u00ebtare Intervistoi: Dafina Xhemaj E re n\u00eb mosh\u00eb, por e suksesshme, Beatrix Ramosaj, k\u00ebng\u00ebtare nga Tirana, synon t\u00eb","breadcrumb":{"@id":"https:\/\/www.visit-ulcinj.com\/blog\/2011\/07\/22\/beatrix-ramosaj-po-pres-nje-oferte-te-mire\/#breadcrumb"},"inLanguage":"en-US","potentialAction":[{"@type":"ReadAction","target":["https:\/\/www.visit-ulcinj.com\/blog\/2011\/07\/22\/beatrix-ramosaj-po-pres-nje-oferte-te-mire\/"]}]},{"@type":"BreadcrumbList","@id":"https:\/\/www.visit-ulcinj.com\/blog\/2011\/07\/22\/beatrix-ramosaj-po-pres-nje-oferte-te-mire\/#breadcrumb","itemListElement":[{"@type":"ListItem","position":1,"name":"Beatrix Ramosaj: Po pres nj\u00eb ofert\u00eb t\u00eb mir\u00eb!"}]},{"@type":"Person","@id":"https:\/\/www.visit-ulcinj.com\/blog\/#\/schema\/person\/dcab619c614d3038751c63bc2aadc06d","name":"ulqini","sameAs":["http:\/\/www.visit-ulcinj.com"],"url":"https:\/\/www.visit-ulcinj.com\/blog\/author\/admin\/"}]}},"jetpack_featured_media_url":"","jetpack_sharing_enabled":true,"jetpack_shortlink":"https:\/\/wp.me\/pe6lTn-cQB","_links":{"self":[{"href":"https:\/\/www.visit-ulcinj.com\/blog\/wp-json\/wp\/v2\/posts\/49389"}],"collection":[{"href":"https:\/\/www.visit-ulcinj.com\/blog\/wp-json\/wp\/v2\/posts"}],"about":[{"href":"https:\/\/www.visit-ulcinj.com\/blog\/wp-json\/wp\/v2\/types\/post"}],"author":[{"embeddable":true,"href":"https:\/\/www.visit-ulcinj.com\/blog\/wp-json\/wp\/v2\/users\/1"}],"replies":[{"embeddable":true,"href":"https:\/\/www.visit-ulcinj.com\/blog\/wp-json\/wp\/v2\/comments?post=49389"}],"version-history":[{"count":1,"href":"https:\/\/www.visit-ulcinj.com\/blog\/wp-json\/wp\/v2\/posts\/49389\/revisions"}],"predecessor-version":[{"id":49394,"href":"https:\/\/www.visit-ulcinj.com\/blog\/wp-json\/wp\/v2\/posts\/49389\/revisions\/49394"}],"wp:attachment":[{"href":"https:\/\/www.visit-ulcinj.com\/blog\/wp-json\/wp\/v2\/media?parent=49389"}],"wp:term":[{"taxonomy":"category","embeddable":true,"href":"https:\/\/www.visit-ulcinj.com\/blog\/wp-json\/wp\/v2\/categories?post=49389"},{"taxonomy":"post_tag","embeddable":true,"href":"https:\/\/www.visit-ulcinj.com\/blog\/wp-json\/wp\/v2\/tags?post=49389"}],"curies":[{"name":"wp","href":"https:\/\/api.w.org\/{rel}","templated":true}]}}