{"id":49395,"date":"2011-07-22T16:45:01","date_gmt":"2011-07-22T15:45:01","guid":{"rendered":"http:\/\/www.visit-ulcinj.com\/blog\/?p=49395"},"modified":"2011-07-22T16:47:14","modified_gmt":"2011-07-22T15:47:14","slug":"genta-fansat-me-propozuan-martese-pas-kenges-guximi","status":"publish","type":"post","link":"https:\/\/www.visit-ulcinj.com\/blog\/2011\/07\/22\/genta-fansat-me-propozuan-martese-pas-kenges-guximi\/","title":{"rendered":"Genta: Fansat m\u00eb propozuan martes\u00eb pas k\u00ebng\u00ebs \u201cGuximi\u201d"},"content":{"rendered":"<p><a href=\"http:\/\/www.visit-ulcinj.com\/blog\/wp-content\/uploads\/2011\/07\/Genta-Ismajli_Guximi.jpg\"><img loading=\"lazy\" class=\"alignleft size-full wp-image-49396\" title=\"Genta Ismajli_Guximi\" src=\"http:\/\/www.visit-ulcinj.com\/blog\/wp-content\/uploads\/2011\/07\/Genta-Ismajli_Guximi.jpg\" alt=\"\" width=\"508\" height=\"380\" \/><\/a>Autorja e hitit \u201cGuximi\u201d, nj\u00eb prej k\u00ebng\u00ebve m\u00eb t\u00eb preferuara t\u00eb ver\u00ebs 2011, Genta Ismajli, \u00ebsht\u00eb nj\u00eb k\u00ebng\u00ebtare q\u00eb edhe pse preferohet nga shum\u00eb meshkuj, \u00e7udit\u00ebrisht ka ende statusin \u201csingle\u201d.<br \/>\n\u201cShum\u00eb fansa m\u00eb kan\u00eb shprehur dashurin\u00eb, nuk di t\u00eb them n\u00ebse ka qen\u00eb \u201cdashuri-dashuri\u201d apo dashuri q\u00eb lidhet me muzik\u00ebn q\u00eb un\u00eb b\u00ebj. Kam marr\u00eb propozime nga m\u00eb t\u00eb ndryshmet dhe t\u00eb \u00e7uditshmet n\u00eb fakt, si p.sh., \u201cGenta, do vdes n\u00ebse nuk do t\u00eb takoj\u201d, \u201cGenta, do vdes n\u00ebse nuk do t\u00eb jesh ti gruaja ime n\u00eb t\u00eb ardhmen\u201d etj. (Qesh), \u201d\u2026 \u00ebsht\u00eb shprehur k\u00ebng\u00ebtarja.<br \/>\nN\u00eb fakt, gjysm\u00eb me shaka, ajo ka th\u00ebn\u00eb se p\u00ebrmes k\u00ebng\u00ebs s\u00eb saj m\u00eb t\u00eb fundit, \u201cGuximi\u201d, t\u00eb realizuar n\u00eb bashk\u00ebpunim me Dj DaLool u b\u00ebn \u201cthirrje\u201d djemve q\u00eb t\u2019i afrohen e t\u00eb mos ken\u00eb ndrojtje prej saj, edhe pse \u00ebsht\u00eb nj\u00eb personazh publik shum\u00eb i njohur.<\/p>\n<p><strong>Lajmi Fundit<\/strong><\/p>\n<!--YouTube Error: bad URL entered-->\n","protected":false},"excerpt":{"rendered":"<p>Autorja e hitit \u201cGuximi\u201d, nj\u00eb prej k\u00ebng\u00ebve m\u00eb t\u00eb preferuara t\u00eb ver\u00ebs 2011, Genta Ismajli, \u00ebsht\u00eb nj\u00eb k\u00ebng\u00ebtare q\u00eb edhe pse preferohet nga shum\u00eb meshkuj, \u00e7udit\u00ebrisht ka ende statusin \u201csingle\u201d. \u201cShum\u00eb fansa m\u00eb kan\u00eb shprehur dashurin\u00eb, nuk di t\u00eb them n\u00ebse ka qen\u00eb \u201cdashuri-dashuri\u201d apo dashuri q\u00eb lidhet me muzik\u00ebn q\u00eb un\u00eb b\u00ebj. Kam marr\u00eb [&hellip;]<\/p>\n","protected":false},"author":1,"featured_media":0,"comment_status":"open","ping_status":"closed","sticky":false,"template":"","format":"standard","meta":{"spay_email":"","jetpack_publicize_message":"","jetpack_is_tweetstorm":false,"jetpack_publicize_feature_enabled":true},"categories":[1],"tags":[323,18746,18745,18744],"jetpack_publicize_connections":[],"yoast_head":"<!-- This site is optimized with the Yoast SEO plugin v19.1 - https:\/\/yoast.com\/wordpress\/plugins\/seo\/ -->\n<title>Genta: Fansat m\u00eb propozuan martes\u00eb pas k\u00ebng\u00ebs \u201cGuximi\u201d - Lajme nga Ulqini<\/title>\n<meta name=\"description\" content=\"Autorja e hitit \u201cGuximi\u201d, nj\u00eb prej k\u00ebng\u00ebve m\u00eb t\u00eb preferuara t\u00eb ver\u00ebs 2011, Genta Ismajli, \u00ebsht\u00eb nj\u00eb k\u00ebng\u00ebtare q\u00eb edhe pse preferohet nga shum\u00eb meshkuj,\" \/>\n<meta name=\"robots\" content=\"index, follow, max-snippet:-1, max-image-preview:large, max-video-preview:-1\" \/>\n<link rel=\"canonical\" href=\"https:\/\/www.visit-ulcinj.com\/blog\/2011\/07\/22\/genta-fansat-me-propozuan-martese-pas-kenges-guximi\/\" \/>\n<meta property=\"og:locale\" content=\"en_US\" \/>\n<meta property=\"og:type\" content=\"article\" \/>\n<meta property=\"og:title\" content=\"Genta: Fansat m\u00eb propozuan martes\u00eb pas k\u00ebng\u00ebs \u201cGuximi\u201d - Lajme nga Ulqini\" \/>\n<meta property=\"og:description\" content=\"Autorja e hitit \u201cGuximi\u201d, nj\u00eb prej k\u00ebng\u00ebve m\u00eb t\u00eb preferuara t\u00eb ver\u00ebs 2011, Genta Ismajli, \u00ebsht\u00eb nj\u00eb k\u00ebng\u00ebtare q\u00eb edhe pse preferohet nga shum\u00eb meshkuj,\" \/>\n<meta property=\"og:url\" content=\"https:\/\/www.visit-ulcinj.com\/blog\/2011\/07\/22\/genta-fansat-me-propozuan-martese-pas-kenges-guximi\/\" \/>\n<meta property=\"og:site_name\" content=\"Lajme nga Ulqini\" \/>\n<meta property=\"article:published_time\" content=\"2011-07-22T15:45:01+00:00\" \/>\n<meta property=\"article:modified_time\" content=\"2011-07-22T15:47:14+00:00\" \/>\n<meta property=\"og:image\" content=\"http:\/\/www.visit-ulcinj.com\/blog\/wp-content\/uploads\/2011\/07\/Genta-Ismajli_Guximi.jpg\" \/>\n<meta name=\"twitter:label1\" content=\"Written by\" \/>\n\t<meta name=\"twitter:data1\" content=\"ulqini\" \/>\n\t<meta name=\"twitter:label2\" content=\"Est. reading time\" \/>\n\t<meta name=\"twitter:data2\" content=\"1 minute\" \/>\n<script type=\"application\/ld+json\" class=\"yoast-schema-graph\">{\"@context\":\"https:\/\/schema.org\",\"@graph\":[{\"@type\":\"WebSite\",\"@id\":\"https:\/\/www.visit-ulcinj.com\/blog\/#website\",\"url\":\"https:\/\/www.visit-ulcinj.com\/blog\/\",\"name\":\"Lajme nga Ulqini\",\"description\":\"Lajme,Vijesti,Ulqini,Ulqin,Crna Gora,Mali i Zi\",\"potentialAction\":[{\"@type\":\"SearchAction\",\"target\":{\"@type\":\"EntryPoint\",\"urlTemplate\":\"https:\/\/www.visit-ulcinj.com\/blog\/?s={search_term_string}\"},\"query-input\":\"required name=search_term_string\"}],\"inLanguage\":\"en-US\"},{\"@type\":\"ImageObject\",\"inLanguage\":\"en-US\",\"@id\":\"https:\/\/www.visit-ulcinj.com\/blog\/2011\/07\/22\/genta-fansat-me-propozuan-martese-pas-kenges-guximi\/#primaryimage\",\"url\":\"http:\/\/www.visit-ulcinj.com\/blog\/wp-content\/uploads\/2011\/07\/Genta-Ismajli_Guximi.jpg\",\"contentUrl\":\"http:\/\/www.visit-ulcinj.com\/blog\/wp-content\/uploads\/2011\/07\/Genta-Ismajli_Guximi.jpg\"},{\"@type\":\"WebPage\",\"@id\":\"https:\/\/www.visit-ulcinj.com\/blog\/2011\/07\/22\/genta-fansat-me-propozuan-martese-pas-kenges-guximi\/#webpage\",\"url\":\"https:\/\/www.visit-ulcinj.com\/blog\/2011\/07\/22\/genta-fansat-me-propozuan-martese-pas-kenges-guximi\/\",\"name\":\"Genta: Fansat m\u00eb propozuan martes\u00eb pas k\u00ebng\u00ebs \u201cGuximi\u201d - Lajme nga Ulqini\",\"isPartOf\":{\"@id\":\"https:\/\/www.visit-ulcinj.com\/blog\/#website\"},\"primaryImageOfPage\":{\"@id\":\"https:\/\/www.visit-ulcinj.com\/blog\/2011\/07\/22\/genta-fansat-me-propozuan-martese-pas-kenges-guximi\/#primaryimage\"},\"datePublished\":\"2011-07-22T15:45:01+00:00\",\"dateModified\":\"2011-07-22T15:47:14+00:00\",\"author\":{\"@id\":\"https:\/\/www.visit-ulcinj.com\/blog\/#\/schema\/person\/dcab619c614d3038751c63bc2aadc06d\"},\"description\":\"Autorja e hitit \u201cGuximi\u201d, nj\u00eb prej k\u00ebng\u00ebve m\u00eb t\u00eb preferuara t\u00eb ver\u00ebs 2011, Genta Ismajli, \u00ebsht\u00eb nj\u00eb k\u00ebng\u00ebtare q\u00eb edhe pse preferohet nga shum\u00eb meshkuj,\",\"breadcrumb\":{\"@id\":\"https:\/\/www.visit-ulcinj.com\/blog\/2011\/07\/22\/genta-fansat-me-propozuan-martese-pas-kenges-guximi\/#breadcrumb\"},\"inLanguage\":\"en-US\",\"potentialAction\":[{\"@type\":\"ReadAction\",\"target\":[\"https:\/\/www.visit-ulcinj.com\/blog\/2011\/07\/22\/genta-fansat-me-propozuan-martese-pas-kenges-guximi\/\"]}]},{\"@type\":\"BreadcrumbList\",\"@id\":\"https:\/\/www.visit-ulcinj.com\/blog\/2011\/07\/22\/genta-fansat-me-propozuan-martese-pas-kenges-guximi\/#breadcrumb\",\"itemListElement\":[{\"@type\":\"ListItem\",\"position\":1,\"name\":\"Genta: Fansat m\u00eb propozuan martes\u00eb pas k\u00ebng\u00ebs \u201cGuximi\u201d\"}]},{\"@type\":\"Person\",\"@id\":\"https:\/\/www.visit-ulcinj.com\/blog\/#\/schema\/person\/dcab619c614d3038751c63bc2aadc06d\",\"name\":\"ulqini\",\"sameAs\":[\"http:\/\/www.visit-ulcinj.com\"],\"url\":\"https:\/\/www.visit-ulcinj.com\/blog\/author\/admin\/\"}]}<\/script>\n<!-- \/ Yoast SEO plugin. -->","yoast_head_json":{"title":"Genta: Fansat m\u00eb propozuan martes\u00eb pas k\u00ebng\u00ebs \u201cGuximi\u201d - Lajme nga Ulqini","description":"Autorja e hitit \u201cGuximi\u201d, nj\u00eb prej k\u00ebng\u00ebve m\u00eb t\u00eb preferuara t\u00eb ver\u00ebs 2011, Genta Ismajli, \u00ebsht\u00eb nj\u00eb k\u00ebng\u00ebtare q\u00eb edhe pse preferohet nga shum\u00eb meshkuj,","robots":{"index":"index","follow":"follow","max-snippet":"max-snippet:-1","max-image-preview":"max-image-preview:large","max-video-preview":"max-video-preview:-1"},"canonical":"https:\/\/www.visit-ulcinj.com\/blog\/2011\/07\/22\/genta-fansat-me-propozuan-martese-pas-kenges-guximi\/","og_locale":"en_US","og_type":"article","og_title":"Genta: Fansat m\u00eb propozuan martes\u00eb pas k\u00ebng\u00ebs \u201cGuximi\u201d - Lajme nga Ulqini","og_description":"Autorja e hitit \u201cGuximi\u201d, nj\u00eb prej k\u00ebng\u00ebve m\u00eb t\u00eb preferuara t\u00eb ver\u00ebs 2011, Genta Ismajli, \u00ebsht\u00eb nj\u00eb k\u00ebng\u00ebtare q\u00eb edhe pse preferohet nga shum\u00eb meshkuj,","og_url":"https:\/\/www.visit-ulcinj.com\/blog\/2011\/07\/22\/genta-fansat-me-propozuan-martese-pas-kenges-guximi\/","og_site_name":"Lajme nga Ulqini","article_published_time":"2011-07-22T15:45:01+00:00","article_modified_time":"2011-07-22T15:47:14+00:00","og_image":[{"url":"http:\/\/www.visit-ulcinj.com\/blog\/wp-content\/uploads\/2011\/07\/Genta-Ismajli_Guximi.jpg"}],"twitter_misc":{"Written by":"ulqini","Est. reading time":"1 minute"},"schema":{"@context":"https:\/\/schema.org","@graph":[{"@type":"WebSite","@id":"https:\/\/www.visit-ulcinj.com\/blog\/#website","url":"https:\/\/www.visit-ulcinj.com\/blog\/","name":"Lajme nga Ulqini","description":"Lajme,Vijesti,Ulqini,Ulqin,Crna Gora,Mali i Zi","potentialAction":[{"@type":"SearchAction","target":{"@type":"EntryPoint","urlTemplate":"https:\/\/www.visit-ulcinj.com\/blog\/?s={search_term_string}"},"query-input":"required name=search_term_string"}],"inLanguage":"en-US"},{"@type":"ImageObject","inLanguage":"en-US","@id":"https:\/\/www.visit-ulcinj.com\/blog\/2011\/07\/22\/genta-fansat-me-propozuan-martese-pas-kenges-guximi\/#primaryimage","url":"http:\/\/www.visit-ulcinj.com\/blog\/wp-content\/uploads\/2011\/07\/Genta-Ismajli_Guximi.jpg","contentUrl":"http:\/\/www.visit-ulcinj.com\/blog\/wp-content\/uploads\/2011\/07\/Genta-Ismajli_Guximi.jpg"},{"@type":"WebPage","@id":"https:\/\/www.visit-ulcinj.com\/blog\/2011\/07\/22\/genta-fansat-me-propozuan-martese-pas-kenges-guximi\/#webpage","url":"https:\/\/www.visit-ulcinj.com\/blog\/2011\/07\/22\/genta-fansat-me-propozuan-martese-pas-kenges-guximi\/","name":"Genta: Fansat m\u00eb propozuan martes\u00eb pas k\u00ebng\u00ebs \u201cGuximi\u201d - Lajme nga Ulqini","isPartOf":{"@id":"https:\/\/www.visit-ulcinj.com\/blog\/#website"},"primaryImageOfPage":{"@id":"https:\/\/www.visit-ulcinj.com\/blog\/2011\/07\/22\/genta-fansat-me-propozuan-martese-pas-kenges-guximi\/#primaryimage"},"datePublished":"2011-07-22T15:45:01+00:00","dateModified":"2011-07-22T15:47:14+00:00","author":{"@id":"https:\/\/www.visit-ulcinj.com\/blog\/#\/schema\/person\/dcab619c614d3038751c63bc2aadc06d"},"description":"Autorja e hitit \u201cGuximi\u201d, nj\u00eb prej k\u00ebng\u00ebve m\u00eb t\u00eb preferuara t\u00eb ver\u00ebs 2011, Genta Ismajli, \u00ebsht\u00eb nj\u00eb k\u00ebng\u00ebtare q\u00eb edhe pse preferohet nga shum\u00eb meshkuj,","breadcrumb":{"@id":"https:\/\/www.visit-ulcinj.com\/blog\/2011\/07\/22\/genta-fansat-me-propozuan-martese-pas-kenges-guximi\/#breadcrumb"},"inLanguage":"en-US","potentialAction":[{"@type":"ReadAction","target":["https:\/\/www.visit-ulcinj.com\/blog\/2011\/07\/22\/genta-fansat-me-propozuan-martese-pas-kenges-guximi\/"]}]},{"@type":"BreadcrumbList","@id":"https:\/\/www.visit-ulcinj.com\/blog\/2011\/07\/22\/genta-fansat-me-propozuan-martese-pas-kenges-guximi\/#breadcrumb","itemListElement":[{"@type":"ListItem","position":1,"name":"Genta: Fansat m\u00eb propozuan martes\u00eb pas k\u00ebng\u00ebs \u201cGuximi\u201d"}]},{"@type":"Person","@id":"https:\/\/www.visit-ulcinj.com\/blog\/#\/schema\/person\/dcab619c614d3038751c63bc2aadc06d","name":"ulqini","sameAs":["http:\/\/www.visit-ulcinj.com"],"url":"https:\/\/www.visit-ulcinj.com\/blog\/author\/admin\/"}]}},"jetpack_featured_media_url":"","jetpack_sharing_enabled":true,"jetpack_shortlink":"https:\/\/wp.me\/pe6lTn-cQH","_links":{"self":[{"href":"https:\/\/www.visit-ulcinj.com\/blog\/wp-json\/wp\/v2\/posts\/49395"}],"collection":[{"href":"https:\/\/www.visit-ulcinj.com\/blog\/wp-json\/wp\/v2\/posts"}],"about":[{"href":"https:\/\/www.visit-ulcinj.com\/blog\/wp-json\/wp\/v2\/types\/post"}],"author":[{"embeddable":true,"href":"https:\/\/www.visit-ulcinj.com\/blog\/wp-json\/wp\/v2\/users\/1"}],"replies":[{"embeddable":true,"href":"https:\/\/www.visit-ulcinj.com\/blog\/wp-json\/wp\/v2\/comments?post=49395"}],"version-history":[{"count":3,"href":"https:\/\/www.visit-ulcinj.com\/blog\/wp-json\/wp\/v2\/posts\/49395\/revisions"}],"predecessor-version":[{"id":49401,"href":"https:\/\/www.visit-ulcinj.com\/blog\/wp-json\/wp\/v2\/posts\/49395\/revisions\/49401"}],"wp:attachment":[{"href":"https:\/\/www.visit-ulcinj.com\/blog\/wp-json\/wp\/v2\/media?parent=49395"}],"wp:term":[{"taxonomy":"category","embeddable":true,"href":"https:\/\/www.visit-ulcinj.com\/blog\/wp-json\/wp\/v2\/categories?post=49395"},{"taxonomy":"post_tag","embeddable":true,"href":"https:\/\/www.visit-ulcinj.com\/blog\/wp-json\/wp\/v2\/tags?post=49395"}],"curies":[{"name":"wp","href":"https:\/\/api.w.org\/{rel}","templated":true}]}}