{"id":49416,"date":"2011-07-22T18:44:30","date_gmt":"2011-07-22T17:44:30","guid":{"rendered":"http:\/\/www.visit-ulcinj.com\/blog\/?p=49416"},"modified":"2011-07-22T18:44:30","modified_gmt":"2011-07-22T17:44:30","slug":"eliza-dushku-krenare-qe-jam-shqiptare","status":"publish","type":"post","link":"https:\/\/www.visit-ulcinj.com\/blog\/2011\/07\/22\/eliza-dushku-krenare-qe-jam-shqiptare\/","title":{"rendered":"Eliza Dushku: Krenare q\u00eb jam shqiptare"},"content":{"rendered":"<p><a href=\"http:\/\/www.visit-ulcinj.com\/blog\/wp-content\/uploads\/2011\/07\/Eliza-Dushku_Krenare-q%C3%AB-jam-shqiptare.jpg\"><img loading=\"lazy\" class=\"alignleft size-full wp-image-49417\" title=\"Eliza Dushku_Krenare q\u00eb jam shqiptare\" src=\"http:\/\/www.visit-ulcinj.com\/blog\/wp-content\/uploads\/2011\/07\/Eliza-Dushku_Krenare-q%C3%AB-jam-shqiptare.jpg\" alt=\"\" width=\"508\" height=\"380\" \/><\/a>Holliwood, 22 korrik \u2013 Aktorja e njohur shqiptare, Eliza Dushku p\u00ebrmend Shqip\u00ebrin\u00eb dhe Kosov\u00ebn sa her\u00eb i jepet rasti. Ajo tregon vazhdimisht q\u00eb \u00ebsht\u00eb shqiptare, me gjith\u00eb faktin se ka lindur n\u00eb SHBA.<\/p>\n<p><a href=\"http:\/\/www.visit-ulcinj.com\/blog\/wp-content\/uploads\/2011\/07\/eliza-dushku-tattoo.jpg\"><img loading=\"lazy\" class=\"alignleft size-medium wp-image-49418\" title=\"eliza-dushku-tattoo\" src=\"http:\/\/www.visit-ulcinj.com\/blog\/wp-content\/uploads\/2011\/07\/eliza-dushku-tattoo-225x300.jpg\" alt=\"\" width=\"225\" height=\"300\" \/><\/a><br \/>\n\u201cJam krenare q\u00eb jam shqiptare\u201d, ka shkruar ajo n\u00eb rrjetin shoq\u00ebror Twitter, teksa ka marr\u00eb mesazhe nga fansa shqiptar\u00eb, t\u00eb cil\u00ebt gjithashtu pohojn\u00eb q\u00eb krenohen me faktin se Eliza \u00ebsht\u00eb shqiptare.<br \/>\n\/indeksonline \/<\/p>\n<p>K\u00ebng\u00ebtarja nga Shqip\u00ebria, Bleona Qerreti, e cila \u00ebsht\u00eb ende e panjohur n\u00eb Amerik\u00eb, ku ka mb\u00ebrritur para disa vitesh, n\u00eb nj\u00ebfar\u00eb m\u00ebnyre mundohet t\u00eb fsheh\u00eb identitetin e saj shqiptar, mbase duke menduar se kjo do t\u2019i ndihmoj\u00eb karrier\u00ebs s\u00eb saj q\u00eb e synon. Ajo n\u00eb koh\u00eb t\u00eb fundit ka heshtur faktin se \u00ebsht\u00eb shqiptare kur \u00ebsht\u00eb pyetur n\u00eb lidhje me k\u00ebt\u00eb, kurse s\u00eb fundi u ka sugjeruar fansave t\u00eb saj q\u00eb t\u00eb mos komunikojn\u00eb me t\u00eb n\u00eb gjuh\u00ebn shqipe, por vet\u00ebm n\u00eb anglisht!<\/p>\n<p><strong>KOHA NET<\/strong><\/p>\n<!--YouTube Error: bad URL entered-->\n","protected":false},"excerpt":{"rendered":"<p>Holliwood, 22 korrik \u2013 Aktorja e njohur shqiptare, Eliza Dushku p\u00ebrmend Shqip\u00ebrin\u00eb dhe Kosov\u00ebn sa her\u00eb i jepet rasti. Ajo tregon vazhdimisht q\u00eb \u00ebsht\u00eb shqiptare, me gjith\u00eb faktin se ka lindur n\u00eb SHBA. \u201cJam krenare q\u00eb jam shqiptare\u201d, ka shkruar ajo n\u00eb rrjetin shoq\u00ebror Twitter, teksa ka marr\u00eb mesazhe nga fansa shqiptar\u00eb, t\u00eb cil\u00ebt gjithashtu [&hellip;]<\/p>\n","protected":false},"author":1,"featured_media":0,"comment_status":"open","ping_status":"closed","sticky":false,"template":"","format":"standard","meta":{"spay_email":"","jetpack_publicize_message":"","jetpack_is_tweetstorm":false,"jetpack_publicize_feature_enabled":true},"categories":[1],"tags":[5352],"jetpack_publicize_connections":[],"yoast_head":"<!-- This site is optimized with the Yoast SEO plugin v19.1 - https:\/\/yoast.com\/wordpress\/plugins\/seo\/ -->\n<title>Eliza Dushku: Krenare q\u00eb jam shqiptare - Lajme nga Ulqini<\/title>\n<meta name=\"description\" content=\"Holliwood, 22 korrik \u2013 Aktorja e njohur shqiptare, Eliza Dushku p\u00ebrmend Shqip\u00ebrin\u00eb dhe Kosov\u00ebn sa her\u00eb i jepet rasti. Ajo tregon vazhdimisht q\u00eb \u00ebsht\u00eb\" \/>\n<meta name=\"robots\" content=\"index, follow, max-snippet:-1, max-image-preview:large, max-video-preview:-1\" \/>\n<link rel=\"canonical\" href=\"https:\/\/www.visit-ulcinj.com\/blog\/2011\/07\/22\/eliza-dushku-krenare-qe-jam-shqiptare\/\" \/>\n<meta property=\"og:locale\" content=\"en_US\" \/>\n<meta property=\"og:type\" content=\"article\" \/>\n<meta property=\"og:title\" content=\"Eliza Dushku: Krenare q\u00eb jam shqiptare - Lajme nga Ulqini\" \/>\n<meta property=\"og:description\" content=\"Holliwood, 22 korrik \u2013 Aktorja e njohur shqiptare, Eliza Dushku p\u00ebrmend Shqip\u00ebrin\u00eb dhe Kosov\u00ebn sa her\u00eb i jepet rasti. Ajo tregon vazhdimisht q\u00eb \u00ebsht\u00eb\" \/>\n<meta property=\"og:url\" content=\"https:\/\/www.visit-ulcinj.com\/blog\/2011\/07\/22\/eliza-dushku-krenare-qe-jam-shqiptare\/\" \/>\n<meta property=\"og:site_name\" content=\"Lajme nga Ulqini\" \/>\n<meta property=\"article:published_time\" content=\"2011-07-22T17:44:30+00:00\" \/>\n<meta property=\"og:image\" content=\"http:\/\/www.visit-ulcinj.com\/blog\/wp-content\/uploads\/2011\/07\/Eliza-Dushku_Krenare-q%C3%AB-jam-shqiptare.jpg\" \/>\n<meta name=\"twitter:label1\" content=\"Written by\" \/>\n\t<meta name=\"twitter:data1\" content=\"ulqini\" \/>\n\t<meta name=\"twitter:label2\" content=\"Est. reading time\" \/>\n\t<meta name=\"twitter:data2\" content=\"1 minute\" \/>\n<script type=\"application\/ld+json\" class=\"yoast-schema-graph\">{\"@context\":\"https:\/\/schema.org\",\"@graph\":[{\"@type\":\"WebSite\",\"@id\":\"https:\/\/www.visit-ulcinj.com\/blog\/#website\",\"url\":\"https:\/\/www.visit-ulcinj.com\/blog\/\",\"name\":\"Lajme nga Ulqini\",\"description\":\"Lajme,Vijesti,Ulqini,Ulqin,Crna Gora,Mali i Zi\",\"potentialAction\":[{\"@type\":\"SearchAction\",\"target\":{\"@type\":\"EntryPoint\",\"urlTemplate\":\"https:\/\/www.visit-ulcinj.com\/blog\/?s={search_term_string}\"},\"query-input\":\"required name=search_term_string\"}],\"inLanguage\":\"en-US\"},{\"@type\":\"ImageObject\",\"inLanguage\":\"en-US\",\"@id\":\"https:\/\/www.visit-ulcinj.com\/blog\/2011\/07\/22\/eliza-dushku-krenare-qe-jam-shqiptare\/#primaryimage\",\"url\":\"http:\/\/www.visit-ulcinj.com\/blog\/wp-content\/uploads\/2011\/07\/Eliza-Dushku_Krenare-q%C3%AB-jam-shqiptare.jpg\",\"contentUrl\":\"http:\/\/www.visit-ulcinj.com\/blog\/wp-content\/uploads\/2011\/07\/Eliza-Dushku_Krenare-q%C3%AB-jam-shqiptare.jpg\"},{\"@type\":\"WebPage\",\"@id\":\"https:\/\/www.visit-ulcinj.com\/blog\/2011\/07\/22\/eliza-dushku-krenare-qe-jam-shqiptare\/#webpage\",\"url\":\"https:\/\/www.visit-ulcinj.com\/blog\/2011\/07\/22\/eliza-dushku-krenare-qe-jam-shqiptare\/\",\"name\":\"Eliza Dushku: Krenare q\u00eb jam shqiptare - Lajme nga Ulqini\",\"isPartOf\":{\"@id\":\"https:\/\/www.visit-ulcinj.com\/blog\/#website\"},\"primaryImageOfPage\":{\"@id\":\"https:\/\/www.visit-ulcinj.com\/blog\/2011\/07\/22\/eliza-dushku-krenare-qe-jam-shqiptare\/#primaryimage\"},\"datePublished\":\"2011-07-22T17:44:30+00:00\",\"dateModified\":\"2011-07-22T17:44:30+00:00\",\"author\":{\"@id\":\"https:\/\/www.visit-ulcinj.com\/blog\/#\/schema\/person\/dcab619c614d3038751c63bc2aadc06d\"},\"description\":\"Holliwood, 22 korrik \u2013 Aktorja e njohur shqiptare, Eliza Dushku p\u00ebrmend Shqip\u00ebrin\u00eb dhe Kosov\u00ebn sa her\u00eb i jepet rasti. Ajo tregon vazhdimisht q\u00eb \u00ebsht\u00eb\",\"breadcrumb\":{\"@id\":\"https:\/\/www.visit-ulcinj.com\/blog\/2011\/07\/22\/eliza-dushku-krenare-qe-jam-shqiptare\/#breadcrumb\"},\"inLanguage\":\"en-US\",\"potentialAction\":[{\"@type\":\"ReadAction\",\"target\":[\"https:\/\/www.visit-ulcinj.com\/blog\/2011\/07\/22\/eliza-dushku-krenare-qe-jam-shqiptare\/\"]}]},{\"@type\":\"BreadcrumbList\",\"@id\":\"https:\/\/www.visit-ulcinj.com\/blog\/2011\/07\/22\/eliza-dushku-krenare-qe-jam-shqiptare\/#breadcrumb\",\"itemListElement\":[{\"@type\":\"ListItem\",\"position\":1,\"name\":\"Eliza Dushku: Krenare q\u00eb jam shqiptare\"}]},{\"@type\":\"Person\",\"@id\":\"https:\/\/www.visit-ulcinj.com\/blog\/#\/schema\/person\/dcab619c614d3038751c63bc2aadc06d\",\"name\":\"ulqini\",\"sameAs\":[\"http:\/\/www.visit-ulcinj.com\"],\"url\":\"https:\/\/www.visit-ulcinj.com\/blog\/author\/admin\/\"}]}<\/script>\n<!-- \/ Yoast SEO plugin. -->","yoast_head_json":{"title":"Eliza Dushku: Krenare q\u00eb jam shqiptare - Lajme nga Ulqini","description":"Holliwood, 22 korrik \u2013 Aktorja e njohur shqiptare, Eliza Dushku p\u00ebrmend Shqip\u00ebrin\u00eb dhe Kosov\u00ebn sa her\u00eb i jepet rasti. Ajo tregon vazhdimisht q\u00eb \u00ebsht\u00eb","robots":{"index":"index","follow":"follow","max-snippet":"max-snippet:-1","max-image-preview":"max-image-preview:large","max-video-preview":"max-video-preview:-1"},"canonical":"https:\/\/www.visit-ulcinj.com\/blog\/2011\/07\/22\/eliza-dushku-krenare-qe-jam-shqiptare\/","og_locale":"en_US","og_type":"article","og_title":"Eliza Dushku: Krenare q\u00eb jam shqiptare - Lajme nga Ulqini","og_description":"Holliwood, 22 korrik \u2013 Aktorja e njohur shqiptare, Eliza Dushku p\u00ebrmend Shqip\u00ebrin\u00eb dhe Kosov\u00ebn sa her\u00eb i jepet rasti. Ajo tregon vazhdimisht q\u00eb \u00ebsht\u00eb","og_url":"https:\/\/www.visit-ulcinj.com\/blog\/2011\/07\/22\/eliza-dushku-krenare-qe-jam-shqiptare\/","og_site_name":"Lajme nga Ulqini","article_published_time":"2011-07-22T17:44:30+00:00","og_image":[{"url":"http:\/\/www.visit-ulcinj.com\/blog\/wp-content\/uploads\/2011\/07\/Eliza-Dushku_Krenare-q%C3%AB-jam-shqiptare.jpg"}],"twitter_misc":{"Written by":"ulqini","Est. reading time":"1 minute"},"schema":{"@context":"https:\/\/schema.org","@graph":[{"@type":"WebSite","@id":"https:\/\/www.visit-ulcinj.com\/blog\/#website","url":"https:\/\/www.visit-ulcinj.com\/blog\/","name":"Lajme nga Ulqini","description":"Lajme,Vijesti,Ulqini,Ulqin,Crna Gora,Mali i Zi","potentialAction":[{"@type":"SearchAction","target":{"@type":"EntryPoint","urlTemplate":"https:\/\/www.visit-ulcinj.com\/blog\/?s={search_term_string}"},"query-input":"required name=search_term_string"}],"inLanguage":"en-US"},{"@type":"ImageObject","inLanguage":"en-US","@id":"https:\/\/www.visit-ulcinj.com\/blog\/2011\/07\/22\/eliza-dushku-krenare-qe-jam-shqiptare\/#primaryimage","url":"http:\/\/www.visit-ulcinj.com\/blog\/wp-content\/uploads\/2011\/07\/Eliza-Dushku_Krenare-q%C3%AB-jam-shqiptare.jpg","contentUrl":"http:\/\/www.visit-ulcinj.com\/blog\/wp-content\/uploads\/2011\/07\/Eliza-Dushku_Krenare-q%C3%AB-jam-shqiptare.jpg"},{"@type":"WebPage","@id":"https:\/\/www.visit-ulcinj.com\/blog\/2011\/07\/22\/eliza-dushku-krenare-qe-jam-shqiptare\/#webpage","url":"https:\/\/www.visit-ulcinj.com\/blog\/2011\/07\/22\/eliza-dushku-krenare-qe-jam-shqiptare\/","name":"Eliza Dushku: Krenare q\u00eb jam shqiptare - Lajme nga Ulqini","isPartOf":{"@id":"https:\/\/www.visit-ulcinj.com\/blog\/#website"},"primaryImageOfPage":{"@id":"https:\/\/www.visit-ulcinj.com\/blog\/2011\/07\/22\/eliza-dushku-krenare-qe-jam-shqiptare\/#primaryimage"},"datePublished":"2011-07-22T17:44:30+00:00","dateModified":"2011-07-22T17:44:30+00:00","author":{"@id":"https:\/\/www.visit-ulcinj.com\/blog\/#\/schema\/person\/dcab619c614d3038751c63bc2aadc06d"},"description":"Holliwood, 22 korrik \u2013 Aktorja e njohur shqiptare, Eliza Dushku p\u00ebrmend Shqip\u00ebrin\u00eb dhe Kosov\u00ebn sa her\u00eb i jepet rasti. Ajo tregon vazhdimisht q\u00eb \u00ebsht\u00eb","breadcrumb":{"@id":"https:\/\/www.visit-ulcinj.com\/blog\/2011\/07\/22\/eliza-dushku-krenare-qe-jam-shqiptare\/#breadcrumb"},"inLanguage":"en-US","potentialAction":[{"@type":"ReadAction","target":["https:\/\/www.visit-ulcinj.com\/blog\/2011\/07\/22\/eliza-dushku-krenare-qe-jam-shqiptare\/"]}]},{"@type":"BreadcrumbList","@id":"https:\/\/www.visit-ulcinj.com\/blog\/2011\/07\/22\/eliza-dushku-krenare-qe-jam-shqiptare\/#breadcrumb","itemListElement":[{"@type":"ListItem","position":1,"name":"Eliza Dushku: Krenare q\u00eb jam shqiptare"}]},{"@type":"Person","@id":"https:\/\/www.visit-ulcinj.com\/blog\/#\/schema\/person\/dcab619c614d3038751c63bc2aadc06d","name":"ulqini","sameAs":["http:\/\/www.visit-ulcinj.com"],"url":"https:\/\/www.visit-ulcinj.com\/blog\/author\/admin\/"}]}},"jetpack_featured_media_url":"","jetpack_sharing_enabled":true,"jetpack_shortlink":"https:\/\/wp.me\/pe6lTn-cR2","_links":{"self":[{"href":"https:\/\/www.visit-ulcinj.com\/blog\/wp-json\/wp\/v2\/posts\/49416"}],"collection":[{"href":"https:\/\/www.visit-ulcinj.com\/blog\/wp-json\/wp\/v2\/posts"}],"about":[{"href":"https:\/\/www.visit-ulcinj.com\/blog\/wp-json\/wp\/v2\/types\/post"}],"author":[{"embeddable":true,"href":"https:\/\/www.visit-ulcinj.com\/blog\/wp-json\/wp\/v2\/users\/1"}],"replies":[{"embeddable":true,"href":"https:\/\/www.visit-ulcinj.com\/blog\/wp-json\/wp\/v2\/comments?post=49416"}],"version-history":[{"count":1,"href":"https:\/\/www.visit-ulcinj.com\/blog\/wp-json\/wp\/v2\/posts\/49416\/revisions"}],"predecessor-version":[{"id":49419,"href":"https:\/\/www.visit-ulcinj.com\/blog\/wp-json\/wp\/v2\/posts\/49416\/revisions\/49419"}],"wp:attachment":[{"href":"https:\/\/www.visit-ulcinj.com\/blog\/wp-json\/wp\/v2\/media?parent=49416"}],"wp:term":[{"taxonomy":"category","embeddable":true,"href":"https:\/\/www.visit-ulcinj.com\/blog\/wp-json\/wp\/v2\/categories?post=49416"},{"taxonomy":"post_tag","embeddable":true,"href":"https:\/\/www.visit-ulcinj.com\/blog\/wp-json\/wp\/v2\/tags?post=49416"}],"curies":[{"name":"wp","href":"https:\/\/api.w.org\/{rel}","templated":true}]}}