{"id":49420,"date":"2011-07-22T19:56:39","date_gmt":"2011-07-22T18:56:39","guid":{"rendered":"http:\/\/www.visit-ulcinj.com\/blog\/?p=49420"},"modified":"2011-07-22T19:59:24","modified_gmt":"2011-07-22T18:59:24","slug":"shenohet-rritje-e-numrit-te-pushuesve-ne-plazhet-e-ulqinit","status":"publish","type":"post","link":"https:\/\/www.visit-ulcinj.com\/blog\/2011\/07\/22\/shenohet-rritje-e-numrit-te-pushuesve-ne-plazhet-e-ulqinit\/","title":{"rendered":"Shenohet rritje e numrit t\u00eb pushuesve n\u00eb plazhet e Ulqinit"},"content":{"rendered":"<p><a href=\"http:\/\/www.visit-ulcinj.com\/blog\/wp-content\/uploads\/2011\/07\/rritje-e-numrit-t%C3%AB-pushuesve-n%C3%AB-plazhet-e-Ulqinit_picnik.jpg\"><img loading=\"lazy\" class=\"alignleft size-full wp-image-49421\" title=\"rritje e numrit t\u00eb pushuesve n\u00eb plazhet e Ulqinit_picnik\" src=\"http:\/\/www.visit-ulcinj.com\/blog\/wp-content\/uploads\/2011\/07\/rritje-e-numrit-t%C3%AB-pushuesve-n%C3%AB-plazhet-e-Ulqinit_picnik.jpg\" alt=\"\" width=\"508\" height=\"381\" \/><\/a>Oferta turistike e Ulqinit, q\u00eb 70 % t\u00eb turist\u00ebve deri tash i ka pasur kosovar, edhe k\u00ebt\u00eb vit do t\u00eb jet\u00eb e ngjashme me at\u00eb t\u00eb viti t\u00eb kaluar, edhe sa i p\u00ebrket \u00e7mimeve, por edhe kushteve q\u00eb do t\u00eb ofrojn\u00eb organizator\u00ebt e shtabit t\u00eb turizmit, q\u00eb \u00ebsht\u00eb themeluar nga komuna e Ulqinit.<br \/>\nSezoni veror \u00a0d\u00ebshmoi se turizmi po shnd\u00ebrrohet vit pas viti n\u00eb shtyll\u00ebn kryesore t\u00eb ekonomis\u00eb s\u00eb Ulqinit.<br \/>\nUlqini me flukset \u00a0turistike e k\u00ebtij viti u b\u00eb nj\u00eb realitet i preksh\u00ebm nga nj\u00eb num\u00ebr disa her\u00eb m\u00eb i madh pushuesish krahasuar nga nj\u00eb vit m\u00eb par\u00eb.<br \/>\nMidis plazheve t\u00eb populluara nga Budva\u00a0 deri n\u00eb Ulqin, Mali i Zi ofroi t\u00ebrheqje t\u00eb pashkelura n\u00eb brigjet e veriut dhe jugut t\u00eb detit \u00a0Adriatik, t\u00eb cil\u00ebt u thith\u00ebn me shum\u00eb interes nga turist\u00ebt e huaj dhe atyre vendas.<br \/>\nUlqini dhe zhvillimi turistik\u00eb nuk \u00ebsht\u00eb m\u00eb nj\u00eb surpriz\u00eb, por nj\u00eb nga destinacionet t\u00ebrheq\u00ebse t\u00eb turizmit, ku plazhet magjepse dhe ushqimi i mir\u00eb p\u00ebrb\u00ebjn\u00eb t\u00ebrheqjet kryesore.<br \/>\n<a href=\"http:\/\/www.visit-ulcinj.com\/blog\/wp-content\/uploads\/2011\/07\/Fluksi-i-turisteve-ne-Ulqin.jpg\"><img loading=\"lazy\" class=\"alignleft size-full wp-image-49423\" title=\"Fluksi i turisteve ne Ulqin\" src=\"http:\/\/www.visit-ulcinj.com\/blog\/wp-content\/uploads\/2011\/07\/Fluksi-i-turisteve-ne-Ulqin.jpg\" alt=\"\" width=\"508\" height=\"330\" \/><\/a><br \/>\nEksperienca e sezonit q\u00eb sapo po mbyllet tregoi se Ulqini po b\u00ebhet nj\u00eb destinacion fantastik pushimesh p\u00ebr turist\u00ebt e gjith\u00eb bot\u00ebs. Kryesisht t\u00eb ardhur nga vendet fshqinje, Kosova , Maqedonia, Bosna dhe Hercegovina,Serbia,Polonia,Cekia,por edhe nga vende t\u00eb larg\u00ebta t\u00eb Europ\u00ebs.<\/p>\n<p>Turist\u00ebt e huaj kan\u00eb shijuar plazhet qet\u00ebsuese me r\u00ebr\u00eb t\u00eb Adriatikut,dhe plazhet \u00a0luksoze dhe fantastike t\u00eb Ulqinit.. K\u00ebsisoj Ulqini po kthehet shum\u00eb shpejt n\u00eb nj\u00eb nga vendet m\u00eb t\u00eb vizituara n\u00eb Mal t\u00eb Zi,e sidomos n\u00eb rajon.<\/p>\n<p>Ali Rexha, drejtor i Organizat\u00ebs Turistike t\u00eb Ulqinit thot\u00eb: \u201cSivjet kemi rritur kapacitetet prit\u00ebse dhe kemi themeluar shtabin p\u00ebr k\u00ebt\u00eb sezon, me \u00e7ka turist\u00ebve u garantojn\u00eb uj\u00eb e rrym\u00eb pand\u00ebrprer\u00eb dhe past\u00ebrti n\u00eb nivel t\u00eb lart\u00eb\u201d.<\/p>\n<p>Ai thot\u00eb se jan\u00eb kujdesur q\u00eb k\u00ebt\u00eb ver\u00eb t\u00eb ket\u00eb edhe transport publik sa m\u00eb shum\u00eb, por brengosen se p\u00ebr shkak t\u00eb investimeve n\u00ebp\u00ebr rrug\u00eb, q\u00eb \u00ebsht\u00eb duke i b\u00ebr\u00eb Ulqini tash, edhe mund t\u00eb ket\u00eb pritje.<\/p>\n<p>\u201c\u00c7do vit ka p\u00ebrmir\u00ebsime. Sivjet kemi nj\u00eb ofert\u00eb m\u00eb t\u00eb mir\u00eb se n\u00eb t\u00eb kaluar\u00ebn, ku sivjet jan\u00eb hapur kat\u00ebr hotele apo gjithsej jan\u00eb 23 hotele. K\u00ebto hotele jan\u00eb me tre e kat\u00ebr yje. Sa i p\u00ebrket akomodimeve private punohet zellsh\u00ebm n\u00eb k\u00ebt\u00eb drejtim dhe ato po ngrihen nga viti n\u00eb vit\u201d, thot\u00eb Rexha.<\/p>\n<p><a href=\"http:\/\/www.visit-ulcinj.com\/blog\/wp-content\/uploads\/2011\/07\/Ada-Bojana-shetitje-me-kuaj%C3%AB-ne-Bun.jpg\"><img loading=\"lazy\" class=\"alignleft size-full wp-image-49425\" title=\"Ada Bojana, shetitje me kuaj\u00eb ne Bun\" src=\"http:\/\/www.visit-ulcinj.com\/blog\/wp-content\/uploads\/2011\/07\/Ada-Bojana-shetitje-me-kuaj%C3%AB-ne-Bun.jpg\" alt=\"\" width=\"341\" height=\"355\" \/><\/a><br \/>\nSipas Rexh\u00ebs vlen p\u00ebr t\u2019u p\u00ebrmendur se edhe k\u00ebt vit vizitor\u00ebt nga Kosova p\u00ebrb\u00ebnin pjes\u00ebn kryesore t\u00eb turist\u00ebve. Numri i tyre \u00ebsht\u00eb rritur me 75%, sipas statistikave zyrtare. Kryesisht pushuesit nga Kosova kan\u00eb zgjedhur bregdetin e Ulqinit, ku tradita e kuzhin\u00ebs dhe muzik\u00ebs kosovare, jan\u00eb b\u00ebr\u00eb pjes\u00eb dominante e jet\u00ebs turistike t\u00eb k\u00ebtij destinacioni.<\/p>\n<p>Nd\u00ebrsa \u00ebsht\u00eb sh\u00ebnuar nj\u00eb rritje nga 2-3 her\u00eb e numrit t\u00eb tyre n\u00eb plazhet e Ulqinit, p\u00ebr shkak t\u00eb af\u00ebrsis\u00eb s\u00eb Kosov\u00ebs me plazhin e madh\u00eb , r\u00ebr\u00ebn kurative, detin e past\u00ebr dhe \u00e7mimet favorizuese.<\/p>\n<!--YouTube Error: bad URL entered-->\n","protected":false},"excerpt":{"rendered":"<p>Oferta turistike e Ulqinit, q\u00eb 70 % t\u00eb turist\u00ebve deri tash i ka pasur kosovar, edhe k\u00ebt\u00eb vit do t\u00eb jet\u00eb e ngjashme me at\u00eb t\u00eb viti t\u00eb kaluar, edhe sa i p\u00ebrket \u00e7mimeve, por edhe kushteve q\u00eb do t\u00eb ofrojn\u00eb organizator\u00ebt e shtabit t\u00eb turizmit, q\u00eb \u00ebsht\u00eb themeluar nga komuna e Ulqinit. Sezoni veror [&hellip;]<\/p>\n","protected":false},"author":1,"featured_media":0,"comment_status":"open","ping_status":"closed","sticky":false,"template":"","format":"standard","meta":{"spay_email":"","jetpack_publicize_message":"","jetpack_is_tweetstorm":false,"jetpack_publicize_feature_enabled":true},"categories":[1],"tags":[49,18748,7672,14887,18504,22016,200,18],"jetpack_publicize_connections":[],"yoast_head":"<!-- This site is optimized with the Yoast SEO plugin v19.1 - https:\/\/yoast.com\/wordpress\/plugins\/seo\/ -->\n<title>Shenohet rritje e numrit t\u00eb pushuesve n\u00eb plazhet e Ulqinit - Lajme nga Ulqini<\/title>\n<meta name=\"description\" content=\"Oferta turistike e Ulqinit, q\u00eb 70 % t\u00eb turist\u00ebve deri tash i ka pasur kosovar, edhe k\u00ebt\u00eb vit do t\u00eb jet\u00eb e ngjashme me at\u00eb t\u00eb viti t\u00eb kaluar, edhe sa i\" \/>\n<meta name=\"robots\" content=\"index, follow, max-snippet:-1, max-image-preview:large, max-video-preview:-1\" \/>\n<link rel=\"canonical\" href=\"https:\/\/www.visit-ulcinj.com\/blog\/2011\/07\/22\/shenohet-rritje-e-numrit-te-pushuesve-ne-plazhet-e-ulqinit\/\" \/>\n<meta property=\"og:locale\" content=\"en_US\" \/>\n<meta property=\"og:type\" content=\"article\" \/>\n<meta property=\"og:title\" content=\"Shenohet rritje e numrit t\u00eb pushuesve n\u00eb plazhet e Ulqinit - Lajme nga Ulqini\" \/>\n<meta property=\"og:description\" content=\"Oferta turistike e Ulqinit, q\u00eb 70 % t\u00eb turist\u00ebve deri tash i ka pasur kosovar, edhe k\u00ebt\u00eb vit do t\u00eb jet\u00eb e ngjashme me at\u00eb t\u00eb viti t\u00eb kaluar, edhe sa i\" \/>\n<meta property=\"og:url\" content=\"https:\/\/www.visit-ulcinj.com\/blog\/2011\/07\/22\/shenohet-rritje-e-numrit-te-pushuesve-ne-plazhet-e-ulqinit\/\" \/>\n<meta property=\"og:site_name\" content=\"Lajme nga Ulqini\" \/>\n<meta property=\"article:published_time\" content=\"2011-07-22T18:56:39+00:00\" \/>\n<meta property=\"article:modified_time\" content=\"2011-07-22T18:59:24+00:00\" \/>\n<meta property=\"og:image\" content=\"http:\/\/www.visit-ulcinj.com\/blog\/wp-content\/uploads\/2011\/07\/rritje-e-numrit-t%C3%AB-pushuesve-n%C3%AB-plazhet-e-Ulqinit_picnik.jpg\" \/>\n<meta name=\"twitter:label1\" content=\"Written by\" \/>\n\t<meta name=\"twitter:data1\" content=\"ulqini\" \/>\n\t<meta name=\"twitter:label2\" content=\"Est. reading time\" \/>\n\t<meta name=\"twitter:data2\" content=\"3 minutes\" \/>\n<script type=\"application\/ld+json\" class=\"yoast-schema-graph\">{\"@context\":\"https:\/\/schema.org\",\"@graph\":[{\"@type\":\"WebSite\",\"@id\":\"https:\/\/www.visit-ulcinj.com\/blog\/#website\",\"url\":\"https:\/\/www.visit-ulcinj.com\/blog\/\",\"name\":\"Lajme nga Ulqini\",\"description\":\"Lajme,Vijesti,Ulqini,Ulqin,Crna Gora,Mali i Zi\",\"potentialAction\":[{\"@type\":\"SearchAction\",\"target\":{\"@type\":\"EntryPoint\",\"urlTemplate\":\"https:\/\/www.visit-ulcinj.com\/blog\/?s={search_term_string}\"},\"query-input\":\"required name=search_term_string\"}],\"inLanguage\":\"en-US\"},{\"@type\":\"ImageObject\",\"inLanguage\":\"en-US\",\"@id\":\"https:\/\/www.visit-ulcinj.com\/blog\/2011\/07\/22\/shenohet-rritje-e-numrit-te-pushuesve-ne-plazhet-e-ulqinit\/#primaryimage\",\"url\":\"http:\/\/www.visit-ulcinj.com\/blog\/wp-content\/uploads\/2011\/07\/rritje-e-numrit-t%C3%AB-pushuesve-n%C3%AB-plazhet-e-Ulqinit_picnik.jpg\",\"contentUrl\":\"http:\/\/www.visit-ulcinj.com\/blog\/wp-content\/uploads\/2011\/07\/rritje-e-numrit-t%C3%AB-pushuesve-n%C3%AB-plazhet-e-Ulqinit_picnik.jpg\"},{\"@type\":\"WebPage\",\"@id\":\"https:\/\/www.visit-ulcinj.com\/blog\/2011\/07\/22\/shenohet-rritje-e-numrit-te-pushuesve-ne-plazhet-e-ulqinit\/#webpage\",\"url\":\"https:\/\/www.visit-ulcinj.com\/blog\/2011\/07\/22\/shenohet-rritje-e-numrit-te-pushuesve-ne-plazhet-e-ulqinit\/\",\"name\":\"Shenohet rritje e numrit t\u00eb pushuesve n\u00eb plazhet e Ulqinit - Lajme nga Ulqini\",\"isPartOf\":{\"@id\":\"https:\/\/www.visit-ulcinj.com\/blog\/#website\"},\"primaryImageOfPage\":{\"@id\":\"https:\/\/www.visit-ulcinj.com\/blog\/2011\/07\/22\/shenohet-rritje-e-numrit-te-pushuesve-ne-plazhet-e-ulqinit\/#primaryimage\"},\"datePublished\":\"2011-07-22T18:56:39+00:00\",\"dateModified\":\"2011-07-22T18:59:24+00:00\",\"author\":{\"@id\":\"https:\/\/www.visit-ulcinj.com\/blog\/#\/schema\/person\/dcab619c614d3038751c63bc2aadc06d\"},\"description\":\"Oferta turistike e Ulqinit, q\u00eb 70 % t\u00eb turist\u00ebve deri tash i ka pasur kosovar, edhe k\u00ebt\u00eb vit do t\u00eb jet\u00eb e ngjashme me at\u00eb t\u00eb viti t\u00eb kaluar, edhe sa i\",\"breadcrumb\":{\"@id\":\"https:\/\/www.visit-ulcinj.com\/blog\/2011\/07\/22\/shenohet-rritje-e-numrit-te-pushuesve-ne-plazhet-e-ulqinit\/#breadcrumb\"},\"inLanguage\":\"en-US\",\"potentialAction\":[{\"@type\":\"ReadAction\",\"target\":[\"https:\/\/www.visit-ulcinj.com\/blog\/2011\/07\/22\/shenohet-rritje-e-numrit-te-pushuesve-ne-plazhet-e-ulqinit\/\"]}]},{\"@type\":\"BreadcrumbList\",\"@id\":\"https:\/\/www.visit-ulcinj.com\/blog\/2011\/07\/22\/shenohet-rritje-e-numrit-te-pushuesve-ne-plazhet-e-ulqinit\/#breadcrumb\",\"itemListElement\":[{\"@type\":\"ListItem\",\"position\":1,\"name\":\"Shenohet rritje e numrit t\u00eb pushuesve n\u00eb plazhet e Ulqinit\"}]},{\"@type\":\"Person\",\"@id\":\"https:\/\/www.visit-ulcinj.com\/blog\/#\/schema\/person\/dcab619c614d3038751c63bc2aadc06d\",\"name\":\"ulqini\",\"sameAs\":[\"http:\/\/www.visit-ulcinj.com\"],\"url\":\"https:\/\/www.visit-ulcinj.com\/blog\/author\/admin\/\"}]}<\/script>\n<!-- \/ Yoast SEO plugin. -->","yoast_head_json":{"title":"Shenohet rritje e numrit t\u00eb pushuesve n\u00eb plazhet e Ulqinit - Lajme nga Ulqini","description":"Oferta turistike e Ulqinit, q\u00eb 70 % t\u00eb turist\u00ebve deri tash i ka pasur kosovar, edhe k\u00ebt\u00eb vit do t\u00eb jet\u00eb e ngjashme me at\u00eb t\u00eb viti t\u00eb kaluar, edhe sa i","robots":{"index":"index","follow":"follow","max-snippet":"max-snippet:-1","max-image-preview":"max-image-preview:large","max-video-preview":"max-video-preview:-1"},"canonical":"https:\/\/www.visit-ulcinj.com\/blog\/2011\/07\/22\/shenohet-rritje-e-numrit-te-pushuesve-ne-plazhet-e-ulqinit\/","og_locale":"en_US","og_type":"article","og_title":"Shenohet rritje e numrit t\u00eb pushuesve n\u00eb plazhet e Ulqinit - Lajme nga Ulqini","og_description":"Oferta turistike e Ulqinit, q\u00eb 70 % t\u00eb turist\u00ebve deri tash i ka pasur kosovar, edhe k\u00ebt\u00eb vit do t\u00eb jet\u00eb e ngjashme me at\u00eb t\u00eb viti t\u00eb kaluar, edhe sa i","og_url":"https:\/\/www.visit-ulcinj.com\/blog\/2011\/07\/22\/shenohet-rritje-e-numrit-te-pushuesve-ne-plazhet-e-ulqinit\/","og_site_name":"Lajme nga Ulqini","article_published_time":"2011-07-22T18:56:39+00:00","article_modified_time":"2011-07-22T18:59:24+00:00","og_image":[{"url":"http:\/\/www.visit-ulcinj.com\/blog\/wp-content\/uploads\/2011\/07\/rritje-e-numrit-t%C3%AB-pushuesve-n%C3%AB-plazhet-e-Ulqinit_picnik.jpg"}],"twitter_misc":{"Written by":"ulqini","Est. reading time":"3 minutes"},"schema":{"@context":"https:\/\/schema.org","@graph":[{"@type":"WebSite","@id":"https:\/\/www.visit-ulcinj.com\/blog\/#website","url":"https:\/\/www.visit-ulcinj.com\/blog\/","name":"Lajme nga Ulqini","description":"Lajme,Vijesti,Ulqini,Ulqin,Crna Gora,Mali i Zi","potentialAction":[{"@type":"SearchAction","target":{"@type":"EntryPoint","urlTemplate":"https:\/\/www.visit-ulcinj.com\/blog\/?s={search_term_string}"},"query-input":"required name=search_term_string"}],"inLanguage":"en-US"},{"@type":"ImageObject","inLanguage":"en-US","@id":"https:\/\/www.visit-ulcinj.com\/blog\/2011\/07\/22\/shenohet-rritje-e-numrit-te-pushuesve-ne-plazhet-e-ulqinit\/#primaryimage","url":"http:\/\/www.visit-ulcinj.com\/blog\/wp-content\/uploads\/2011\/07\/rritje-e-numrit-t%C3%AB-pushuesve-n%C3%AB-plazhet-e-Ulqinit_picnik.jpg","contentUrl":"http:\/\/www.visit-ulcinj.com\/blog\/wp-content\/uploads\/2011\/07\/rritje-e-numrit-t%C3%AB-pushuesve-n%C3%AB-plazhet-e-Ulqinit_picnik.jpg"},{"@type":"WebPage","@id":"https:\/\/www.visit-ulcinj.com\/blog\/2011\/07\/22\/shenohet-rritje-e-numrit-te-pushuesve-ne-plazhet-e-ulqinit\/#webpage","url":"https:\/\/www.visit-ulcinj.com\/blog\/2011\/07\/22\/shenohet-rritje-e-numrit-te-pushuesve-ne-plazhet-e-ulqinit\/","name":"Shenohet rritje e numrit t\u00eb pushuesve n\u00eb plazhet e Ulqinit - Lajme nga Ulqini","isPartOf":{"@id":"https:\/\/www.visit-ulcinj.com\/blog\/#website"},"primaryImageOfPage":{"@id":"https:\/\/www.visit-ulcinj.com\/blog\/2011\/07\/22\/shenohet-rritje-e-numrit-te-pushuesve-ne-plazhet-e-ulqinit\/#primaryimage"},"datePublished":"2011-07-22T18:56:39+00:00","dateModified":"2011-07-22T18:59:24+00:00","author":{"@id":"https:\/\/www.visit-ulcinj.com\/blog\/#\/schema\/person\/dcab619c614d3038751c63bc2aadc06d"},"description":"Oferta turistike e Ulqinit, q\u00eb 70 % t\u00eb turist\u00ebve deri tash i ka pasur kosovar, edhe k\u00ebt\u00eb vit do t\u00eb jet\u00eb e ngjashme me at\u00eb t\u00eb viti t\u00eb kaluar, edhe sa i","breadcrumb":{"@id":"https:\/\/www.visit-ulcinj.com\/blog\/2011\/07\/22\/shenohet-rritje-e-numrit-te-pushuesve-ne-plazhet-e-ulqinit\/#breadcrumb"},"inLanguage":"en-US","potentialAction":[{"@type":"ReadAction","target":["https:\/\/www.visit-ulcinj.com\/blog\/2011\/07\/22\/shenohet-rritje-e-numrit-te-pushuesve-ne-plazhet-e-ulqinit\/"]}]},{"@type":"BreadcrumbList","@id":"https:\/\/www.visit-ulcinj.com\/blog\/2011\/07\/22\/shenohet-rritje-e-numrit-te-pushuesve-ne-plazhet-e-ulqinit\/#breadcrumb","itemListElement":[{"@type":"ListItem","position":1,"name":"Shenohet rritje e numrit t\u00eb pushuesve n\u00eb plazhet e Ulqinit"}]},{"@type":"Person","@id":"https:\/\/www.visit-ulcinj.com\/blog\/#\/schema\/person\/dcab619c614d3038751c63bc2aadc06d","name":"ulqini","sameAs":["http:\/\/www.visit-ulcinj.com"],"url":"https:\/\/www.visit-ulcinj.com\/blog\/author\/admin\/"}]}},"jetpack_featured_media_url":"","jetpack_sharing_enabled":true,"jetpack_shortlink":"https:\/\/wp.me\/pe6lTn-cR6","_links":{"self":[{"href":"https:\/\/www.visit-ulcinj.com\/blog\/wp-json\/wp\/v2\/posts\/49420"}],"collection":[{"href":"https:\/\/www.visit-ulcinj.com\/blog\/wp-json\/wp\/v2\/posts"}],"about":[{"href":"https:\/\/www.visit-ulcinj.com\/blog\/wp-json\/wp\/v2\/types\/post"}],"author":[{"embeddable":true,"href":"https:\/\/www.visit-ulcinj.com\/blog\/wp-json\/wp\/v2\/users\/1"}],"replies":[{"embeddable":true,"href":"https:\/\/www.visit-ulcinj.com\/blog\/wp-json\/wp\/v2\/comments?post=49420"}],"version-history":[{"count":2,"href":"https:\/\/www.visit-ulcinj.com\/blog\/wp-json\/wp\/v2\/posts\/49420\/revisions"}],"predecessor-version":[{"id":49427,"href":"https:\/\/www.visit-ulcinj.com\/blog\/wp-json\/wp\/v2\/posts\/49420\/revisions\/49427"}],"wp:attachment":[{"href":"https:\/\/www.visit-ulcinj.com\/blog\/wp-json\/wp\/v2\/media?parent=49420"}],"wp:term":[{"taxonomy":"category","embeddable":true,"href":"https:\/\/www.visit-ulcinj.com\/blog\/wp-json\/wp\/v2\/categories?post=49420"},{"taxonomy":"post_tag","embeddable":true,"href":"https:\/\/www.visit-ulcinj.com\/blog\/wp-json\/wp\/v2\/tags?post=49420"}],"curies":[{"name":"wp","href":"https:\/\/api.w.org\/{rel}","templated":true}]}}