{"id":49431,"date":"2011-07-23T11:31:28","date_gmt":"2011-07-23T10:31:28","guid":{"rendered":"http:\/\/www.visit-ulcinj.com\/blog\/?p=49431"},"modified":"2011-07-23T11:38:10","modified_gmt":"2011-07-23T10:38:10","slug":"odmor-u-crnu-goru-ljetovanje-u-ulcinj-crna-goraada-bojana","status":"publish","type":"post","link":"https:\/\/www.visit-ulcinj.com\/blog\/2011\/07\/23\/odmor-u-crnu-goru-ljetovanje-u-ulcinj-crna-goraada-bojana\/","title":{"rendered":"Odmor u Crnu Goru &#8211; Ljetovanje u Ulcinj &#8211; Crna Gora,Ada Bojana"},"content":{"rendered":"<p><a href=\"http:\/\/www.visit-ulcinj.com\/blog\/wp-content\/uploads\/2011\/07\/Odmor-u-Crnu-Gori-Ljetovanje-u-Ulcinj-Crna-GoraAda-Bojana.jpg\"><img loading=\"lazy\" class=\"alignleft size-full wp-image-49432\" title=\"Odmor u Crnu Gori - Ljetovanje u Ulcinj - Crna Gora,Ada Bojana\" src=\"http:\/\/www.visit-ulcinj.com\/blog\/wp-content\/uploads\/2011\/07\/Odmor-u-Crnu-Gori-Ljetovanje-u-Ulcinj-Crna-GoraAda-Bojana.jpg\" alt=\"\" width=\"508\" height=\"380\" \/><\/a>Ulcinj je ve\u0107 trideset dana pun turista.Prema najnovijim nezvanicnim statisti\u010dkim podacima, na Ulcinjskoj rivijeri odmara vi\u0161e od 60.000 turista. Od tog broja stranih je skoro 90 odsto, a vi\u0161e od polovine boravi u hotelima, kampovima i odmarali\u0161tima ali i u \u00a0privatnim smjestajem . Turisti\u010dki poslenici ovog grada ne raspola\u017eu podacima o broju neregistrovanih gostiju, ali se pouzdano zna da je me\u0111u \u201eilegalcima\u201c najvi\u0161e turista ima iz Kosova,Bosne i Hercegovine,Makedonije,Nema\u010dke, \u010ce\u0161ke, Rusije, Slovenije, Slova\u010dke, Austrije a manje ih ima sa podrucja Srbije.<\/p>\n<p>Prema rijecima Ali Red\u017ee, direktorom Turisti\u010dke organizacije Ulcinja, u jednom se \u00a0sla\u017ee \u2013 da je stanje na ulcinjskim pla\u017eama i kupali\u0161tima se iz dana u dan popravlja.<br \/>\n<a href=\"http:\/\/www.visit-ulcinj.com\/blog\/wp-content\/uploads\/2011\/07\/gzim-hajdinagagradonacelnik-ulcinja.jpg\"><img loading=\"lazy\" class=\"alignleft size-full wp-image-49433\" title=\"gzim-hajdinaga,gradonacelnik ulcinja\" src=\"http:\/\/www.visit-ulcinj.com\/blog\/wp-content\/uploads\/2011\/07\/gzim-hajdinagagradonacelnik-ulcinja.jpg\" alt=\"\" width=\"508\" height=\"333\" \/><\/a><\/p>\n<p>O nali\u010dju turisti\u010dke sezone na ulcinjrskim pla\u017eama razgovarali smo jo\u0161 i sa Gzimom Hajdinagom,prema njemu Ulcinj ove godine nudi kvalitet vi\u0161e u svim segmentima turisti\u010dke ponude. Zato treba o\u010dekivati da \u0107e julski nedostaci biti otklonjeni i da \u0107emo avgustovski turisti\u010dki talas do\u010dekati jo\u0161 spremniji.<\/p>\n<p>Ne treba zaboraviti da turisti se i ovoga ljeta naj\u010de\u0161\u0107e \u017eale na muziku u \u201esitne sate\u201c, sme\u0107e na ulicama i pla\u017eama, improvizovane \u0161tandove, na dilere soba i apartmana\u2026<\/p>\n<p>Njih treba o\u010dekivati ve\u0107 narednog vikenda, ka\u017eu hotelijeri uvjereni da \u0107e ovogodi\u0161nji avgust oboriti sve rekorde. U o\u010dekivanju avgustovskog turisti\u010dkog talasa i uz nadu da \u0107e se otkloniti propusti treba podsjetiti da su najve\u0107i nedostaci julske turisti\u010dke sezone \u2013 glasna muzika, sme\u0107e na pla\u017eama, \u0161arenilo vanpansionske ponude, improvizovani \u0161tandovi, prodaja klasova, maslinovog ulja, raznih krema i kola\u010da du\u017e pla\u017ee, pretvaranje pla\u017ea i pla\u017enog mobilijara u kuhinjske stolove&#8230;<br \/>\n<a href=\"http:\/\/www.visit-ulcinj.com\/blog\/wp-content\/uploads\/2011\/07\/Odmor-u-Crnu-Gori-Ljetovanje-u-Ulcinj-Letovanje-Crna-GoraAda-Bojana.jpg\"><img loading=\"lazy\" class=\"alignleft size-full wp-image-49434\" title=\"Odmor u Crnu Gori - Ljetovanje u Ulcinj -Letovanje, Crna Gora,Ada Bojana\" src=\"http:\/\/www.visit-ulcinj.com\/blog\/wp-content\/uploads\/2011\/07\/Odmor-u-Crnu-Gori-Ljetovanje-u-Ulcinj-Letovanje-Crna-GoraAda-Bojana.jpg\" alt=\"\" width=\"508\" height=\"330\" \/><\/a><\/p>\n<p>Prema podacima Turisti\u010dke organizacije Ulcinja, u ovom gradu ljetuje oko 25.000 registrovanih gostiju \u0161to je 18 odsto vi\u0161e nego u istom periodu pro\u0161le godine. Na\u017ealost, me\u0111u brojnim gostima na\u0161eg najju\u017enijeg grada ima i onih koji formiraju ru\u017enu sliku o njegovim prelijepim pla\u017eama \u2013 prosjaci, uli\u010dna prodaja svega i sva\u010dega, prepuni kontejneri, problemi sa vodom, naro\u010dito u visokim zonama.<\/p>\n<p>Na drugoj strani, Ulcinjski hoteli su puni, pa se ko zna koji put pokazalo da na ulcinjskoj rivijeri treba graditi hotele, a istovremeno uvesti \u0161to vi\u0161e reda me\u0111u izdavaoce soba. Tako se kretala turisti\u010dka amplituda na Ulcinjskoj rivijeri, od minusa do rekorda,gde su u junu izostali gosti\u00a0 u ve\u0107em broju, dok je avgust\u00a0 prebukiran. U pore\u0111enju s jun i juli,\u00a0 sezonom 2010. godine, pove\u0107anje u proseku iznosi vi\u0161e od 30 odsto ili kao rekordne 2008. godine.<\/p>\n<p>Ulcinjskii hoteli su popunjeni do poslednjeg mesta, a u privatnim ku\u0107ama je isto. Vlasnici privatnog sme\u0161taja u odnosu na isti period lane bele\u017ee pove\u0107anje izdavanja soba u iznosu od \u010dak 40 odsto.<br \/>\n<a href=\"http:\/\/www.visit-ulcinj.com\/blog\/wp-content\/uploads\/2011\/07\/Restoran-Teuta_Stari-grad-Ulcinj.jpg\"><img loading=\"lazy\" class=\"alignleft size-full wp-image-49435\" title=\"Restoran Teuta_Stari grad Ulcinj\" src=\"http:\/\/www.visit-ulcinj.com\/blog\/wp-content\/uploads\/2011\/07\/Restoran-Teuta_Stari-grad-Ulcinj.jpg\" alt=\"\" width=\"508\" height=\"330\" \/><\/a><\/p>\n<p><strong>Cijene u Ulcinju<\/strong><\/p>\n<p>Ako vas ovih dana put nanese u Ulcinj, u objektima kategorisanim sa dvije zvjezdice mo\u017eete na\u0107i krevet od sedam do 10 eura. Preno\u0107i\u0161te u nekim ulcinjskim hotelima sa dvije zvjezdice mo\u017ee se na\u0107i za 15 eura.<\/p>\n<p>Interesova\u0107e vas vjerovatno i druge cijene. Cijene jela i pi\u0107a su na nivou od pro\u0161le godine. Mala kafa u prosjeku ko\u0161ta jedan euro, a velika sa mlijekom 1,20, vo\u0107ni sokovi su u prosjeku 1,50 eura, a prosje\u010dna cijena mesnog menija u restoranima je od 6 do 10 eura. Riblji meni je ne\u0161to skuplji i u restoranima iznosi 10 do 20 eura po osobi.<\/p>\n<p><strong>Bezbjednost za svaku pohvalu<\/strong><\/p>\n<p>Iako samokriti\u010dki govori o mnogim negativnostima Gzim Hajdinaga ima \u0161ta da pohvali u svom gradu.<\/p>\n<p>&#8211; Bezbjednost nam je zaista za svaku pohvalu, kao i priliv turista. To najbolje potvr\u0111uje i \u010dinjenica da je na grani\u010dnom prelazu u Sukobinu na dana\u0161nji dan u odnosu na isti pro\u0161logodi\u0161nji bilo oko \u010detrdeset odsto vi\u0161e prolazaka. Raduje i \u0161to je sve vi\u0161e turista iz Njema\u010dke, Ma\u0111arske, Rusije, Poljske, Ukrajine, Srbije i sa Kosova, \u0161to turisti\u010dki radnici ve\u0107 tri godine pripremaju pravu sliku starog Ulcinja koja \u0107e privu\u0107i jo\u0161 vi\u0161e gostiju &#8211; ka\u017ee Hajdinaga.<\/p>\n<p>Malo u \u0161ali, vi\u0161e u zbilji, na Crnogorskom primorju ka\u017eu da su tu\u0111e nevolje spasle sezonu na ovom delu Jadrana. Veliki broj putnika iz Bosne i Hercegovine,Srbije, Makedonije, Rumunije,Polske, i drugih zemalja, umesto u Gr\u010dku, krenuo je na ju\u017eni Jadran.<br \/>\n<a href=\"http:\/\/www.visit-ulcinj.com\/blog\/wp-content\/uploads\/2011\/07\/Odmor-u-Crnu-Gori-Ljetovanje-u-Ulcinj-letovanje-Crna-GoraAda-Bojana.1.jpg\"><img loading=\"lazy\" class=\"alignleft size-full wp-image-49436\" title=\"Odmor u Crnu Gori - Ljetovanje u Ulcinj -letovanje, Crna Gora,Ada Bojana.1\" src=\"http:\/\/www.visit-ulcinj.com\/blog\/wp-content\/uploads\/2011\/07\/Odmor-u-Crnu-Gori-Ljetovanje-u-Ulcinj-letovanje-Crna-GoraAda-Bojana.1.jpg\" alt=\"\" width=\"508\" height=\"340\" \/><\/a><\/p>\n<p><strong>Sportska ponuda Ada Bojana<\/strong><\/p>\n<p>Sportska ponuda je vi\u0161e nego bogata. Jedna od nezaobilaznih atrakcija u ponudi Ade i prepoznatljiv simbol ovog letovali\u0161ta jeste jahanje konja. (sat vremena janjaha \u2013 10 eura.) Za sport i rekreaciju gosti hotela mogu koristiti teniske terene (sat sa rentiranjem opreme: 7 evra danju tj. 10 evra no\u0107u). U ponudi su tako\u0111e teren za mali fudbal, teren za odbojku koji se nalazi na samoj pla\u017ei kao i stolovi za stoni tenis.<\/p>\n<p>Ada Bojana je dugi niz godina \u201eprestonica\u201c surfera na Jadranu. Predve\u010de su i nebo i voda u\u0161\u0107a Bojane prekriveni jedrima i kajtovima.<\/p>\n<p>Pro\u0161le godine na Adi je ostvareno oko 24.000 no\u0107enja. Najve\u0107i broj no\u0107enja na Adi ostvarili su turisti iz Srbije \u2013 33% od ukupnog broja. Prema broju posetilaca i ostvarenog broja no\u0107enja slede gosti iz Nema\u010dke, \u010ce\u0161ke, Rusije, Slovenije, Slova\u010dke, Austrije\u2026 Poslednjih godina na Adi je zna\u010dajno porastao broj posetilaca iz Crne Gore i BiH.<\/p>\n<p><strong>VIDEO TV VIJESTI<\/strong><br \/>\n<!--YouTube Error: bad URL entered--><\/p>\n","protected":false},"excerpt":{"rendered":"<p>Ulcinj je ve\u0107 trideset dana pun turista.Prema najnovijim nezvanicnim statisti\u010dkim podacima, na Ulcinjskoj rivijeri odmara vi\u0161e od 60.000 turista. Od tog broja stranih je skoro 90 odsto, a vi\u0161e od polovine boravi u hotelima, kampovima i odmarali\u0161tima ali i u \u00a0privatnim smjestajem . Turisti\u010dki poslenici ovog grada ne raspola\u017eu podacima o broju neregistrovanih gostiju, ali [&hellip;]<\/p>\n","protected":false},"author":1,"featured_media":0,"comment_status":"open","ping_status":"closed","sticky":false,"template":"","format":"standard","meta":{"spay_email":"","jetpack_publicize_message":"","jetpack_is_tweetstorm":false,"jetpack_publicize_feature_enabled":true},"categories":[8337],"tags":[138,18740,18709,20,18751,1398,4597,14061,18753,11256,10343,18749,18062,14620,79,18712,18708,18706,18710,18707,17560,18705,17845,18754,11830,18750,18711,18752,11313,19,5241,200,18,265],"jetpack_publicize_connections":[],"yoast_head":"<!-- This site is optimized with the Yoast SEO plugin v19.1 - https:\/\/yoast.com\/wordpress\/plugins\/seo\/ -->\n<title>Odmor u Crnu Goru - Ljetovanje u Ulcinj - Crna Gora,Ada Bojana - Lajme nga Ulqini<\/title>\n<meta name=\"description\" content=\"Ulcinj je ve\u0107 trideset dana pun turista.Prema najnovijim nezvanicnim statisti\u010dkim podacima, na Ulcinjskoj rivijeri odmara vi\u0161e od 60.000 turista. Od tog\" \/>\n<meta name=\"robots\" content=\"index, follow, max-snippet:-1, max-image-preview:large, max-video-preview:-1\" \/>\n<link rel=\"canonical\" href=\"https:\/\/www.visit-ulcinj.com\/blog\/2011\/07\/23\/odmor-u-crnu-goru-ljetovanje-u-ulcinj-crna-goraada-bojana\/\" \/>\n<meta property=\"og:locale\" content=\"en_US\" \/>\n<meta property=\"og:type\" content=\"article\" \/>\n<meta property=\"og:title\" content=\"Odmor u Crnu Goru - Ljetovanje u Ulcinj - Crna Gora,Ada Bojana - Lajme nga Ulqini\" \/>\n<meta property=\"og:description\" content=\"Ulcinj je ve\u0107 trideset dana pun turista.Prema najnovijim nezvanicnim statisti\u010dkim podacima, na Ulcinjskoj rivijeri odmara vi\u0161e od 60.000 turista. Od tog\" \/>\n<meta property=\"og:url\" content=\"https:\/\/www.visit-ulcinj.com\/blog\/2011\/07\/23\/odmor-u-crnu-goru-ljetovanje-u-ulcinj-crna-goraada-bojana\/\" \/>\n<meta property=\"og:site_name\" content=\"Lajme nga Ulqini\" \/>\n<meta property=\"article:published_time\" content=\"2011-07-23T10:31:28+00:00\" \/>\n<meta property=\"article:modified_time\" content=\"2011-07-23T10:38:10+00:00\" \/>\n<meta property=\"og:image\" content=\"http:\/\/www.visit-ulcinj.com\/blog\/wp-content\/uploads\/2011\/07\/Odmor-u-Crnu-Gori-Ljetovanje-u-Ulcinj-Crna-GoraAda-Bojana.jpg\" \/>\n<meta name=\"twitter:label1\" content=\"Written by\" \/>\n\t<meta name=\"twitter:data1\" content=\"ulqini\" \/>\n\t<meta name=\"twitter:label2\" content=\"Est. reading time\" \/>\n\t<meta name=\"twitter:data2\" content=\"5 minutes\" \/>\n<script type=\"application\/ld+json\" class=\"yoast-schema-graph\">{\"@context\":\"https:\/\/schema.org\",\"@graph\":[{\"@type\":\"WebSite\",\"@id\":\"https:\/\/www.visit-ulcinj.com\/blog\/#website\",\"url\":\"https:\/\/www.visit-ulcinj.com\/blog\/\",\"name\":\"Lajme nga Ulqini\",\"description\":\"Lajme,Vijesti,Ulqini,Ulqin,Crna Gora,Mali i Zi\",\"potentialAction\":[{\"@type\":\"SearchAction\",\"target\":{\"@type\":\"EntryPoint\",\"urlTemplate\":\"https:\/\/www.visit-ulcinj.com\/blog\/?s={search_term_string}\"},\"query-input\":\"required name=search_term_string\"}],\"inLanguage\":\"en-US\"},{\"@type\":\"ImageObject\",\"inLanguage\":\"en-US\",\"@id\":\"https:\/\/www.visit-ulcinj.com\/blog\/2011\/07\/23\/odmor-u-crnu-goru-ljetovanje-u-ulcinj-crna-goraada-bojana\/#primaryimage\",\"url\":\"https:\/\/www.visit-ulcinj.com\/blog\/wp-content\/uploads\/2011\/07\/Odmor-u-Crnu-Gori-Ljetovanje-u-Ulcinj-Crna-GoraAda-Bojana.jpg\",\"contentUrl\":\"https:\/\/www.visit-ulcinj.com\/blog\/wp-content\/uploads\/2011\/07\/Odmor-u-Crnu-Gori-Ljetovanje-u-Ulcinj-Crna-GoraAda-Bojana.jpg\",\"width\":\"800\",\"height\":\"479\"},{\"@type\":\"WebPage\",\"@id\":\"https:\/\/www.visit-ulcinj.com\/blog\/2011\/07\/23\/odmor-u-crnu-goru-ljetovanje-u-ulcinj-crna-goraada-bojana\/#webpage\",\"url\":\"https:\/\/www.visit-ulcinj.com\/blog\/2011\/07\/23\/odmor-u-crnu-goru-ljetovanje-u-ulcinj-crna-goraada-bojana\/\",\"name\":\"Odmor u Crnu Goru - Ljetovanje u Ulcinj - Crna Gora,Ada Bojana - Lajme nga Ulqini\",\"isPartOf\":{\"@id\":\"https:\/\/www.visit-ulcinj.com\/blog\/#website\"},\"primaryImageOfPage\":{\"@id\":\"https:\/\/www.visit-ulcinj.com\/blog\/2011\/07\/23\/odmor-u-crnu-goru-ljetovanje-u-ulcinj-crna-goraada-bojana\/#primaryimage\"},\"datePublished\":\"2011-07-23T10:31:28+00:00\",\"dateModified\":\"2011-07-23T10:38:10+00:00\",\"author\":{\"@id\":\"https:\/\/www.visit-ulcinj.com\/blog\/#\/schema\/person\/dcab619c614d3038751c63bc2aadc06d\"},\"description\":\"Ulcinj je ve\u0107 trideset dana pun turista.Prema najnovijim nezvanicnim statisti\u010dkim podacima, na Ulcinjskoj rivijeri odmara vi\u0161e od 60.000 turista. Od tog\",\"breadcrumb\":{\"@id\":\"https:\/\/www.visit-ulcinj.com\/blog\/2011\/07\/23\/odmor-u-crnu-goru-ljetovanje-u-ulcinj-crna-goraada-bojana\/#breadcrumb\"},\"inLanguage\":\"en-US\",\"potentialAction\":[{\"@type\":\"ReadAction\",\"target\":[\"https:\/\/www.visit-ulcinj.com\/blog\/2011\/07\/23\/odmor-u-crnu-goru-ljetovanje-u-ulcinj-crna-goraada-bojana\/\"]}]},{\"@type\":\"BreadcrumbList\",\"@id\":\"https:\/\/www.visit-ulcinj.com\/blog\/2011\/07\/23\/odmor-u-crnu-goru-ljetovanje-u-ulcinj-crna-goraada-bojana\/#breadcrumb\",\"itemListElement\":[{\"@type\":\"ListItem\",\"position\":1,\"name\":\"Odmor u Crnu Goru &#8211; Ljetovanje u Ulcinj &#8211; Crna Gora,Ada Bojana\"}]},{\"@type\":\"Person\",\"@id\":\"https:\/\/www.visit-ulcinj.com\/blog\/#\/schema\/person\/dcab619c614d3038751c63bc2aadc06d\",\"name\":\"ulqini\",\"sameAs\":[\"http:\/\/www.visit-ulcinj.com\"],\"url\":\"https:\/\/www.visit-ulcinj.com\/blog\/author\/admin\/\"}]}<\/script>\n<!-- \/ Yoast SEO plugin. -->","yoast_head_json":{"title":"Odmor u Crnu Goru - Ljetovanje u Ulcinj - Crna Gora,Ada Bojana - Lajme nga Ulqini","description":"Ulcinj je ve\u0107 trideset dana pun turista.Prema najnovijim nezvanicnim statisti\u010dkim podacima, na Ulcinjskoj rivijeri odmara vi\u0161e od 60.000 turista. Od tog","robots":{"index":"index","follow":"follow","max-snippet":"max-snippet:-1","max-image-preview":"max-image-preview:large","max-video-preview":"max-video-preview:-1"},"canonical":"https:\/\/www.visit-ulcinj.com\/blog\/2011\/07\/23\/odmor-u-crnu-goru-ljetovanje-u-ulcinj-crna-goraada-bojana\/","og_locale":"en_US","og_type":"article","og_title":"Odmor u Crnu Goru - Ljetovanje u Ulcinj - Crna Gora,Ada Bojana - Lajme nga Ulqini","og_description":"Ulcinj je ve\u0107 trideset dana pun turista.Prema najnovijim nezvanicnim statisti\u010dkim podacima, na Ulcinjskoj rivijeri odmara vi\u0161e od 60.000 turista. Od tog","og_url":"https:\/\/www.visit-ulcinj.com\/blog\/2011\/07\/23\/odmor-u-crnu-goru-ljetovanje-u-ulcinj-crna-goraada-bojana\/","og_site_name":"Lajme nga Ulqini","article_published_time":"2011-07-23T10:31:28+00:00","article_modified_time":"2011-07-23T10:38:10+00:00","og_image":[{"url":"http:\/\/www.visit-ulcinj.com\/blog\/wp-content\/uploads\/2011\/07\/Odmor-u-Crnu-Gori-Ljetovanje-u-Ulcinj-Crna-GoraAda-Bojana.jpg"}],"twitter_misc":{"Written by":"ulqini","Est. reading time":"5 minutes"},"schema":{"@context":"https:\/\/schema.org","@graph":[{"@type":"WebSite","@id":"https:\/\/www.visit-ulcinj.com\/blog\/#website","url":"https:\/\/www.visit-ulcinj.com\/blog\/","name":"Lajme nga Ulqini","description":"Lajme,Vijesti,Ulqini,Ulqin,Crna Gora,Mali i Zi","potentialAction":[{"@type":"SearchAction","target":{"@type":"EntryPoint","urlTemplate":"https:\/\/www.visit-ulcinj.com\/blog\/?s={search_term_string}"},"query-input":"required name=search_term_string"}],"inLanguage":"en-US"},{"@type":"ImageObject","inLanguage":"en-US","@id":"https:\/\/www.visit-ulcinj.com\/blog\/2011\/07\/23\/odmor-u-crnu-goru-ljetovanje-u-ulcinj-crna-goraada-bojana\/#primaryimage","url":"https:\/\/www.visit-ulcinj.com\/blog\/wp-content\/uploads\/2011\/07\/Odmor-u-Crnu-Gori-Ljetovanje-u-Ulcinj-Crna-GoraAda-Bojana.jpg","contentUrl":"https:\/\/www.visit-ulcinj.com\/blog\/wp-content\/uploads\/2011\/07\/Odmor-u-Crnu-Gori-Ljetovanje-u-Ulcinj-Crna-GoraAda-Bojana.jpg","width":"800","height":"479"},{"@type":"WebPage","@id":"https:\/\/www.visit-ulcinj.com\/blog\/2011\/07\/23\/odmor-u-crnu-goru-ljetovanje-u-ulcinj-crna-goraada-bojana\/#webpage","url":"https:\/\/www.visit-ulcinj.com\/blog\/2011\/07\/23\/odmor-u-crnu-goru-ljetovanje-u-ulcinj-crna-goraada-bojana\/","name":"Odmor u Crnu Goru - Ljetovanje u Ulcinj - Crna Gora,Ada Bojana - Lajme nga Ulqini","isPartOf":{"@id":"https:\/\/www.visit-ulcinj.com\/blog\/#website"},"primaryImageOfPage":{"@id":"https:\/\/www.visit-ulcinj.com\/blog\/2011\/07\/23\/odmor-u-crnu-goru-ljetovanje-u-ulcinj-crna-goraada-bojana\/#primaryimage"},"datePublished":"2011-07-23T10:31:28+00:00","dateModified":"2011-07-23T10:38:10+00:00","author":{"@id":"https:\/\/www.visit-ulcinj.com\/blog\/#\/schema\/person\/dcab619c614d3038751c63bc2aadc06d"},"description":"Ulcinj je ve\u0107 trideset dana pun turista.Prema najnovijim nezvanicnim statisti\u010dkim podacima, na Ulcinjskoj rivijeri odmara vi\u0161e od 60.000 turista. Od tog","breadcrumb":{"@id":"https:\/\/www.visit-ulcinj.com\/blog\/2011\/07\/23\/odmor-u-crnu-goru-ljetovanje-u-ulcinj-crna-goraada-bojana\/#breadcrumb"},"inLanguage":"en-US","potentialAction":[{"@type":"ReadAction","target":["https:\/\/www.visit-ulcinj.com\/blog\/2011\/07\/23\/odmor-u-crnu-goru-ljetovanje-u-ulcinj-crna-goraada-bojana\/"]}]},{"@type":"BreadcrumbList","@id":"https:\/\/www.visit-ulcinj.com\/blog\/2011\/07\/23\/odmor-u-crnu-goru-ljetovanje-u-ulcinj-crna-goraada-bojana\/#breadcrumb","itemListElement":[{"@type":"ListItem","position":1,"name":"Odmor u Crnu Goru &#8211; Ljetovanje u Ulcinj &#8211; Crna Gora,Ada Bojana"}]},{"@type":"Person","@id":"https:\/\/www.visit-ulcinj.com\/blog\/#\/schema\/person\/dcab619c614d3038751c63bc2aadc06d","name":"ulqini","sameAs":["http:\/\/www.visit-ulcinj.com"],"url":"https:\/\/www.visit-ulcinj.com\/blog\/author\/admin\/"}]}},"jetpack_featured_media_url":"","jetpack_sharing_enabled":true,"jetpack_shortlink":"https:\/\/wp.me\/pe6lTn-cRh","_links":{"self":[{"href":"https:\/\/www.visit-ulcinj.com\/blog\/wp-json\/wp\/v2\/posts\/49431"}],"collection":[{"href":"https:\/\/www.visit-ulcinj.com\/blog\/wp-json\/wp\/v2\/posts"}],"about":[{"href":"https:\/\/www.visit-ulcinj.com\/blog\/wp-json\/wp\/v2\/types\/post"}],"author":[{"embeddable":true,"href":"https:\/\/www.visit-ulcinj.com\/blog\/wp-json\/wp\/v2\/users\/1"}],"replies":[{"embeddable":true,"href":"https:\/\/www.visit-ulcinj.com\/blog\/wp-json\/wp\/v2\/comments?post=49431"}],"version-history":[{"count":4,"href":"https:\/\/www.visit-ulcinj.com\/blog\/wp-json\/wp\/v2\/posts\/49431\/revisions"}],"predecessor-version":[{"id":49440,"href":"https:\/\/www.visit-ulcinj.com\/blog\/wp-json\/wp\/v2\/posts\/49431\/revisions\/49440"}],"wp:attachment":[{"href":"https:\/\/www.visit-ulcinj.com\/blog\/wp-json\/wp\/v2\/media?parent=49431"}],"wp:term":[{"taxonomy":"category","embeddable":true,"href":"https:\/\/www.visit-ulcinj.com\/blog\/wp-json\/wp\/v2\/categories?post=49431"},{"taxonomy":"post_tag","embeddable":true,"href":"https:\/\/www.visit-ulcinj.com\/blog\/wp-json\/wp\/v2\/tags?post=49431"}],"curies":[{"name":"wp","href":"https:\/\/api.w.org\/{rel}","templated":true}]}}