{"id":49447,"date":"2011-07-24T15:57:54","date_gmt":"2011-07-24T14:57:54","guid":{"rendered":"http:\/\/www.visit-ulcinj.com\/blog\/?p=49447"},"modified":"2011-07-24T16:01:58","modified_gmt":"2011-07-24T15:01:58","slug":"meda-kthehet-nga-ulqini-i-kenaqur","status":"publish","type":"post","link":"https:\/\/www.visit-ulcinj.com\/blog\/2011\/07\/24\/meda-kthehet-nga-ulqini-i-kenaqur\/","title":{"rendered":"Meda kthehet nga Ulqini i k\u00ebnaqur"},"content":{"rendered":"<p><strong><a href=\"http:\/\/www.visit-ulcinj.com\/blog\/wp-content\/uploads\/2011\/07\/Mehedin-P%C3%ABrgjegjaj_Meda_Ulqin.jpg\"><img loading=\"lazy\" class=\"alignleft size-full wp-image-49448\" title=\"Mehedin P\u00ebrgjegjaj_Meda_Ulqin\" src=\"http:\/\/www.visit-ulcinj.com\/blog\/wp-content\/uploads\/2011\/07\/Mehedin-P%C3%ABrgjegjaj_Meda_Ulqin.jpg\" alt=\"\" width=\"508\" height=\"380\" \/><\/a>Meda thyen rekorde edhe k\u00ebt\u00eb vit<\/strong><\/p>\n<p>K\u00ebng\u00ebtari i shum\u00ebk\u00ebrkuar Mehedin P\u00ebrgjegjaj Meda \u00ebsht\u00eb duke korrur suksese t\u00eb m\u00ebdha n\u00eb koncerte e mbr\u00ebmje muzikore. Ai sapo \u00ebsht\u00eb kthyer nga Ulqini ku ka pasur mbi 10 koncerte n\u00eb t\u00eb cilat thot\u00eb se \u00ebsht\u00eb ndjer\u00eb mjaft\u00eb i k\u00ebnaqur.<\/p>\n<p>\u201cK\u00ebt\u00eb sezon vere jam shum\u00eb i ngarkuar me koncerte e mbr\u00ebmje muzikore, sapo jam kthyer nga bregdeti i Ulqinit ku kam kaluar shum\u00eb mir\u00eb me adhuruesit e mi\u201d, ka th\u00ebn\u00eb ai p\u00ebr \u201cZ\u00ebri\u201d.<\/p>\n<p>Albumi q\u00eb lansoi gjat\u00eb k\u00ebtij muaji Med\u00ebs i solli mjaft\u00eb shum\u00eb sukses, ai vazhdon t\u00eb k\u00ebrkohet edhe n\u00eb shum\u00eb vende jasht\u00eb Kosov\u00ebs, n\u00eb t\u00eb cilat koncerte thot\u00eb se po interpreton k\u00ebng\u00ebt e reja t\u00eb albumit. Me gjith\u00eb angazhimet muzikore Meda nuk l\u00eb anash as hobin e tij ndaj sportit. Ai vazhdon ta drejtoj klubin futbollistik \u201cHajvalia\u201d.<\/p>\n<p>Mij\u00ebra eurot q\u00eb i fiton duke k\u00ebnduar, mes tjerash ai po i investon edhe n\u00eb sport. \u201cJam drejtor i klubit futbollistik \u2018Hajvalia\u2019 dhe bashk\u00eb me shokun tim Ragipin vazhdojm\u00eb ta mbajm\u00eb k\u00ebt\u00eb ekip\u201d, thot\u00eb ai. Krahas pun\u00ebs dhe angazhimeve t\u00eb m\u00ebdha n\u00eb profesion, Meda ka menduar t\u00eb b\u00ebj\u00eb edhe pak pushim.<\/p>\n<p>Me dat\u00ebn 21 gusht ai do t\u00eb udh\u00ebtoj drejt bregdetit t\u00eb Turqis\u00eb p\u00ebr t\u2019i kaluar disa dit\u00eb pushimi. \u201cNga puna e madhe q\u00eb kam, m\u00eb nevojitet edhe pushimi. Kemi vendosur bashk\u00eb me bashk\u00ebshorten dhe djalin tim Aldianin t\u2019i b\u00ebjm\u00eb disa dit\u00eb pushim n\u00eb Turqi\u201d, p\u00ebrfundon ai.<\/p>\n<p><strong>Z\u00ebri<\/strong><\/p>\n<!--YouTube Error: bad URL entered-->\n","protected":false},"excerpt":{"rendered":"<p>Meda thyen rekorde edhe k\u00ebt\u00eb vit K\u00ebng\u00ebtari i shum\u00ebk\u00ebrkuar Mehedin P\u00ebrgjegjaj Meda \u00ebsht\u00eb duke korrur suksese t\u00eb m\u00ebdha n\u00eb koncerte e mbr\u00ebmje muzikore. Ai sapo \u00ebsht\u00eb kthyer nga Ulqini ku ka pasur mbi 10 koncerte n\u00eb t\u00eb cilat thot\u00eb se \u00ebsht\u00eb ndjer\u00eb mjaft\u00eb i k\u00ebnaqur. \u201cK\u00ebt\u00eb sezon vere jam shum\u00eb i ngarkuar me koncerte e [&hellip;]<\/p>\n","protected":false},"author":1,"featured_media":0,"comment_status":"open","ping_status":"closed","sticky":false,"template":"","format":"standard","meta":{"spay_email":"","jetpack_publicize_message":"","jetpack_is_tweetstorm":false,"jetpack_publicize_feature_enabled":true},"categories":[1],"tags":[18755,200,18],"jetpack_publicize_connections":[],"yoast_head":"<!-- This site is optimized with the Yoast SEO plugin v19.1 - https:\/\/yoast.com\/wordpress\/plugins\/seo\/ -->\n<title>Meda kthehet nga Ulqini i k\u00ebnaqur - Lajme nga Ulqini<\/title>\n<meta name=\"description\" content=\"Meda thyen rekorde edhe k\u00ebt\u00eb vit K\u00ebng\u00ebtari i shum\u00ebk\u00ebrkuar Mehedin P\u00ebrgjegjaj Meda \u00ebsht\u00eb duke korrur suksese t\u00eb m\u00ebdha n\u00eb koncerte e mbr\u00ebmje muzikore. Ai\" \/>\n<meta name=\"robots\" content=\"index, follow, max-snippet:-1, max-image-preview:large, max-video-preview:-1\" \/>\n<link rel=\"canonical\" href=\"https:\/\/www.visit-ulcinj.com\/blog\/2011\/07\/24\/meda-kthehet-nga-ulqini-i-kenaqur\/\" \/>\n<meta property=\"og:locale\" content=\"en_US\" \/>\n<meta property=\"og:type\" content=\"article\" \/>\n<meta property=\"og:title\" content=\"Meda kthehet nga Ulqini i k\u00ebnaqur - Lajme nga Ulqini\" \/>\n<meta property=\"og:description\" content=\"Meda thyen rekorde edhe k\u00ebt\u00eb vit K\u00ebng\u00ebtari i shum\u00ebk\u00ebrkuar Mehedin P\u00ebrgjegjaj Meda \u00ebsht\u00eb duke korrur suksese t\u00eb m\u00ebdha n\u00eb koncerte e mbr\u00ebmje muzikore. Ai\" \/>\n<meta property=\"og:url\" content=\"https:\/\/www.visit-ulcinj.com\/blog\/2011\/07\/24\/meda-kthehet-nga-ulqini-i-kenaqur\/\" \/>\n<meta property=\"og:site_name\" content=\"Lajme nga Ulqini\" \/>\n<meta property=\"article:published_time\" content=\"2011-07-24T14:57:54+00:00\" \/>\n<meta property=\"article:modified_time\" content=\"2011-07-24T15:01:58+00:00\" \/>\n<meta property=\"og:image\" content=\"http:\/\/www.visit-ulcinj.com\/blog\/wp-content\/uploads\/2011\/07\/Mehedin-P%C3%ABrgjegjaj_Meda_Ulqin.jpg\" \/>\n<meta name=\"twitter:label1\" content=\"Written by\" \/>\n\t<meta name=\"twitter:data1\" content=\"ulqini\" \/>\n\t<meta name=\"twitter:label2\" content=\"Est. reading time\" \/>\n\t<meta name=\"twitter:data2\" content=\"1 minute\" \/>\n<script type=\"application\/ld+json\" class=\"yoast-schema-graph\">{\"@context\":\"https:\/\/schema.org\",\"@graph\":[{\"@type\":\"WebSite\",\"@id\":\"https:\/\/www.visit-ulcinj.com\/blog\/#website\",\"url\":\"https:\/\/www.visit-ulcinj.com\/blog\/\",\"name\":\"Lajme nga Ulqini\",\"description\":\"Lajme,Vijesti,Ulqini,Ulqin,Crna Gora,Mali i Zi\",\"potentialAction\":[{\"@type\":\"SearchAction\",\"target\":{\"@type\":\"EntryPoint\",\"urlTemplate\":\"https:\/\/www.visit-ulcinj.com\/blog\/?s={search_term_string}\"},\"query-input\":\"required name=search_term_string\"}],\"inLanguage\":\"en-US\"},{\"@type\":\"ImageObject\",\"inLanguage\":\"en-US\",\"@id\":\"https:\/\/www.visit-ulcinj.com\/blog\/2011\/07\/24\/meda-kthehet-nga-ulqini-i-kenaqur\/#primaryimage\",\"url\":\"http:\/\/www.visit-ulcinj.com\/blog\/wp-content\/uploads\/2011\/07\/Mehedin-P%C3%ABrgjegjaj_Meda_Ulqin.jpg\",\"contentUrl\":\"http:\/\/www.visit-ulcinj.com\/blog\/wp-content\/uploads\/2011\/07\/Mehedin-P%C3%ABrgjegjaj_Meda_Ulqin.jpg\"},{\"@type\":\"WebPage\",\"@id\":\"https:\/\/www.visit-ulcinj.com\/blog\/2011\/07\/24\/meda-kthehet-nga-ulqini-i-kenaqur\/#webpage\",\"url\":\"https:\/\/www.visit-ulcinj.com\/blog\/2011\/07\/24\/meda-kthehet-nga-ulqini-i-kenaqur\/\",\"name\":\"Meda kthehet nga Ulqini i k\u00ebnaqur - Lajme nga Ulqini\",\"isPartOf\":{\"@id\":\"https:\/\/www.visit-ulcinj.com\/blog\/#website\"},\"primaryImageOfPage\":{\"@id\":\"https:\/\/www.visit-ulcinj.com\/blog\/2011\/07\/24\/meda-kthehet-nga-ulqini-i-kenaqur\/#primaryimage\"},\"datePublished\":\"2011-07-24T14:57:54+00:00\",\"dateModified\":\"2011-07-24T15:01:58+00:00\",\"author\":{\"@id\":\"https:\/\/www.visit-ulcinj.com\/blog\/#\/schema\/person\/dcab619c614d3038751c63bc2aadc06d\"},\"description\":\"Meda thyen rekorde edhe k\u00ebt\u00eb vit K\u00ebng\u00ebtari i shum\u00ebk\u00ebrkuar Mehedin P\u00ebrgjegjaj Meda \u00ebsht\u00eb duke korrur suksese t\u00eb m\u00ebdha n\u00eb koncerte e mbr\u00ebmje muzikore. Ai\",\"breadcrumb\":{\"@id\":\"https:\/\/www.visit-ulcinj.com\/blog\/2011\/07\/24\/meda-kthehet-nga-ulqini-i-kenaqur\/#breadcrumb\"},\"inLanguage\":\"en-US\",\"potentialAction\":[{\"@type\":\"ReadAction\",\"target\":[\"https:\/\/www.visit-ulcinj.com\/blog\/2011\/07\/24\/meda-kthehet-nga-ulqini-i-kenaqur\/\"]}]},{\"@type\":\"BreadcrumbList\",\"@id\":\"https:\/\/www.visit-ulcinj.com\/blog\/2011\/07\/24\/meda-kthehet-nga-ulqini-i-kenaqur\/#breadcrumb\",\"itemListElement\":[{\"@type\":\"ListItem\",\"position\":1,\"name\":\"Meda kthehet nga Ulqini i k\u00ebnaqur\"}]},{\"@type\":\"Person\",\"@id\":\"https:\/\/www.visit-ulcinj.com\/blog\/#\/schema\/person\/dcab619c614d3038751c63bc2aadc06d\",\"name\":\"ulqini\",\"sameAs\":[\"http:\/\/www.visit-ulcinj.com\"],\"url\":\"https:\/\/www.visit-ulcinj.com\/blog\/author\/admin\/\"}]}<\/script>\n<!-- \/ Yoast SEO plugin. -->","yoast_head_json":{"title":"Meda kthehet nga Ulqini i k\u00ebnaqur - Lajme nga Ulqini","description":"Meda thyen rekorde edhe k\u00ebt\u00eb vit K\u00ebng\u00ebtari i shum\u00ebk\u00ebrkuar Mehedin P\u00ebrgjegjaj Meda \u00ebsht\u00eb duke korrur suksese t\u00eb m\u00ebdha n\u00eb koncerte e mbr\u00ebmje muzikore. Ai","robots":{"index":"index","follow":"follow","max-snippet":"max-snippet:-1","max-image-preview":"max-image-preview:large","max-video-preview":"max-video-preview:-1"},"canonical":"https:\/\/www.visit-ulcinj.com\/blog\/2011\/07\/24\/meda-kthehet-nga-ulqini-i-kenaqur\/","og_locale":"en_US","og_type":"article","og_title":"Meda kthehet nga Ulqini i k\u00ebnaqur - Lajme nga Ulqini","og_description":"Meda thyen rekorde edhe k\u00ebt\u00eb vit K\u00ebng\u00ebtari i shum\u00ebk\u00ebrkuar Mehedin P\u00ebrgjegjaj Meda \u00ebsht\u00eb duke korrur suksese t\u00eb m\u00ebdha n\u00eb koncerte e mbr\u00ebmje muzikore. Ai","og_url":"https:\/\/www.visit-ulcinj.com\/blog\/2011\/07\/24\/meda-kthehet-nga-ulqini-i-kenaqur\/","og_site_name":"Lajme nga Ulqini","article_published_time":"2011-07-24T14:57:54+00:00","article_modified_time":"2011-07-24T15:01:58+00:00","og_image":[{"url":"http:\/\/www.visit-ulcinj.com\/blog\/wp-content\/uploads\/2011\/07\/Mehedin-P%C3%ABrgjegjaj_Meda_Ulqin.jpg"}],"twitter_misc":{"Written by":"ulqini","Est. reading time":"1 minute"},"schema":{"@context":"https:\/\/schema.org","@graph":[{"@type":"WebSite","@id":"https:\/\/www.visit-ulcinj.com\/blog\/#website","url":"https:\/\/www.visit-ulcinj.com\/blog\/","name":"Lajme nga Ulqini","description":"Lajme,Vijesti,Ulqini,Ulqin,Crna Gora,Mali i Zi","potentialAction":[{"@type":"SearchAction","target":{"@type":"EntryPoint","urlTemplate":"https:\/\/www.visit-ulcinj.com\/blog\/?s={search_term_string}"},"query-input":"required name=search_term_string"}],"inLanguage":"en-US"},{"@type":"ImageObject","inLanguage":"en-US","@id":"https:\/\/www.visit-ulcinj.com\/blog\/2011\/07\/24\/meda-kthehet-nga-ulqini-i-kenaqur\/#primaryimage","url":"http:\/\/www.visit-ulcinj.com\/blog\/wp-content\/uploads\/2011\/07\/Mehedin-P%C3%ABrgjegjaj_Meda_Ulqin.jpg","contentUrl":"http:\/\/www.visit-ulcinj.com\/blog\/wp-content\/uploads\/2011\/07\/Mehedin-P%C3%ABrgjegjaj_Meda_Ulqin.jpg"},{"@type":"WebPage","@id":"https:\/\/www.visit-ulcinj.com\/blog\/2011\/07\/24\/meda-kthehet-nga-ulqini-i-kenaqur\/#webpage","url":"https:\/\/www.visit-ulcinj.com\/blog\/2011\/07\/24\/meda-kthehet-nga-ulqini-i-kenaqur\/","name":"Meda kthehet nga Ulqini i k\u00ebnaqur - Lajme nga Ulqini","isPartOf":{"@id":"https:\/\/www.visit-ulcinj.com\/blog\/#website"},"primaryImageOfPage":{"@id":"https:\/\/www.visit-ulcinj.com\/blog\/2011\/07\/24\/meda-kthehet-nga-ulqini-i-kenaqur\/#primaryimage"},"datePublished":"2011-07-24T14:57:54+00:00","dateModified":"2011-07-24T15:01:58+00:00","author":{"@id":"https:\/\/www.visit-ulcinj.com\/blog\/#\/schema\/person\/dcab619c614d3038751c63bc2aadc06d"},"description":"Meda thyen rekorde edhe k\u00ebt\u00eb vit K\u00ebng\u00ebtari i shum\u00ebk\u00ebrkuar Mehedin P\u00ebrgjegjaj Meda \u00ebsht\u00eb duke korrur suksese t\u00eb m\u00ebdha n\u00eb koncerte e mbr\u00ebmje muzikore. Ai","breadcrumb":{"@id":"https:\/\/www.visit-ulcinj.com\/blog\/2011\/07\/24\/meda-kthehet-nga-ulqini-i-kenaqur\/#breadcrumb"},"inLanguage":"en-US","potentialAction":[{"@type":"ReadAction","target":["https:\/\/www.visit-ulcinj.com\/blog\/2011\/07\/24\/meda-kthehet-nga-ulqini-i-kenaqur\/"]}]},{"@type":"BreadcrumbList","@id":"https:\/\/www.visit-ulcinj.com\/blog\/2011\/07\/24\/meda-kthehet-nga-ulqini-i-kenaqur\/#breadcrumb","itemListElement":[{"@type":"ListItem","position":1,"name":"Meda kthehet nga Ulqini i k\u00ebnaqur"}]},{"@type":"Person","@id":"https:\/\/www.visit-ulcinj.com\/blog\/#\/schema\/person\/dcab619c614d3038751c63bc2aadc06d","name":"ulqini","sameAs":["http:\/\/www.visit-ulcinj.com"],"url":"https:\/\/www.visit-ulcinj.com\/blog\/author\/admin\/"}]}},"jetpack_featured_media_url":"","jetpack_sharing_enabled":true,"jetpack_shortlink":"https:\/\/wp.me\/pe6lTn-cRx","_links":{"self":[{"href":"https:\/\/www.visit-ulcinj.com\/blog\/wp-json\/wp\/v2\/posts\/49447"}],"collection":[{"href":"https:\/\/www.visit-ulcinj.com\/blog\/wp-json\/wp\/v2\/posts"}],"about":[{"href":"https:\/\/www.visit-ulcinj.com\/blog\/wp-json\/wp\/v2\/types\/post"}],"author":[{"embeddable":true,"href":"https:\/\/www.visit-ulcinj.com\/blog\/wp-json\/wp\/v2\/users\/1"}],"replies":[{"embeddable":true,"href":"https:\/\/www.visit-ulcinj.com\/blog\/wp-json\/wp\/v2\/comments?post=49447"}],"version-history":[{"count":4,"href":"https:\/\/www.visit-ulcinj.com\/blog\/wp-json\/wp\/v2\/posts\/49447\/revisions"}],"predecessor-version":[{"id":49452,"href":"https:\/\/www.visit-ulcinj.com\/blog\/wp-json\/wp\/v2\/posts\/49447\/revisions\/49452"}],"wp:attachment":[{"href":"https:\/\/www.visit-ulcinj.com\/blog\/wp-json\/wp\/v2\/media?parent=49447"}],"wp:term":[{"taxonomy":"category","embeddable":true,"href":"https:\/\/www.visit-ulcinj.com\/blog\/wp-json\/wp\/v2\/categories?post=49447"},{"taxonomy":"post_tag","embeddable":true,"href":"https:\/\/www.visit-ulcinj.com\/blog\/wp-json\/wp\/v2\/tags?post=49447"}],"curies":[{"name":"wp","href":"https:\/\/api.w.org\/{rel}","templated":true}]}}