{"id":49456,"date":"2011-07-24T16:54:20","date_gmt":"2011-07-24T15:54:20","guid":{"rendered":"http:\/\/www.visit-ulcinj.com\/blog\/?p=49456"},"modified":"2011-07-24T16:54:20","modified_gmt":"2011-07-24T15:54:20","slug":"elvana-gjata-pushimet-do-ti-kaloj-me-familjen-lidhja-me-florin-no-comment","status":"publish","type":"post","link":"https:\/\/www.visit-ulcinj.com\/blog\/2011\/07\/24\/elvana-gjata-pushimet-do-ti-kaloj-me-familjen-lidhja-me-florin-no-comment\/","title":{"rendered":"Elvana Gjata: Pushimet do ti kaloj me familjen, lidhja me Florin? No comment"},"content":{"rendered":"<p><a href=\"http:\/\/www.visit-ulcinj.com\/blog\/wp-content\/uploads\/2011\/07\/Elvana-Gjata.jpg\"><img loading=\"lazy\" class=\"alignleft size-large wp-image-49457\" title=\"Elvana Gjata\" src=\"http:\/\/www.visit-ulcinj.com\/blog\/wp-content\/uploads\/2011\/07\/Elvana-Gjata-1024x300.jpg\" alt=\"\" width=\"508\" height=\"300\" \/><\/a>Elvana Gjata nuk e ka komentuar lajmin e mediave roz\u00eb p\u00ebr nj\u00eb lidhje t\u00eb saj me Flori Mumajesin. Ajo thot\u00eb se pushimet e ver\u00ebs do ti kaloj\u00eb me familjen\u2026<br \/>\n<strong>Dim\u00eb q\u00eb klipin e fundit e ke realizuar n\u00eb Santorini, pse kjo zgjedhje?<\/strong><br \/>\nDuke qen\u00eb se klipi \u201cVetes\u201d la nj\u00eb shije shum\u00eb t\u00eb mir\u00eb, gjithashtu u b\u00eb nj\u00eb trend edhe p\u00ebr shum\u00eb artist\u00eb t\u00eb tjer\u00eb shqiptar\u00eb, menduam t\u00eb sillnim s\u00ebrish nj\u00eb risi t\u00eb radh\u00ebs, por me p\u00ebrmasa dhe dimensione m\u00eb t\u00eb m\u00ebdha k\u00ebt\u00eb her\u00eb. Klipin<br \/>\nia besuam nj\u00eb produksioni shqiptar, i cili \u00ebsht\u00eb \u201cPro Video\u201dt\u00eb cil\u00ebt b\u00ebn\u00eb nj\u00eb pun\u00eb shum\u00eb t\u00eb mir\u00eb.<br \/>\n<strong><a href=\"http:\/\/www.visit-ulcinj.com\/blog\/wp-content\/uploads\/2011\/07\/Elvana-Gjata.1.jpg\"><img loading=\"lazy\" class=\"alignleft size-full wp-image-49458\" title=\"Elvana Gjata.1\" src=\"http:\/\/www.visit-ulcinj.com\/blog\/wp-content\/uploads\/2011\/07\/Elvana-Gjata.1.jpg\" alt=\"\" width=\"508\" height=\"171\" \/><\/a>\u00c7fare rryme \u00ebsht\u00eb k\u00ebnga, kush e ka b\u00ebr\u00eb dhe p\u00ebr \u00e7far\u00eb flet ajo?<\/strong><br \/>\n\u00cbsht\u00eb house, s\u00ebrish nga Flori. K\u00ebnga titullohet \u201cAf\u00ebr dhe larg\u201d, flet p\u00ebr perjetime, ndjesin\u00eb e t\u00eb pasurit dhe mos pasur dik\u00eb pran\u00eb, t\u00eb nj\u00eb emocioni<br \/>\napo ndjenje q\u00eb fillon dhe mbaron aty ku nis. Santorini \u00ebsht\u00eb vendi ku \u00e7ifti n\u00eb<br \/>\nk\u00ebng\u00eb kan\u00eb kaluar pushime bashk\u00eb. Mbasi kjo dashuri ka p\u00ebrfunduar, personazhi fem\u00ebr zgjedh q\u00eb t\u00eb kaloj\u00eb disa dit\u00eb pushime vet\u00ebm, pa te, n\u00eb t\u00eb nj\u00ebjtin vend. Zgjodh\u00ebm Santorinin pasi \u00ebsht\u00eb nj\u00eb nga vendet m\u00eb romantike n\u00eb bot\u00eb dhe duke e vendosur personazhin fem\u00ebr t\u00eb vetme n\u00eb nj\u00eb vend t\u00eb till\u00eb, menduam q\u00eb kjo do ta b\u00ebj\u00eb edhe m\u00eb emocionuese historin\u00eb. Nuk kemi dashur t\u00eb vendosim r\u00ebndom\u00eb nj\u00eb mashkull n\u00eb klip. Menduam q\u00eb n\u00eb nj\u00eb sekuenc\u00eb t\u00eb shihet vet\u00ebm silueta e tij.<br \/>\n<strong>A mendon se kjo k\u00ebng\u00eb do t\u00eb b\u00ebhet nj\u00eb hit vere ashtu si shum\u00eb k\u00ebng\u00eb t\u00eb tjera t\u00eb tuat q\u00eb dalin kryesisht n\u00eb stin\u00ebn e nxeht\u00eb?<\/strong><br \/>\nMendoj se nuk do t\u00eb jet\u00eb thjesht\u00eb nj\u00eb hit sezonal por \u00ebsht\u00eb nga ato k\u00ebng\u00eb q\u00eb di i rezistoj\u00eb koh\u00ebs.<br \/>\n<strong>Sa e r\u00ebnd\u00ebsishme ka qen\u00eb p\u00ebr ty veshja e klipit me element\u00eb sensualiteti q\u00eb i do kjo stin\u00eb, pra me fjal\u00eb t\u00eb tjera a do t\u00eb shohim nj\u00eb Elvana shum\u00eb seksi n\u00eb k\u00ebt\u00eb klip?<\/strong><br \/>\nNuk kam dashur t\u00eb dal nga kornizat e atmoster\u00ebs s\u00eb klipit, k\u00ebshtu q\u00eb edhe k\u00ebt\u00eb<br \/>\nher\u00eb kam dashur t\u00eb jap nj\u00eb imazh sa m\u00eb origjinal, nj\u00eb fem\u00ebr sensuale, e brisht\u00eb ..Jam kujdesur p\u00ebr \u00e7do detaj , gjithashtu dhe p\u00ebr veshjen, make up artist zgjodha s\u00ebrish Artur Mu\u00e7\u00ebn.<br \/>\n<strong>P\u00ebr ta mbyllur me pyetjet p\u00ebr klipin, nj\u00eb kuriozitet, sa ka kushtuar ai dhe kur do ta shohim n\u00eb ekranet tona?<\/strong><br \/>\n\u00cbsht\u00eb investuar shum\u00eb n\u00eb k\u00ebt\u00eb klip. Mund t\u00eb them q\u00eb \u00ebsht\u00eb nj\u00eb nga klipet e mija m\u00eb t\u00eb kushtueshme,ndoshta edhe n\u00eb Shqip\u00ebri.<br \/>\n<strong><a href=\"http:\/\/www.visit-ulcinj.com\/blog\/wp-content\/uploads\/2011\/07\/Elvana-Gjata-NE-PUSHIME-ME-FLORIN.jpg\"><img loading=\"lazy\" class=\"alignleft size-full wp-image-49459\" title=\"Elvana Gjata NE PUSHIME ME FLORIN\" src=\"http:\/\/www.visit-ulcinj.com\/blog\/wp-content\/uploads\/2011\/07\/Elvana-Gjata-NE-PUSHIME-ME-FLORIN.jpg\" alt=\"\" width=\"244\" height=\"437\" \/><\/a>Dim\u00eb q\u00eb vera \u00ebsht\u00eb shum\u00eb impenjative p\u00ebr ty edhe p\u00ebr koncerte. Ku e ke<\/strong><br \/>\n<strong>p\u00ebrqendruar m\u00eb s\u00eb shumti aktivitetin t\u00ebnd k\u00ebto koh\u00eb?<\/strong><br \/>\nN\u00eb Shqip\u00ebri, Kosov\u00eb, Maqedoni dhe Mal t\u00eb Zi. K\u00ebt\u00eb vit shikoj nj\u00eb rritje t\u00eb<br \/>\nndjeshme t\u00eb cil\u00ebsis\u00eb s\u00eb organizimeve t\u00eb koncerteve n\u00eb Shqip\u00ebri, me nj\u00eb frym\u00eb europiane dhe m\u00eb vjen v\u00ebrtet mir\u00eb p\u00ebr k\u00ebt\u00eb.<br \/>\n<strong>Pushime k\u00ebt\u00eb ver\u00eb ke planifikuar, ku dhe me k\u00eb?<\/strong><br \/>\nMe familjen padiskutim si \u00e7do vit. Vendin se kemi vendosur ende por mendojm\u00eb diku n\u00eb jug.<br \/>\n<strong>Mediat t\u00eb kan\u00eb quajtur shum\u00eb hermetike kur vjen puna p\u00ebr t\u00eb folur p\u00ebr jet\u00ebn private nd\u00ebrkoh\u00eb q\u00eb tek gazeta jon\u00eb ke folur hapur p\u00ebr lidhjen t\u00ebnde disa vje\u00e7are me Gertin. Nd\u00ebrkoh\u00eb thuhet se kjo lidhje tashm\u00eb ka p\u00ebrfunduar dhe je lidhur me Florin\u2026.<\/strong><br \/>\nT\u00eb them t\u00eb drejt\u00ebn jam lodhur duke shpjeguar jet\u00ebn time private, mardh\u00ebnien time me Florin q\u00eb e kam st\u00ebr th\u00ebn\u00eb n\u00ebp\u00ebr media t\u00eb ndryshme. Jam<br \/>\nduke punuar kaq fort, me kaq shum\u00eb dashuri dhe energji k\u00ebto koh\u00eb sa nuk dua<br \/>\nti jap r\u00ebnd\u00ebsi k\u00ebsaj pjese sepse nuk b\u00ebn gj\u00eb tjet\u00ebr ve\u00e7se t\u00ebrheq v\u00ebmendjen kot.<br \/>\nPres q\u00eb t\u00eb lan\u00e7oj 5 klipe k\u00ebt\u00eb vit, albumi q\u00eb punohet prej 3 vjetesh \u00ebsht\u00eb gati dhe do t\u00eb dali n\u00eb fund t\u00eb muajit, nuk dua q\u00eb nj\u00eb pun\u00eb kaq e madhe t\u00eb zbehet duke p\u00ebrfolur jet\u00ebn time private.<\/p>\n<p><strong>LajmiFundit<\/strong><\/p>\n<!--YouTube Error: bad URL entered-->\n","protected":false},"excerpt":{"rendered":"<p>Elvana Gjata nuk e ka komentuar lajmin e mediave roz\u00eb p\u00ebr nj\u00eb lidhje t\u00eb saj me Flori Mumajesin. Ajo thot\u00eb se pushimet e ver\u00ebs do ti kaloj\u00eb me familjen\u2026 Dim\u00eb q\u00eb klipin e fundit e ke realizuar n\u00eb Santorini, pse kjo zgjedhje? Duke qen\u00eb se klipi \u201cVetes\u201d la nj\u00eb shije shum\u00eb t\u00eb mir\u00eb, gjithashtu u [&hellip;]<\/p>\n","protected":false},"author":1,"featured_media":0,"comment_status":"open","ping_status":"closed","sticky":false,"template":"","format":"standard","meta":{"spay_email":"","jetpack_publicize_message":"","jetpack_is_tweetstorm":false,"jetpack_publicize_feature_enabled":true},"categories":[1],"tags":[7760,6624,16179],"jetpack_publicize_connections":[],"yoast_head":"<!-- This site is optimized with the Yoast SEO plugin v19.1 - https:\/\/yoast.com\/wordpress\/plugins\/seo\/ -->\n<title>Elvana Gjata: Pushimet do ti kaloj me familjen, lidhja me Florin? No comment - Lajme nga Ulqini<\/title>\n<meta name=\"description\" content=\"Elvana Gjata nuk e ka komentuar lajmin e mediave roz\u00eb p\u00ebr nj\u00eb lidhje t\u00eb saj me Flori Mumajesin. Ajo thot\u00eb se pushimet e ver\u00ebs do ti kaloj\u00eb me familjen\u2026\" \/>\n<meta name=\"robots\" content=\"index, follow, max-snippet:-1, max-image-preview:large, max-video-preview:-1\" \/>\n<link rel=\"canonical\" href=\"https:\/\/www.visit-ulcinj.com\/blog\/2011\/07\/24\/elvana-gjata-pushimet-do-ti-kaloj-me-familjen-lidhja-me-florin-no-comment\/\" \/>\n<meta property=\"og:locale\" content=\"en_US\" \/>\n<meta property=\"og:type\" content=\"article\" \/>\n<meta property=\"og:title\" content=\"Elvana Gjata: Pushimet do ti kaloj me familjen, lidhja me Florin? No comment - Lajme nga Ulqini\" \/>\n<meta property=\"og:description\" content=\"Elvana Gjata nuk e ka komentuar lajmin e mediave roz\u00eb p\u00ebr nj\u00eb lidhje t\u00eb saj me Flori Mumajesin. Ajo thot\u00eb se pushimet e ver\u00ebs do ti kaloj\u00eb me familjen\u2026\" \/>\n<meta property=\"og:url\" content=\"https:\/\/www.visit-ulcinj.com\/blog\/2011\/07\/24\/elvana-gjata-pushimet-do-ti-kaloj-me-familjen-lidhja-me-florin-no-comment\/\" \/>\n<meta property=\"og:site_name\" content=\"Lajme nga Ulqini\" \/>\n<meta property=\"article:published_time\" content=\"2011-07-24T15:54:20+00:00\" \/>\n<meta property=\"og:image\" content=\"http:\/\/www.visit-ulcinj.com\/blog\/wp-content\/uploads\/2011\/07\/Elvana-Gjata-1024x300.jpg\" \/>\n<meta name=\"twitter:label1\" content=\"Written by\" \/>\n\t<meta name=\"twitter:data1\" content=\"ulqini\" \/>\n\t<meta name=\"twitter:label2\" content=\"Est. reading time\" \/>\n\t<meta name=\"twitter:data2\" content=\"4 minutes\" \/>\n<script type=\"application\/ld+json\" class=\"yoast-schema-graph\">{\"@context\":\"https:\/\/schema.org\",\"@graph\":[{\"@type\":\"WebSite\",\"@id\":\"https:\/\/www.visit-ulcinj.com\/blog\/#website\",\"url\":\"https:\/\/www.visit-ulcinj.com\/blog\/\",\"name\":\"Lajme nga Ulqini\",\"description\":\"Lajme,Vijesti,Ulqini,Ulqin,Crna Gora,Mali i Zi\",\"potentialAction\":[{\"@type\":\"SearchAction\",\"target\":{\"@type\":\"EntryPoint\",\"urlTemplate\":\"https:\/\/www.visit-ulcinj.com\/blog\/?s={search_term_string}\"},\"query-input\":\"required name=search_term_string\"}],\"inLanguage\":\"en-US\"},{\"@type\":\"ImageObject\",\"inLanguage\":\"en-US\",\"@id\":\"https:\/\/www.visit-ulcinj.com\/blog\/2011\/07\/24\/elvana-gjata-pushimet-do-ti-kaloj-me-familjen-lidhja-me-florin-no-comment\/#primaryimage\",\"url\":\"http:\/\/www.visit-ulcinj.com\/blog\/wp-content\/uploads\/2011\/07\/Elvana-Gjata-1024x300.jpg\",\"contentUrl\":\"http:\/\/www.visit-ulcinj.com\/blog\/wp-content\/uploads\/2011\/07\/Elvana-Gjata-1024x300.jpg\"},{\"@type\":\"WebPage\",\"@id\":\"https:\/\/www.visit-ulcinj.com\/blog\/2011\/07\/24\/elvana-gjata-pushimet-do-ti-kaloj-me-familjen-lidhja-me-florin-no-comment\/#webpage\",\"url\":\"https:\/\/www.visit-ulcinj.com\/blog\/2011\/07\/24\/elvana-gjata-pushimet-do-ti-kaloj-me-familjen-lidhja-me-florin-no-comment\/\",\"name\":\"Elvana Gjata: Pushimet do ti kaloj me familjen, lidhja me Florin? No comment - Lajme nga Ulqini\",\"isPartOf\":{\"@id\":\"https:\/\/www.visit-ulcinj.com\/blog\/#website\"},\"primaryImageOfPage\":{\"@id\":\"https:\/\/www.visit-ulcinj.com\/blog\/2011\/07\/24\/elvana-gjata-pushimet-do-ti-kaloj-me-familjen-lidhja-me-florin-no-comment\/#primaryimage\"},\"datePublished\":\"2011-07-24T15:54:20+00:00\",\"dateModified\":\"2011-07-24T15:54:20+00:00\",\"author\":{\"@id\":\"https:\/\/www.visit-ulcinj.com\/blog\/#\/schema\/person\/dcab619c614d3038751c63bc2aadc06d\"},\"description\":\"Elvana Gjata nuk e ka komentuar lajmin e mediave roz\u00eb p\u00ebr nj\u00eb lidhje t\u00eb saj me Flori Mumajesin. Ajo thot\u00eb se pushimet e ver\u00ebs do ti kaloj\u00eb me familjen\u2026\",\"breadcrumb\":{\"@id\":\"https:\/\/www.visit-ulcinj.com\/blog\/2011\/07\/24\/elvana-gjata-pushimet-do-ti-kaloj-me-familjen-lidhja-me-florin-no-comment\/#breadcrumb\"},\"inLanguage\":\"en-US\",\"potentialAction\":[{\"@type\":\"ReadAction\",\"target\":[\"https:\/\/www.visit-ulcinj.com\/blog\/2011\/07\/24\/elvana-gjata-pushimet-do-ti-kaloj-me-familjen-lidhja-me-florin-no-comment\/\"]}]},{\"@type\":\"BreadcrumbList\",\"@id\":\"https:\/\/www.visit-ulcinj.com\/blog\/2011\/07\/24\/elvana-gjata-pushimet-do-ti-kaloj-me-familjen-lidhja-me-florin-no-comment\/#breadcrumb\",\"itemListElement\":[{\"@type\":\"ListItem\",\"position\":1,\"name\":\"Elvana Gjata: Pushimet do ti kaloj me familjen, lidhja me Florin? No comment\"}]},{\"@type\":\"Person\",\"@id\":\"https:\/\/www.visit-ulcinj.com\/blog\/#\/schema\/person\/dcab619c614d3038751c63bc2aadc06d\",\"name\":\"ulqini\",\"sameAs\":[\"http:\/\/www.visit-ulcinj.com\"],\"url\":\"https:\/\/www.visit-ulcinj.com\/blog\/author\/admin\/\"}]}<\/script>\n<!-- \/ Yoast SEO plugin. -->","yoast_head_json":{"title":"Elvana Gjata: Pushimet do ti kaloj me familjen, lidhja me Florin? No comment - Lajme nga Ulqini","description":"Elvana Gjata nuk e ka komentuar lajmin e mediave roz\u00eb p\u00ebr nj\u00eb lidhje t\u00eb saj me Flori Mumajesin. Ajo thot\u00eb se pushimet e ver\u00ebs do ti kaloj\u00eb me familjen\u2026","robots":{"index":"index","follow":"follow","max-snippet":"max-snippet:-1","max-image-preview":"max-image-preview:large","max-video-preview":"max-video-preview:-1"},"canonical":"https:\/\/www.visit-ulcinj.com\/blog\/2011\/07\/24\/elvana-gjata-pushimet-do-ti-kaloj-me-familjen-lidhja-me-florin-no-comment\/","og_locale":"en_US","og_type":"article","og_title":"Elvana Gjata: Pushimet do ti kaloj me familjen, lidhja me Florin? No comment - Lajme nga Ulqini","og_description":"Elvana Gjata nuk e ka komentuar lajmin e mediave roz\u00eb p\u00ebr nj\u00eb lidhje t\u00eb saj me Flori Mumajesin. Ajo thot\u00eb se pushimet e ver\u00ebs do ti kaloj\u00eb me familjen\u2026","og_url":"https:\/\/www.visit-ulcinj.com\/blog\/2011\/07\/24\/elvana-gjata-pushimet-do-ti-kaloj-me-familjen-lidhja-me-florin-no-comment\/","og_site_name":"Lajme nga Ulqini","article_published_time":"2011-07-24T15:54:20+00:00","og_image":[{"url":"http:\/\/www.visit-ulcinj.com\/blog\/wp-content\/uploads\/2011\/07\/Elvana-Gjata-1024x300.jpg"}],"twitter_misc":{"Written by":"ulqini","Est. reading time":"4 minutes"},"schema":{"@context":"https:\/\/schema.org","@graph":[{"@type":"WebSite","@id":"https:\/\/www.visit-ulcinj.com\/blog\/#website","url":"https:\/\/www.visit-ulcinj.com\/blog\/","name":"Lajme nga Ulqini","description":"Lajme,Vijesti,Ulqini,Ulqin,Crna Gora,Mali i Zi","potentialAction":[{"@type":"SearchAction","target":{"@type":"EntryPoint","urlTemplate":"https:\/\/www.visit-ulcinj.com\/blog\/?s={search_term_string}"},"query-input":"required name=search_term_string"}],"inLanguage":"en-US"},{"@type":"ImageObject","inLanguage":"en-US","@id":"https:\/\/www.visit-ulcinj.com\/blog\/2011\/07\/24\/elvana-gjata-pushimet-do-ti-kaloj-me-familjen-lidhja-me-florin-no-comment\/#primaryimage","url":"http:\/\/www.visit-ulcinj.com\/blog\/wp-content\/uploads\/2011\/07\/Elvana-Gjata-1024x300.jpg","contentUrl":"http:\/\/www.visit-ulcinj.com\/blog\/wp-content\/uploads\/2011\/07\/Elvana-Gjata-1024x300.jpg"},{"@type":"WebPage","@id":"https:\/\/www.visit-ulcinj.com\/blog\/2011\/07\/24\/elvana-gjata-pushimet-do-ti-kaloj-me-familjen-lidhja-me-florin-no-comment\/#webpage","url":"https:\/\/www.visit-ulcinj.com\/blog\/2011\/07\/24\/elvana-gjata-pushimet-do-ti-kaloj-me-familjen-lidhja-me-florin-no-comment\/","name":"Elvana Gjata: Pushimet do ti kaloj me familjen, lidhja me Florin? No comment - Lajme nga Ulqini","isPartOf":{"@id":"https:\/\/www.visit-ulcinj.com\/blog\/#website"},"primaryImageOfPage":{"@id":"https:\/\/www.visit-ulcinj.com\/blog\/2011\/07\/24\/elvana-gjata-pushimet-do-ti-kaloj-me-familjen-lidhja-me-florin-no-comment\/#primaryimage"},"datePublished":"2011-07-24T15:54:20+00:00","dateModified":"2011-07-24T15:54:20+00:00","author":{"@id":"https:\/\/www.visit-ulcinj.com\/blog\/#\/schema\/person\/dcab619c614d3038751c63bc2aadc06d"},"description":"Elvana Gjata nuk e ka komentuar lajmin e mediave roz\u00eb p\u00ebr nj\u00eb lidhje t\u00eb saj me Flori Mumajesin. Ajo thot\u00eb se pushimet e ver\u00ebs do ti kaloj\u00eb me familjen\u2026","breadcrumb":{"@id":"https:\/\/www.visit-ulcinj.com\/blog\/2011\/07\/24\/elvana-gjata-pushimet-do-ti-kaloj-me-familjen-lidhja-me-florin-no-comment\/#breadcrumb"},"inLanguage":"en-US","potentialAction":[{"@type":"ReadAction","target":["https:\/\/www.visit-ulcinj.com\/blog\/2011\/07\/24\/elvana-gjata-pushimet-do-ti-kaloj-me-familjen-lidhja-me-florin-no-comment\/"]}]},{"@type":"BreadcrumbList","@id":"https:\/\/www.visit-ulcinj.com\/blog\/2011\/07\/24\/elvana-gjata-pushimet-do-ti-kaloj-me-familjen-lidhja-me-florin-no-comment\/#breadcrumb","itemListElement":[{"@type":"ListItem","position":1,"name":"Elvana Gjata: Pushimet do ti kaloj me familjen, lidhja me Florin? No comment"}]},{"@type":"Person","@id":"https:\/\/www.visit-ulcinj.com\/blog\/#\/schema\/person\/dcab619c614d3038751c63bc2aadc06d","name":"ulqini","sameAs":["http:\/\/www.visit-ulcinj.com"],"url":"https:\/\/www.visit-ulcinj.com\/blog\/author\/admin\/"}]}},"jetpack_featured_media_url":"","jetpack_sharing_enabled":true,"jetpack_shortlink":"https:\/\/wp.me\/pe6lTn-cRG","_links":{"self":[{"href":"https:\/\/www.visit-ulcinj.com\/blog\/wp-json\/wp\/v2\/posts\/49456"}],"collection":[{"href":"https:\/\/www.visit-ulcinj.com\/blog\/wp-json\/wp\/v2\/posts"}],"about":[{"href":"https:\/\/www.visit-ulcinj.com\/blog\/wp-json\/wp\/v2\/types\/post"}],"author":[{"embeddable":true,"href":"https:\/\/www.visit-ulcinj.com\/blog\/wp-json\/wp\/v2\/users\/1"}],"replies":[{"embeddable":true,"href":"https:\/\/www.visit-ulcinj.com\/blog\/wp-json\/wp\/v2\/comments?post=49456"}],"version-history":[{"count":1,"href":"https:\/\/www.visit-ulcinj.com\/blog\/wp-json\/wp\/v2\/posts\/49456\/revisions"}],"predecessor-version":[{"id":49460,"href":"https:\/\/www.visit-ulcinj.com\/blog\/wp-json\/wp\/v2\/posts\/49456\/revisions\/49460"}],"wp:attachment":[{"href":"https:\/\/www.visit-ulcinj.com\/blog\/wp-json\/wp\/v2\/media?parent=49456"}],"wp:term":[{"taxonomy":"category","embeddable":true,"href":"https:\/\/www.visit-ulcinj.com\/blog\/wp-json\/wp\/v2\/categories?post=49456"},{"taxonomy":"post_tag","embeddable":true,"href":"https:\/\/www.visit-ulcinj.com\/blog\/wp-json\/wp\/v2\/tags?post=49456"}],"curies":[{"name":"wp","href":"https:\/\/api.w.org\/{rel}","templated":true}]}}