{"id":49492,"date":"2011-07-25T15:48:41","date_gmt":"2011-07-25T14:48:41","guid":{"rendered":"http:\/\/www.visit-ulcinj.com\/blog\/?p=49492"},"modified":"2011-07-25T15:50:34","modified_gmt":"2011-07-25T14:50:34","slug":"forca-kumtese-diskriminim-nacional-ne-fushen-e-punesimit","status":"publish","type":"post","link":"https:\/\/www.visit-ulcinj.com\/blog\/2011\/07\/25\/forca-kumtese-diskriminim-nacional-ne-fushen-e-punesimit\/","title":{"rendered":"Forca: KUMTES\u00cb, Diskriminim nacional  n\u00eb fush\u00ebn e  pun\u00ebsimit"},"content":{"rendered":"<p><a href=\"http:\/\/www.visit-ulcinj.com\/blog\/wp-content\/uploads\/2011\/07\/Forca-e-re-demokratike-_logo.png\"><img loading=\"lazy\" class=\"size-full wp-image-49493  alignleft\" title=\"Forca e re demokratike _logo\" src=\"http:\/\/www.visit-ulcinj.com\/blog\/wp-content\/uploads\/2011\/07\/Forca-e-re-demokratike-_logo.png\" alt=\"\" width=\"508\" height=\"200\" \/><\/a><\/p>\n<p align=\"right\">Ulqin, 25.7.2011<br \/>\nNr. 130\u00a0 \/11<\/p>\n<p>KUMTES\u00cb, D<strong>iskriminim nacional \u00a0n\u00eb fush\u00ebn e\u00a0 pun\u00ebsimit <\/strong><\/p>\n<p>Paraqitja e t\u00eb dh\u00ebnave n\u00eb lidhje me struktur\u00ebn nacionale te t\u00eb pun\u00ebsuarve n\u00eb administart\u00ebn publike n\u00eb Mal t\u00eb Zi, jav\u00ebn e kaluar d\u00ebshmoj ate q\u00eb dihej m\u00eb her\u00ebt se k\u00ebtu kemi disproporcion t\u00eb lart\u00eb n\u00eb fush\u00ebn e pun\u00ebsimit sipas struktur\u00ebs nacionale t\u00eb popullsis\u00eb.E dh\u00ebna se n\u00eb adminsitrat\u00ebn publike shtet\u00ebrore n\u00eb nivel qendror dhe lokal nga 13.900 sa jan\u00eb gjithsej t\u00eb pun\u00ebsuar 10.985 apo rreth 80% jan\u00eb t\u00eb deklaruar malazez nd\u00ebrsa \u00a020% jan\u00eb pjes\u00ebtar\u00ebt e popujve t\u00eb tjer\u00eb n\u00eb Mal t\u00eb Zi(8.6% serb, 4.14% boshnjak\u00eb,2.8%shqiptar\u00eb, 2.39% musliman\u00eb, 0.89% kroat dhe 1 individ i p\u00ebrkat\u00ebsis\u00eb rome), \u00a0d\u00ebshmon se kemi diskriminim nacional me rastin e pun\u00ebsimit.<\/p>\n<p>T\u00eb dh\u00ebnat e publikuara jan\u00eb realizuar nga Ministria e t\u00eb drejtave t\u00eb njeriut dhe t\u00eb pakicave dhe si t\u00eb tilla b\u00ebh\u00ebt me dije nuk jan\u00eb t\u00eb plota sepse disa subjekte shtet\u00ebrore dhe komuna nuk iu jan\u00eb p\u00ebrgjigjur pozitivisht p\u00ebr t\u00eb dh\u00ebn\u00eb p\u00ebrgjigjet e k\u00ebrkuara.Por, megjithate k\u00ebto t\u00eb dh\u00ebna \u00a0jan\u00eb t\u00eb mjaftueshme p\u00ebr t\u00eb d\u00ebshmuar pabarazin\u00eb praktike n\u00eb fush\u00ebn e pun\u00ebsimit sipas struktur\u00ebs nacionale t\u00eb popullsis\u00eb.<\/p>\n<p>N\u00eb saj\u00eb t\u00eb analiz\u00ebs del qart\u00eb se n\u00eb disa subjekte jan\u00eb t\u00eb pun\u00ebsuar vet\u00ebm me pjes\u00ebtar\u00ebt e nj\u00eb kombi ku k\u00ebtu primatin e kan\u00eb malazez\u00ebt, nd\u00ebrsa t\u00eb tjer\u00ebt jan\u00eb t\u00eb p\u00ebrfaq\u00ebsuar n\u00eb m\u00ebnyr\u00eb simbolike, q\u00eb nuk p\u00ebrkon me p\u00ebrfaq\u00ebsimin propocional n\u00eb kuad\u00ebr t\u00eb popullsis\u00eb s\u00eb p\u00ebrgjithshme n\u00eb Mal t\u00eb Zi.<\/p>\n<p>Nga publikimi i t\u00eb dh\u00ebnave del qart\u00eb konstatimi se Mal i Zi <em>nuk ka asgj\u00eb t\u00eb p\u00ebrbashk\u00ebt\u00a0 me konceptin e shtetit qytetar\u00eb, por ate ekslkuziv nacional<\/em> dhe s\u00eb dyti t\u00eb pun\u00ebsuarit i takojn\u00eb partive n\u00eb\u00a0 pushtet, nga del se <em>nuk merren parasysh referencat profesionale por eksluzivisht ato politike.<\/em><\/p>\n<p>T\u00eb dh\u00ebnat e publikuara meritojn\u00eb nj\u00eb analiz\u00eb detale se si ka mund\u00ebsi q\u00eb pjes\u00ebmarrja e malazez\u00ebve t\u00eb jet\u00eb aq e lart\u00eb\u00a0 nd\u00ebrsa e serbeve si populli i dyt\u00eb n\u00eb Mal t\u00eb Zi ku marrin pjes\u00eb me 1\/3 e popullsis\u00eb s\u00eb p\u00ebrgjithshme\u00a0 t\u00eb jet\u00eb shum\u00eb e ult\u00eb\u00a0 apo th\u00ebn\u00eb m\u00eb s\u00eb buti me p\u00ebrfaq\u00ebsim simbolik. Nd\u00ebrsa t\u00eb dh\u00ebnat p\u00ebr pun\u00ebsimin e pjes\u00ebtar\u00ebve t\u00eb popullit shqiptar\u00eb\u00a0 i marrim me rezerv\u00eb sepse mungojn\u00eb t\u00eb dh\u00ebnat p\u00ebr disa subjekte shtet\u00ebrore, kurse t\u00eb dh\u00ebnat nga komuna e Ulqinit ku shqiptar\u00ebt p\u00ebrbejn\u00eb shumic\u00ebn d\u00ebrmuese, e rrisijn p\u00ebrqndjen e t\u00eb pun\u00ebsuarve n\u00eb nivelin shtet\u00ebror\u00eb, edhe pse b\u00ebhet fjal\u00eb vet\u00ebm p\u00ebr pun\u00ebsimin n\u00eb insitucione lokale\u00a0 e p\u00ebr k\u00ebt\u00eb arsye mendojm\u00eb se k\u00ebt\u00eb t\u00eb dh\u00ebna nuk paraqesijn gjendjen reale.<strong> <\/strong><\/p>\n<p>Publikimi i t\u00eb dh\u00ebnave demaskon\u00a0 propaganden e pushtetit p\u00ebr gjoja p\u00ebrfaq\u00ebsimin proporcional n\u00eb fush\u00ebn e pun\u00ebsimit, ku duhet ve\u00e7uar <strong>Sekretariatin gjeneral t\u00eb Qeveris\u00eb<\/strong> dhe te <strong>Kryetarit t\u00eb shtetit<\/strong> \u00a0ku jan\u00eb t\u00eb pun\u00ebsuar vet\u00ebm pjes\u00ebtar\u00eb t\u00eb kombit malazez, d\u00ebshmon n\u00eb m\u00ebnyr\u00eb transparente se ketu kemi t\u00eb b\u00ebjm\u00eb me shtetin nacional, e jo ate qytetar. Kur k\u00ebshtu veprohet n\u00eb k\u00ebto instuticione q\u00eb duhet t\u00eb jen\u00eb sh\u00ebmbull praktik i nj\u00eb shteti multinacional dhe multikulturor, d\u00ebshmon se ekziston munges\u00eb e vullnetit politik p\u00ebr ndryshime cil\u00ebsore. Nga kjo del se sintagma multinacionale \u00ebsht\u00eb term i konsumuar dhe paraqet demagogji politike q\u00eb \u00ebsht\u00eb demantuar me k\u00ebto t\u00eb dh\u00ebna p\u00ebr t\u00eb par\u00ebn her\u00eb n\u00eb Mal t\u00eb Zi.<\/p>\n<p><em>\u00a0Pasi kemi t\u00eb b\u00ebjm\u00eb m\u00eb nj\u00eb \u00e7\u00ebshtje serioze e cila k\u00ebrkon zgjidhje p\u00ebr t\u00eb eliminuar pabarazin\u00eb praktike t\u00eb pun\u00ebsimit n\u00eb baza nacionale, ne i <\/em><\/p>\n<p><strong>Propozojm\u00eb<\/strong><\/p>\n<p>Qeveris\u00eb q\u00eb t\u00eb hartoj\u00eb program t\u00eb ve\u00e7ant\u00eb p\u00ebr pun\u00ebsimin e pjes\u00ebtar\u00ebve t\u00eb popujve pakic\u00eb apo pakicave nacionale n\u00eb administrat\u00eb ne nivel\u00a0 shtet\u00ebror apo lokal p\u00ebr eleminuar k\u00ebt\u00eb diskriminim i cili nuk \u00ebsht\u00eb n\u00eb favor t\u00eb barazis\u00eb nacionale dhe qytetare n\u00eb nj\u00eb mjedis multinacional sikurse \u00ebsht\u00eb Mali i Zi. Si parti parlamentare dhe subjekt me vizion p\u00ebr zhvillimin ekonomik q\u00eb \u00ebsht\u00eb i pasqyruar n\u00eb programin ton\u00eb, ne jemi t\u00eb gatsh\u00ebm t\u00eb japim kontributin ton\u00eb p\u00ebr t\u00eb eliminuar k\u00ebto \u00e7\u00ebshtje, q\u00eb do t\u00eb jen\u00eb n\u00eb favor t\u00eb barazis\u00eb qytetare dhe nacionale n\u00eb Mal t\u00eb Zi.<\/p>\n<p><strong>\u00a0Sh\u00ebrbimi p\u00ebr informim Forca<\/strong><\/p>\n<p><strong>\u00a0<\/strong><\/p>\n","protected":false},"excerpt":{"rendered":"<p>Ulqin, 25.7.2011 Nr. 130\u00a0 \/11 KUMTES\u00cb, Diskriminim nacional \u00a0n\u00eb fush\u00ebn e\u00a0 pun\u00ebsimit Paraqitja e t\u00eb dh\u00ebnave n\u00eb lidhje me struktur\u00ebn nacionale te t\u00eb pun\u00ebsuarve n\u00eb administart\u00ebn publike n\u00eb Mal t\u00eb Zi, jav\u00ebn e kaluar d\u00ebshmoj ate q\u00eb dihej m\u00eb her\u00ebt se k\u00ebtu kemi disproporcion t\u00eb lart\u00eb n\u00eb fush\u00ebn e pun\u00ebsimit sipas struktur\u00ebs nacionale t\u00eb popullsis\u00eb.E [&hellip;]<\/p>\n","protected":false},"author":1,"featured_media":0,"comment_status":"open","ping_status":"closed","sticky":false,"template":"","format":"standard","meta":{"spay_email":"","jetpack_publicize_message":"","jetpack_is_tweetstorm":false,"jetpack_publicize_feature_enabled":true},"categories":[6],"tags":[117,672,4663,200,18],"jetpack_publicize_connections":[],"yoast_head":"<!-- This site is optimized with the Yoast SEO plugin v19.1 - https:\/\/yoast.com\/wordpress\/plugins\/seo\/ -->\n<title>Forca: KUMTES\u00cb, Diskriminim nacional n\u00eb fush\u00ebn e pun\u00ebsimit - Lajme nga Ulqini<\/title>\n<meta name=\"description\" content=\"Ulqin, 25.7.2011 Nr. 130\u00a0 \/11 KUMTES\u00cb, Diskriminim nacional \u00a0n\u00eb fush\u00ebn e\u00a0 pun\u00ebsimit Paraqitja e t\u00eb dh\u00ebnave n\u00eb lidhje me struktur\u00ebn nacionale te t\u00eb\" \/>\n<meta name=\"robots\" content=\"index, follow, max-snippet:-1, max-image-preview:large, max-video-preview:-1\" \/>\n<link rel=\"canonical\" href=\"https:\/\/www.visit-ulcinj.com\/blog\/2011\/07\/25\/forca-kumtese-diskriminim-nacional-ne-fushen-e-punesimit\/\" \/>\n<meta property=\"og:locale\" content=\"en_US\" \/>\n<meta property=\"og:type\" content=\"article\" \/>\n<meta property=\"og:title\" content=\"Forca: KUMTES\u00cb, Diskriminim nacional n\u00eb fush\u00ebn e pun\u00ebsimit - Lajme nga Ulqini\" \/>\n<meta property=\"og:description\" content=\"Ulqin, 25.7.2011 Nr. 130\u00a0 \/11 KUMTES\u00cb, Diskriminim nacional \u00a0n\u00eb fush\u00ebn e\u00a0 pun\u00ebsimit Paraqitja e t\u00eb dh\u00ebnave n\u00eb lidhje me struktur\u00ebn nacionale te t\u00eb\" \/>\n<meta property=\"og:url\" content=\"https:\/\/www.visit-ulcinj.com\/blog\/2011\/07\/25\/forca-kumtese-diskriminim-nacional-ne-fushen-e-punesimit\/\" \/>\n<meta property=\"og:site_name\" content=\"Lajme nga Ulqini\" \/>\n<meta property=\"article:published_time\" content=\"2011-07-25T14:48:41+00:00\" \/>\n<meta property=\"article:modified_time\" content=\"2011-07-25T14:50:34+00:00\" \/>\n<meta property=\"og:image\" content=\"http:\/\/www.visit-ulcinj.com\/blog\/wp-content\/uploads\/2011\/07\/Forca-e-re-demokratike-_logo.png\" \/>\n<meta name=\"twitter:label1\" content=\"Written by\" \/>\n\t<meta name=\"twitter:data1\" content=\"ulqini\" \/>\n\t<meta name=\"twitter:label2\" content=\"Est. reading time\" \/>\n\t<meta name=\"twitter:data2\" content=\"4 minutes\" \/>\n<script type=\"application\/ld+json\" class=\"yoast-schema-graph\">{\"@context\":\"https:\/\/schema.org\",\"@graph\":[{\"@type\":\"WebSite\",\"@id\":\"https:\/\/www.visit-ulcinj.com\/blog\/#website\",\"url\":\"https:\/\/www.visit-ulcinj.com\/blog\/\",\"name\":\"Lajme nga Ulqini\",\"description\":\"Lajme,Vijesti,Ulqini,Ulqin,Crna Gora,Mali i Zi\",\"potentialAction\":[{\"@type\":\"SearchAction\",\"target\":{\"@type\":\"EntryPoint\",\"urlTemplate\":\"https:\/\/www.visit-ulcinj.com\/blog\/?s={search_term_string}\"},\"query-input\":\"required name=search_term_string\"}],\"inLanguage\":\"en-US\"},{\"@type\":\"ImageObject\",\"inLanguage\":\"en-US\",\"@id\":\"https:\/\/www.visit-ulcinj.com\/blog\/2011\/07\/25\/forca-kumtese-diskriminim-nacional-ne-fushen-e-punesimit\/#primaryimage\",\"url\":\"https:\/\/www.visit-ulcinj.com\/blog\/wp-content\/uploads\/2011\/07\/Forca-e-re-demokratike-_logo.png\",\"contentUrl\":\"https:\/\/www.visit-ulcinj.com\/blog\/wp-content\/uploads\/2011\/07\/Forca-e-re-demokratike-_logo.png\",\"width\":\"890\",\"height\":\"240\",\"caption\":\"Ulqin, 25.7.2011 Nr. 130 \/11 KUMTES\u00cb, Diskriminim nacional n\u00eb fush\u00ebn e pun\u00ebsimit Paraqitja e t\u00eb dh\u00ebnave n\u00eb lidhje me struktur\u00ebn nacionale te t\u00eb pun\u00ebsuarve n\u00eb administart\u00ebn publike n\u00eb Mal t\u00eb Zi, jav\u00ebn e kaluar d\u00ebshmoj ate q\u00eb dihej m\u00eb her\u00ebt se k\u00ebtu kemi disproporcion t\u00eb lart\u00eb n\u00eb fush\u00ebn e pun\u00ebsimit sipas struktur\u00ebs nacionale t\u00eb popullsis\u00eb.E dh\u00ebna se n\u00eb adminsitrat\u00ebn publike shtet\u00ebrore n\u00eb nivel qendror dhe lokal nga 13.900 sa jan\u00eb gjithsej t\u00eb pun\u00ebsuar 10.985 apo rreth 80% jan\u00eb t\u00eb deklaruar malazez nd\u00ebrsa 20% jan\u00eb pjes\u00ebtar\u00ebt e popujve t\u00eb tjer\u00eb n\u00eb Mal t\u00eb Zi(8.6% serb, 4.14% boshnjak\u00eb,2.8%shqiptar\u00eb, 2.39% musliman\u00eb, 0.89% kroat dhe 1 individ i p\u00ebrkat\u00ebsis\u00eb rome), d\u00ebshmon se kemi diskriminim nacional me rastin e pun\u00ebsimit. T\u00eb dh\u00ebnat e publikuara jan\u00eb realizuar nga Ministria e t\u00eb drejtave t\u00eb njeriut dhe t\u00eb pakicave dhe si t\u00eb tilla b\u00ebh\u00ebt me dije nuk jan\u00eb t\u00eb plota sepse disa subjekte shtet\u00ebrore dhe komuna nuk iu jan\u00eb p\u00ebrgjigjur pozitivisht p\u00ebr t\u00eb dh\u00ebn\u00eb p\u00ebrgjigjet e k\u00ebrkuara.Por, megjithate k\u00ebto t\u00eb dh\u00ebna jan\u00eb t\u00eb mjaftueshme p\u00ebr t\u00eb d\u00ebshmuar pabarazin\u00eb praktike n\u00eb fush\u00ebn e pun\u00ebsimit sipas struktur\u00ebs nacionale t\u00eb popullsis\u00eb. N\u00eb saj\u00eb t\u00eb analiz\u00ebs del qart\u00eb se n\u00eb disa subjekte jan\u00eb t\u00eb pun\u00ebsuar vet\u00ebm me pjes\u00ebtar\u00ebt e nj\u00eb kombi ku k\u00ebtu primatin e kan\u00eb malazez\u00ebt, nd\u00ebrsa t\u00eb tjer\u00ebt jan\u00eb t\u00eb p\u00ebrfaq\u00ebsuar n\u00eb m\u00ebnyr\u00eb simbolike, q\u00eb nuk p\u00ebrkon me p\u00ebrfaq\u00ebsimin propocional n\u00eb kuad\u00ebr t\u00eb popullsis\u00eb s\u00eb p\u00ebrgjithshme n\u00eb Mal t\u00eb Zi. Nga publikimi i t\u00eb dh\u00ebnave del qart\u00eb konstatimi se Mal i Zi nuk ka asgj\u00eb t\u00eb p\u00ebrbashk\u00ebt me konceptin e shtetit qytetar\u00eb, por ate ekslkuziv nacional dhe s\u00eb dyti t\u00eb pun\u00ebsuarit i takojn\u00eb partive n\u00eb pushtet, nga del se nuk merren parasysh referencat profesionale por eksluzivisht ato politike. T\u00eb dh\u00ebnat e publikuara meritojn\u00eb nj\u00eb analiz\u00eb detale se si ka mund\u00ebsi q\u00eb pjes\u00ebmarrja e malazez\u00ebve t\u00eb jet\u00eb aq e lart\u00eb nd\u00ebrsa e serbeve si populli i dyt\u00eb n\u00eb Mal t\u00eb Zi ku marrin pjes\u00eb me 1\/3 e popullsis\u00eb s\u00eb p\u00ebrgjithshme t\u00eb jet\u00eb shum\u00eb e ult\u00eb apo th\u00ebn\u00eb m\u00eb s\u00eb buti me p\u00ebrfaq\u00ebsim simbolik. Nd\u00ebrsa t\u00eb dh\u00ebnat p\u00ebr pun\u00ebsimin e pjes\u00ebtar\u00ebve t\u00eb popullit shqiptar\u00eb i marrim me rezerv\u00eb sepse mungojn\u00eb t\u00eb dh\u00ebnat p\u00ebr disa subjekte shtet\u00ebrore, kurse t\u00eb dh\u00ebnat nga komuna e Ulqinit ku shqiptar\u00ebt p\u00ebrbejn\u00eb shumic\u00ebn d\u00ebrmuese, e rrisijn p\u00ebrqndjen e t\u00eb pun\u00ebsuarve n\u00eb nivelin shtet\u00ebror\u00eb, edhe pse b\u00ebhet fjal\u00eb vet\u00ebm p\u00ebr pun\u00ebsimin n\u00eb insitucione lokale e p\u00ebr k\u00ebt\u00eb arsye mendojm\u00eb se k\u00ebt\u00eb t\u00eb dh\u00ebna nuk paraqesijn gjendjen reale. Publikimi i t\u00eb dh\u00ebnave demaskon propaganden e pushtetit p\u00ebr gjoja p\u00ebrfaq\u00ebsimin proporcional n\u00eb fush\u00ebn e pun\u00ebsimit, ku duhet ve\u00e7uar Sekretariatin gjeneral t\u00eb Qeveris\u00eb dhe te Kryetarit t\u00eb shtetit ku jan\u00eb t\u00eb pun\u00ebsuar vet\u00ebm pjes\u00ebtar\u00eb t\u00eb kombit malazez, d\u00ebshmon n\u00eb m\u00ebnyr\u00eb transparente se ketu kemi t\u00eb b\u00ebjm\u00eb me shtetin nacional, e jo ate qytetar. Kur k\u00ebshtu veprohet n\u00eb k\u00ebto instuticione q\u00eb duhet t\u00eb jen\u00eb sh\u00ebmbull praktik i nj\u00eb shteti multinacional dhe multikulturor, d\u00ebshmon se ekziston munges\u00eb e vullnetit politik p\u00ebr ndryshime cil\u00ebsore. Nga kjo del se sintagma multinacionale \u00ebsht\u00eb term i konsumuar dhe paraqet demagogji politike q\u00eb \u00ebsht\u00eb demantuar me k\u00ebto t\u00eb dh\u00ebna p\u00ebr t\u00eb par\u00ebn her\u00eb n\u00eb Mal t\u00eb Zi. Pasi kemi t\u00eb b\u00ebjm\u00eb m\u00eb nj\u00eb \u00e7\u00ebshtje serioze e cila k\u00ebrkon zgjidhje p\u00ebr t\u00eb eliminuar pabarazin\u00eb praktike t\u00eb pun\u00ebsimit n\u00eb baza nacionale, ne i Propozojm\u00eb Qeveris\u00eb q\u00eb t\u00eb hartoj\u00eb program t\u00eb ve\u00e7ant\u00eb p\u00ebr pun\u00ebsimin e pjes\u00ebtar\u00ebve t\u00eb popujve pakic\u00eb apo pakicave nacionale n\u00eb administrat\u00eb ne nivel shtet\u00ebror apo lokal p\u00ebr eleminuar k\u00ebt\u00eb diskriminim i cili nuk \u00ebsht\u00eb n\u00eb favor t\u00eb barazis\u00eb nacionale dhe qytetare n\u00eb nj\u00eb mjedis multinacional sikurse \u00ebsht\u00eb Mali i Zi. Si parti parlamentare dhe subjekt me vizion p\u00ebr zhvillimin ekonomik q\u00eb \u00ebsht\u00eb i pasqyruar n\u00eb programin ton\u00eb, ne jemi t\u00eb gatsh\u00ebm t\u00eb japim kontributin ton\u00eb p\u00ebr t\u00eb eliminuar k\u00ebto \u00e7\u00ebshtje, q\u00eb do t\u00eb jen\u00eb n\u00eb favor t\u00eb barazis\u00eb qytetare dhe nacionale n\u00eb Mal t\u00eb Zi. Sh\u00ebrbimi p\u00ebr informim Forca\"},{\"@type\":\"WebPage\",\"@id\":\"https:\/\/www.visit-ulcinj.com\/blog\/2011\/07\/25\/forca-kumtese-diskriminim-nacional-ne-fushen-e-punesimit\/#webpage\",\"url\":\"https:\/\/www.visit-ulcinj.com\/blog\/2011\/07\/25\/forca-kumtese-diskriminim-nacional-ne-fushen-e-punesimit\/\",\"name\":\"Forca: KUMTES\u00cb, Diskriminim nacional n\u00eb fush\u00ebn e pun\u00ebsimit - Lajme nga Ulqini\",\"isPartOf\":{\"@id\":\"https:\/\/www.visit-ulcinj.com\/blog\/#website\"},\"primaryImageOfPage\":{\"@id\":\"https:\/\/www.visit-ulcinj.com\/blog\/2011\/07\/25\/forca-kumtese-diskriminim-nacional-ne-fushen-e-punesimit\/#primaryimage\"},\"datePublished\":\"2011-07-25T14:48:41+00:00\",\"dateModified\":\"2011-07-25T14:50:34+00:00\",\"author\":{\"@id\":\"https:\/\/www.visit-ulcinj.com\/blog\/#\/schema\/person\/dcab619c614d3038751c63bc2aadc06d\"},\"description\":\"Ulqin, 25.7.2011 Nr. 130\u00a0 \/11 KUMTES\u00cb, Diskriminim nacional \u00a0n\u00eb fush\u00ebn e\u00a0 pun\u00ebsimit Paraqitja e t\u00eb dh\u00ebnave n\u00eb lidhje me struktur\u00ebn nacionale te t\u00eb\",\"breadcrumb\":{\"@id\":\"https:\/\/www.visit-ulcinj.com\/blog\/2011\/07\/25\/forca-kumtese-diskriminim-nacional-ne-fushen-e-punesimit\/#breadcrumb\"},\"inLanguage\":\"en-US\",\"potentialAction\":[{\"@type\":\"ReadAction\",\"target\":[\"https:\/\/www.visit-ulcinj.com\/blog\/2011\/07\/25\/forca-kumtese-diskriminim-nacional-ne-fushen-e-punesimit\/\"]}]},{\"@type\":\"BreadcrumbList\",\"@id\":\"https:\/\/www.visit-ulcinj.com\/blog\/2011\/07\/25\/forca-kumtese-diskriminim-nacional-ne-fushen-e-punesimit\/#breadcrumb\",\"itemListElement\":[{\"@type\":\"ListItem\",\"position\":1,\"name\":\"Forca: KUMTES\u00cb, Diskriminim nacional n\u00eb fush\u00ebn e pun\u00ebsimit\"}]},{\"@type\":\"Person\",\"@id\":\"https:\/\/www.visit-ulcinj.com\/blog\/#\/schema\/person\/dcab619c614d3038751c63bc2aadc06d\",\"name\":\"ulqini\",\"sameAs\":[\"http:\/\/www.visit-ulcinj.com\"],\"url\":\"https:\/\/www.visit-ulcinj.com\/blog\/author\/admin\/\"}]}<\/script>\n<!-- \/ Yoast SEO plugin. -->","yoast_head_json":{"title":"Forca: KUMTES\u00cb, Diskriminim nacional n\u00eb fush\u00ebn e pun\u00ebsimit - Lajme nga Ulqini","description":"Ulqin, 25.7.2011 Nr. 130\u00a0 \/11 KUMTES\u00cb, Diskriminim nacional \u00a0n\u00eb fush\u00ebn e\u00a0 pun\u00ebsimit Paraqitja e t\u00eb dh\u00ebnave n\u00eb lidhje me struktur\u00ebn nacionale te t\u00eb","robots":{"index":"index","follow":"follow","max-snippet":"max-snippet:-1","max-image-preview":"max-image-preview:large","max-video-preview":"max-video-preview:-1"},"canonical":"https:\/\/www.visit-ulcinj.com\/blog\/2011\/07\/25\/forca-kumtese-diskriminim-nacional-ne-fushen-e-punesimit\/","og_locale":"en_US","og_type":"article","og_title":"Forca: KUMTES\u00cb, Diskriminim nacional n\u00eb fush\u00ebn e pun\u00ebsimit - Lajme nga Ulqini","og_description":"Ulqin, 25.7.2011 Nr. 130\u00a0 \/11 KUMTES\u00cb, Diskriminim nacional \u00a0n\u00eb fush\u00ebn e\u00a0 pun\u00ebsimit Paraqitja e t\u00eb dh\u00ebnave n\u00eb lidhje me struktur\u00ebn nacionale te t\u00eb","og_url":"https:\/\/www.visit-ulcinj.com\/blog\/2011\/07\/25\/forca-kumtese-diskriminim-nacional-ne-fushen-e-punesimit\/","og_site_name":"Lajme nga Ulqini","article_published_time":"2011-07-25T14:48:41+00:00","article_modified_time":"2011-07-25T14:50:34+00:00","og_image":[{"url":"http:\/\/www.visit-ulcinj.com\/blog\/wp-content\/uploads\/2011\/07\/Forca-e-re-demokratike-_logo.png"}],"twitter_misc":{"Written by":"ulqini","Est. reading time":"4 minutes"},"schema":{"@context":"https:\/\/schema.org","@graph":[{"@type":"WebSite","@id":"https:\/\/www.visit-ulcinj.com\/blog\/#website","url":"https:\/\/www.visit-ulcinj.com\/blog\/","name":"Lajme nga Ulqini","description":"Lajme,Vijesti,Ulqini,Ulqin,Crna Gora,Mali i Zi","potentialAction":[{"@type":"SearchAction","target":{"@type":"EntryPoint","urlTemplate":"https:\/\/www.visit-ulcinj.com\/blog\/?s={search_term_string}"},"query-input":"required name=search_term_string"}],"inLanguage":"en-US"},{"@type":"ImageObject","inLanguage":"en-US","@id":"https:\/\/www.visit-ulcinj.com\/blog\/2011\/07\/25\/forca-kumtese-diskriminim-nacional-ne-fushen-e-punesimit\/#primaryimage","url":"https:\/\/www.visit-ulcinj.com\/blog\/wp-content\/uploads\/2011\/07\/Forca-e-re-demokratike-_logo.png","contentUrl":"https:\/\/www.visit-ulcinj.com\/blog\/wp-content\/uploads\/2011\/07\/Forca-e-re-demokratike-_logo.png","width":"890","height":"240","caption":"Ulqin, 25.7.2011 Nr. 130 \/11 KUMTES\u00cb, Diskriminim nacional n\u00eb fush\u00ebn e pun\u00ebsimit Paraqitja e t\u00eb dh\u00ebnave n\u00eb lidhje me struktur\u00ebn nacionale te t\u00eb pun\u00ebsuarve n\u00eb administart\u00ebn publike n\u00eb Mal t\u00eb Zi, jav\u00ebn e kaluar d\u00ebshmoj ate q\u00eb dihej m\u00eb her\u00ebt se k\u00ebtu kemi disproporcion t\u00eb lart\u00eb n\u00eb fush\u00ebn e pun\u00ebsimit sipas struktur\u00ebs nacionale t\u00eb popullsis\u00eb.E dh\u00ebna se n\u00eb adminsitrat\u00ebn publike shtet\u00ebrore n\u00eb nivel qendror dhe lokal nga 13.900 sa jan\u00eb gjithsej t\u00eb pun\u00ebsuar 10.985 apo rreth 80% jan\u00eb t\u00eb deklaruar malazez nd\u00ebrsa 20% jan\u00eb pjes\u00ebtar\u00ebt e popujve t\u00eb tjer\u00eb n\u00eb Mal t\u00eb Zi(8.6% serb, 4.14% boshnjak\u00eb,2.8%shqiptar\u00eb, 2.39% musliman\u00eb, 0.89% kroat dhe 1 individ i p\u00ebrkat\u00ebsis\u00eb rome), d\u00ebshmon se kemi diskriminim nacional me rastin e pun\u00ebsimit. T\u00eb dh\u00ebnat e publikuara jan\u00eb realizuar nga Ministria e t\u00eb drejtave t\u00eb njeriut dhe t\u00eb pakicave dhe si t\u00eb tilla b\u00ebh\u00ebt me dije nuk jan\u00eb t\u00eb plota sepse disa subjekte shtet\u00ebrore dhe komuna nuk iu jan\u00eb p\u00ebrgjigjur pozitivisht p\u00ebr t\u00eb dh\u00ebn\u00eb p\u00ebrgjigjet e k\u00ebrkuara.Por, megjithate k\u00ebto t\u00eb dh\u00ebna jan\u00eb t\u00eb mjaftueshme p\u00ebr t\u00eb d\u00ebshmuar pabarazin\u00eb praktike n\u00eb fush\u00ebn e pun\u00ebsimit sipas struktur\u00ebs nacionale t\u00eb popullsis\u00eb. N\u00eb saj\u00eb t\u00eb analiz\u00ebs del qart\u00eb se n\u00eb disa subjekte jan\u00eb t\u00eb pun\u00ebsuar vet\u00ebm me pjes\u00ebtar\u00ebt e nj\u00eb kombi ku k\u00ebtu primatin e kan\u00eb malazez\u00ebt, nd\u00ebrsa t\u00eb tjer\u00ebt jan\u00eb t\u00eb p\u00ebrfaq\u00ebsuar n\u00eb m\u00ebnyr\u00eb simbolike, q\u00eb nuk p\u00ebrkon me p\u00ebrfaq\u00ebsimin propocional n\u00eb kuad\u00ebr t\u00eb popullsis\u00eb s\u00eb p\u00ebrgjithshme n\u00eb Mal t\u00eb Zi. Nga publikimi i t\u00eb dh\u00ebnave del qart\u00eb konstatimi se Mal i Zi nuk ka asgj\u00eb t\u00eb p\u00ebrbashk\u00ebt me konceptin e shtetit qytetar\u00eb, por ate ekslkuziv nacional dhe s\u00eb dyti t\u00eb pun\u00ebsuarit i takojn\u00eb partive n\u00eb pushtet, nga del se nuk merren parasysh referencat profesionale por eksluzivisht ato politike. T\u00eb dh\u00ebnat e publikuara meritojn\u00eb nj\u00eb analiz\u00eb detale se si ka mund\u00ebsi q\u00eb pjes\u00ebmarrja e malazez\u00ebve t\u00eb jet\u00eb aq e lart\u00eb nd\u00ebrsa e serbeve si populli i dyt\u00eb n\u00eb Mal t\u00eb Zi ku marrin pjes\u00eb me 1\/3 e popullsis\u00eb s\u00eb p\u00ebrgjithshme t\u00eb jet\u00eb shum\u00eb e ult\u00eb apo th\u00ebn\u00eb m\u00eb s\u00eb buti me p\u00ebrfaq\u00ebsim simbolik. Nd\u00ebrsa t\u00eb dh\u00ebnat p\u00ebr pun\u00ebsimin e pjes\u00ebtar\u00ebve t\u00eb popullit shqiptar\u00eb i marrim me rezerv\u00eb sepse mungojn\u00eb t\u00eb dh\u00ebnat p\u00ebr disa subjekte shtet\u00ebrore, kurse t\u00eb dh\u00ebnat nga komuna e Ulqinit ku shqiptar\u00ebt p\u00ebrbejn\u00eb shumic\u00ebn d\u00ebrmuese, e rrisijn p\u00ebrqndjen e t\u00eb pun\u00ebsuarve n\u00eb nivelin shtet\u00ebror\u00eb, edhe pse b\u00ebhet fjal\u00eb vet\u00ebm p\u00ebr pun\u00ebsimin n\u00eb insitucione lokale e p\u00ebr k\u00ebt\u00eb arsye mendojm\u00eb se k\u00ebt\u00eb t\u00eb dh\u00ebna nuk paraqesijn gjendjen reale. Publikimi i t\u00eb dh\u00ebnave demaskon propaganden e pushtetit p\u00ebr gjoja p\u00ebrfaq\u00ebsimin proporcional n\u00eb fush\u00ebn e pun\u00ebsimit, ku duhet ve\u00e7uar Sekretariatin gjeneral t\u00eb Qeveris\u00eb dhe te Kryetarit t\u00eb shtetit ku jan\u00eb t\u00eb pun\u00ebsuar vet\u00ebm pjes\u00ebtar\u00eb t\u00eb kombit malazez, d\u00ebshmon n\u00eb m\u00ebnyr\u00eb transparente se ketu kemi t\u00eb b\u00ebjm\u00eb me shtetin nacional, e jo ate qytetar. Kur k\u00ebshtu veprohet n\u00eb k\u00ebto instuticione q\u00eb duhet t\u00eb jen\u00eb sh\u00ebmbull praktik i nj\u00eb shteti multinacional dhe multikulturor, d\u00ebshmon se ekziston munges\u00eb e vullnetit politik p\u00ebr ndryshime cil\u00ebsore. Nga kjo del se sintagma multinacionale \u00ebsht\u00eb term i konsumuar dhe paraqet demagogji politike q\u00eb \u00ebsht\u00eb demantuar me k\u00ebto t\u00eb dh\u00ebna p\u00ebr t\u00eb par\u00ebn her\u00eb n\u00eb Mal t\u00eb Zi. Pasi kemi t\u00eb b\u00ebjm\u00eb m\u00eb nj\u00eb \u00e7\u00ebshtje serioze e cila k\u00ebrkon zgjidhje p\u00ebr t\u00eb eliminuar pabarazin\u00eb praktike t\u00eb pun\u00ebsimit n\u00eb baza nacionale, ne i Propozojm\u00eb Qeveris\u00eb q\u00eb t\u00eb hartoj\u00eb program t\u00eb ve\u00e7ant\u00eb p\u00ebr pun\u00ebsimin e pjes\u00ebtar\u00ebve t\u00eb popujve pakic\u00eb apo pakicave nacionale n\u00eb administrat\u00eb ne nivel shtet\u00ebror apo lokal p\u00ebr eleminuar k\u00ebt\u00eb diskriminim i cili nuk \u00ebsht\u00eb n\u00eb favor t\u00eb barazis\u00eb nacionale dhe qytetare n\u00eb nj\u00eb mjedis multinacional sikurse \u00ebsht\u00eb Mali i Zi. Si parti parlamentare dhe subjekt me vizion p\u00ebr zhvillimin ekonomik q\u00eb \u00ebsht\u00eb i pasqyruar n\u00eb programin ton\u00eb, ne jemi t\u00eb gatsh\u00ebm t\u00eb japim kontributin ton\u00eb p\u00ebr t\u00eb eliminuar k\u00ebto \u00e7\u00ebshtje, q\u00eb do t\u00eb jen\u00eb n\u00eb favor t\u00eb barazis\u00eb qytetare dhe nacionale n\u00eb Mal t\u00eb Zi. Sh\u00ebrbimi p\u00ebr informim Forca"},{"@type":"WebPage","@id":"https:\/\/www.visit-ulcinj.com\/blog\/2011\/07\/25\/forca-kumtese-diskriminim-nacional-ne-fushen-e-punesimit\/#webpage","url":"https:\/\/www.visit-ulcinj.com\/blog\/2011\/07\/25\/forca-kumtese-diskriminim-nacional-ne-fushen-e-punesimit\/","name":"Forca: KUMTES\u00cb, Diskriminim nacional n\u00eb fush\u00ebn e pun\u00ebsimit - Lajme nga Ulqini","isPartOf":{"@id":"https:\/\/www.visit-ulcinj.com\/blog\/#website"},"primaryImageOfPage":{"@id":"https:\/\/www.visit-ulcinj.com\/blog\/2011\/07\/25\/forca-kumtese-diskriminim-nacional-ne-fushen-e-punesimit\/#primaryimage"},"datePublished":"2011-07-25T14:48:41+00:00","dateModified":"2011-07-25T14:50:34+00:00","author":{"@id":"https:\/\/www.visit-ulcinj.com\/blog\/#\/schema\/person\/dcab619c614d3038751c63bc2aadc06d"},"description":"Ulqin, 25.7.2011 Nr. 130\u00a0 \/11 KUMTES\u00cb, Diskriminim nacional \u00a0n\u00eb fush\u00ebn e\u00a0 pun\u00ebsimit Paraqitja e t\u00eb dh\u00ebnave n\u00eb lidhje me struktur\u00ebn nacionale te t\u00eb","breadcrumb":{"@id":"https:\/\/www.visit-ulcinj.com\/blog\/2011\/07\/25\/forca-kumtese-diskriminim-nacional-ne-fushen-e-punesimit\/#breadcrumb"},"inLanguage":"en-US","potentialAction":[{"@type":"ReadAction","target":["https:\/\/www.visit-ulcinj.com\/blog\/2011\/07\/25\/forca-kumtese-diskriminim-nacional-ne-fushen-e-punesimit\/"]}]},{"@type":"BreadcrumbList","@id":"https:\/\/www.visit-ulcinj.com\/blog\/2011\/07\/25\/forca-kumtese-diskriminim-nacional-ne-fushen-e-punesimit\/#breadcrumb","itemListElement":[{"@type":"ListItem","position":1,"name":"Forca: KUMTES\u00cb, Diskriminim nacional n\u00eb fush\u00ebn e pun\u00ebsimit"}]},{"@type":"Person","@id":"https:\/\/www.visit-ulcinj.com\/blog\/#\/schema\/person\/dcab619c614d3038751c63bc2aadc06d","name":"ulqini","sameAs":["http:\/\/www.visit-ulcinj.com"],"url":"https:\/\/www.visit-ulcinj.com\/blog\/author\/admin\/"}]}},"jetpack_featured_media_url":"","jetpack_sharing_enabled":true,"jetpack_shortlink":"https:\/\/wp.me\/pe6lTn-cSg","_links":{"self":[{"href":"https:\/\/www.visit-ulcinj.com\/blog\/wp-json\/wp\/v2\/posts\/49492"}],"collection":[{"href":"https:\/\/www.visit-ulcinj.com\/blog\/wp-json\/wp\/v2\/posts"}],"about":[{"href":"https:\/\/www.visit-ulcinj.com\/blog\/wp-json\/wp\/v2\/types\/post"}],"author":[{"embeddable":true,"href":"https:\/\/www.visit-ulcinj.com\/blog\/wp-json\/wp\/v2\/users\/1"}],"replies":[{"embeddable":true,"href":"https:\/\/www.visit-ulcinj.com\/blog\/wp-json\/wp\/v2\/comments?post=49492"}],"version-history":[{"count":4,"href":"https:\/\/www.visit-ulcinj.com\/blog\/wp-json\/wp\/v2\/posts\/49492\/revisions"}],"predecessor-version":[{"id":49498,"href":"https:\/\/www.visit-ulcinj.com\/blog\/wp-json\/wp\/v2\/posts\/49492\/revisions\/49498"}],"wp:attachment":[{"href":"https:\/\/www.visit-ulcinj.com\/blog\/wp-json\/wp\/v2\/media?parent=49492"}],"wp:term":[{"taxonomy":"category","embeddable":true,"href":"https:\/\/www.visit-ulcinj.com\/blog\/wp-json\/wp\/v2\/categories?post=49492"},{"taxonomy":"post_tag","embeddable":true,"href":"https:\/\/www.visit-ulcinj.com\/blog\/wp-json\/wp\/v2\/tags?post=49492"}],"curies":[{"name":"wp","href":"https:\/\/api.w.org\/{rel}","templated":true}]}}