{"id":495,"date":"2008-02-12T11:09:43","date_gmt":"2008-02-12T16:09:43","guid":{"rendered":"http:\/\/www.visit-ulcinj.com\/blog\/2008\/02\/12\/ljuljduraj-na-celu-oik-a\/"},"modified":"2008-02-15T17:14:35","modified_gmt":"2008-02-15T22:14:35","slug":"ljuljduraj-na-celu-oik-a","status":"publish","type":"post","link":"https:\/\/www.visit-ulcinj.com\/blog\/2008\/02\/12\/ljuljduraj-na-celu-oik-a\/","title":{"rendered":"Ljulj?uraj na ?elu OIK-a"},"content":{"rendered":"<p align=\"justify\"><img loading=\"lazy\" border=\"0\" vspace=\"2\" align=\"left\" width=\"140\" src=\"http:\/\/www.visit-ulcinj.com\/blog\/wp-content\/uploads\/2008\/01\/pjeter-ljuljduraj.jpg\" hspace=\"2\" height=\"140\" \/>Ulcinj &#8211; Odbornici ulcinjskog parlamenta usvojili su ju?e ve?inom glasova i bez mnogo rasprave odluke o komunalnom redu, uslovima i na?inu organizovanja djelatnosti i odr\u017eavanja javnih parkirali\u0161ta, i nacrt odluke o naknadi za ure?enje gra?evinskog zemlji\u0161ta.<br \/>\nPrije usvajanja, predsjednik SO Muhamet Nika konstatovao je da su diskusije o tim ta?kama iscrpljene na prethodnoj sjednici na kojoj je dogovoreno da se o njima glasa kada aktuelna ve?ina bude imala <!--more-->kvorum.<br \/>\nSkup\u0161tina nije uva\u017eila zahtjev opozicije da zbog toga ?\u0161to ve?ina nije imala kvorum, a time ni legitimitet da zaklju?i diskusije&#8221; ponovo otvori raspravu o tim ta?kama&#8221;.<br \/>\nKako je navedeno u obrazlo\u017eenju, odlukom o komunalnom redu ure?uju se op\u0161ti uslovi kori\u0161?enja, ?uvanja i odr\u017eavanja komunalnih objekata i ?isto?e, ure?enja grada i prigradskih naselja.<br \/>\nOdlukom su sistematski i jasno nabrojane kaznene odredbe tako da ?e nov?anom kaznom od 20-strukog do 100-strukog iznosa minimalne cijene rada, pored ostalih, biti ka\u017enjena pravna lica ili preduzetnici koji kre?e fasade, boje balkone, vrata i prozore i izvode radove na spolja\u0161njim djelovima stambenih zgrada suprotno stavovima odluke, koji na fasadama lijepe propagandni materijal, polivaju vodu, bacaju otpatke ili bilo kakve druge predmete sa balkona, terase i prozora, vje\u0161aju ili izla\u017eu rublje, tepihe i sli?no na djelovima zgrade okrenutim ka ulici.<br \/>\nOdlukom o uslovima i na?inu organizovanja djelatnosti i odr\u017eavanja javnih parkirali\u0161ta, pored ostalog, na javnim parkirali\u0161tima i drugim javnim povr\u0161inama zabranjuje se pranje, popravka, parkiranje i ostavljanje neregistrovanih, neispravnih i havarisanih vozila i postavljanje ograda ili sli?nih prepreka.<br \/>\nNakon redovne, odbornici su ju?e odr\u017eali i vanrednu sjednicu SO na ?ijem dnevnom redu je bio samo izbor i imenovanje op\u0161tinske izborne komisije. Ve?inom glasova, za predsjednika OIK- a, izabran je Pjeter Ljulj?uraj(DUA) a za sekretara Feriz ?erani? kao nezavisni ?lan. Njihovi zamjenici su Mejreme Sulji?(DUA) i Rajko Filipovi?(DPS).<strong> <\/strong><\/p>\n<p align=\"justify\">S.A<\/p>\n<p><strong>Svi za Crnu Goru<\/strong><\/p>\n<p>Odbornik DPS Bo\u017eidar Ba\u0161ovi? kazao je da ta partija ne?e ustupiti mjesta u OIK-u pripadnicima drugih partija, ?posebno ne onih koji ne uva\u017eavaju Crnu Goru i koji su glasali protiv nje na referendumu&#8221;, \u0161to je izazvalo \u017eestoke reakcije odbornika SNP, Srpske liste i DJA koji nemaju svoje predstavnike u OIK- u.<br \/>\nAndrija ?etkovi?(SNP) kazao je da bez obzira \u0161to je njegova partija bila za zajedni?ku dr\u017eavu, nije neprijatelj Crne Gore.<br \/>\n&#8211; Svi Androvi?i su glasali za ovu dr\u017eavu i ti je ne voli\u0161 ni\u0161ta vi\u0161e od mene &#8211; uzvratio je Ba\u0161ovi?u Du\u0161an Androvi?(SL).<br \/>\nAli Doda(DJA) je kazao da su to te\u0161ke rije?i i da njegova partija nije neprijatelj Crne Gore,<a href=\"http:\/\/www.visit-ulcinj.com\/blog\/wp-content\/uploads\/2008\/02\/jakup-murati.jpg\" title=\"Jakup Murati\"><img vspace=\"2\" align=\"right\" src=\"http:\/\/www.visit-ulcinj.com\/blog\/wp-content\/uploads\/2008\/02\/jakup-murati.thumbnail.jpg\" hspace=\"2\" alt=\"Jakup Murati\" \/><\/a> dok je Jakup Murati(Forca) naglasio da je ta partija privr\u017eenost dr\u017eavi pokazala na referendumu.<br \/>\nBa\u0161ovi? je pojasnio da nije pominjao neprijatelje naglasiv\u0161i da se podrazumijeva da je to rekao u politi?kom kontekstu.<\/p>\n<p>www,vijesti.cg.yu\/<\/p>\n","protected":false},"excerpt":{"rendered":"<p><img loading=\"lazy\" src=\"http:\/\/www.visit-ulcinj.com\/blog\/wp-content\/uploads\/2008\/01\/pjeter-ljuljduraj.jpg\" height=\"140\"  width=\"140\" alt=\"Pjeter Ljuljduraj\" \/><\/p>\n","protected":false},"author":1,"featured_media":0,"comment_status":"open","ping_status":"closed","sticky":false,"template":"","format":"standard","meta":{"spay_email":"","jetpack_publicize_message":"","jetpack_is_tweetstorm":false,"jetpack_publicize_feature_enabled":true},"categories":[1],"tags":[704,530,1421,1416,1417,1339,1393,1415,1420,1419,19,1418],"jetpack_publicize_connections":[],"yoast_head":"<!-- This site is optimized with the Yoast SEO plugin v19.1 - https:\/\/yoast.com\/wordpress\/plugins\/seo\/ -->\n<title>Ljulj?uraj na ?elu OIK-a - Lajme nga Ulqini<\/title>\n<meta name=\"robots\" content=\"index, follow, max-snippet:-1, max-image-preview:large, max-video-preview:-1\" \/>\n<link rel=\"canonical\" href=\"https:\/\/www.visit-ulcinj.com\/blog\/2008\/02\/12\/ljuljduraj-na-celu-oik-a\/\" \/>\n<meta property=\"og:locale\" content=\"en_US\" \/>\n<meta property=\"og:type\" content=\"article\" \/>\n<meta property=\"og:title\" content=\"Ljulj?uraj na ?elu OIK-a - Lajme nga Ulqini\" \/>\n<meta property=\"og:url\" content=\"https:\/\/www.visit-ulcinj.com\/blog\/2008\/02\/12\/ljuljduraj-na-celu-oik-a\/\" \/>\n<meta property=\"og:site_name\" content=\"Lajme nga Ulqini\" \/>\n<meta property=\"article:published_time\" content=\"2008-02-12T16:09:43+00:00\" \/>\n<meta property=\"article:modified_time\" content=\"2008-02-15T22:14:35+00:00\" \/>\n<meta property=\"og:image\" content=\"http:\/\/www.visit-ulcinj.com\/blog\/wp-content\/uploads\/2008\/01\/pjeter-ljuljduraj.jpg\" \/>\n<meta name=\"twitter:label1\" content=\"Written by\" \/>\n\t<meta name=\"twitter:data1\" content=\"ulqini\" \/>\n\t<meta name=\"twitter:label2\" content=\"Est. reading time\" \/>\n\t<meta name=\"twitter:data2\" content=\"3 minutes\" \/>\n<script type=\"application\/ld+json\" class=\"yoast-schema-graph\">{\"@context\":\"https:\/\/schema.org\",\"@graph\":[{\"@type\":\"WebSite\",\"@id\":\"https:\/\/www.visit-ulcinj.com\/blog\/#website\",\"url\":\"https:\/\/www.visit-ulcinj.com\/blog\/\",\"name\":\"Lajme nga Ulqini\",\"description\":\"Lajme,Vijesti,Ulqini,Ulqin,Crna Gora,Mali i Zi\",\"potentialAction\":[{\"@type\":\"SearchAction\",\"target\":{\"@type\":\"EntryPoint\",\"urlTemplate\":\"https:\/\/www.visit-ulcinj.com\/blog\/?s={search_term_string}\"},\"query-input\":\"required name=search_term_string\"}],\"inLanguage\":\"en-US\"},{\"@type\":\"ImageObject\",\"inLanguage\":\"en-US\",\"@id\":\"https:\/\/www.visit-ulcinj.com\/blog\/2008\/02\/12\/ljuljduraj-na-celu-oik-a\/#primaryimage\",\"url\":\"http:\/\/www.visit-ulcinj.com\/blog\/wp-content\/uploads\/2008\/01\/pjeter-ljuljduraj.jpg\",\"contentUrl\":\"http:\/\/www.visit-ulcinj.com\/blog\/wp-content\/uploads\/2008\/01\/pjeter-ljuljduraj.jpg\"},{\"@type\":\"WebPage\",\"@id\":\"https:\/\/www.visit-ulcinj.com\/blog\/2008\/02\/12\/ljuljduraj-na-celu-oik-a\/#webpage\",\"url\":\"https:\/\/www.visit-ulcinj.com\/blog\/2008\/02\/12\/ljuljduraj-na-celu-oik-a\/\",\"name\":\"Ljulj?uraj na ?elu OIK-a - Lajme nga Ulqini\",\"isPartOf\":{\"@id\":\"https:\/\/www.visit-ulcinj.com\/blog\/#website\"},\"primaryImageOfPage\":{\"@id\":\"https:\/\/www.visit-ulcinj.com\/blog\/2008\/02\/12\/ljuljduraj-na-celu-oik-a\/#primaryimage\"},\"datePublished\":\"2008-02-12T16:09:43+00:00\",\"dateModified\":\"2008-02-15T22:14:35+00:00\",\"author\":{\"@id\":\"https:\/\/www.visit-ulcinj.com\/blog\/#\/schema\/person\/dcab619c614d3038751c63bc2aadc06d\"},\"breadcrumb\":{\"@id\":\"https:\/\/www.visit-ulcinj.com\/blog\/2008\/02\/12\/ljuljduraj-na-celu-oik-a\/#breadcrumb\"},\"inLanguage\":\"en-US\",\"potentialAction\":[{\"@type\":\"ReadAction\",\"target\":[\"https:\/\/www.visit-ulcinj.com\/blog\/2008\/02\/12\/ljuljduraj-na-celu-oik-a\/\"]}]},{\"@type\":\"BreadcrumbList\",\"@id\":\"https:\/\/www.visit-ulcinj.com\/blog\/2008\/02\/12\/ljuljduraj-na-celu-oik-a\/#breadcrumb\",\"itemListElement\":[{\"@type\":\"ListItem\",\"position\":1,\"name\":\"Ljulj?uraj na ?elu OIK-a\"}]},{\"@type\":\"Person\",\"@id\":\"https:\/\/www.visit-ulcinj.com\/blog\/#\/schema\/person\/dcab619c614d3038751c63bc2aadc06d\",\"name\":\"ulqini\",\"sameAs\":[\"http:\/\/www.visit-ulcinj.com\"],\"url\":\"https:\/\/www.visit-ulcinj.com\/blog\/author\/admin\/\"}]}<\/script>\n<!-- \/ Yoast SEO plugin. -->","yoast_head_json":{"title":"Ljulj?uraj na ?elu OIK-a - Lajme nga Ulqini","robots":{"index":"index","follow":"follow","max-snippet":"max-snippet:-1","max-image-preview":"max-image-preview:large","max-video-preview":"max-video-preview:-1"},"canonical":"https:\/\/www.visit-ulcinj.com\/blog\/2008\/02\/12\/ljuljduraj-na-celu-oik-a\/","og_locale":"en_US","og_type":"article","og_title":"Ljulj?uraj na ?elu OIK-a - Lajme nga Ulqini","og_url":"https:\/\/www.visit-ulcinj.com\/blog\/2008\/02\/12\/ljuljduraj-na-celu-oik-a\/","og_site_name":"Lajme nga Ulqini","article_published_time":"2008-02-12T16:09:43+00:00","article_modified_time":"2008-02-15T22:14:35+00:00","og_image":[{"url":"http:\/\/www.visit-ulcinj.com\/blog\/wp-content\/uploads\/2008\/01\/pjeter-ljuljduraj.jpg"}],"twitter_misc":{"Written by":"ulqini","Est. reading time":"3 minutes"},"schema":{"@context":"https:\/\/schema.org","@graph":[{"@type":"WebSite","@id":"https:\/\/www.visit-ulcinj.com\/blog\/#website","url":"https:\/\/www.visit-ulcinj.com\/blog\/","name":"Lajme nga Ulqini","description":"Lajme,Vijesti,Ulqini,Ulqin,Crna Gora,Mali i Zi","potentialAction":[{"@type":"SearchAction","target":{"@type":"EntryPoint","urlTemplate":"https:\/\/www.visit-ulcinj.com\/blog\/?s={search_term_string}"},"query-input":"required name=search_term_string"}],"inLanguage":"en-US"},{"@type":"ImageObject","inLanguage":"en-US","@id":"https:\/\/www.visit-ulcinj.com\/blog\/2008\/02\/12\/ljuljduraj-na-celu-oik-a\/#primaryimage","url":"http:\/\/www.visit-ulcinj.com\/blog\/wp-content\/uploads\/2008\/01\/pjeter-ljuljduraj.jpg","contentUrl":"http:\/\/www.visit-ulcinj.com\/blog\/wp-content\/uploads\/2008\/01\/pjeter-ljuljduraj.jpg"},{"@type":"WebPage","@id":"https:\/\/www.visit-ulcinj.com\/blog\/2008\/02\/12\/ljuljduraj-na-celu-oik-a\/#webpage","url":"https:\/\/www.visit-ulcinj.com\/blog\/2008\/02\/12\/ljuljduraj-na-celu-oik-a\/","name":"Ljulj?uraj na ?elu OIK-a - Lajme nga Ulqini","isPartOf":{"@id":"https:\/\/www.visit-ulcinj.com\/blog\/#website"},"primaryImageOfPage":{"@id":"https:\/\/www.visit-ulcinj.com\/blog\/2008\/02\/12\/ljuljduraj-na-celu-oik-a\/#primaryimage"},"datePublished":"2008-02-12T16:09:43+00:00","dateModified":"2008-02-15T22:14:35+00:00","author":{"@id":"https:\/\/www.visit-ulcinj.com\/blog\/#\/schema\/person\/dcab619c614d3038751c63bc2aadc06d"},"breadcrumb":{"@id":"https:\/\/www.visit-ulcinj.com\/blog\/2008\/02\/12\/ljuljduraj-na-celu-oik-a\/#breadcrumb"},"inLanguage":"en-US","potentialAction":[{"@type":"ReadAction","target":["https:\/\/www.visit-ulcinj.com\/blog\/2008\/02\/12\/ljuljduraj-na-celu-oik-a\/"]}]},{"@type":"BreadcrumbList","@id":"https:\/\/www.visit-ulcinj.com\/blog\/2008\/02\/12\/ljuljduraj-na-celu-oik-a\/#breadcrumb","itemListElement":[{"@type":"ListItem","position":1,"name":"Ljulj?uraj na ?elu OIK-a"}]},{"@type":"Person","@id":"https:\/\/www.visit-ulcinj.com\/blog\/#\/schema\/person\/dcab619c614d3038751c63bc2aadc06d","name":"ulqini","sameAs":["http:\/\/www.visit-ulcinj.com"],"url":"https:\/\/www.visit-ulcinj.com\/blog\/author\/admin\/"}]}},"jetpack_featured_media_url":"","jetpack_sharing_enabled":true,"jetpack_shortlink":"https:\/\/wp.me\/pe6lTn-7Z","_links":{"self":[{"href":"https:\/\/www.visit-ulcinj.com\/blog\/wp-json\/wp\/v2\/posts\/495"}],"collection":[{"href":"https:\/\/www.visit-ulcinj.com\/blog\/wp-json\/wp\/v2\/posts"}],"about":[{"href":"https:\/\/www.visit-ulcinj.com\/blog\/wp-json\/wp\/v2\/types\/post"}],"author":[{"embeddable":true,"href":"https:\/\/www.visit-ulcinj.com\/blog\/wp-json\/wp\/v2\/users\/1"}],"replies":[{"embeddable":true,"href":"https:\/\/www.visit-ulcinj.com\/blog\/wp-json\/wp\/v2\/comments?post=495"}],"version-history":[{"count":0,"href":"https:\/\/www.visit-ulcinj.com\/blog\/wp-json\/wp\/v2\/posts\/495\/revisions"}],"wp:attachment":[{"href":"https:\/\/www.visit-ulcinj.com\/blog\/wp-json\/wp\/v2\/media?parent=495"}],"wp:term":[{"taxonomy":"category","embeddable":true,"href":"https:\/\/www.visit-ulcinj.com\/blog\/wp-json\/wp\/v2\/categories?post=495"},{"taxonomy":"post_tag","embeddable":true,"href":"https:\/\/www.visit-ulcinj.com\/blog\/wp-json\/wp\/v2\/tags?post=495"}],"curies":[{"name":"wp","href":"https:\/\/api.w.org\/{rel}","templated":true}]}}