{"id":49551,"date":"2011-07-30T10:38:16","date_gmt":"2011-07-30T09:38:16","guid":{"rendered":"http:\/\/www.visit-ulcinj.com\/blog\/?p=49551"},"modified":"2011-08-11T08:58:03","modified_gmt":"2011-08-11T07:58:03","slug":"sinan-vllasaliu-live-ne-plazhin-tropikana-prej-ora-2300-deri-4h-te-mengjesit","status":"publish","type":"post","link":"https:\/\/www.visit-ulcinj.com\/blog\/2011\/07\/30\/sinan-vllasaliu-live-ne-plazhin-tropikana-prej-ora-2300-deri-4h-te-mengjesit\/","title":{"rendered":"Sinan Vllasaliu Live ne Plazhin Tropikana prej ora 23:00 deri 4h t\u00eb mengjesit"},"content":{"rendered":"<p><strong><a href=\"http:\/\/www.visit-ulcinj.com\/blog\/2011\/07\/30\/sinan-vllasaliu-live-ne-plazhin-tropikana-prej-ora-2300-deri-4h-te-mengjesit\/sinan-vllasaliu-1-4\/\" rel=\"attachment wp-att-49565\"><img loading=\"lazy\" class=\"alignleft size-full wp-image-49565\" title=\"Sinan-Vllasaliu.1\" src=\"http:\/\/www.visit-ulcinj.com\/blog\/wp-content\/uploads\/2011\/07\/Sinan-Vllasaliu.1.jpg\" alt=\"\" width=\"330\" height=\"300\" \/><\/a>Nuk ka pik\u00eb dyshimi q\u00eb Sinan Vllasaliu di t\u00eb rr\u00ebmbej\u00eb me \u00e7do kusht zemrat e adhuruesve, qoft\u00eb me vokalin apo sharmin e tij. Jeta e tij \u00ebsht\u00eb mbushur me tallaze dhe i ngjan nj\u00eb deti t\u00eb t\u00ebr\u00eb ku n\u00eb \u00e7do milimet\u00ebr t\u00eb l\u00ebvizjes ai ka mundur t\u00eb nxjerr\u00eb na pah vlerat e k\u00ebng\u00ebs dhe m\u00ebnyr\u00ebn e t\u00eb k\u00ebnduarit bukur.<\/strong><\/p>\n<p>Nd\u00ebrsa prej 16 \u00a0korrikut <strong>Sinan Vllasaliu<\/strong> do t\u00eb jet\u00eb n\u00eb plazhin Tropikana Ulqin, bashk\u00eb me grupin e tij dhe t\u00eb tjer\u00ebt. \u201cDo t\u00eb jemi atje te \u2018plazhi Tropikana\u00a0 Club\u2019, p\u00ebr \u00e7do nat\u00eb prej ora 23 deri ne ora 4 t\u00eb m\u00ebngjesit,ku do t\u00eb jen\u00eb edhe shum\u00eb koleg\u00eb tan\u00ebt\u201d, shprehet ai, i cili beson se ashtu sikurse edhe vjet, do t\u00eb kalojn\u00eb shum\u00eb mir\u00eb.<\/p>\n<p>Sa p\u00ebr Ulqinin, thot\u00eb se \u00ebsht\u00eb nd\u00ebr plazhet m\u00eb t\u00eb bukura. \u201cKam sh\u00ebtitur shum\u00eb vende, por bukurin\u00eb q\u00eb ofron Ulqini, deti Adriatik, natyr\u00ebn q\u00eb ka, dy plazhet, t\u00eb madhin e t\u00eb voglin dhe mbi t\u00eb gjitha ka qytetin m\u00eb t\u00eb mir\u00eb n\u00eb Ballkan p\u00ebr sa i p\u00ebrket jet\u00ebs s\u00eb nat\u00ebs dhe rinis\u00eb\u201d, vler\u00ebson k\u00ebng\u00ebtari Vllasaliu n\u00eb emisionin \u201cNj\u00eb kafe me Labin\u201d, duke ftuar q\u00eb shqiptar\u00ebt t\u2019i b\u00ebjn\u00eb pushimet e tyre n\u00eb plazhet shqiptare.<\/p>\n<p><strong>Lokali \u00a0Trpoikana\u00a0 Beach Club \u00ebsht\u00eb n\u00eb dispozicionin e juaj bashkeat\u00ebdhetar\u00a0 t\u00eb nderuar me muzik LIVE\u00a0 nga Sinan\u00a0 Vllasaliu dhe t\u00eb tjer\u00ebt prej ora 23.00 deri ne 4 ora t\u00eb m\u00ebngjesit.<\/strong><\/p>\n<p><strong>Ju presim t\u00eb na vini<br \/>\n\n\t\t<style type=\"text\/css\">\n\t\t\t#gallery-1 {\n\t\t\t\tmargin: auto;\n\t\t\t}\n\t\t\t#gallery-1 .gallery-item {\n\t\t\t\tfloat: left;\n\t\t\t\tmargin-top: 10px;\n\t\t\t\ttext-align: center;\n\t\t\t\twidth: 33%;\n\t\t\t}\n\t\t\t#gallery-1 img {\n\t\t\t\tborder: 2px solid #cfcfcf;\n\t\t\t}\n\t\t\t#gallery-1 .gallery-caption {\n\t\t\t\tmargin-left: 0;\n\t\t\t}\n\t\t\t\/* see gallery_shortcode() in wp-includes\/media.php *\/\n\t\t<\/style>\n\t\t<div id='gallery-1' class='gallery galleryid-49551 gallery-columns-3 gallery-size-thumbnail'><dl class='gallery-item'>\n\t\t\t<dt class='gallery-icon landscape'>\n\t\t\t\t<a href='https:\/\/www.visit-ulcinj.com\/blog\/wp-content\/uploads\/2011\/07\/Sinan-Vllasaliu-Live-ne-Plazhin-Tropikana-Ulqin_picnik.jpg'><img width=\"150\" height=\"150\" src=\"https:\/\/www.visit-ulcinj.com\/blog\/wp-content\/uploads\/2011\/07\/Sinan-Vllasaliu-Live-ne-Plazhin-Tropikana-Ulqin_picnik-150x150.jpg\" class=\"attachment-thumbnail size-thumbnail\" alt=\"\" loading=\"lazy\" \/><\/a>\n\t\t\t<\/dt><\/dl><dl class='gallery-item'>\n\t\t\t<dt class='gallery-icon landscape'>\n\t\t\t\t<a href='https:\/\/www.visit-ulcinj.com\/blog\/wp-content\/uploads\/2011\/07\/Sinan-Vllasaliu-Live-ne-Plazhin-Tropikana-Ulqin.1_picnik.jpg'><img width=\"150\" height=\"150\" src=\"https:\/\/www.visit-ulcinj.com\/blog\/wp-content\/uploads\/2011\/07\/Sinan-Vllasaliu-Live-ne-Plazhin-Tropikana-Ulqin.1_picnik-150x150.jpg\" class=\"attachment-thumbnail size-thumbnail\" alt=\"\" loading=\"lazy\" \/><\/a>\n\t\t\t<\/dt><\/dl>\n\t\t\t<br style='clear: both' \/>\n\t\t<\/div>\n<\/p>\n<p><\/strong><\/p>\n<p>&nbsp;<\/p>\n<!--YouTube Error: bad URL entered-->\n","protected":false},"excerpt":{"rendered":"<p>Nuk ka pik\u00eb dyshimi q\u00eb Sinan Vllasaliu di t\u00eb rr\u00ebmbej\u00eb me \u00e7do kusht zemrat e adhuruesve, qoft\u00eb me vokalin apo sharmin e tij. Jeta e tij \u00ebsht\u00eb mbushur me tallaze dhe i ngjan nj\u00eb deti t\u00eb t\u00ebr\u00eb ku n\u00eb \u00e7do milimet\u00ebr t\u00eb l\u00ebvizjes ai ka mundur t\u00eb nxjerr\u00eb na pah vlerat e k\u00ebng\u00ebs dhe m\u00ebnyr\u00ebn [&hellip;]<\/p>\n","protected":false},"author":1,"featured_media":0,"comment_status":"open","ping_status":"closed","sticky":false,"template":"","format":"standard","meta":{"spay_email":"","jetpack_publicize_message":"","jetpack_is_tweetstorm":false,"jetpack_publicize_feature_enabled":true},"categories":[1],"tags":[18757,18759,18758,14887,5048,200,18],"jetpack_publicize_connections":[],"yoast_head":"<!-- This site is optimized with the Yoast SEO plugin v19.1 - https:\/\/yoast.com\/wordpress\/plugins\/seo\/ -->\n<title>Sinan Vllasaliu Live ne Plazhin Tropikana prej ora 23:00 deri 4h t\u00eb mengjesit - Lajme nga Ulqini<\/title>\n<meta name=\"description\" content=\"Nuk ka pik\u00eb dyshimi q\u00eb Sinan Vllasaliu di t\u00eb rr\u00ebmbej\u00eb me \u00e7do kusht zemrat e adhuruesve, qoft\u00eb me vokalin apo sharmin e tij. Jeta e tij \u00ebsht\u00eb mbushur me\" \/>\n<meta name=\"robots\" content=\"index, follow, max-snippet:-1, max-image-preview:large, max-video-preview:-1\" \/>\n<link rel=\"canonical\" href=\"https:\/\/www.visit-ulcinj.com\/blog\/2011\/07\/30\/sinan-vllasaliu-live-ne-plazhin-tropikana-prej-ora-2300-deri-4h-te-mengjesit\/\" \/>\n<meta property=\"og:locale\" content=\"en_US\" \/>\n<meta property=\"og:type\" content=\"article\" \/>\n<meta property=\"og:title\" content=\"Sinan Vllasaliu Live ne Plazhin Tropikana prej ora 23:00 deri 4h t\u00eb mengjesit - Lajme nga Ulqini\" \/>\n<meta property=\"og:description\" content=\"Nuk ka pik\u00eb dyshimi q\u00eb Sinan Vllasaliu di t\u00eb rr\u00ebmbej\u00eb me \u00e7do kusht zemrat e adhuruesve, qoft\u00eb me vokalin apo sharmin e tij. Jeta e tij \u00ebsht\u00eb mbushur me\" \/>\n<meta property=\"og:url\" content=\"https:\/\/www.visit-ulcinj.com\/blog\/2011\/07\/30\/sinan-vllasaliu-live-ne-plazhin-tropikana-prej-ora-2300-deri-4h-te-mengjesit\/\" \/>\n<meta property=\"og:site_name\" content=\"Lajme nga Ulqini\" \/>\n<meta property=\"article:published_time\" content=\"2011-07-30T09:38:16+00:00\" \/>\n<meta property=\"article:modified_time\" content=\"2011-08-11T07:58:03+00:00\" \/>\n<meta property=\"og:image\" content=\"https:\/\/www.visit-ulcinj.com\/blog\/wp-content\/uploads\/2011\/07\/Sinan-Vllasaliu-Live-ne-Plazhin-Tropikana-Ulqin_picnik-150x150.jpg\" \/>\n<meta name=\"twitter:label1\" content=\"Written by\" \/>\n\t<meta name=\"twitter:data1\" content=\"ulqini\" \/>\n\t<meta name=\"twitter:label2\" content=\"Est. reading time\" \/>\n\t<meta name=\"twitter:data2\" content=\"1 minute\" \/>\n<script type=\"application\/ld+json\" class=\"yoast-schema-graph\">{\"@context\":\"https:\/\/schema.org\",\"@graph\":[{\"@type\":\"WebSite\",\"@id\":\"https:\/\/www.visit-ulcinj.com\/blog\/#website\",\"url\":\"https:\/\/www.visit-ulcinj.com\/blog\/\",\"name\":\"Lajme nga Ulqini\",\"description\":\"Lajme,Vijesti,Ulqini,Ulqin,Crna Gora,Mali i Zi\",\"potentialAction\":[{\"@type\":\"SearchAction\",\"target\":{\"@type\":\"EntryPoint\",\"urlTemplate\":\"https:\/\/www.visit-ulcinj.com\/blog\/?s={search_term_string}\"},\"query-input\":\"required name=search_term_string\"}],\"inLanguage\":\"en-US\"},{\"@type\":\"ImageObject\",\"inLanguage\":\"en-US\",\"@id\":\"https:\/\/www.visit-ulcinj.com\/blog\/2011\/07\/30\/sinan-vllasaliu-live-ne-plazhin-tropikana-prej-ora-2300-deri-4h-te-mengjesit\/#primaryimage\",\"url\":\"http:\/\/www.visit-ulcinj.com\/blog\/wp-content\/uploads\/2011\/07\/Sinan-Vllasaliu.1.jpg\",\"contentUrl\":\"http:\/\/www.visit-ulcinj.com\/blog\/wp-content\/uploads\/2011\/07\/Sinan-Vllasaliu.1.jpg\"},{\"@type\":\"WebPage\",\"@id\":\"https:\/\/www.visit-ulcinj.com\/blog\/2011\/07\/30\/sinan-vllasaliu-live-ne-plazhin-tropikana-prej-ora-2300-deri-4h-te-mengjesit\/#webpage\",\"url\":\"https:\/\/www.visit-ulcinj.com\/blog\/2011\/07\/30\/sinan-vllasaliu-live-ne-plazhin-tropikana-prej-ora-2300-deri-4h-te-mengjesit\/\",\"name\":\"Sinan Vllasaliu Live ne Plazhin Tropikana prej ora 23:00 deri 4h t\u00eb mengjesit - Lajme nga Ulqini\",\"isPartOf\":{\"@id\":\"https:\/\/www.visit-ulcinj.com\/blog\/#website\"},\"primaryImageOfPage\":{\"@id\":\"https:\/\/www.visit-ulcinj.com\/blog\/2011\/07\/30\/sinan-vllasaliu-live-ne-plazhin-tropikana-prej-ora-2300-deri-4h-te-mengjesit\/#primaryimage\"},\"datePublished\":\"2011-07-30T09:38:16+00:00\",\"dateModified\":\"2011-08-11T07:58:03+00:00\",\"author\":{\"@id\":\"https:\/\/www.visit-ulcinj.com\/blog\/#\/schema\/person\/dcab619c614d3038751c63bc2aadc06d\"},\"description\":\"Nuk ka pik\u00eb dyshimi q\u00eb Sinan Vllasaliu di t\u00eb rr\u00ebmbej\u00eb me \u00e7do kusht zemrat e adhuruesve, qoft\u00eb me vokalin apo sharmin e tij. Jeta e tij \u00ebsht\u00eb mbushur me\",\"breadcrumb\":{\"@id\":\"https:\/\/www.visit-ulcinj.com\/blog\/2011\/07\/30\/sinan-vllasaliu-live-ne-plazhin-tropikana-prej-ora-2300-deri-4h-te-mengjesit\/#breadcrumb\"},\"inLanguage\":\"en-US\",\"potentialAction\":[{\"@type\":\"ReadAction\",\"target\":[\"https:\/\/www.visit-ulcinj.com\/blog\/2011\/07\/30\/sinan-vllasaliu-live-ne-plazhin-tropikana-prej-ora-2300-deri-4h-te-mengjesit\/\"]}]},{\"@type\":\"BreadcrumbList\",\"@id\":\"https:\/\/www.visit-ulcinj.com\/blog\/2011\/07\/30\/sinan-vllasaliu-live-ne-plazhin-tropikana-prej-ora-2300-deri-4h-te-mengjesit\/#breadcrumb\",\"itemListElement\":[{\"@type\":\"ListItem\",\"position\":1,\"name\":\"Sinan Vllasaliu Live ne Plazhin Tropikana prej ora 23:00 deri 4h t\u00eb mengjesit\"}]},{\"@type\":\"Person\",\"@id\":\"https:\/\/www.visit-ulcinj.com\/blog\/#\/schema\/person\/dcab619c614d3038751c63bc2aadc06d\",\"name\":\"ulqini\",\"sameAs\":[\"http:\/\/www.visit-ulcinj.com\"],\"url\":\"https:\/\/www.visit-ulcinj.com\/blog\/author\/admin\/\"}]}<\/script>\n<!-- \/ Yoast SEO plugin. -->","yoast_head_json":{"title":"Sinan Vllasaliu Live ne Plazhin Tropikana prej ora 23:00 deri 4h t\u00eb mengjesit - Lajme nga Ulqini","description":"Nuk ka pik\u00eb dyshimi q\u00eb Sinan Vllasaliu di t\u00eb rr\u00ebmbej\u00eb me \u00e7do kusht zemrat e adhuruesve, qoft\u00eb me vokalin apo sharmin e tij. Jeta e tij \u00ebsht\u00eb mbushur me","robots":{"index":"index","follow":"follow","max-snippet":"max-snippet:-1","max-image-preview":"max-image-preview:large","max-video-preview":"max-video-preview:-1"},"canonical":"https:\/\/www.visit-ulcinj.com\/blog\/2011\/07\/30\/sinan-vllasaliu-live-ne-plazhin-tropikana-prej-ora-2300-deri-4h-te-mengjesit\/","og_locale":"en_US","og_type":"article","og_title":"Sinan Vllasaliu Live ne Plazhin Tropikana prej ora 23:00 deri 4h t\u00eb mengjesit - Lajme nga Ulqini","og_description":"Nuk ka pik\u00eb dyshimi q\u00eb Sinan Vllasaliu di t\u00eb rr\u00ebmbej\u00eb me \u00e7do kusht zemrat e adhuruesve, qoft\u00eb me vokalin apo sharmin e tij. Jeta e tij \u00ebsht\u00eb mbushur me","og_url":"https:\/\/www.visit-ulcinj.com\/blog\/2011\/07\/30\/sinan-vllasaliu-live-ne-plazhin-tropikana-prej-ora-2300-deri-4h-te-mengjesit\/","og_site_name":"Lajme nga Ulqini","article_published_time":"2011-07-30T09:38:16+00:00","article_modified_time":"2011-08-11T07:58:03+00:00","og_image":[{"url":"https:\/\/www.visit-ulcinj.com\/blog\/wp-content\/uploads\/2011\/07\/Sinan-Vllasaliu-Live-ne-Plazhin-Tropikana-Ulqin_picnik-150x150.jpg"}],"twitter_misc":{"Written by":"ulqini","Est. reading time":"1 minute"},"schema":{"@context":"https:\/\/schema.org","@graph":[{"@type":"WebSite","@id":"https:\/\/www.visit-ulcinj.com\/blog\/#website","url":"https:\/\/www.visit-ulcinj.com\/blog\/","name":"Lajme nga Ulqini","description":"Lajme,Vijesti,Ulqini,Ulqin,Crna Gora,Mali i Zi","potentialAction":[{"@type":"SearchAction","target":{"@type":"EntryPoint","urlTemplate":"https:\/\/www.visit-ulcinj.com\/blog\/?s={search_term_string}"},"query-input":"required name=search_term_string"}],"inLanguage":"en-US"},{"@type":"ImageObject","inLanguage":"en-US","@id":"https:\/\/www.visit-ulcinj.com\/blog\/2011\/07\/30\/sinan-vllasaliu-live-ne-plazhin-tropikana-prej-ora-2300-deri-4h-te-mengjesit\/#primaryimage","url":"http:\/\/www.visit-ulcinj.com\/blog\/wp-content\/uploads\/2011\/07\/Sinan-Vllasaliu.1.jpg","contentUrl":"http:\/\/www.visit-ulcinj.com\/blog\/wp-content\/uploads\/2011\/07\/Sinan-Vllasaliu.1.jpg"},{"@type":"WebPage","@id":"https:\/\/www.visit-ulcinj.com\/blog\/2011\/07\/30\/sinan-vllasaliu-live-ne-plazhin-tropikana-prej-ora-2300-deri-4h-te-mengjesit\/#webpage","url":"https:\/\/www.visit-ulcinj.com\/blog\/2011\/07\/30\/sinan-vllasaliu-live-ne-plazhin-tropikana-prej-ora-2300-deri-4h-te-mengjesit\/","name":"Sinan Vllasaliu Live ne Plazhin Tropikana prej ora 23:00 deri 4h t\u00eb mengjesit - Lajme nga Ulqini","isPartOf":{"@id":"https:\/\/www.visit-ulcinj.com\/blog\/#website"},"primaryImageOfPage":{"@id":"https:\/\/www.visit-ulcinj.com\/blog\/2011\/07\/30\/sinan-vllasaliu-live-ne-plazhin-tropikana-prej-ora-2300-deri-4h-te-mengjesit\/#primaryimage"},"datePublished":"2011-07-30T09:38:16+00:00","dateModified":"2011-08-11T07:58:03+00:00","author":{"@id":"https:\/\/www.visit-ulcinj.com\/blog\/#\/schema\/person\/dcab619c614d3038751c63bc2aadc06d"},"description":"Nuk ka pik\u00eb dyshimi q\u00eb Sinan Vllasaliu di t\u00eb rr\u00ebmbej\u00eb me \u00e7do kusht zemrat e adhuruesve, qoft\u00eb me vokalin apo sharmin e tij. Jeta e tij \u00ebsht\u00eb mbushur me","breadcrumb":{"@id":"https:\/\/www.visit-ulcinj.com\/blog\/2011\/07\/30\/sinan-vllasaliu-live-ne-plazhin-tropikana-prej-ora-2300-deri-4h-te-mengjesit\/#breadcrumb"},"inLanguage":"en-US","potentialAction":[{"@type":"ReadAction","target":["https:\/\/www.visit-ulcinj.com\/blog\/2011\/07\/30\/sinan-vllasaliu-live-ne-plazhin-tropikana-prej-ora-2300-deri-4h-te-mengjesit\/"]}]},{"@type":"BreadcrumbList","@id":"https:\/\/www.visit-ulcinj.com\/blog\/2011\/07\/30\/sinan-vllasaliu-live-ne-plazhin-tropikana-prej-ora-2300-deri-4h-te-mengjesit\/#breadcrumb","itemListElement":[{"@type":"ListItem","position":1,"name":"Sinan Vllasaliu Live ne Plazhin Tropikana prej ora 23:00 deri 4h t\u00eb mengjesit"}]},{"@type":"Person","@id":"https:\/\/www.visit-ulcinj.com\/blog\/#\/schema\/person\/dcab619c614d3038751c63bc2aadc06d","name":"ulqini","sameAs":["http:\/\/www.visit-ulcinj.com"],"url":"https:\/\/www.visit-ulcinj.com\/blog\/author\/admin\/"}]}},"jetpack_featured_media_url":"","jetpack_sharing_enabled":true,"jetpack_shortlink":"https:\/\/wp.me\/pe6lTn-cTd","_links":{"self":[{"href":"https:\/\/www.visit-ulcinj.com\/blog\/wp-json\/wp\/v2\/posts\/49551"}],"collection":[{"href":"https:\/\/www.visit-ulcinj.com\/blog\/wp-json\/wp\/v2\/posts"}],"about":[{"href":"https:\/\/www.visit-ulcinj.com\/blog\/wp-json\/wp\/v2\/types\/post"}],"author":[{"embeddable":true,"href":"https:\/\/www.visit-ulcinj.com\/blog\/wp-json\/wp\/v2\/users\/1"}],"replies":[{"embeddable":true,"href":"https:\/\/www.visit-ulcinj.com\/blog\/wp-json\/wp\/v2\/comments?post=49551"}],"version-history":[{"count":15,"href":"https:\/\/www.visit-ulcinj.com\/blog\/wp-json\/wp\/v2\/posts\/49551\/revisions"}],"predecessor-version":[{"id":49794,"href":"https:\/\/www.visit-ulcinj.com\/blog\/wp-json\/wp\/v2\/posts\/49551\/revisions\/49794"}],"wp:attachment":[{"href":"https:\/\/www.visit-ulcinj.com\/blog\/wp-json\/wp\/v2\/media?parent=49551"}],"wp:term":[{"taxonomy":"category","embeddable":true,"href":"https:\/\/www.visit-ulcinj.com\/blog\/wp-json\/wp\/v2\/categories?post=49551"},{"taxonomy":"post_tag","embeddable":true,"href":"https:\/\/www.visit-ulcinj.com\/blog\/wp-json\/wp\/v2\/tags?post=49551"}],"curies":[{"name":"wp","href":"https:\/\/api.w.org\/{rel}","templated":true}]}}