{"id":49568,"date":"2011-07-31T10:07:33","date_gmt":"2011-07-31T09:07:33","guid":{"rendered":"http:\/\/www.visit-ulcinj.com\/blog\/?p=49568"},"modified":"2011-07-31T10:08:31","modified_gmt":"2011-07-31T09:08:31","slug":"oduzeto-osam-skutera-u-ulcinju","status":"publish","type":"post","link":"https:\/\/www.visit-ulcinj.com\/blog\/2011\/07\/31\/oduzeto-osam-skutera-u-ulcinju\/","title":{"rendered":"Oduzeto osam skutera u Ulcinju"},"content":{"rendered":"<p><a href=\"http:\/\/www.visit-ulcinj.com\/blog\/2011\/07\/31\/oduzeto-osam-skutera-u-ulcinju\/oduzeto-osam-skutera-u-ulcinju_policija\/\" rel=\"attachment wp-att-49569\"><img loading=\"lazy\" class=\"alignleft size-full wp-image-49569\" title=\"Oduzeto osam skutera u Ulcinju_POLICIJA\" src=\"http:\/\/www.visit-ulcinj.com\/blog\/wp-content\/uploads\/2011\/07\/Oduzeto-osam-skutera-u-Ulcinju_POLICIJA.jpg\" alt=\"\" width=\"337\" height=\"276\" srcset=\"https:\/\/www.visit-ulcinj.com\/blog\/wp-content\/uploads\/2011\/07\/Oduzeto-osam-skutera-u-Ulcinju_POLICIJA.jpg 337w, https:\/\/www.visit-ulcinj.com\/blog\/wp-content\/uploads\/2011\/07\/Oduzeto-osam-skutera-u-Ulcinju_POLICIJA-300x245.jpg 300w\" sizes=\"(max-width: 337px) 100vw, 337px\" \/><\/a>Pripadnici policije Ulcinj i Lu\u010dke kapetanije Bar su, u reonu Male i Velike pla\u017ee u Ulcinju, izveli zajedni\u010dku akciju koja je trajala devet sati, tokom koje su kontrolisali deset plovnih objekata-skutera, od koji je osam privremeno oduzeto.<\/p>\n<p>Cilj ove akcije je pove\u0107anje stepena bezbjednosti u akvatoriji Ulcinja.<\/p>\n<p>Lu\u010dka kapetanija Bar je, uz potvrdu o privremeno oduzetim predmetima koju izdaje Ispostava policije Ulcinj, oduzela skutere zbog po\u010dinjenih pomorskih prekr\u0161aja.<\/p>\n<p>Sedam lica, koja su upravljala skuterima, je sankcionisano mandatnim kaznama u iznosu od 50 do 150 eura, odnosno u ukupnom iznosu 750 eura.<\/p>\n<p>Me\u0111u prekr\u0161ajima najve\u0107i broj je onih koji se odnose za neposjedovanje dozvole za upravljanje ovom vrstom plovila.<\/p>\n<table width=\"100%\" border=\"0\" cellspacing=\"0\" cellpadding=\"0\">\n<tbody>\n<tr>\n<td><\/td>\n<\/tr>\n<\/tbody>\n<\/table>\n<p>Prilikom kontrole privremeno su skuteri: &#8220;Yamaha\u201c, registarskih oznaka BR-767, &#8220;Sea Doo\u201c registarskih oznaka oznaka UL-443, &#8220;Sea Doo\u201c registarskih oznaka oznaka UL-441, &#8220;Yamaha\u201c, registarskih oznaka UL-285, &#8220;Sea Doo\u201c, tip GTI 130, bez registarskih oznaka, &#8220;Yamaha\u201c VX 1100 sport, registarskih oznaka UL-383, &#8220;Yamaha\u201c XL-760, registarskih oznaka UL-147, &#8220;Yamaha\u201c registarskih oznaka HN-1029.<\/p>\n<p>Sedam skutera je u vlasni\u0161tvu lica sa podru\u010dja Ulcinja, dok je jedan skuter vlasni\u0161tvo ruskog dr\u017eavljanina.<\/p>\n<p>&#8220;Njima su, kada su po\u010dinjeni pomorski prekr\u0161aji, u najve\u0107em broju slu\u010dajeva upravljali vlasnici njih \u0161est, dok su u dva slu\u010daja skuterima upravljala tre\u0107a lica\u201c, saop\u0161tila je Uprava policije.<\/p>\n<p>Policija \u0107e provjeriti porijekla plovila, koja \u0107e, do okon\u010danja slu\u017ebenih radnji, biti uskladi\u0161tena u krugu objekta Ispostave grani\u010dne pomorske policije, \u201eSV.Nikola\u201c na rijeci Bojani.<\/p>\n<p>Najavljeno je da \u0107e ovakve akcije biti nastavljene i sprovedene u drugim primorskim gradovima.<\/p>\n<p><a href=\"http:\/\/www.cafemontenegro.com\/index.php?group=43&amp;news=189528\" target=\"_blank\"><strong>Izvor: CDM<\/strong><\/a><\/p>\n","protected":false},"excerpt":{"rendered":"<p>Pripadnici policije Ulcinj i Lu\u010dke kapetanije Bar su, u reonu Male i Velike pla\u017ee u Ulcinju, izveli zajedni\u010dku akciju koja je trajala devet sati, tokom koje su kontrolisali deset plovnih objekata-skutera, od koji je osam privremeno oduzeto. Cilj ove akcije je pove\u0107anje stepena bezbjednosti u akvatoriji Ulcinja. Lu\u010dka kapetanija Bar je, uz potvrdu o privremeno [&hellip;]<\/p>\n","protected":false},"author":1,"featured_media":0,"comment_status":"open","ping_status":"closed","sticky":false,"template":"","format":"standard","meta":{"spay_email":"","jetpack_publicize_message":"","jetpack_is_tweetstorm":false,"jetpack_publicize_feature_enabled":true},"categories":[8337],"tags":[15012],"jetpack_publicize_connections":[],"yoast_head":"<!-- This site is optimized with the Yoast SEO plugin v19.1 - https:\/\/yoast.com\/wordpress\/plugins\/seo\/ -->\n<title>Oduzeto osam skutera u Ulcinju - Lajme nga Ulqini<\/title>\n<meta name=\"description\" content=\"Pripadnici policije Ulcinj i Lu\u010dke kapetanije Bar su, u reonu Male i Velike pla\u017ee u Ulcinju, izveli zajedni\u010dku akciju koja je trajala devet sati, tokom\" \/>\n<meta name=\"robots\" content=\"index, follow, max-snippet:-1, max-image-preview:large, max-video-preview:-1\" \/>\n<link rel=\"canonical\" href=\"https:\/\/www.visit-ulcinj.com\/blog\/2011\/07\/31\/oduzeto-osam-skutera-u-ulcinju\/\" \/>\n<meta property=\"og:locale\" content=\"en_US\" \/>\n<meta property=\"og:type\" content=\"article\" \/>\n<meta property=\"og:title\" content=\"Oduzeto osam skutera u Ulcinju - Lajme nga Ulqini\" \/>\n<meta property=\"og:description\" content=\"Pripadnici policije Ulcinj i Lu\u010dke kapetanije Bar su, u reonu Male i Velike pla\u017ee u Ulcinju, izveli zajedni\u010dku akciju koja je trajala devet sati, tokom\" \/>\n<meta property=\"og:url\" content=\"https:\/\/www.visit-ulcinj.com\/blog\/2011\/07\/31\/oduzeto-osam-skutera-u-ulcinju\/\" \/>\n<meta property=\"og:site_name\" content=\"Lajme nga Ulqini\" \/>\n<meta property=\"article:published_time\" content=\"2011-07-31T09:07:33+00:00\" \/>\n<meta property=\"article:modified_time\" content=\"2011-07-31T09:08:31+00:00\" \/>\n<meta property=\"og:image\" content=\"http:\/\/www.visit-ulcinj.com\/blog\/wp-content\/uploads\/2011\/07\/Oduzeto-osam-skutera-u-Ulcinju_POLICIJA.jpg\" \/>\n<meta name=\"twitter:label1\" content=\"Written by\" \/>\n\t<meta name=\"twitter:data1\" content=\"ulqini\" \/>\n\t<meta name=\"twitter:label2\" content=\"Est. reading time\" \/>\n\t<meta name=\"twitter:data2\" content=\"1 minute\" \/>\n<script type=\"application\/ld+json\" class=\"yoast-schema-graph\">{\"@context\":\"https:\/\/schema.org\",\"@graph\":[{\"@type\":\"WebSite\",\"@id\":\"https:\/\/www.visit-ulcinj.com\/blog\/#website\",\"url\":\"https:\/\/www.visit-ulcinj.com\/blog\/\",\"name\":\"Lajme nga Ulqini\",\"description\":\"Lajme,Vijesti,Ulqini,Ulqin,Crna Gora,Mali i Zi\",\"potentialAction\":[{\"@type\":\"SearchAction\",\"target\":{\"@type\":\"EntryPoint\",\"urlTemplate\":\"https:\/\/www.visit-ulcinj.com\/blog\/?s={search_term_string}\"},\"query-input\":\"required name=search_term_string\"}],\"inLanguage\":\"en-US\"},{\"@type\":\"ImageObject\",\"inLanguage\":\"en-US\",\"@id\":\"https:\/\/www.visit-ulcinj.com\/blog\/2011\/07\/31\/oduzeto-osam-skutera-u-ulcinju\/#primaryimage\",\"url\":\"https:\/\/www.visit-ulcinj.com\/blog\/wp-content\/uploads\/2011\/07\/Oduzeto-osam-skutera-u-Ulcinju_POLICIJA.jpg\",\"contentUrl\":\"https:\/\/www.visit-ulcinj.com\/blog\/wp-content\/uploads\/2011\/07\/Oduzeto-osam-skutera-u-Ulcinju_POLICIJA.jpg\",\"width\":\"337\",\"height\":\"276\"},{\"@type\":\"WebPage\",\"@id\":\"https:\/\/www.visit-ulcinj.com\/blog\/2011\/07\/31\/oduzeto-osam-skutera-u-ulcinju\/#webpage\",\"url\":\"https:\/\/www.visit-ulcinj.com\/blog\/2011\/07\/31\/oduzeto-osam-skutera-u-ulcinju\/\",\"name\":\"Oduzeto osam skutera u Ulcinju - Lajme nga Ulqini\",\"isPartOf\":{\"@id\":\"https:\/\/www.visit-ulcinj.com\/blog\/#website\"},\"primaryImageOfPage\":{\"@id\":\"https:\/\/www.visit-ulcinj.com\/blog\/2011\/07\/31\/oduzeto-osam-skutera-u-ulcinju\/#primaryimage\"},\"datePublished\":\"2011-07-31T09:07:33+00:00\",\"dateModified\":\"2011-07-31T09:08:31+00:00\",\"author\":{\"@id\":\"https:\/\/www.visit-ulcinj.com\/blog\/#\/schema\/person\/dcab619c614d3038751c63bc2aadc06d\"},\"description\":\"Pripadnici policije Ulcinj i Lu\u010dke kapetanije Bar su, u reonu Male i Velike pla\u017ee u Ulcinju, izveli zajedni\u010dku akciju koja je trajala devet sati, tokom\",\"breadcrumb\":{\"@id\":\"https:\/\/www.visit-ulcinj.com\/blog\/2011\/07\/31\/oduzeto-osam-skutera-u-ulcinju\/#breadcrumb\"},\"inLanguage\":\"en-US\",\"potentialAction\":[{\"@type\":\"ReadAction\",\"target\":[\"https:\/\/www.visit-ulcinj.com\/blog\/2011\/07\/31\/oduzeto-osam-skutera-u-ulcinju\/\"]}]},{\"@type\":\"BreadcrumbList\",\"@id\":\"https:\/\/www.visit-ulcinj.com\/blog\/2011\/07\/31\/oduzeto-osam-skutera-u-ulcinju\/#breadcrumb\",\"itemListElement\":[{\"@type\":\"ListItem\",\"position\":1,\"name\":\"Oduzeto osam skutera u Ulcinju\"}]},{\"@type\":\"Person\",\"@id\":\"https:\/\/www.visit-ulcinj.com\/blog\/#\/schema\/person\/dcab619c614d3038751c63bc2aadc06d\",\"name\":\"ulqini\",\"sameAs\":[\"http:\/\/www.visit-ulcinj.com\"],\"url\":\"https:\/\/www.visit-ulcinj.com\/blog\/author\/admin\/\"}]}<\/script>\n<!-- \/ Yoast SEO plugin. -->","yoast_head_json":{"title":"Oduzeto osam skutera u Ulcinju - Lajme nga Ulqini","description":"Pripadnici policije Ulcinj i Lu\u010dke kapetanije Bar su, u reonu Male i Velike pla\u017ee u Ulcinju, izveli zajedni\u010dku akciju koja je trajala devet sati, tokom","robots":{"index":"index","follow":"follow","max-snippet":"max-snippet:-1","max-image-preview":"max-image-preview:large","max-video-preview":"max-video-preview:-1"},"canonical":"https:\/\/www.visit-ulcinj.com\/blog\/2011\/07\/31\/oduzeto-osam-skutera-u-ulcinju\/","og_locale":"en_US","og_type":"article","og_title":"Oduzeto osam skutera u Ulcinju - Lajme nga Ulqini","og_description":"Pripadnici policije Ulcinj i Lu\u010dke kapetanije Bar su, u reonu Male i Velike pla\u017ee u Ulcinju, izveli zajedni\u010dku akciju koja je trajala devet sati, tokom","og_url":"https:\/\/www.visit-ulcinj.com\/blog\/2011\/07\/31\/oduzeto-osam-skutera-u-ulcinju\/","og_site_name":"Lajme nga Ulqini","article_published_time":"2011-07-31T09:07:33+00:00","article_modified_time":"2011-07-31T09:08:31+00:00","og_image":[{"url":"http:\/\/www.visit-ulcinj.com\/blog\/wp-content\/uploads\/2011\/07\/Oduzeto-osam-skutera-u-Ulcinju_POLICIJA.jpg"}],"twitter_misc":{"Written by":"ulqini","Est. reading time":"1 minute"},"schema":{"@context":"https:\/\/schema.org","@graph":[{"@type":"WebSite","@id":"https:\/\/www.visit-ulcinj.com\/blog\/#website","url":"https:\/\/www.visit-ulcinj.com\/blog\/","name":"Lajme nga Ulqini","description":"Lajme,Vijesti,Ulqini,Ulqin,Crna Gora,Mali i Zi","potentialAction":[{"@type":"SearchAction","target":{"@type":"EntryPoint","urlTemplate":"https:\/\/www.visit-ulcinj.com\/blog\/?s={search_term_string}"},"query-input":"required name=search_term_string"}],"inLanguage":"en-US"},{"@type":"ImageObject","inLanguage":"en-US","@id":"https:\/\/www.visit-ulcinj.com\/blog\/2011\/07\/31\/oduzeto-osam-skutera-u-ulcinju\/#primaryimage","url":"https:\/\/www.visit-ulcinj.com\/blog\/wp-content\/uploads\/2011\/07\/Oduzeto-osam-skutera-u-Ulcinju_POLICIJA.jpg","contentUrl":"https:\/\/www.visit-ulcinj.com\/blog\/wp-content\/uploads\/2011\/07\/Oduzeto-osam-skutera-u-Ulcinju_POLICIJA.jpg","width":"337","height":"276"},{"@type":"WebPage","@id":"https:\/\/www.visit-ulcinj.com\/blog\/2011\/07\/31\/oduzeto-osam-skutera-u-ulcinju\/#webpage","url":"https:\/\/www.visit-ulcinj.com\/blog\/2011\/07\/31\/oduzeto-osam-skutera-u-ulcinju\/","name":"Oduzeto osam skutera u Ulcinju - Lajme nga Ulqini","isPartOf":{"@id":"https:\/\/www.visit-ulcinj.com\/blog\/#website"},"primaryImageOfPage":{"@id":"https:\/\/www.visit-ulcinj.com\/blog\/2011\/07\/31\/oduzeto-osam-skutera-u-ulcinju\/#primaryimage"},"datePublished":"2011-07-31T09:07:33+00:00","dateModified":"2011-07-31T09:08:31+00:00","author":{"@id":"https:\/\/www.visit-ulcinj.com\/blog\/#\/schema\/person\/dcab619c614d3038751c63bc2aadc06d"},"description":"Pripadnici policije Ulcinj i Lu\u010dke kapetanije Bar su, u reonu Male i Velike pla\u017ee u Ulcinju, izveli zajedni\u010dku akciju koja je trajala devet sati, tokom","breadcrumb":{"@id":"https:\/\/www.visit-ulcinj.com\/blog\/2011\/07\/31\/oduzeto-osam-skutera-u-ulcinju\/#breadcrumb"},"inLanguage":"en-US","potentialAction":[{"@type":"ReadAction","target":["https:\/\/www.visit-ulcinj.com\/blog\/2011\/07\/31\/oduzeto-osam-skutera-u-ulcinju\/"]}]},{"@type":"BreadcrumbList","@id":"https:\/\/www.visit-ulcinj.com\/blog\/2011\/07\/31\/oduzeto-osam-skutera-u-ulcinju\/#breadcrumb","itemListElement":[{"@type":"ListItem","position":1,"name":"Oduzeto osam skutera u Ulcinju"}]},{"@type":"Person","@id":"https:\/\/www.visit-ulcinj.com\/blog\/#\/schema\/person\/dcab619c614d3038751c63bc2aadc06d","name":"ulqini","sameAs":["http:\/\/www.visit-ulcinj.com"],"url":"https:\/\/www.visit-ulcinj.com\/blog\/author\/admin\/"}]}},"jetpack_featured_media_url":"","jetpack_sharing_enabled":true,"jetpack_shortlink":"https:\/\/wp.me\/pe6lTn-cTu","_links":{"self":[{"href":"https:\/\/www.visit-ulcinj.com\/blog\/wp-json\/wp\/v2\/posts\/49568"}],"collection":[{"href":"https:\/\/www.visit-ulcinj.com\/blog\/wp-json\/wp\/v2\/posts"}],"about":[{"href":"https:\/\/www.visit-ulcinj.com\/blog\/wp-json\/wp\/v2\/types\/post"}],"author":[{"embeddable":true,"href":"https:\/\/www.visit-ulcinj.com\/blog\/wp-json\/wp\/v2\/users\/1"}],"replies":[{"embeddable":true,"href":"https:\/\/www.visit-ulcinj.com\/blog\/wp-json\/wp\/v2\/comments?post=49568"}],"version-history":[{"count":4,"href":"https:\/\/www.visit-ulcinj.com\/blog\/wp-json\/wp\/v2\/posts\/49568\/revisions"}],"predecessor-version":[{"id":49573,"href":"https:\/\/www.visit-ulcinj.com\/blog\/wp-json\/wp\/v2\/posts\/49568\/revisions\/49573"}],"wp:attachment":[{"href":"https:\/\/www.visit-ulcinj.com\/blog\/wp-json\/wp\/v2\/media?parent=49568"}],"wp:term":[{"taxonomy":"category","embeddable":true,"href":"https:\/\/www.visit-ulcinj.com\/blog\/wp-json\/wp\/v2\/categories?post=49568"},{"taxonomy":"post_tag","embeddable":true,"href":"https:\/\/www.visit-ulcinj.com\/blog\/wp-json\/wp\/v2\/tags?post=49568"}],"curies":[{"name":"wp","href":"https:\/\/api.w.org\/{rel}","templated":true}]}}