{"id":49579,"date":"2011-08-01T18:43:22","date_gmt":"2011-08-01T17:43:22","guid":{"rendered":"http:\/\/www.visit-ulcinj.com\/blog\/?p=49579"},"modified":"2011-08-01T18:48:39","modified_gmt":"2011-08-01T17:48:39","slug":"udsh-ja-urime-festa-e-muajit-madherishem-te-ramazanit","status":"publish","type":"post","link":"https:\/\/www.visit-ulcinj.com\/blog\/2011\/08\/01\/udsh-ja-urime-festa-e-muajit-madherishem-te-ramazanit\/","title":{"rendered":"UDSH-ja: Urime festa e muajit madh\u00ebrish\u00ebm t\u00eb Ramazanit"},"content":{"rendered":"<h2><img loading=\"lazy\" class=\"alignleft size-thumbnail wp-image-36988\" title=\"UNIONI  DEMOKRATIK I SHQIPTAR\u00cbVE\" src=\"http:\/\/www.visit-ulcinj.com\/blog\/wp-content\/uploads\/2010\/09\/UNIONI-DEMOKRATIK-I-SHQIPTAR\u00cbVE-150x150.jpg\" alt=\"\" width=\"150\" height=\"150\" \/>UNIONI DEMOKRATIK I SHQIPTAR\u00cbVE<\/h2>\n<p>&nbsp;<\/p>\n<p>Ulqin &#8211; 01.08.2011<\/p>\n<p><strong>\u00a0<\/strong><\/p>\n<h3 style=\"text-align: center;\">URIM P\u00cbR\u00a0 MUAJIN E MADHUAR T\u00cb RAMAZANIT<\/h3>\n<p>&nbsp;<\/p>\n<p>M\u00eb rastin e muajit madh\u00ebrish\u00ebm t\u00eb Ramazanit, Unioni Demokratik i Shqiptar\u00ebve t\u00eb gjith\u00eb besimtar\u00ebve t\u00eb Fes\u00eb Islame i p\u00ebrg\u00ebzon p\u00ebrzem\u00ebrsisht p\u00ebr k\u00ebt\u00eb muaj t\u00eb madhuar, duke i uruar paqe, sh\u00ebndet dhe mbar\u00ebsi.<\/p>\n<p>Mbesim m\u00eb shpres\u00eb tek Zoti, q\u00eb k\u00ebto dit\u00eb t\u00eb madh\u00ebruara t\u00eb jen\u00eb dit\u00eb t\u00eb p\u00ebrkushtimit, t\u00eb sakrific\u00ebs dhe mir\u00ebb\u00ebr\u00ebsis\u00eb, duke Ju sugjerua toleranc\u00eb nd\u00ebrnjer\u00ebzore e fetare, mir\u00ebkuptim dhe bashkim nd\u00ebrnjer\u00ebzor, nj\u00eb sjellje me ndjes\u00eb dhe shpirtmir\u00ebsi ndaj njeri tjetrit, dashuri dhe fatlumturi.<\/p>\n<p>G\u00ebzuar dhe pa\u00e7i fat dhe Zoti Ju shp\u00ebrbleft\u00eb m\u00eb t\u00eb mira t\u00eb gjith\u00eb sakrificat dhe flijimet e Juaja.<\/p>\n<p>&nbsp;<\/p>\n<p><strong>Sh\u00ebrbimi informativ t\u00eb UDSH-s\u00eb<\/strong><\/p>\n<p><iframe loading=\"lazy\" src=\"http:\/\/dotsub.com\/media\/b5431b52-5912-482d-8c8e-d6078f3520ec\/e\/m\" frameborder=\"0\" width=\"508\" height=\"377\"><\/iframe><\/p>\n","protected":false},"excerpt":{"rendered":"<p>UNIONI DEMOKRATIK I SHQIPTAR\u00cbVE &nbsp; Ulqin &#8211; 01.08.2011 \u00a0 URIM P\u00cbR\u00a0 MUAJIN E MADHUAR T\u00cb RAMAZANIT &nbsp; M\u00eb rastin e muajit madh\u00ebrish\u00ebm t\u00eb Ramazanit, Unioni Demokratik i Shqiptar\u00ebve t\u00eb gjith\u00eb besimtar\u00ebve t\u00eb Fes\u00eb Islame i p\u00ebrg\u00ebzon p\u00ebrzem\u00ebrsisht p\u00ebr k\u00ebt\u00eb muaj t\u00eb madhuar, duke i uruar paqe, sh\u00ebndet dhe mbar\u00ebsi. Mbesim m\u00eb shpres\u00eb tek Zoti, q\u00eb [&hellip;]<\/p>\n","protected":false},"author":1,"featured_media":0,"comment_status":"open","ping_status":"closed","sticky":false,"template":"","format":"standard","meta":{"spay_email":"","jetpack_publicize_message":"","jetpack_is_tweetstorm":false,"jetpack_publicize_feature_enabled":true},"categories":[1],"tags":[12338,16789],"jetpack_publicize_connections":[],"yoast_head":"<!-- This site is optimized with the Yoast SEO plugin v19.1 - https:\/\/yoast.com\/wordpress\/plugins\/seo\/ -->\n<title>UDSH-ja: Urime festa e muajit madh\u00ebrish\u00ebm t\u00eb Ramazanit - Lajme nga Ulqini<\/title>\n<meta name=\"description\" content=\"UNIONI DEMOKRATIK I SHQIPTAR\u00cbVE &nbsp; Ulqin - 01.08.2011 \u00a0 URIM P\u00cbR\u00a0 MUAJIN E MADHUAR T\u00cb RAMAZANIT &nbsp; M\u00eb rastin e muajit madh\u00ebrish\u00ebm t\u00eb Ramazanit,\" \/>\n<meta name=\"robots\" content=\"index, follow, max-snippet:-1, max-image-preview:large, max-video-preview:-1\" \/>\n<link rel=\"canonical\" href=\"https:\/\/www.visit-ulcinj.com\/blog\/2011\/08\/01\/udsh-ja-urime-festa-e-muajit-madherishem-te-ramazanit\/\" \/>\n<meta property=\"og:locale\" content=\"en_US\" \/>\n<meta property=\"og:type\" content=\"article\" \/>\n<meta property=\"og:title\" content=\"UDSH-ja: Urime festa e muajit madh\u00ebrish\u00ebm t\u00eb Ramazanit - Lajme nga Ulqini\" \/>\n<meta property=\"og:description\" content=\"UNIONI DEMOKRATIK I SHQIPTAR\u00cbVE &nbsp; Ulqin - 01.08.2011 \u00a0 URIM P\u00cbR\u00a0 MUAJIN E MADHUAR T\u00cb RAMAZANIT &nbsp; M\u00eb rastin e muajit madh\u00ebrish\u00ebm t\u00eb Ramazanit,\" \/>\n<meta property=\"og:url\" content=\"https:\/\/www.visit-ulcinj.com\/blog\/2011\/08\/01\/udsh-ja-urime-festa-e-muajit-madherishem-te-ramazanit\/\" \/>\n<meta property=\"og:site_name\" content=\"Lajme nga Ulqini\" \/>\n<meta property=\"article:published_time\" content=\"2011-08-01T17:43:22+00:00\" \/>\n<meta property=\"article:modified_time\" content=\"2011-08-01T17:48:39+00:00\" \/>\n<meta name=\"twitter:label1\" content=\"Written by\" \/>\n\t<meta name=\"twitter:data1\" content=\"ulqini\" \/>\n\t<meta name=\"twitter:label2\" content=\"Est. reading time\" \/>\n\t<meta name=\"twitter:data2\" content=\"1 minute\" \/>\n<script type=\"application\/ld+json\" class=\"yoast-schema-graph\">{\"@context\":\"https:\/\/schema.org\",\"@graph\":[{\"@type\":\"WebSite\",\"@id\":\"https:\/\/www.visit-ulcinj.com\/blog\/#website\",\"url\":\"https:\/\/www.visit-ulcinj.com\/blog\/\",\"name\":\"Lajme nga Ulqini\",\"description\":\"Lajme,Vijesti,Ulqini,Ulqin,Crna Gora,Mali i Zi\",\"potentialAction\":[{\"@type\":\"SearchAction\",\"target\":{\"@type\":\"EntryPoint\",\"urlTemplate\":\"https:\/\/www.visit-ulcinj.com\/blog\/?s={search_term_string}\"},\"query-input\":\"required name=search_term_string\"}],\"inLanguage\":\"en-US\"},{\"@type\":\"WebPage\",\"@id\":\"https:\/\/www.visit-ulcinj.com\/blog\/2011\/08\/01\/udsh-ja-urime-festa-e-muajit-madherishem-te-ramazanit\/#webpage\",\"url\":\"https:\/\/www.visit-ulcinj.com\/blog\/2011\/08\/01\/udsh-ja-urime-festa-e-muajit-madherishem-te-ramazanit\/\",\"name\":\"UDSH-ja: Urime festa e muajit madh\u00ebrish\u00ebm t\u00eb Ramazanit - Lajme nga Ulqini\",\"isPartOf\":{\"@id\":\"https:\/\/www.visit-ulcinj.com\/blog\/#website\"},\"datePublished\":\"2011-08-01T17:43:22+00:00\",\"dateModified\":\"2011-08-01T17:48:39+00:00\",\"author\":{\"@id\":\"https:\/\/www.visit-ulcinj.com\/blog\/#\/schema\/person\/dcab619c614d3038751c63bc2aadc06d\"},\"description\":\"UNIONI DEMOKRATIK I SHQIPTAR\u00cbVE &nbsp; Ulqin - 01.08.2011 \u00a0 URIM P\u00cbR\u00a0 MUAJIN E MADHUAR T\u00cb RAMAZANIT &nbsp; M\u00eb rastin e muajit madh\u00ebrish\u00ebm t\u00eb Ramazanit,\",\"breadcrumb\":{\"@id\":\"https:\/\/www.visit-ulcinj.com\/blog\/2011\/08\/01\/udsh-ja-urime-festa-e-muajit-madherishem-te-ramazanit\/#breadcrumb\"},\"inLanguage\":\"en-US\",\"potentialAction\":[{\"@type\":\"ReadAction\",\"target\":[\"https:\/\/www.visit-ulcinj.com\/blog\/2011\/08\/01\/udsh-ja-urime-festa-e-muajit-madherishem-te-ramazanit\/\"]}]},{\"@type\":\"BreadcrumbList\",\"@id\":\"https:\/\/www.visit-ulcinj.com\/blog\/2011\/08\/01\/udsh-ja-urime-festa-e-muajit-madherishem-te-ramazanit\/#breadcrumb\",\"itemListElement\":[{\"@type\":\"ListItem\",\"position\":1,\"name\":\"UDSH-ja: Urime festa e muajit madh\u00ebrish\u00ebm t\u00eb Ramazanit\"}]},{\"@type\":\"Person\",\"@id\":\"https:\/\/www.visit-ulcinj.com\/blog\/#\/schema\/person\/dcab619c614d3038751c63bc2aadc06d\",\"name\":\"ulqini\",\"sameAs\":[\"http:\/\/www.visit-ulcinj.com\"],\"url\":\"https:\/\/www.visit-ulcinj.com\/blog\/author\/admin\/\"}]}<\/script>\n<!-- \/ Yoast SEO plugin. -->","yoast_head_json":{"title":"UDSH-ja: Urime festa e muajit madh\u00ebrish\u00ebm t\u00eb Ramazanit - Lajme nga Ulqini","description":"UNIONI DEMOKRATIK I SHQIPTAR\u00cbVE &nbsp; Ulqin - 01.08.2011 \u00a0 URIM P\u00cbR\u00a0 MUAJIN E MADHUAR T\u00cb RAMAZANIT &nbsp; M\u00eb rastin e muajit madh\u00ebrish\u00ebm t\u00eb Ramazanit,","robots":{"index":"index","follow":"follow","max-snippet":"max-snippet:-1","max-image-preview":"max-image-preview:large","max-video-preview":"max-video-preview:-1"},"canonical":"https:\/\/www.visit-ulcinj.com\/blog\/2011\/08\/01\/udsh-ja-urime-festa-e-muajit-madherishem-te-ramazanit\/","og_locale":"en_US","og_type":"article","og_title":"UDSH-ja: Urime festa e muajit madh\u00ebrish\u00ebm t\u00eb Ramazanit - Lajme nga Ulqini","og_description":"UNIONI DEMOKRATIK I SHQIPTAR\u00cbVE &nbsp; Ulqin - 01.08.2011 \u00a0 URIM P\u00cbR\u00a0 MUAJIN E MADHUAR T\u00cb RAMAZANIT &nbsp; M\u00eb rastin e muajit madh\u00ebrish\u00ebm t\u00eb Ramazanit,","og_url":"https:\/\/www.visit-ulcinj.com\/blog\/2011\/08\/01\/udsh-ja-urime-festa-e-muajit-madherishem-te-ramazanit\/","og_site_name":"Lajme nga Ulqini","article_published_time":"2011-08-01T17:43:22+00:00","article_modified_time":"2011-08-01T17:48:39+00:00","twitter_misc":{"Written by":"ulqini","Est. reading time":"1 minute"},"schema":{"@context":"https:\/\/schema.org","@graph":[{"@type":"WebSite","@id":"https:\/\/www.visit-ulcinj.com\/blog\/#website","url":"https:\/\/www.visit-ulcinj.com\/blog\/","name":"Lajme nga Ulqini","description":"Lajme,Vijesti,Ulqini,Ulqin,Crna Gora,Mali i Zi","potentialAction":[{"@type":"SearchAction","target":{"@type":"EntryPoint","urlTemplate":"https:\/\/www.visit-ulcinj.com\/blog\/?s={search_term_string}"},"query-input":"required name=search_term_string"}],"inLanguage":"en-US"},{"@type":"WebPage","@id":"https:\/\/www.visit-ulcinj.com\/blog\/2011\/08\/01\/udsh-ja-urime-festa-e-muajit-madherishem-te-ramazanit\/#webpage","url":"https:\/\/www.visit-ulcinj.com\/blog\/2011\/08\/01\/udsh-ja-urime-festa-e-muajit-madherishem-te-ramazanit\/","name":"UDSH-ja: Urime festa e muajit madh\u00ebrish\u00ebm t\u00eb Ramazanit - Lajme nga Ulqini","isPartOf":{"@id":"https:\/\/www.visit-ulcinj.com\/blog\/#website"},"datePublished":"2011-08-01T17:43:22+00:00","dateModified":"2011-08-01T17:48:39+00:00","author":{"@id":"https:\/\/www.visit-ulcinj.com\/blog\/#\/schema\/person\/dcab619c614d3038751c63bc2aadc06d"},"description":"UNIONI DEMOKRATIK I SHQIPTAR\u00cbVE &nbsp; Ulqin - 01.08.2011 \u00a0 URIM P\u00cbR\u00a0 MUAJIN E MADHUAR T\u00cb RAMAZANIT &nbsp; M\u00eb rastin e muajit madh\u00ebrish\u00ebm t\u00eb Ramazanit,","breadcrumb":{"@id":"https:\/\/www.visit-ulcinj.com\/blog\/2011\/08\/01\/udsh-ja-urime-festa-e-muajit-madherishem-te-ramazanit\/#breadcrumb"},"inLanguage":"en-US","potentialAction":[{"@type":"ReadAction","target":["https:\/\/www.visit-ulcinj.com\/blog\/2011\/08\/01\/udsh-ja-urime-festa-e-muajit-madherishem-te-ramazanit\/"]}]},{"@type":"BreadcrumbList","@id":"https:\/\/www.visit-ulcinj.com\/blog\/2011\/08\/01\/udsh-ja-urime-festa-e-muajit-madherishem-te-ramazanit\/#breadcrumb","itemListElement":[{"@type":"ListItem","position":1,"name":"UDSH-ja: Urime festa e muajit madh\u00ebrish\u00ebm t\u00eb Ramazanit"}]},{"@type":"Person","@id":"https:\/\/www.visit-ulcinj.com\/blog\/#\/schema\/person\/dcab619c614d3038751c63bc2aadc06d","name":"ulqini","sameAs":["http:\/\/www.visit-ulcinj.com"],"url":"https:\/\/www.visit-ulcinj.com\/blog\/author\/admin\/"}]}},"jetpack_featured_media_url":"","jetpack_sharing_enabled":true,"jetpack_shortlink":"https:\/\/wp.me\/pe6lTn-cTF","_links":{"self":[{"href":"https:\/\/www.visit-ulcinj.com\/blog\/wp-json\/wp\/v2\/posts\/49579"}],"collection":[{"href":"https:\/\/www.visit-ulcinj.com\/blog\/wp-json\/wp\/v2\/posts"}],"about":[{"href":"https:\/\/www.visit-ulcinj.com\/blog\/wp-json\/wp\/v2\/types\/post"}],"author":[{"embeddable":true,"href":"https:\/\/www.visit-ulcinj.com\/blog\/wp-json\/wp\/v2\/users\/1"}],"replies":[{"embeddable":true,"href":"https:\/\/www.visit-ulcinj.com\/blog\/wp-json\/wp\/v2\/comments?post=49579"}],"version-history":[{"count":3,"href":"https:\/\/www.visit-ulcinj.com\/blog\/wp-json\/wp\/v2\/posts\/49579\/revisions"}],"predecessor-version":[{"id":49862,"href":"https:\/\/www.visit-ulcinj.com\/blog\/wp-json\/wp\/v2\/posts\/49579\/revisions\/49862"}],"wp:attachment":[{"href":"https:\/\/www.visit-ulcinj.com\/blog\/wp-json\/wp\/v2\/media?parent=49579"}],"wp:term":[{"taxonomy":"category","embeddable":true,"href":"https:\/\/www.visit-ulcinj.com\/blog\/wp-json\/wp\/v2\/categories?post=49579"},{"taxonomy":"post_tag","embeddable":true,"href":"https:\/\/www.visit-ulcinj.com\/blog\/wp-json\/wp\/v2\/tags?post=49579"}],"curies":[{"name":"wp","href":"https:\/\/api.w.org\/{rel}","templated":true}]}}