{"id":49590,"date":"2011-08-01T19:32:13","date_gmt":"2011-08-01T18:32:13","guid":{"rendered":"http:\/\/www.visit-ulcinj.com\/blog\/?p=49590"},"modified":"2011-08-01T19:32:13","modified_gmt":"2011-08-01T18:32:13","slug":"jos-jedna-sezona-bez-rasvjete","status":"publish","type":"post","link":"https:\/\/www.visit-ulcinj.com\/blog\/2011\/08\/01\/jos-jedna-sezona-bez-rasvjete\/","title":{"rendered":"Jo\u0161 jedna sezona bez rasvjete"},"content":{"rendered":"<p><a href=\"http:\/\/www.visit-ulcinj.com\/blog\/2011\/08\/01\/jos-jedna-sezona-bez-rasvjete\/gjoka_gjonaj\/\" rel=\"attachment wp-att-49591\"><img loading=\"lazy\" class=\"alignleft size-medium wp-image-49591\" title=\"Gjoka_Gjonaj\" src=\"http:\/\/www.visit-ulcinj.com\/blog\/wp-content\/uploads\/2011\/08\/Gjoka_Gjonaj-242x300.jpg\" alt=\"\" width=\"242\" height=\"300\" srcset=\"https:\/\/www.visit-ulcinj.com\/blog\/wp-content\/uploads\/2011\/08\/Gjoka_Gjonaj-242x300.jpg 242w, https:\/\/www.visit-ulcinj.com\/blog\/wp-content\/uploads\/2011\/08\/Gjoka_Gjonaj.jpg 400w\" sizes=\"(max-width: 242px) 100vw, 242px\" \/><\/a>ULCINJ \u2013 Turisti\u010dka sezona je u punom jeku, a Mjesna zajednica \u0160toj nema svoju ambulantu, niti uli\u010dnu rasvjetu, dok ima velikih problema sa odvozom sme\u0107a &#8211; ocijenio je \u0110oka \u0110onovi\u0107, odbornik Force u ulcinjskom parlamentu.<\/p>\n<p>&#8211; Umjesto izgradnje uli\u010dne rasvjete, ura\u0111ena je samo dionica \u0161tojskog puta koja je simboli\u010dki po\u010deta u jeku predizborne kampanje DPS-DUA. Nedostatak uli\u010dne rasvjete mo\u017ee imati katastrofalne posljedice zbog neshvatljive situacije da se stoka na tom podru\u010dju pu\u0161ta sama na ispa\u0161u, a rizik se je u ovo doba godine pove\u0107ava usjed velikih gu\u017evi u saobra\u0107aju &#8211; navodi se u saop\u0161tenju odbornika Force.<\/p>\n<p>Odbornik Force je iznena\u0111en finansijskom nemo\u0107i op\u0161tine Ulcinj koja bi kao primorska op\u0161tina trebalo da ima vi\u0161emilionske prihode i vi\u0161emilionski bud\u017eet.<br \/>\n<a href=\"http:\/\/www.pobjeda.me\/citanje.php?datum=2011-08-01&amp;id=215335\" target=\"_blank\"><strong>A.\u017d.<br \/>\nPobjeda<\/strong><\/a><\/p>\n","protected":false},"excerpt":{"rendered":"<p>ULCINJ \u2013 Turisti\u010dka sezona je u punom jeku, a Mjesna zajednica \u0160toj nema svoju ambulantu, niti uli\u010dnu rasvjetu, dok ima velikih problema sa odvozom sme\u0107a &#8211; ocijenio je \u0110oka \u0110onovi\u0107, odbornik Force u ulcinjskom parlamentu. &#8211; Umjesto izgradnje uli\u010dne rasvjete, ura\u0111ena je samo dionica \u0161tojskog puta koja je simboli\u010dki po\u010deta u jeku predizborne kampanje DPS-DUA. [&hellip;]<\/p>\n","protected":false},"author":1,"featured_media":0,"comment_status":"open","ping_status":"closed","sticky":false,"template":"","format":"standard","meta":{"spay_email":"","jetpack_publicize_message":"","jetpack_is_tweetstorm":false,"jetpack_publicize_feature_enabled":true},"categories":[8337],"tags":[14504,18760],"jetpack_publicize_connections":[],"yoast_head":"<!-- This site is optimized with the Yoast SEO plugin v19.1 - https:\/\/yoast.com\/wordpress\/plugins\/seo\/ -->\n<title>Jo\u0161 jedna sezona bez rasvjete - Lajme nga Ulqini<\/title>\n<meta name=\"description\" content=\"ULCINJ \u2013 Turisti\u010dka sezona je u punom jeku, a Mjesna zajednica \u0160toj nema svoju ambulantu, niti uli\u010dnu rasvjetu, dok ima velikih problema sa odvozom sme\u0107a\" \/>\n<meta name=\"robots\" content=\"index, follow, max-snippet:-1, max-image-preview:large, max-video-preview:-1\" \/>\n<link rel=\"canonical\" href=\"https:\/\/www.visit-ulcinj.com\/blog\/2011\/08\/01\/jos-jedna-sezona-bez-rasvjete\/\" \/>\n<meta property=\"og:locale\" content=\"en_US\" \/>\n<meta property=\"og:type\" content=\"article\" \/>\n<meta property=\"og:title\" content=\"Jo\u0161 jedna sezona bez rasvjete - Lajme nga Ulqini\" \/>\n<meta property=\"og:description\" content=\"ULCINJ \u2013 Turisti\u010dka sezona je u punom jeku, a Mjesna zajednica \u0160toj nema svoju ambulantu, niti uli\u010dnu rasvjetu, dok ima velikih problema sa odvozom sme\u0107a\" \/>\n<meta property=\"og:url\" content=\"https:\/\/www.visit-ulcinj.com\/blog\/2011\/08\/01\/jos-jedna-sezona-bez-rasvjete\/\" \/>\n<meta property=\"og:site_name\" content=\"Lajme nga Ulqini\" \/>\n<meta property=\"article:published_time\" content=\"2011-08-01T18:32:13+00:00\" \/>\n<meta property=\"og:image\" content=\"http:\/\/www.visit-ulcinj.com\/blog\/wp-content\/uploads\/2011\/08\/Gjoka_Gjonaj-242x300.jpg\" \/>\n<meta name=\"twitter:label1\" content=\"Written by\" \/>\n\t<meta name=\"twitter:data1\" content=\"ulqini\" \/>\n\t<meta name=\"twitter:label2\" content=\"Est. reading time\" \/>\n\t<meta name=\"twitter:data2\" content=\"1 minute\" \/>\n<script type=\"application\/ld+json\" class=\"yoast-schema-graph\">{\"@context\":\"https:\/\/schema.org\",\"@graph\":[{\"@type\":\"WebSite\",\"@id\":\"https:\/\/www.visit-ulcinj.com\/blog\/#website\",\"url\":\"https:\/\/www.visit-ulcinj.com\/blog\/\",\"name\":\"Lajme nga Ulqini\",\"description\":\"Lajme,Vijesti,Ulqini,Ulqin,Crna Gora,Mali i Zi\",\"potentialAction\":[{\"@type\":\"SearchAction\",\"target\":{\"@type\":\"EntryPoint\",\"urlTemplate\":\"https:\/\/www.visit-ulcinj.com\/blog\/?s={search_term_string}\"},\"query-input\":\"required name=search_term_string\"}],\"inLanguage\":\"en-US\"},{\"@type\":\"ImageObject\",\"inLanguage\":\"en-US\",\"@id\":\"https:\/\/www.visit-ulcinj.com\/blog\/2011\/08\/01\/jos-jedna-sezona-bez-rasvjete\/#primaryimage\",\"url\":\"https:\/\/www.visit-ulcinj.com\/blog\/wp-content\/uploads\/2011\/08\/Gjoka_Gjonaj.jpg\",\"contentUrl\":\"https:\/\/www.visit-ulcinj.com\/blog\/wp-content\/uploads\/2011\/08\/Gjoka_Gjonaj.jpg\",\"width\":\"400\",\"height\":\"494\"},{\"@type\":\"WebPage\",\"@id\":\"https:\/\/www.visit-ulcinj.com\/blog\/2011\/08\/01\/jos-jedna-sezona-bez-rasvjete\/#webpage\",\"url\":\"https:\/\/www.visit-ulcinj.com\/blog\/2011\/08\/01\/jos-jedna-sezona-bez-rasvjete\/\",\"name\":\"Jo\u0161 jedna sezona bez rasvjete - Lajme nga Ulqini\",\"isPartOf\":{\"@id\":\"https:\/\/www.visit-ulcinj.com\/blog\/#website\"},\"primaryImageOfPage\":{\"@id\":\"https:\/\/www.visit-ulcinj.com\/blog\/2011\/08\/01\/jos-jedna-sezona-bez-rasvjete\/#primaryimage\"},\"datePublished\":\"2011-08-01T18:32:13+00:00\",\"dateModified\":\"2011-08-01T18:32:13+00:00\",\"author\":{\"@id\":\"https:\/\/www.visit-ulcinj.com\/blog\/#\/schema\/person\/dcab619c614d3038751c63bc2aadc06d\"},\"description\":\"ULCINJ \u2013 Turisti\u010dka sezona je u punom jeku, a Mjesna zajednica \u0160toj nema svoju ambulantu, niti uli\u010dnu rasvjetu, dok ima velikih problema sa odvozom sme\u0107a\",\"breadcrumb\":{\"@id\":\"https:\/\/www.visit-ulcinj.com\/blog\/2011\/08\/01\/jos-jedna-sezona-bez-rasvjete\/#breadcrumb\"},\"inLanguage\":\"en-US\",\"potentialAction\":[{\"@type\":\"ReadAction\",\"target\":[\"https:\/\/www.visit-ulcinj.com\/blog\/2011\/08\/01\/jos-jedna-sezona-bez-rasvjete\/\"]}]},{\"@type\":\"BreadcrumbList\",\"@id\":\"https:\/\/www.visit-ulcinj.com\/blog\/2011\/08\/01\/jos-jedna-sezona-bez-rasvjete\/#breadcrumb\",\"itemListElement\":[{\"@type\":\"ListItem\",\"position\":1,\"name\":\"Jo\u0161 jedna sezona bez rasvjete\"}]},{\"@type\":\"Person\",\"@id\":\"https:\/\/www.visit-ulcinj.com\/blog\/#\/schema\/person\/dcab619c614d3038751c63bc2aadc06d\",\"name\":\"ulqini\",\"sameAs\":[\"http:\/\/www.visit-ulcinj.com\"],\"url\":\"https:\/\/www.visit-ulcinj.com\/blog\/author\/admin\/\"}]}<\/script>\n<!-- \/ Yoast SEO plugin. -->","yoast_head_json":{"title":"Jo\u0161 jedna sezona bez rasvjete - Lajme nga Ulqini","description":"ULCINJ \u2013 Turisti\u010dka sezona je u punom jeku, a Mjesna zajednica \u0160toj nema svoju ambulantu, niti uli\u010dnu rasvjetu, dok ima velikih problema sa odvozom sme\u0107a","robots":{"index":"index","follow":"follow","max-snippet":"max-snippet:-1","max-image-preview":"max-image-preview:large","max-video-preview":"max-video-preview:-1"},"canonical":"https:\/\/www.visit-ulcinj.com\/blog\/2011\/08\/01\/jos-jedna-sezona-bez-rasvjete\/","og_locale":"en_US","og_type":"article","og_title":"Jo\u0161 jedna sezona bez rasvjete - Lajme nga Ulqini","og_description":"ULCINJ \u2013 Turisti\u010dka sezona je u punom jeku, a Mjesna zajednica \u0160toj nema svoju ambulantu, niti uli\u010dnu rasvjetu, dok ima velikih problema sa odvozom sme\u0107a","og_url":"https:\/\/www.visit-ulcinj.com\/blog\/2011\/08\/01\/jos-jedna-sezona-bez-rasvjete\/","og_site_name":"Lajme nga Ulqini","article_published_time":"2011-08-01T18:32:13+00:00","og_image":[{"url":"http:\/\/www.visit-ulcinj.com\/blog\/wp-content\/uploads\/2011\/08\/Gjoka_Gjonaj-242x300.jpg"}],"twitter_misc":{"Written by":"ulqini","Est. reading time":"1 minute"},"schema":{"@context":"https:\/\/schema.org","@graph":[{"@type":"WebSite","@id":"https:\/\/www.visit-ulcinj.com\/blog\/#website","url":"https:\/\/www.visit-ulcinj.com\/blog\/","name":"Lajme nga Ulqini","description":"Lajme,Vijesti,Ulqini,Ulqin,Crna Gora,Mali i Zi","potentialAction":[{"@type":"SearchAction","target":{"@type":"EntryPoint","urlTemplate":"https:\/\/www.visit-ulcinj.com\/blog\/?s={search_term_string}"},"query-input":"required name=search_term_string"}],"inLanguage":"en-US"},{"@type":"ImageObject","inLanguage":"en-US","@id":"https:\/\/www.visit-ulcinj.com\/blog\/2011\/08\/01\/jos-jedna-sezona-bez-rasvjete\/#primaryimage","url":"https:\/\/www.visit-ulcinj.com\/blog\/wp-content\/uploads\/2011\/08\/Gjoka_Gjonaj.jpg","contentUrl":"https:\/\/www.visit-ulcinj.com\/blog\/wp-content\/uploads\/2011\/08\/Gjoka_Gjonaj.jpg","width":"400","height":"494"},{"@type":"WebPage","@id":"https:\/\/www.visit-ulcinj.com\/blog\/2011\/08\/01\/jos-jedna-sezona-bez-rasvjete\/#webpage","url":"https:\/\/www.visit-ulcinj.com\/blog\/2011\/08\/01\/jos-jedna-sezona-bez-rasvjete\/","name":"Jo\u0161 jedna sezona bez rasvjete - Lajme nga Ulqini","isPartOf":{"@id":"https:\/\/www.visit-ulcinj.com\/blog\/#website"},"primaryImageOfPage":{"@id":"https:\/\/www.visit-ulcinj.com\/blog\/2011\/08\/01\/jos-jedna-sezona-bez-rasvjete\/#primaryimage"},"datePublished":"2011-08-01T18:32:13+00:00","dateModified":"2011-08-01T18:32:13+00:00","author":{"@id":"https:\/\/www.visit-ulcinj.com\/blog\/#\/schema\/person\/dcab619c614d3038751c63bc2aadc06d"},"description":"ULCINJ \u2013 Turisti\u010dka sezona je u punom jeku, a Mjesna zajednica \u0160toj nema svoju ambulantu, niti uli\u010dnu rasvjetu, dok ima velikih problema sa odvozom sme\u0107a","breadcrumb":{"@id":"https:\/\/www.visit-ulcinj.com\/blog\/2011\/08\/01\/jos-jedna-sezona-bez-rasvjete\/#breadcrumb"},"inLanguage":"en-US","potentialAction":[{"@type":"ReadAction","target":["https:\/\/www.visit-ulcinj.com\/blog\/2011\/08\/01\/jos-jedna-sezona-bez-rasvjete\/"]}]},{"@type":"BreadcrumbList","@id":"https:\/\/www.visit-ulcinj.com\/blog\/2011\/08\/01\/jos-jedna-sezona-bez-rasvjete\/#breadcrumb","itemListElement":[{"@type":"ListItem","position":1,"name":"Jo\u0161 jedna sezona bez rasvjete"}]},{"@type":"Person","@id":"https:\/\/www.visit-ulcinj.com\/blog\/#\/schema\/person\/dcab619c614d3038751c63bc2aadc06d","name":"ulqini","sameAs":["http:\/\/www.visit-ulcinj.com"],"url":"https:\/\/www.visit-ulcinj.com\/blog\/author\/admin\/"}]}},"jetpack_featured_media_url":"","jetpack_sharing_enabled":true,"jetpack_shortlink":"https:\/\/wp.me\/pe6lTn-cTQ","_links":{"self":[{"href":"https:\/\/www.visit-ulcinj.com\/blog\/wp-json\/wp\/v2\/posts\/49590"}],"collection":[{"href":"https:\/\/www.visit-ulcinj.com\/blog\/wp-json\/wp\/v2\/posts"}],"about":[{"href":"https:\/\/www.visit-ulcinj.com\/blog\/wp-json\/wp\/v2\/types\/post"}],"author":[{"embeddable":true,"href":"https:\/\/www.visit-ulcinj.com\/blog\/wp-json\/wp\/v2\/users\/1"}],"replies":[{"embeddable":true,"href":"https:\/\/www.visit-ulcinj.com\/blog\/wp-json\/wp\/v2\/comments?post=49590"}],"version-history":[{"count":2,"href":"https:\/\/www.visit-ulcinj.com\/blog\/wp-json\/wp\/v2\/posts\/49590\/revisions"}],"predecessor-version":[{"id":49593,"href":"https:\/\/www.visit-ulcinj.com\/blog\/wp-json\/wp\/v2\/posts\/49590\/revisions\/49593"}],"wp:attachment":[{"href":"https:\/\/www.visit-ulcinj.com\/blog\/wp-json\/wp\/v2\/media?parent=49590"}],"wp:term":[{"taxonomy":"category","embeddable":true,"href":"https:\/\/www.visit-ulcinj.com\/blog\/wp-json\/wp\/v2\/categories?post=49590"},{"taxonomy":"post_tag","embeddable":true,"href":"https:\/\/www.visit-ulcinj.com\/blog\/wp-json\/wp\/v2\/tags?post=49590"}],"curies":[{"name":"wp","href":"https:\/\/api.w.org\/{rel}","templated":true}]}}