{"id":49597,"date":"2011-08-02T08:13:13","date_gmt":"2011-08-02T07:13:13","guid":{"rendered":"http:\/\/www.visit-ulcinj.com\/blog\/?p=49597"},"modified":"2011-08-02T08:14:17","modified_gmt":"2011-08-02T07:14:17","slug":"u-hap-edicioni-i-24-te-i-festivalit-skena-verore","status":"publish","type":"post","link":"https:\/\/www.visit-ulcinj.com\/blog\/2011\/08\/02\/u-hap-edicioni-i-24-te-i-festivalit-skena-verore\/","title":{"rendered":"U hap edicioni i 24-t\u00eb i Festivalit \u201cSkena Verore\u201d 2011"},"content":{"rendered":"<p><a href=\"http:\/\/www.visit-ulcinj.com\/blog\/2011\/08\/02\/u-hap-edicioni-i-24-te-i-festivalit-skena-verore\/festivali-skena-verore\/\" rel=\"attachment wp-att-49598\"><img loading=\"lazy\" class=\"alignleft size-full wp-image-49598\" title=\"Festivali Skena Verore\" src=\"http:\/\/www.visit-ulcinj.com\/blog\/wp-content\/uploads\/2011\/08\/Festivali-Skena-Verore.jpg\" alt=\"\" width=\"508\" height=\"380\" srcset=\"https:\/\/www.visit-ulcinj.com\/blog\/wp-content\/uploads\/2011\/08\/Festivali-Skena-Verore.jpg 720w, https:\/\/www.visit-ulcinj.com\/blog\/wp-content\/uploads\/2011\/08\/Festivali-Skena-Verore-300x225.jpg 300w\" sizes=\"(max-width: 508px) 100vw, 508px\" \/><\/a>Festivali \u201cSkena Verore\u201d organizohet nga\u00a0Qendra e Kultur\u00ebs Ulqin dhe do t\u00eb zgjas\u00eb 25 dit\u00eb.Gjat\u00eb k\u00ebtyre net\u00ebve do t\u00eb shfaqen\u00a0rreth 30 programe t\u00eb llojeve t\u00eb ndryshme, p\u00ebrfshir\u00eb\u00a0shfaqje teatrore, muzik\u00eb klasike dhe popullore,\u00a0mbr\u00ebmje letrare etj.<\/p>\n<p>Festivali i cili organizohet nga Qendra e Kultur\u00ebs Ulqin do t\u00eb\u00a0zgjas\u00eb 25 dit\u00eb, gjat\u00eb t\u00eb cilave do t\u00eb shfaqen programe t\u00eb\u00a0ndryshme.\u00a0\u201cGjat\u00eb k\u00ebtyre net\u00ebve do t\u00eb shfaqen rreth 30 programe t\u00eb llojeve\u00a0t\u00eb ndryshme, p\u00ebrfshir\u00eb shfaqje teatrore, muzik\u00eb klasike dhe\u00a0popullore, mbr\u00ebmje letrare etj. Do t\u00eb ket\u00eb net kur do t\u00eb shfaqen\u00a0edhe nga dy programe\u201d, thot\u00eb drejtori i Qendr\u00ebs s\u00eb Kultur\u00ebs\u00a0Ulqin, Shaban Gjeka.<\/p>\n<p>Festivali tradicional \u201cSkena Verore\u201d ka p\u00ebr q\u00ebllim q\u00eb turist\u00ebve\u00a0t\u00eb shumt\u00eb q\u00eb gjat\u00eb ver\u00ebs vizitojn\u00eb Ulqinin t\u2019u ofroj\u00eb p\u00ebrmbajtje\u00a0kulturore duke begatuar n\u00eb k\u00ebt\u00eb m\u00ebnyr\u00eb ofert\u00ebn turistike t\u00eb\u00a0Ulqinit.<\/p>\n<!--YouTube Error: bad URL entered-->\n","protected":false},"excerpt":{"rendered":"<p>Festivali \u201cSkena Verore\u201d organizohet nga\u00a0Qendra e Kultur\u00ebs Ulqin dhe do t\u00eb zgjas\u00eb 25 dit\u00eb.Gjat\u00eb k\u00ebtyre net\u00ebve do t\u00eb shfaqen\u00a0rreth 30 programe t\u00eb llojeve t\u00eb ndryshme, p\u00ebrfshir\u00eb\u00a0shfaqje teatrore, muzik\u00eb klasike dhe popullore,\u00a0mbr\u00ebmje letrare etj. Festivali i cili organizohet nga Qendra e Kultur\u00ebs Ulqin do t\u00eb\u00a0zgjas\u00eb 25 dit\u00eb, gjat\u00eb t\u00eb cilave do t\u00eb shfaqen programe t\u00eb\u00a0ndryshme.\u00a0\u201cGjat\u00eb k\u00ebtyre [&hellip;]<\/p>\n","protected":false},"author":1,"featured_media":0,"comment_status":"open","ping_status":"closed","sticky":false,"template":"","format":"standard","meta":{"spay_email":"","jetpack_publicize_message":"","jetpack_is_tweetstorm":false,"jetpack_publicize_feature_enabled":true},"categories":[4],"tags":[200,18,18761],"jetpack_publicize_connections":[],"yoast_head":"<!-- This site is optimized with the Yoast SEO plugin v19.1 - https:\/\/yoast.com\/wordpress\/plugins\/seo\/ -->\n<title>U hap edicioni i 24-t\u00eb i Festivalit \u201cSkena Verore\u201d 2011 - Lajme nga Ulqini<\/title>\n<meta name=\"description\" content=\"Festivali \u201cSkena Verore\u201d organizohet nga\u00a0Qendra e Kultur\u00ebs Ulqin dhe do t\u00eb zgjas\u00eb 25 dit\u00eb.Gjat\u00eb k\u00ebtyre net\u00ebve do t\u00eb shfaqen\u00a0rreth 30 programe t\u00eb llojeve\" \/>\n<meta name=\"robots\" content=\"index, follow, max-snippet:-1, max-image-preview:large, max-video-preview:-1\" \/>\n<link rel=\"canonical\" href=\"https:\/\/www.visit-ulcinj.com\/blog\/2011\/08\/02\/u-hap-edicioni-i-24-te-i-festivalit-skena-verore\/\" \/>\n<meta property=\"og:locale\" content=\"en_US\" \/>\n<meta property=\"og:type\" content=\"article\" \/>\n<meta property=\"og:title\" content=\"U hap edicioni i 24-t\u00eb i Festivalit \u201cSkena Verore\u201d 2011 - Lajme nga Ulqini\" \/>\n<meta property=\"og:description\" content=\"Festivali \u201cSkena Verore\u201d organizohet nga\u00a0Qendra e Kultur\u00ebs Ulqin dhe do t\u00eb zgjas\u00eb 25 dit\u00eb.Gjat\u00eb k\u00ebtyre net\u00ebve do t\u00eb shfaqen\u00a0rreth 30 programe t\u00eb llojeve\" \/>\n<meta property=\"og:url\" content=\"https:\/\/www.visit-ulcinj.com\/blog\/2011\/08\/02\/u-hap-edicioni-i-24-te-i-festivalit-skena-verore\/\" \/>\n<meta property=\"og:site_name\" content=\"Lajme nga Ulqini\" \/>\n<meta property=\"article:published_time\" content=\"2011-08-02T07:13:13+00:00\" \/>\n<meta property=\"article:modified_time\" content=\"2011-08-02T07:14:17+00:00\" \/>\n<meta property=\"og:image\" content=\"http:\/\/www.visit-ulcinj.com\/blog\/wp-content\/uploads\/2011\/08\/Festivali-Skena-Verore.jpg\" \/>\n<meta name=\"twitter:label1\" content=\"Written by\" \/>\n\t<meta name=\"twitter:data1\" content=\"ulqini\" \/>\n\t<meta name=\"twitter:label2\" content=\"Est. reading time\" \/>\n\t<meta name=\"twitter:data2\" content=\"1 minute\" \/>\n<script type=\"application\/ld+json\" class=\"yoast-schema-graph\">{\"@context\":\"https:\/\/schema.org\",\"@graph\":[{\"@type\":\"WebSite\",\"@id\":\"https:\/\/www.visit-ulcinj.com\/blog\/#website\",\"url\":\"https:\/\/www.visit-ulcinj.com\/blog\/\",\"name\":\"Lajme nga Ulqini\",\"description\":\"Lajme,Vijesti,Ulqini,Ulqin,Crna Gora,Mali i Zi\",\"potentialAction\":[{\"@type\":\"SearchAction\",\"target\":{\"@type\":\"EntryPoint\",\"urlTemplate\":\"https:\/\/www.visit-ulcinj.com\/blog\/?s={search_term_string}\"},\"query-input\":\"required name=search_term_string\"}],\"inLanguage\":\"en-US\"},{\"@type\":\"ImageObject\",\"inLanguage\":\"en-US\",\"@id\":\"https:\/\/www.visit-ulcinj.com\/blog\/2011\/08\/02\/u-hap-edicioni-i-24-te-i-festivalit-skena-verore\/#primaryimage\",\"url\":\"https:\/\/www.visit-ulcinj.com\/blog\/wp-content\/uploads\/2011\/08\/Festivali-Skena-Verore.jpg\",\"contentUrl\":\"https:\/\/www.visit-ulcinj.com\/blog\/wp-content\/uploads\/2011\/08\/Festivali-Skena-Verore.jpg\",\"width\":\"720\",\"height\":\"540\"},{\"@type\":\"WebPage\",\"@id\":\"https:\/\/www.visit-ulcinj.com\/blog\/2011\/08\/02\/u-hap-edicioni-i-24-te-i-festivalit-skena-verore\/#webpage\",\"url\":\"https:\/\/www.visit-ulcinj.com\/blog\/2011\/08\/02\/u-hap-edicioni-i-24-te-i-festivalit-skena-verore\/\",\"name\":\"U hap edicioni i 24-t\u00eb i Festivalit \u201cSkena Verore\u201d 2011 - Lajme nga Ulqini\",\"isPartOf\":{\"@id\":\"https:\/\/www.visit-ulcinj.com\/blog\/#website\"},\"primaryImageOfPage\":{\"@id\":\"https:\/\/www.visit-ulcinj.com\/blog\/2011\/08\/02\/u-hap-edicioni-i-24-te-i-festivalit-skena-verore\/#primaryimage\"},\"datePublished\":\"2011-08-02T07:13:13+00:00\",\"dateModified\":\"2011-08-02T07:14:17+00:00\",\"author\":{\"@id\":\"https:\/\/www.visit-ulcinj.com\/blog\/#\/schema\/person\/dcab619c614d3038751c63bc2aadc06d\"},\"description\":\"Festivali \u201cSkena Verore\u201d organizohet nga\u00a0Qendra e Kultur\u00ebs Ulqin dhe do t\u00eb zgjas\u00eb 25 dit\u00eb.Gjat\u00eb k\u00ebtyre net\u00ebve do t\u00eb shfaqen\u00a0rreth 30 programe t\u00eb llojeve\",\"breadcrumb\":{\"@id\":\"https:\/\/www.visit-ulcinj.com\/blog\/2011\/08\/02\/u-hap-edicioni-i-24-te-i-festivalit-skena-verore\/#breadcrumb\"},\"inLanguage\":\"en-US\",\"potentialAction\":[{\"@type\":\"ReadAction\",\"target\":[\"https:\/\/www.visit-ulcinj.com\/blog\/2011\/08\/02\/u-hap-edicioni-i-24-te-i-festivalit-skena-verore\/\"]}]},{\"@type\":\"BreadcrumbList\",\"@id\":\"https:\/\/www.visit-ulcinj.com\/blog\/2011\/08\/02\/u-hap-edicioni-i-24-te-i-festivalit-skena-verore\/#breadcrumb\",\"itemListElement\":[{\"@type\":\"ListItem\",\"position\":1,\"name\":\"U hap edicioni i 24-t\u00eb i Festivalit \u201cSkena Verore\u201d 2011\"}]},{\"@type\":\"Person\",\"@id\":\"https:\/\/www.visit-ulcinj.com\/blog\/#\/schema\/person\/dcab619c614d3038751c63bc2aadc06d\",\"name\":\"ulqini\",\"sameAs\":[\"http:\/\/www.visit-ulcinj.com\"],\"url\":\"https:\/\/www.visit-ulcinj.com\/blog\/author\/admin\/\"}]}<\/script>\n<!-- \/ Yoast SEO plugin. -->","yoast_head_json":{"title":"U hap edicioni i 24-t\u00eb i Festivalit \u201cSkena Verore\u201d 2011 - Lajme nga Ulqini","description":"Festivali \u201cSkena Verore\u201d organizohet nga\u00a0Qendra e Kultur\u00ebs Ulqin dhe do t\u00eb zgjas\u00eb 25 dit\u00eb.Gjat\u00eb k\u00ebtyre net\u00ebve do t\u00eb shfaqen\u00a0rreth 30 programe t\u00eb llojeve","robots":{"index":"index","follow":"follow","max-snippet":"max-snippet:-1","max-image-preview":"max-image-preview:large","max-video-preview":"max-video-preview:-1"},"canonical":"https:\/\/www.visit-ulcinj.com\/blog\/2011\/08\/02\/u-hap-edicioni-i-24-te-i-festivalit-skena-verore\/","og_locale":"en_US","og_type":"article","og_title":"U hap edicioni i 24-t\u00eb i Festivalit \u201cSkena Verore\u201d 2011 - Lajme nga Ulqini","og_description":"Festivali \u201cSkena Verore\u201d organizohet nga\u00a0Qendra e Kultur\u00ebs Ulqin dhe do t\u00eb zgjas\u00eb 25 dit\u00eb.Gjat\u00eb k\u00ebtyre net\u00ebve do t\u00eb shfaqen\u00a0rreth 30 programe t\u00eb llojeve","og_url":"https:\/\/www.visit-ulcinj.com\/blog\/2011\/08\/02\/u-hap-edicioni-i-24-te-i-festivalit-skena-verore\/","og_site_name":"Lajme nga Ulqini","article_published_time":"2011-08-02T07:13:13+00:00","article_modified_time":"2011-08-02T07:14:17+00:00","og_image":[{"url":"http:\/\/www.visit-ulcinj.com\/blog\/wp-content\/uploads\/2011\/08\/Festivali-Skena-Verore.jpg"}],"twitter_misc":{"Written by":"ulqini","Est. reading time":"1 minute"},"schema":{"@context":"https:\/\/schema.org","@graph":[{"@type":"WebSite","@id":"https:\/\/www.visit-ulcinj.com\/blog\/#website","url":"https:\/\/www.visit-ulcinj.com\/blog\/","name":"Lajme nga Ulqini","description":"Lajme,Vijesti,Ulqini,Ulqin,Crna Gora,Mali i Zi","potentialAction":[{"@type":"SearchAction","target":{"@type":"EntryPoint","urlTemplate":"https:\/\/www.visit-ulcinj.com\/blog\/?s={search_term_string}"},"query-input":"required name=search_term_string"}],"inLanguage":"en-US"},{"@type":"ImageObject","inLanguage":"en-US","@id":"https:\/\/www.visit-ulcinj.com\/blog\/2011\/08\/02\/u-hap-edicioni-i-24-te-i-festivalit-skena-verore\/#primaryimage","url":"https:\/\/www.visit-ulcinj.com\/blog\/wp-content\/uploads\/2011\/08\/Festivali-Skena-Verore.jpg","contentUrl":"https:\/\/www.visit-ulcinj.com\/blog\/wp-content\/uploads\/2011\/08\/Festivali-Skena-Verore.jpg","width":"720","height":"540"},{"@type":"WebPage","@id":"https:\/\/www.visit-ulcinj.com\/blog\/2011\/08\/02\/u-hap-edicioni-i-24-te-i-festivalit-skena-verore\/#webpage","url":"https:\/\/www.visit-ulcinj.com\/blog\/2011\/08\/02\/u-hap-edicioni-i-24-te-i-festivalit-skena-verore\/","name":"U hap edicioni i 24-t\u00eb i Festivalit \u201cSkena Verore\u201d 2011 - Lajme nga Ulqini","isPartOf":{"@id":"https:\/\/www.visit-ulcinj.com\/blog\/#website"},"primaryImageOfPage":{"@id":"https:\/\/www.visit-ulcinj.com\/blog\/2011\/08\/02\/u-hap-edicioni-i-24-te-i-festivalit-skena-verore\/#primaryimage"},"datePublished":"2011-08-02T07:13:13+00:00","dateModified":"2011-08-02T07:14:17+00:00","author":{"@id":"https:\/\/www.visit-ulcinj.com\/blog\/#\/schema\/person\/dcab619c614d3038751c63bc2aadc06d"},"description":"Festivali \u201cSkena Verore\u201d organizohet nga\u00a0Qendra e Kultur\u00ebs Ulqin dhe do t\u00eb zgjas\u00eb 25 dit\u00eb.Gjat\u00eb k\u00ebtyre net\u00ebve do t\u00eb shfaqen\u00a0rreth 30 programe t\u00eb llojeve","breadcrumb":{"@id":"https:\/\/www.visit-ulcinj.com\/blog\/2011\/08\/02\/u-hap-edicioni-i-24-te-i-festivalit-skena-verore\/#breadcrumb"},"inLanguage":"en-US","potentialAction":[{"@type":"ReadAction","target":["https:\/\/www.visit-ulcinj.com\/blog\/2011\/08\/02\/u-hap-edicioni-i-24-te-i-festivalit-skena-verore\/"]}]},{"@type":"BreadcrumbList","@id":"https:\/\/www.visit-ulcinj.com\/blog\/2011\/08\/02\/u-hap-edicioni-i-24-te-i-festivalit-skena-verore\/#breadcrumb","itemListElement":[{"@type":"ListItem","position":1,"name":"U hap edicioni i 24-t\u00eb i Festivalit \u201cSkena Verore\u201d 2011"}]},{"@type":"Person","@id":"https:\/\/www.visit-ulcinj.com\/blog\/#\/schema\/person\/dcab619c614d3038751c63bc2aadc06d","name":"ulqini","sameAs":["http:\/\/www.visit-ulcinj.com"],"url":"https:\/\/www.visit-ulcinj.com\/blog\/author\/admin\/"}]}},"jetpack_featured_media_url":"","jetpack_sharing_enabled":true,"jetpack_shortlink":"https:\/\/wp.me\/pe6lTn-cTX","_links":{"self":[{"href":"https:\/\/www.visit-ulcinj.com\/blog\/wp-json\/wp\/v2\/posts\/49597"}],"collection":[{"href":"https:\/\/www.visit-ulcinj.com\/blog\/wp-json\/wp\/v2\/posts"}],"about":[{"href":"https:\/\/www.visit-ulcinj.com\/blog\/wp-json\/wp\/v2\/types\/post"}],"author":[{"embeddable":true,"href":"https:\/\/www.visit-ulcinj.com\/blog\/wp-json\/wp\/v2\/users\/1"}],"replies":[{"embeddable":true,"href":"https:\/\/www.visit-ulcinj.com\/blog\/wp-json\/wp\/v2\/comments?post=49597"}],"version-history":[{"count":4,"href":"https:\/\/www.visit-ulcinj.com\/blog\/wp-json\/wp\/v2\/posts\/49597\/revisions"}],"predecessor-version":[{"id":49602,"href":"https:\/\/www.visit-ulcinj.com\/blog\/wp-json\/wp\/v2\/posts\/49597\/revisions\/49602"}],"wp:attachment":[{"href":"https:\/\/www.visit-ulcinj.com\/blog\/wp-json\/wp\/v2\/media?parent=49597"}],"wp:term":[{"taxonomy":"category","embeddable":true,"href":"https:\/\/www.visit-ulcinj.com\/blog\/wp-json\/wp\/v2\/categories?post=49597"},{"taxonomy":"post_tag","embeddable":true,"href":"https:\/\/www.visit-ulcinj.com\/blog\/wp-json\/wp\/v2\/tags?post=49597"}],"curies":[{"name":"wp","href":"https:\/\/api.w.org\/{rel}","templated":true}]}}