{"id":49643,"date":"2011-08-06T10:33:17","date_gmt":"2011-08-06T09:33:17","guid":{"rendered":"http:\/\/www.visit-ulcinj.com\/blog\/?p=49643"},"modified":"2011-08-06T10:33:17","modified_gmt":"2011-08-06T09:33:17","slug":"dy-te-vrare-ne-nje-incident-ne-ulqin","status":"publish","type":"post","link":"https:\/\/www.visit-ulcinj.com\/blog\/2011\/08\/06\/dy-te-vrare-ne-nje-incident-ne-ulqin\/","title":{"rendered":"Dy t\u00eb vrar\u00eb n\u00eb nj\u00eb incident n\u00eb Ulqin"},"content":{"rendered":"<p><a href=\"http:\/\/www.visit-ulcinj.com\/blog\/wp-content\/uploads\/2011\/08\/VRITEN-2-PERSONA-NE-ULQIN.jpg\"><img loading=\"lazy\" class=\"alignleft size-full wp-image-49644\" title=\"VRITEN 2 PERSONA NE ULQIN\" src=\"http:\/\/www.visit-ulcinj.com\/blog\/wp-content\/uploads\/2011\/08\/VRITEN-2-PERSONA-NE-ULQIN.jpg\" alt=\"\" width=\"490\" height=\"302\" \/><\/a>Kosovari Ahmet Tha\u00e7i n\u00eb nat\u00ebn e mbr\u00ebmshe ka mbetur i vrar\u00eb n\u00eb nj\u00eb incidentin me t\u00eb sht\u00ebna me arm\u00eb n\u00eb qytetin e Ulqinit.<\/p>\n<p>Sipas policis\u00eb, Tha\u00e7i \u00ebsht\u00eb goditur nga plumbat e sht\u00ebn\u00eb nga revolja e Rade Aleksiqit. Me k\u00ebt\u00eb rast, \u00ebsht\u00eb q\u00eblluar p\u00ebr vdekje edhe Halil Adoviqi, i cili ishte duke sh\u00ebtitur me Ahmetin.<\/p>\n<p>Rade Aleksiqi ka sht\u00ebn\u00eb 5 her\u00eb, nga t\u00eb cil\u00ebt dy plumba kan\u00eb goditur Tha\u00e7in, nd\u00ebrsa 3 t\u00eb tjer\u00eb Halil Adoviqin,<\/p>\n<p>Nga plumbat e marr\u00eb, Ahmeti ka mbetur i vdekur n\u00eb vend, nd\u00ebrsa Adoviqi ka vdekur pas dy or\u00ebsh n\u00eb spitalin e Ulqinit. Plumbat kan\u00eb goditur dy viktimat n\u00eb zem\u00ebr dhe n\u00eb kok\u00eb ka transmetuar comeze.<\/p>\n<p>45 vje\u00e7ari jetonte dhe vepronte ne Gjermani dhe kishte n\u00ebnshtet\u00ebsi t\u00eb dyfisht\u00eb.<\/p>\n<p>Policia ka arritur t\u00eb arrestoj\u00eb dorasin, si dhe nj\u00eb person tjet\u00ebr me emrin Toshiq, si dhe ka konfiskuar pistolet\u00ebn me t\u00eb cil\u00ebn \u00ebsht\u00eb kryer vrasja.<\/p>\n<p>Policia ka qart\u00ebsuar se Tha\u00e7i dhe Adoviqi nuk ishin p\u00ebrleshur dhe se nuk ka motive t\u00eb cilat do t\u00eb sillnin ndonj\u00eb lidhje me dorasit.<\/p>\n<p>Sipas d\u00ebshmitar\u00ebve t\u00eb rastit Adoviqi, i cili ka nj\u00eb pun\u00ebtori private n\u00eb af\u00ebrsi, e kishte hequr reklam\u00ebn nga dritarja e pun\u00ebtoris\u00eb s\u00eb tij, t\u00eb cil\u00ebn kishte vendosur Rade Aleksiqi, reklam\u00eb kjo e nj\u00eb ordinance private p\u00ebr sh\u00ebrbime ambulancore. Sipas po t\u00eb nj\u00ebjtit d\u00ebshmitar t\u00eb rastit, Aleksiqi punonte si mjek n\u00eb ordinanc\u00ebn e tij.<\/p>\n<p><strong>Z\u00cbRI<\/strong><\/p>\n","protected":false},"excerpt":{"rendered":"<p>Kosovari Ahmet Tha\u00e7i n\u00eb nat\u00ebn e mbr\u00ebmshe ka mbetur i vrar\u00eb n\u00eb nj\u00eb incidentin me t\u00eb sht\u00ebna me arm\u00eb n\u00eb qytetin e Ulqinit. Sipas policis\u00eb, Tha\u00e7i \u00ebsht\u00eb goditur nga plumbat e sht\u00ebn\u00eb nga revolja e Rade Aleksiqit. Me k\u00ebt\u00eb rast, \u00ebsht\u00eb q\u00eblluar p\u00ebr vdekje edhe Halil Adoviqi, i cili ishte duke sh\u00ebtitur me Ahmetin. Rade [&hellip;]<\/p>\n","protected":false},"author":1,"featured_media":0,"comment_status":"open","ping_status":"closed","sticky":false,"template":"","format":"standard","meta":{"spay_email":"","jetpack_publicize_message":"","jetpack_is_tweetstorm":false,"jetpack_publicize_feature_enabled":true},"categories":[12],"tags":[200],"jetpack_publicize_connections":[],"yoast_head":"<!-- This site is optimized with the Yoast SEO plugin v19.1 - https:\/\/yoast.com\/wordpress\/plugins\/seo\/ -->\n<title>Dy t\u00eb vrar\u00eb n\u00eb nj\u00eb incident n\u00eb Ulqin - Lajme nga Ulqini<\/title>\n<meta name=\"description\" content=\"Kosovari Ahmet Tha\u00e7i n\u00eb nat\u00ebn e mbr\u00ebmshe ka mbetur i vrar\u00eb n\u00eb nj\u00eb incidentin me t\u00eb sht\u00ebna me arm\u00eb n\u00eb qytetin e Ulqinit. Sipas policis\u00eb, Tha\u00e7i \u00ebsht\u00eb\" \/>\n<meta name=\"robots\" content=\"index, follow, max-snippet:-1, max-image-preview:large, max-video-preview:-1\" \/>\n<link rel=\"canonical\" href=\"https:\/\/www.visit-ulcinj.com\/blog\/2011\/08\/06\/dy-te-vrare-ne-nje-incident-ne-ulqin\/\" \/>\n<meta property=\"og:locale\" content=\"en_US\" \/>\n<meta property=\"og:type\" content=\"article\" \/>\n<meta property=\"og:title\" content=\"Dy t\u00eb vrar\u00eb n\u00eb nj\u00eb incident n\u00eb Ulqin - Lajme nga Ulqini\" \/>\n<meta property=\"og:description\" content=\"Kosovari Ahmet Tha\u00e7i n\u00eb nat\u00ebn e mbr\u00ebmshe ka mbetur i vrar\u00eb n\u00eb nj\u00eb incidentin me t\u00eb sht\u00ebna me arm\u00eb n\u00eb qytetin e Ulqinit. Sipas policis\u00eb, Tha\u00e7i \u00ebsht\u00eb\" \/>\n<meta property=\"og:url\" content=\"https:\/\/www.visit-ulcinj.com\/blog\/2011\/08\/06\/dy-te-vrare-ne-nje-incident-ne-ulqin\/\" \/>\n<meta property=\"og:site_name\" content=\"Lajme nga Ulqini\" \/>\n<meta property=\"article:published_time\" content=\"2011-08-06T09:33:17+00:00\" \/>\n<meta property=\"og:image\" content=\"http:\/\/www.visit-ulcinj.com\/blog\/wp-content\/uploads\/2011\/08\/VRITEN-2-PERSONA-NE-ULQIN.jpg\" \/>\n<meta name=\"twitter:label1\" content=\"Written by\" \/>\n\t<meta name=\"twitter:data1\" content=\"ulqini\" \/>\n\t<meta name=\"twitter:label2\" content=\"Est. reading time\" \/>\n\t<meta name=\"twitter:data2\" content=\"1 minute\" \/>\n<script type=\"application\/ld+json\" class=\"yoast-schema-graph\">{\"@context\":\"https:\/\/schema.org\",\"@graph\":[{\"@type\":\"WebSite\",\"@id\":\"https:\/\/www.visit-ulcinj.com\/blog\/#website\",\"url\":\"https:\/\/www.visit-ulcinj.com\/blog\/\",\"name\":\"Lajme nga Ulqini\",\"description\":\"Lajme,Vijesti,Ulqini,Ulqin,Crna Gora,Mali i Zi\",\"potentialAction\":[{\"@type\":\"SearchAction\",\"target\":{\"@type\":\"EntryPoint\",\"urlTemplate\":\"https:\/\/www.visit-ulcinj.com\/blog\/?s={search_term_string}\"},\"query-input\":\"required name=search_term_string\"}],\"inLanguage\":\"en-US\"},{\"@type\":\"ImageObject\",\"inLanguage\":\"en-US\",\"@id\":\"https:\/\/www.visit-ulcinj.com\/blog\/2011\/08\/06\/dy-te-vrare-ne-nje-incident-ne-ulqin\/#primaryimage\",\"url\":\"https:\/\/www.visit-ulcinj.com\/blog\/wp-content\/uploads\/2011\/08\/VRITEN-2-PERSONA-NE-ULQIN.jpg\",\"contentUrl\":\"https:\/\/www.visit-ulcinj.com\/blog\/wp-content\/uploads\/2011\/08\/VRITEN-2-PERSONA-NE-ULQIN.jpg\",\"width\":\"407\",\"height\":\"302\"},{\"@type\":\"WebPage\",\"@id\":\"https:\/\/www.visit-ulcinj.com\/blog\/2011\/08\/06\/dy-te-vrare-ne-nje-incident-ne-ulqin\/#webpage\",\"url\":\"https:\/\/www.visit-ulcinj.com\/blog\/2011\/08\/06\/dy-te-vrare-ne-nje-incident-ne-ulqin\/\",\"name\":\"Dy t\u00eb vrar\u00eb n\u00eb nj\u00eb incident n\u00eb Ulqin - Lajme nga Ulqini\",\"isPartOf\":{\"@id\":\"https:\/\/www.visit-ulcinj.com\/blog\/#website\"},\"primaryImageOfPage\":{\"@id\":\"https:\/\/www.visit-ulcinj.com\/blog\/2011\/08\/06\/dy-te-vrare-ne-nje-incident-ne-ulqin\/#primaryimage\"},\"datePublished\":\"2011-08-06T09:33:17+00:00\",\"dateModified\":\"2011-08-06T09:33:17+00:00\",\"author\":{\"@id\":\"https:\/\/www.visit-ulcinj.com\/blog\/#\/schema\/person\/dcab619c614d3038751c63bc2aadc06d\"},\"description\":\"Kosovari Ahmet Tha\u00e7i n\u00eb nat\u00ebn e mbr\u00ebmshe ka mbetur i vrar\u00eb n\u00eb nj\u00eb incidentin me t\u00eb sht\u00ebna me arm\u00eb n\u00eb qytetin e Ulqinit. Sipas policis\u00eb, Tha\u00e7i \u00ebsht\u00eb\",\"breadcrumb\":{\"@id\":\"https:\/\/www.visit-ulcinj.com\/blog\/2011\/08\/06\/dy-te-vrare-ne-nje-incident-ne-ulqin\/#breadcrumb\"},\"inLanguage\":\"en-US\",\"potentialAction\":[{\"@type\":\"ReadAction\",\"target\":[\"https:\/\/www.visit-ulcinj.com\/blog\/2011\/08\/06\/dy-te-vrare-ne-nje-incident-ne-ulqin\/\"]}]},{\"@type\":\"BreadcrumbList\",\"@id\":\"https:\/\/www.visit-ulcinj.com\/blog\/2011\/08\/06\/dy-te-vrare-ne-nje-incident-ne-ulqin\/#breadcrumb\",\"itemListElement\":[{\"@type\":\"ListItem\",\"position\":1,\"name\":\"Dy t\u00eb vrar\u00eb n\u00eb nj\u00eb incident n\u00eb Ulqin\"}]},{\"@type\":\"Person\",\"@id\":\"https:\/\/www.visit-ulcinj.com\/blog\/#\/schema\/person\/dcab619c614d3038751c63bc2aadc06d\",\"name\":\"ulqini\",\"sameAs\":[\"http:\/\/www.visit-ulcinj.com\"],\"url\":\"https:\/\/www.visit-ulcinj.com\/blog\/author\/admin\/\"}]}<\/script>\n<!-- \/ Yoast SEO plugin. -->","yoast_head_json":{"title":"Dy t\u00eb vrar\u00eb n\u00eb nj\u00eb incident n\u00eb Ulqin - Lajme nga Ulqini","description":"Kosovari Ahmet Tha\u00e7i n\u00eb nat\u00ebn e mbr\u00ebmshe ka mbetur i vrar\u00eb n\u00eb nj\u00eb incidentin me t\u00eb sht\u00ebna me arm\u00eb n\u00eb qytetin e Ulqinit. Sipas policis\u00eb, Tha\u00e7i \u00ebsht\u00eb","robots":{"index":"index","follow":"follow","max-snippet":"max-snippet:-1","max-image-preview":"max-image-preview:large","max-video-preview":"max-video-preview:-1"},"canonical":"https:\/\/www.visit-ulcinj.com\/blog\/2011\/08\/06\/dy-te-vrare-ne-nje-incident-ne-ulqin\/","og_locale":"en_US","og_type":"article","og_title":"Dy t\u00eb vrar\u00eb n\u00eb nj\u00eb incident n\u00eb Ulqin - Lajme nga Ulqini","og_description":"Kosovari Ahmet Tha\u00e7i n\u00eb nat\u00ebn e mbr\u00ebmshe ka mbetur i vrar\u00eb n\u00eb nj\u00eb incidentin me t\u00eb sht\u00ebna me arm\u00eb n\u00eb qytetin e Ulqinit. Sipas policis\u00eb, Tha\u00e7i \u00ebsht\u00eb","og_url":"https:\/\/www.visit-ulcinj.com\/blog\/2011\/08\/06\/dy-te-vrare-ne-nje-incident-ne-ulqin\/","og_site_name":"Lajme nga Ulqini","article_published_time":"2011-08-06T09:33:17+00:00","og_image":[{"url":"http:\/\/www.visit-ulcinj.com\/blog\/wp-content\/uploads\/2011\/08\/VRITEN-2-PERSONA-NE-ULQIN.jpg"}],"twitter_misc":{"Written by":"ulqini","Est. reading time":"1 minute"},"schema":{"@context":"https:\/\/schema.org","@graph":[{"@type":"WebSite","@id":"https:\/\/www.visit-ulcinj.com\/blog\/#website","url":"https:\/\/www.visit-ulcinj.com\/blog\/","name":"Lajme nga Ulqini","description":"Lajme,Vijesti,Ulqini,Ulqin,Crna Gora,Mali i Zi","potentialAction":[{"@type":"SearchAction","target":{"@type":"EntryPoint","urlTemplate":"https:\/\/www.visit-ulcinj.com\/blog\/?s={search_term_string}"},"query-input":"required name=search_term_string"}],"inLanguage":"en-US"},{"@type":"ImageObject","inLanguage":"en-US","@id":"https:\/\/www.visit-ulcinj.com\/blog\/2011\/08\/06\/dy-te-vrare-ne-nje-incident-ne-ulqin\/#primaryimage","url":"https:\/\/www.visit-ulcinj.com\/blog\/wp-content\/uploads\/2011\/08\/VRITEN-2-PERSONA-NE-ULQIN.jpg","contentUrl":"https:\/\/www.visit-ulcinj.com\/blog\/wp-content\/uploads\/2011\/08\/VRITEN-2-PERSONA-NE-ULQIN.jpg","width":"407","height":"302"},{"@type":"WebPage","@id":"https:\/\/www.visit-ulcinj.com\/blog\/2011\/08\/06\/dy-te-vrare-ne-nje-incident-ne-ulqin\/#webpage","url":"https:\/\/www.visit-ulcinj.com\/blog\/2011\/08\/06\/dy-te-vrare-ne-nje-incident-ne-ulqin\/","name":"Dy t\u00eb vrar\u00eb n\u00eb nj\u00eb incident n\u00eb Ulqin - Lajme nga Ulqini","isPartOf":{"@id":"https:\/\/www.visit-ulcinj.com\/blog\/#website"},"primaryImageOfPage":{"@id":"https:\/\/www.visit-ulcinj.com\/blog\/2011\/08\/06\/dy-te-vrare-ne-nje-incident-ne-ulqin\/#primaryimage"},"datePublished":"2011-08-06T09:33:17+00:00","dateModified":"2011-08-06T09:33:17+00:00","author":{"@id":"https:\/\/www.visit-ulcinj.com\/blog\/#\/schema\/person\/dcab619c614d3038751c63bc2aadc06d"},"description":"Kosovari Ahmet Tha\u00e7i n\u00eb nat\u00ebn e mbr\u00ebmshe ka mbetur i vrar\u00eb n\u00eb nj\u00eb incidentin me t\u00eb sht\u00ebna me arm\u00eb n\u00eb qytetin e Ulqinit. Sipas policis\u00eb, Tha\u00e7i \u00ebsht\u00eb","breadcrumb":{"@id":"https:\/\/www.visit-ulcinj.com\/blog\/2011\/08\/06\/dy-te-vrare-ne-nje-incident-ne-ulqin\/#breadcrumb"},"inLanguage":"en-US","potentialAction":[{"@type":"ReadAction","target":["https:\/\/www.visit-ulcinj.com\/blog\/2011\/08\/06\/dy-te-vrare-ne-nje-incident-ne-ulqin\/"]}]},{"@type":"BreadcrumbList","@id":"https:\/\/www.visit-ulcinj.com\/blog\/2011\/08\/06\/dy-te-vrare-ne-nje-incident-ne-ulqin\/#breadcrumb","itemListElement":[{"@type":"ListItem","position":1,"name":"Dy t\u00eb vrar\u00eb n\u00eb nj\u00eb incident n\u00eb Ulqin"}]},{"@type":"Person","@id":"https:\/\/www.visit-ulcinj.com\/blog\/#\/schema\/person\/dcab619c614d3038751c63bc2aadc06d","name":"ulqini","sameAs":["http:\/\/www.visit-ulcinj.com"],"url":"https:\/\/www.visit-ulcinj.com\/blog\/author\/admin\/"}]}},"jetpack_featured_media_url":"","jetpack_sharing_enabled":true,"jetpack_shortlink":"https:\/\/wp.me\/pe6lTn-cUH","_links":{"self":[{"href":"https:\/\/www.visit-ulcinj.com\/blog\/wp-json\/wp\/v2\/posts\/49643"}],"collection":[{"href":"https:\/\/www.visit-ulcinj.com\/blog\/wp-json\/wp\/v2\/posts"}],"about":[{"href":"https:\/\/www.visit-ulcinj.com\/blog\/wp-json\/wp\/v2\/types\/post"}],"author":[{"embeddable":true,"href":"https:\/\/www.visit-ulcinj.com\/blog\/wp-json\/wp\/v2\/users\/1"}],"replies":[{"embeddable":true,"href":"https:\/\/www.visit-ulcinj.com\/blog\/wp-json\/wp\/v2\/comments?post=49643"}],"version-history":[{"count":2,"href":"https:\/\/www.visit-ulcinj.com\/blog\/wp-json\/wp\/v2\/posts\/49643\/revisions"}],"predecessor-version":[{"id":49646,"href":"https:\/\/www.visit-ulcinj.com\/blog\/wp-json\/wp\/v2\/posts\/49643\/revisions\/49646"}],"wp:attachment":[{"href":"https:\/\/www.visit-ulcinj.com\/blog\/wp-json\/wp\/v2\/media?parent=49643"}],"wp:term":[{"taxonomy":"category","embeddable":true,"href":"https:\/\/www.visit-ulcinj.com\/blog\/wp-json\/wp\/v2\/categories?post=49643"},{"taxonomy":"post_tag","embeddable":true,"href":"https:\/\/www.visit-ulcinj.com\/blog\/wp-json\/wp\/v2\/tags?post=49643"}],"curies":[{"name":"wp","href":"https:\/\/api.w.org\/{rel}","templated":true}]}}