{"id":49647,"date":"2011-08-06T10:40:37","date_gmt":"2011-08-06T09:40:37","guid":{"rendered":"http:\/\/www.visit-ulcinj.com\/blog\/?p=49647"},"modified":"2011-08-06T10:40:37","modified_gmt":"2011-08-06T09:40:37","slug":"taksat-ekologjoke-per-mal-te-zi-kosovaret-te-paknaqur","status":"publish","type":"post","link":"https:\/\/www.visit-ulcinj.com\/blog\/2011\/08\/06\/taksat-ekologjoke-per-mal-te-zi-kosovaret-te-paknaqur\/","title":{"rendered":"Taksat ekologjoke p\u00ebr Mal t\u00eb Zi &#8211; kosovar\u00ebt t\u00eb paknaqur"},"content":{"rendered":"<p><a href=\"http:\/\/www.visit-ulcinj.com\/blog\/wp-content\/uploads\/2011\/08\/Taksa-ekologjike-ne-mal-te-zi.jpg\"><img loading=\"lazy\" class=\"alignleft size-full wp-image-49648\" title=\"Taksa ekologjike ne mal te zi\" src=\"http:\/\/www.visit-ulcinj.com\/blog\/wp-content\/uploads\/2011\/08\/Taksa-ekologjike-ne-mal-te-zi.jpg\" alt=\"\" width=\"490\" height=\"174\" \/><\/a>Shtetasit e Kosov\u00ebs vazhdojn\u00eb t\u00eb nd\u00ebshkohen duke paguar sigurime kufi tare t\u00eb \u201cmajme\u201d n\u00ebp\u00ebr vendkalimet kufi tare me Malin e Zi dhe taksa tjera shtes\u00eb ekologjike, derisa nj\u00eb mas\u00eb e till\u00eb nuk vlen edhe p\u00ebr veturat e qytetar\u00ebve t\u00eb shtetit malazias, t\u00eb cil\u00ebt hyjn\u00eb n\u00eb Kosov\u00eb.<\/p>\n<p>Mir\u00ebpo, autoritetet kosovare thon\u00eb se n\u00eb momentin e implementimit t\u00eb konkulzave t\u00eb arritura n\u00eb mes delegacionit t\u00eb Kosov\u00ebs dhe Serbis\u00eb, at\u00ebher\u00eb do t\u00eb aplikohet edhe masa e reciprocitetit me Malin e Zi sa u p\u00ebrket taksave kufitare.<\/p>\n<p>Kosova ndon\u00ebse nuk \u00ebsht\u00eb an\u00ebtare e K\u00ebshillit t\u00eb Byrove t\u00eb Kartonit t\u00eb Gjelb\u00ebr, por bashkatdhetar\u00ebt kosovar\u00eb q\u00eb vozisin vetura me targa t\u00eb huaja detyrohen q\u00eb n\u00eb kufi rin e Kosov\u00ebs t\u00eb paguajn\u00eb nj\u00eb polic\u00eb sigurimi n\u00eb vler\u00eb prej 50 eurosh vet\u00ebm p\u00ebr dy jav\u00eb t\u00eb q\u00ebndrimit, i cili detyrim nuk vlen edhe p\u00ebr veturat me targa t\u00eb Malit t\u00eb Zi dhe t\u00eb Serbis\u00eb.<\/p>\n<p>Derisa qytetar\u00ebt nga Kosova q\u00eb vozisin automjetet me tabela \u201cRKS\u201d jan\u00eb t\u00eb obliguar q\u00eb n\u00eb momentin q\u00eb shkelin tok\u00ebn e shtetit malazias t\u00eb paguajn\u00eb sigurimin kufitar n\u00eb vler\u00eb prej 15 eurosh vet\u00ebm p\u00ebr 10 dit\u00eb q\u00ebndrimi dhe nj\u00eb taks\u00eb tjet\u00ebr shtes\u00eb ekologjike n\u00eb vler\u00eb prej 10 eurosh.<\/p>\n<p>Ata ankohen se ky detyrim i pages\u00ebs s\u00eb taksave n\u00eb nj\u00ebfar\u00eb forme \u00ebsht\u00eb \u201cpla\u00e7kitje\u201d p\u00ebr qytetar\u00ebt.<\/p>\n<p>\u201cK\u00ebto pagesa nuk mund t\u2019i komentoj ndryshe p\u00ebrve\u00e7 se nj\u00eb pla\u00e7kitje dhe padrejt\u00ebsi. Kjo mas\u00eb ose duhet t\u00eb hiqet edhe p\u00ebr shtetasit e Kosov\u00ebs, ose e nj\u00ebjta t\u00eb aplikohet edhe p\u00ebr veturat e shtetit malazias q\u00eb hyjn\u00eb n\u00eb Kosov\u00eb. Pra, t\u00eb ndodh\u00eb reciprociteti\u201d, ka th\u00ebn\u00eb qytetari nga Prishtina, Visar Rexhepi.<\/p>\n<p>Nga ana tjet\u00ebr, ministri i Pun\u00ebve t\u00eb Brendshme, Bajram Rexhepi, ka konfirmuar se p\u00ebr k\u00ebt\u00eb \u00e7\u00ebshtje jan\u00eb duke u zhvilluar diskutime me Malin e Zi, derisa grupet punuese t\u2019i p\u00ebrcaktojn\u00eb modalitetet.<\/p>\n<p>\u201cMe shtetin malazias do t\u00eb shkohet me aplikimin e mas\u00ebs s\u00eb reciprocitetit, ose do t\u00eb ndodhin marr\u00ebveshje sikurse kan\u00eb ndodhur me Shqip\u00ebrin\u00eb dhe Maqedonin\u00eb\u201d, ka th\u00ebn\u00eb ai.<\/p>\n<p>Sipas Rexhepit, n\u00eb momentin kur do t\u00eb filloj\u00eb implementimi i konkuluzave t\u00eb arritura n\u00eb mes Prishtin\u00ebs dhe Beogradit, pasi q\u00eb Mali i Zi \u00ebsht\u00eb pjes\u00eb e Kartonit t\u00eb Gjelb\u00ebr t\u00eb Serbis\u00eb, at\u00ebher\u00eb do t\u00eb vlej\u00eb masa e reciprocitetit t\u00eb taksave p\u00ebr qytetar\u00ebt e t\u00eb dy shteteve.<\/p>\n<p>Nd\u00ebrkaq, p\u00ebrfaq\u00ebsuesi i Shoqat\u00ebs s\u00eb Sigurimeve t\u00eb Kosov\u00ebs, Ilir Prapashtica, ka th\u00ebn\u00eb se Kosova ka marr\u00ebdh\u00ebnie t\u00eb mira me rajonin me disa tregje sigurimesh. Ai ka rikujtuar se me tregun e shtetit shqiptar dhe at\u00eb t\u00eb Maqedonis\u00eb q\u00eb nga viti 2003 jan\u00eb b\u00ebr\u00eb marr\u00ebveshjet e para t\u00eb mir\u00ebkuptimit.<\/p>\n<p>\u201cFillimisht ka qen\u00eb q\u00eb veturat q\u00eb vijn\u00eb nga k\u00ebto dy vende t\u00eb futeshin n\u00eb Kosov\u00eb me karton t\u00eb gjelb\u00ebr, nd\u00ebrsa ne do t\u00eb shkonim n\u00eb k\u00ebto dy vende me nj\u00eb polic\u00eb q\u00eb quhet Kosova TPL plus. Por, nga viti 2006 e k\u00ebndej, kjo barrier\u00eb \u00ebsht\u00eb hequr me Shqip\u00ebrin\u00eb, nd\u00ebrsa me Maqedonin\u00eb ekziston ende e nj\u00ebjta marr\u00ebveshje. Nd\u00ebrkaq, lidhur me automjetet q\u00eb hyjn\u00eb nga Serbia dhe Mali i Zi kemi b\u00ebr\u00eb p\u00ebrpjekje disa her\u00eb edhe n\u00eb koh\u00ebn e UNMIK-ut, po edhe tani q\u00eb t\u00eb gjendet nj\u00eb zgjidhje. Por, kjo ka t\u00eb b\u00ebj\u00eb m\u00eb shum\u00eb me faktorin politik dhe kjo \u00ebsht\u00eb nj\u00eb \u00e7\u00ebshtje q\u00eb p\u00ebr momentin \u00ebsht\u00eb e pazgjidhur, sepse Kosova edhe n\u00eb k\u00ebt\u00eb kuptim \u00ebsht\u00eb nj\u00eb rast i ve\u00e7ant\u00eb\u201d, ka th\u00ebn\u00eb Prapashtica.<\/p>\n<p>Derisa shteti fqinj\u00eb, Mali i Zi vazhdon t\u00eb p\u00ebrfitoj\u00eb dhe t\u00eb mbush\u00eb ark\u00ebn e buxhetit me taksat q\u00eb paguajn\u00eb qytetar\u00ebt e Kosov\u00ebs n\u00ebp\u00ebr vendkalimet kufi tare, n\u00eb an\u00ebn tjet\u00ebr shteti i Kosov\u00ebs vazhdon t\u00eb humbas\u00eb miliona euro p\u00ebr mosaplikimin e t\u00eb nj\u00ebjt\u00ebs mas\u00eb p\u00ebr veturat e qytetar\u00ebve t\u00eb Malit t\u00eb Zi.<\/p>\n<p><strong>Z\u00cbRI<\/strong><\/p>\n","protected":false},"excerpt":{"rendered":"<p>Shtetasit e Kosov\u00ebs vazhdojn\u00eb t\u00eb nd\u00ebshkohen duke paguar sigurime kufi tare t\u00eb \u201cmajme\u201d n\u00ebp\u00ebr vendkalimet kufi tare me Malin e Zi dhe taksa tjera shtes\u00eb ekologjike, derisa nj\u00eb mas\u00eb e till\u00eb nuk vlen edhe p\u00ebr veturat e qytetar\u00ebve t\u00eb shtetit malazias, t\u00eb cil\u00ebt hyjn\u00eb n\u00eb Kosov\u00eb. Mir\u00ebpo, autoritetet kosovare thon\u00eb se n\u00eb momentin e implementimit [&hellip;]<\/p>\n","protected":false},"author":1,"featured_media":0,"comment_status":"open","ping_status":"closed","sticky":false,"template":"","format":"standard","meta":{"spay_email":"","jetpack_publicize_message":"","jetpack_is_tweetstorm":false,"jetpack_publicize_feature_enabled":true},"categories":[12],"tags":[95,18992,18],"jetpack_publicize_connections":[],"yoast_head":"<!-- This site is optimized with the Yoast SEO plugin v19.1 - https:\/\/yoast.com\/wordpress\/plugins\/seo\/ -->\n<title>Taksat ekologjoke p\u00ebr Mal t\u00eb Zi - kosovar\u00ebt t\u00eb paknaqur - Lajme nga Ulqini<\/title>\n<meta name=\"description\" content=\"Shtetasit e Kosov\u00ebs vazhdojn\u00eb t\u00eb nd\u00ebshkohen duke paguar sigurime kufi tare t\u00eb \u201cmajme\u201d n\u00ebp\u00ebr vendkalimet kufi tare me Malin e Zi dhe taksa tjera shtes\u00eb\" \/>\n<meta name=\"robots\" content=\"index, follow, max-snippet:-1, max-image-preview:large, max-video-preview:-1\" \/>\n<link rel=\"canonical\" href=\"https:\/\/www.visit-ulcinj.com\/blog\/2011\/08\/06\/taksat-ekologjoke-per-mal-te-zi-kosovaret-te-paknaqur\/\" \/>\n<meta property=\"og:locale\" content=\"en_US\" \/>\n<meta property=\"og:type\" content=\"article\" \/>\n<meta property=\"og:title\" content=\"Taksat ekologjoke p\u00ebr Mal t\u00eb Zi - kosovar\u00ebt t\u00eb paknaqur - Lajme nga Ulqini\" \/>\n<meta property=\"og:description\" content=\"Shtetasit e Kosov\u00ebs vazhdojn\u00eb t\u00eb nd\u00ebshkohen duke paguar sigurime kufi tare t\u00eb \u201cmajme\u201d n\u00ebp\u00ebr vendkalimet kufi tare me Malin e Zi dhe taksa tjera shtes\u00eb\" \/>\n<meta property=\"og:url\" content=\"https:\/\/www.visit-ulcinj.com\/blog\/2011\/08\/06\/taksat-ekologjoke-per-mal-te-zi-kosovaret-te-paknaqur\/\" \/>\n<meta property=\"og:site_name\" content=\"Lajme nga Ulqini\" \/>\n<meta property=\"article:published_time\" content=\"2011-08-06T09:40:37+00:00\" \/>\n<meta property=\"og:image\" content=\"http:\/\/www.visit-ulcinj.com\/blog\/wp-content\/uploads\/2011\/08\/Taksa-ekologjike-ne-mal-te-zi.jpg\" \/>\n<meta name=\"twitter:label1\" content=\"Written by\" \/>\n\t<meta name=\"twitter:data1\" content=\"ulqini\" \/>\n\t<meta name=\"twitter:label2\" content=\"Est. reading time\" \/>\n\t<meta name=\"twitter:data2\" content=\"3 minutes\" \/>\n<script type=\"application\/ld+json\" class=\"yoast-schema-graph\">{\"@context\":\"https:\/\/schema.org\",\"@graph\":[{\"@type\":\"WebSite\",\"@id\":\"https:\/\/www.visit-ulcinj.com\/blog\/#website\",\"url\":\"https:\/\/www.visit-ulcinj.com\/blog\/\",\"name\":\"Lajme nga Ulqini\",\"description\":\"Lajme,Vijesti,Ulqini,Ulqin,Crna Gora,Mali i Zi\",\"potentialAction\":[{\"@type\":\"SearchAction\",\"target\":{\"@type\":\"EntryPoint\",\"urlTemplate\":\"https:\/\/www.visit-ulcinj.com\/blog\/?s={search_term_string}\"},\"query-input\":\"required name=search_term_string\"}],\"inLanguage\":\"en-US\"},{\"@type\":\"ImageObject\",\"inLanguage\":\"en-US\",\"@id\":\"https:\/\/www.visit-ulcinj.com\/blog\/2011\/08\/06\/taksat-ekologjoke-per-mal-te-zi-kosovaret-te-paknaqur\/#primaryimage\",\"url\":\"https:\/\/www.visit-ulcinj.com\/blog\/wp-content\/uploads\/2011\/08\/Taksa-ekologjike-ne-mal-te-zi.jpg\",\"contentUrl\":\"https:\/\/www.visit-ulcinj.com\/blog\/wp-content\/uploads\/2011\/08\/Taksa-ekologjike-ne-mal-te-zi.jpg\",\"width\":\"450\",\"height\":\"174\"},{\"@type\":\"WebPage\",\"@id\":\"https:\/\/www.visit-ulcinj.com\/blog\/2011\/08\/06\/taksat-ekologjoke-per-mal-te-zi-kosovaret-te-paknaqur\/#webpage\",\"url\":\"https:\/\/www.visit-ulcinj.com\/blog\/2011\/08\/06\/taksat-ekologjoke-per-mal-te-zi-kosovaret-te-paknaqur\/\",\"name\":\"Taksat ekologjoke p\u00ebr Mal t\u00eb Zi - kosovar\u00ebt t\u00eb paknaqur - Lajme nga Ulqini\",\"isPartOf\":{\"@id\":\"https:\/\/www.visit-ulcinj.com\/blog\/#website\"},\"primaryImageOfPage\":{\"@id\":\"https:\/\/www.visit-ulcinj.com\/blog\/2011\/08\/06\/taksat-ekologjoke-per-mal-te-zi-kosovaret-te-paknaqur\/#primaryimage\"},\"datePublished\":\"2011-08-06T09:40:37+00:00\",\"dateModified\":\"2011-08-06T09:40:37+00:00\",\"author\":{\"@id\":\"https:\/\/www.visit-ulcinj.com\/blog\/#\/schema\/person\/dcab619c614d3038751c63bc2aadc06d\"},\"description\":\"Shtetasit e Kosov\u00ebs vazhdojn\u00eb t\u00eb nd\u00ebshkohen duke paguar sigurime kufi tare t\u00eb \u201cmajme\u201d n\u00ebp\u00ebr vendkalimet kufi tare me Malin e Zi dhe taksa tjera shtes\u00eb\",\"breadcrumb\":{\"@id\":\"https:\/\/www.visit-ulcinj.com\/blog\/2011\/08\/06\/taksat-ekologjoke-per-mal-te-zi-kosovaret-te-paknaqur\/#breadcrumb\"},\"inLanguage\":\"en-US\",\"potentialAction\":[{\"@type\":\"ReadAction\",\"target\":[\"https:\/\/www.visit-ulcinj.com\/blog\/2011\/08\/06\/taksat-ekologjoke-per-mal-te-zi-kosovaret-te-paknaqur\/\"]}]},{\"@type\":\"BreadcrumbList\",\"@id\":\"https:\/\/www.visit-ulcinj.com\/blog\/2011\/08\/06\/taksat-ekologjoke-per-mal-te-zi-kosovaret-te-paknaqur\/#breadcrumb\",\"itemListElement\":[{\"@type\":\"ListItem\",\"position\":1,\"name\":\"Taksat ekologjoke p\u00ebr Mal t\u00eb Zi &#8211; kosovar\u00ebt t\u00eb paknaqur\"}]},{\"@type\":\"Person\",\"@id\":\"https:\/\/www.visit-ulcinj.com\/blog\/#\/schema\/person\/dcab619c614d3038751c63bc2aadc06d\",\"name\":\"ulqini\",\"sameAs\":[\"http:\/\/www.visit-ulcinj.com\"],\"url\":\"https:\/\/www.visit-ulcinj.com\/blog\/author\/admin\/\"}]}<\/script>\n<!-- \/ Yoast SEO plugin. -->","yoast_head_json":{"title":"Taksat ekologjoke p\u00ebr Mal t\u00eb Zi - kosovar\u00ebt t\u00eb paknaqur - Lajme nga Ulqini","description":"Shtetasit e Kosov\u00ebs vazhdojn\u00eb t\u00eb nd\u00ebshkohen duke paguar sigurime kufi tare t\u00eb \u201cmajme\u201d n\u00ebp\u00ebr vendkalimet kufi tare me Malin e Zi dhe taksa tjera shtes\u00eb","robots":{"index":"index","follow":"follow","max-snippet":"max-snippet:-1","max-image-preview":"max-image-preview:large","max-video-preview":"max-video-preview:-1"},"canonical":"https:\/\/www.visit-ulcinj.com\/blog\/2011\/08\/06\/taksat-ekologjoke-per-mal-te-zi-kosovaret-te-paknaqur\/","og_locale":"en_US","og_type":"article","og_title":"Taksat ekologjoke p\u00ebr Mal t\u00eb Zi - kosovar\u00ebt t\u00eb paknaqur - Lajme nga Ulqini","og_description":"Shtetasit e Kosov\u00ebs vazhdojn\u00eb t\u00eb nd\u00ebshkohen duke paguar sigurime kufi tare t\u00eb \u201cmajme\u201d n\u00ebp\u00ebr vendkalimet kufi tare me Malin e Zi dhe taksa tjera shtes\u00eb","og_url":"https:\/\/www.visit-ulcinj.com\/blog\/2011\/08\/06\/taksat-ekologjoke-per-mal-te-zi-kosovaret-te-paknaqur\/","og_site_name":"Lajme nga Ulqini","article_published_time":"2011-08-06T09:40:37+00:00","og_image":[{"url":"http:\/\/www.visit-ulcinj.com\/blog\/wp-content\/uploads\/2011\/08\/Taksa-ekologjike-ne-mal-te-zi.jpg"}],"twitter_misc":{"Written by":"ulqini","Est. reading time":"3 minutes"},"schema":{"@context":"https:\/\/schema.org","@graph":[{"@type":"WebSite","@id":"https:\/\/www.visit-ulcinj.com\/blog\/#website","url":"https:\/\/www.visit-ulcinj.com\/blog\/","name":"Lajme nga Ulqini","description":"Lajme,Vijesti,Ulqini,Ulqin,Crna Gora,Mali i Zi","potentialAction":[{"@type":"SearchAction","target":{"@type":"EntryPoint","urlTemplate":"https:\/\/www.visit-ulcinj.com\/blog\/?s={search_term_string}"},"query-input":"required name=search_term_string"}],"inLanguage":"en-US"},{"@type":"ImageObject","inLanguage":"en-US","@id":"https:\/\/www.visit-ulcinj.com\/blog\/2011\/08\/06\/taksat-ekologjoke-per-mal-te-zi-kosovaret-te-paknaqur\/#primaryimage","url":"https:\/\/www.visit-ulcinj.com\/blog\/wp-content\/uploads\/2011\/08\/Taksa-ekologjike-ne-mal-te-zi.jpg","contentUrl":"https:\/\/www.visit-ulcinj.com\/blog\/wp-content\/uploads\/2011\/08\/Taksa-ekologjike-ne-mal-te-zi.jpg","width":"450","height":"174"},{"@type":"WebPage","@id":"https:\/\/www.visit-ulcinj.com\/blog\/2011\/08\/06\/taksat-ekologjoke-per-mal-te-zi-kosovaret-te-paknaqur\/#webpage","url":"https:\/\/www.visit-ulcinj.com\/blog\/2011\/08\/06\/taksat-ekologjoke-per-mal-te-zi-kosovaret-te-paknaqur\/","name":"Taksat ekologjoke p\u00ebr Mal t\u00eb Zi - kosovar\u00ebt t\u00eb paknaqur - Lajme nga Ulqini","isPartOf":{"@id":"https:\/\/www.visit-ulcinj.com\/blog\/#website"},"primaryImageOfPage":{"@id":"https:\/\/www.visit-ulcinj.com\/blog\/2011\/08\/06\/taksat-ekologjoke-per-mal-te-zi-kosovaret-te-paknaqur\/#primaryimage"},"datePublished":"2011-08-06T09:40:37+00:00","dateModified":"2011-08-06T09:40:37+00:00","author":{"@id":"https:\/\/www.visit-ulcinj.com\/blog\/#\/schema\/person\/dcab619c614d3038751c63bc2aadc06d"},"description":"Shtetasit e Kosov\u00ebs vazhdojn\u00eb t\u00eb nd\u00ebshkohen duke paguar sigurime kufi tare t\u00eb \u201cmajme\u201d n\u00ebp\u00ebr vendkalimet kufi tare me Malin e Zi dhe taksa tjera shtes\u00eb","breadcrumb":{"@id":"https:\/\/www.visit-ulcinj.com\/blog\/2011\/08\/06\/taksat-ekologjoke-per-mal-te-zi-kosovaret-te-paknaqur\/#breadcrumb"},"inLanguage":"en-US","potentialAction":[{"@type":"ReadAction","target":["https:\/\/www.visit-ulcinj.com\/blog\/2011\/08\/06\/taksat-ekologjoke-per-mal-te-zi-kosovaret-te-paknaqur\/"]}]},{"@type":"BreadcrumbList","@id":"https:\/\/www.visit-ulcinj.com\/blog\/2011\/08\/06\/taksat-ekologjoke-per-mal-te-zi-kosovaret-te-paknaqur\/#breadcrumb","itemListElement":[{"@type":"ListItem","position":1,"name":"Taksat ekologjoke p\u00ebr Mal t\u00eb Zi &#8211; kosovar\u00ebt t\u00eb paknaqur"}]},{"@type":"Person","@id":"https:\/\/www.visit-ulcinj.com\/blog\/#\/schema\/person\/dcab619c614d3038751c63bc2aadc06d","name":"ulqini","sameAs":["http:\/\/www.visit-ulcinj.com"],"url":"https:\/\/www.visit-ulcinj.com\/blog\/author\/admin\/"}]}},"jetpack_featured_media_url":"","jetpack_sharing_enabled":true,"jetpack_shortlink":"https:\/\/wp.me\/pe6lTn-cUL","_links":{"self":[{"href":"https:\/\/www.visit-ulcinj.com\/blog\/wp-json\/wp\/v2\/posts\/49647"}],"collection":[{"href":"https:\/\/www.visit-ulcinj.com\/blog\/wp-json\/wp\/v2\/posts"}],"about":[{"href":"https:\/\/www.visit-ulcinj.com\/blog\/wp-json\/wp\/v2\/types\/post"}],"author":[{"embeddable":true,"href":"https:\/\/www.visit-ulcinj.com\/blog\/wp-json\/wp\/v2\/users\/1"}],"replies":[{"embeddable":true,"href":"https:\/\/www.visit-ulcinj.com\/blog\/wp-json\/wp\/v2\/comments?post=49647"}],"version-history":[{"count":2,"href":"https:\/\/www.visit-ulcinj.com\/blog\/wp-json\/wp\/v2\/posts\/49647\/revisions"}],"predecessor-version":[{"id":49650,"href":"https:\/\/www.visit-ulcinj.com\/blog\/wp-json\/wp\/v2\/posts\/49647\/revisions\/49650"}],"wp:attachment":[{"href":"https:\/\/www.visit-ulcinj.com\/blog\/wp-json\/wp\/v2\/media?parent=49647"}],"wp:term":[{"taxonomy":"category","embeddable":true,"href":"https:\/\/www.visit-ulcinj.com\/blog\/wp-json\/wp\/v2\/categories?post=49647"},{"taxonomy":"post_tag","embeddable":true,"href":"https:\/\/www.visit-ulcinj.com\/blog\/wp-json\/wp\/v2\/tags?post=49647"}],"curies":[{"name":"wp","href":"https:\/\/api.w.org\/{rel}","templated":true}]}}