{"id":49674,"date":"2011-08-06T23:27:02","date_gmt":"2011-08-06T22:27:02","guid":{"rendered":"http:\/\/www.visit-ulcinj.com\/blog\/?p=49674"},"modified":"2011-08-06T23:27:41","modified_gmt":"2011-08-06T22:27:41","slug":"atje-ku-tregojne-se-ka-dredheza-shume-merreni-shporten-e-vogel","status":"publish","type":"post","link":"https:\/\/www.visit-ulcinj.com\/blog\/2011\/08\/06\/atje-ku-tregojne-se-ka-dredheza-shume-merreni-shporten-e-vogel\/","title":{"rendered":"Atje ku tregojn\u00eb se ka dredh\u00ebza shum\u00eb, merreni shport\u00ebn e vog\u00ebl!"},"content":{"rendered":"<p><strong><a href=\"http:\/\/www.visit-ulcinj.com\/blog\/wp-content\/uploads\/2011\/08\/Hasan-Hasanramaj-ne-Ulqin.jpg\"><img loading=\"lazy\" class=\"alignleft size-full wp-image-49675\" title=\"Hasan Hasanramaj ne Ulqin\" src=\"http:\/\/www.visit-ulcinj.com\/blog\/wp-content\/uploads\/2011\/08\/Hasan-Hasanramaj-ne-Ulqin.jpg\" alt=\"\" width=\"490\" height=\"324\" \/><\/a>Nga Hasan Hasanramaj<\/strong><br \/>\nNj\u00eb dhom\u00eb me kat\u00ebr shtret\u00ebr n\u00eb Shqip\u00ebri pushuesve u kushtoi dhjet\u00eb deri n\u00eb pes\u00ebmb\u00ebdhjet\u00eb, kurse n\u00eb Ulqin dyzet deri n\u00eb gjasht\u00ebdhjet\u00eb euro. \u00c7mimet e larta t\u00eb \u00e7adrave, manipulimet me \u00e7mime t\u00eb shit\u00ebseve n\u00eb t\u00eb gjitha nivelet, skizofrenia e shum\u00eb vajzave shqiptare t\u00eb ardhura n\u00eb Ulqin pa prind\u00ebr, aplikimi i shtret\u00ebrve dykat\u00ebsh paraqet rrezik gjat\u00eb koh\u00ebs s\u00eb fjetjes p\u00ebr f\u00ebmij\u00eb dhe t\u00eb rritur, jan\u00eb disa prej fakteve q\u00eb k\u00ebto dit\u00eb i irrituan pushuesit e shumt\u00eb nga Kosova e viset e tjera.<br \/>\nEdhe sivjet pushuesit shqiptar\u00eb dhe t\u00eb tjer\u00ebt nga Kosova, nga Maqedonia, nga Shqip\u00ebria dhe nga Bosnja e Hercegovina, nga diaspora e nga vendet e tjera si vende m\u00eb t\u00eb preferuara p\u00ebr t\u2019i kaluar pushimet verore zgjodh\u00ebn qytetet e bregdetit Adriatik: Ulqinin, Durr\u00ebsin dhe qytetet e tjera, t\u00eb cilat m\u00eb s\u00eb miri i p\u00ebrmbushin k\u00ebrkesat e qytetar\u00ebve, sepse jan\u00eb vendet m\u00eb t\u00eb preferuara p\u00ebr shfryt\u00ebzimin e diellit, r\u00ebr\u00ebs, ujit t\u00eb ngroht\u00eb, bukurit\u00eb natyrore e tjera&#8230;<br \/>\n<a href=\"http:\/\/www.visit-ulcinj.com\/blog\/wp-content\/uploads\/2011\/08\/Hasan-Hasanramaj-ne-Ulqin.1.jpg\"><img loading=\"lazy\" class=\"alignleft size-full wp-image-49676\" title=\"Hasan Hasanramaj ne Ulqin.1\" src=\"http:\/\/www.visit-ulcinj.com\/blog\/wp-content\/uploads\/2011\/08\/Hasan-Hasanramaj-ne-Ulqin.1.jpg\" alt=\"\" width=\"490\" height=\"247\" \/><\/a><br \/>\nP\u00ebr t\u2019u informuar p\u00ebr s\u00eb af\u00ebrmi p\u00ebr kushtet, p\u00ebr v\u00ebrejtjet, p\u00ebr k\u00ebrkesat, vizituam Plazhin e Vog\u00ebl dhe disa pjes\u00eb t\u00eb qytetit t\u00eb Ulqinit, ku n\u00eb bised\u00eb m\u00eb pushuesit e moshave t\u00eb ndryshme v\u00ebrejtjet e tyre i drejtuan n\u00eb \u00e7mimet e larta t\u00eb banesave, \u00e7adrave p\u00ebr mbrojte nga dielli. N\u00eb momentet kur e vizituam Plazhin e Vog\u00ebl n\u00ebn\u00eb hijen e \u00e7adrave p\u00ebr mbrojtjen nga dielli hasem n\u00eb shum\u00eb lexues t\u00eb gazetave t\u00eb p\u00ebrditshme dhe revistave periodike t\u00eb cilat n\u00eb Ulqin arrinin nj\u00eb dit\u00eb m\u00eb von\u00eb. N\u00eb pyetjen ton\u00eb q\u00eb ia b\u00ebm\u00eb shit\u00ebsit t\u00eb gazetave, Avdyl Zogaj, nga Ulqini: \u201cCila prej gazetave \u00ebsht\u00eb m\u00eb e lexuar dhe me e k\u00ebrkuar n\u00eb Ulqinin turistik\u201d mor\u00ebm p\u00ebrgjigjen: \u201c Kosova sot\u201d, \u201cBota sot\u201d, \u201cZ\u00ebri\u201d e t\u00eb tjera.<br \/>\nPushuesit t\u00eb cil\u00ebt vuajn\u00eb nga reumatizmit &#8211; shumica t\u00eb moshave t\u00eb vjetra t\u00eb rraskapitur nga vapa e madhe pat\u00ebn l\u00ebvdata, por edhe v\u00ebrejtje n\u00eb papast\u00ebrtia n\u00eb plazhe e vog\u00ebl, p\u00ebr \u00e7ka fajin m\u00eb t\u00eb madh e mbajn\u00eb vet\u00eb pushuesit e shumt\u00eb, t\u00eb cil\u00ebt edhe pse aty af\u00ebr ekzistojn\u00eb shportat p\u00ebr hedhjen e mbeturinave i hedhin vend e pa vend, gj\u00eb e cila po e sh\u00ebmtonte pamjen e plazhit n\u00eb t\u00eb cil\u00ebn q\u00eb nga or\u00ebt e para t\u00eb m\u00ebngjesit e deri ato n\u00eb vona pushonin qytetaret t\u00eb cil\u00ebt e kalonin koh\u00ebn duke u lar\u00eb, rrezitur, duke luajtur me shah, domino, duke lexuar shtypin e p\u00ebrditshme dhe at\u00eb periodik. F\u00ebmij\u00ebt dhe t\u00eb rinjt\u00eb luanin me r\u00ebr\u00eb dhe top, kurse pjesa tjet\u00ebr me anija t\u00eb vogla shkonin n\u00eb piknik nga plazhi e vog\u00ebl deri t\u00eb lumi Buna dhe anasjelltas p\u00ebr \u00e7ka paguanin tri euro.<\/p>\n<p><a href=\"http:\/\/www.visit-ulcinj.com\/blog\/wp-content\/uploads\/2011\/08\/Hasan-Hasanramaj-ne-Ulqin.2.jpg\"><img loading=\"lazy\" class=\"alignleft size-full wp-image-49677\" title=\"Hasan Hasanramaj ne Ulqin.2\" src=\"http:\/\/www.visit-ulcinj.com\/blog\/wp-content\/uploads\/2011\/08\/Hasan-Hasanramaj-ne-Ulqin.2.jpg\" alt=\"\" width=\"490\" height=\"267\" \/><\/a><br \/>\nV\u00ebrejtja m\u00eb e madhe p\u00ebr pushuesit \u00ebsht\u00eb se edhe p\u00ebrkund\u00ebr faktit s\u00eb n\u00eb af\u00ebrsi t\u00eb plazhit ekzistojn\u00eb taoletet, ata i kryenin nevojat brenda n\u00eb ujin e plazhit, me t\u00eb cil\u00ebn gj\u00eb e rrezikonin sh\u00ebndetin e vet dhe t\u00eb qytetareve t\u00eb gjitha moshave, e sidomos t\u00eb f\u00ebmij\u00ebve.<br \/>\nAndaj, ka ardhur koha q\u00eb k\u00ebtyre qytetareve t\u00eb pand\u00ebrgjegjsh\u00ebm dhe pa kultur\u00eb t\u00eb merren masa nd\u00ebshkuese dhe t\u00eb nj\u00ebjtit t\u00eb d\u00ebnohen me para ose me burg. Nga qytet dhe fshatrat e Kosov\u00ebs takuam grupe t\u00eb rejash nx\u00ebn\u00ebse dhe studente nga t\u00eb cil\u00ebt m\u00ebsuam s\u00eb n\u00eb Ulqinin turistik kan\u00eb ardhur p\u00ebr ta shfryt\u00ebzuar ujin e ngroht\u00eb t\u00eb detit Adriatik, bukurit\u00eb natyrore t\u00eb Ulqinit dhe t\u00eb rrethin\u00ebs, plazhet e bukur m\u00eb r\u00ebr\u00eb t\u00eb mir\u00ebnjohur, t\u00eb cilat ne nuk i kemi n\u00eb Kosov\u00eb. Dor\u00ebn n\u00eb zem\u00ebr n\u00eb krahasim me sezonin turistik t\u00eb vitit t\u00eb kaluar edhe sivjet nuk kemi hasur n\u00eb \u00e7mime reale dhe mikpritje t\u00eb ngroht\u00eb.<br \/>\nV\u00ebrejtje tjet\u00ebr nga pushuesit ishin d\u00ebrguar n\u00eb adres\u00eb t\u00eb shum\u00eb restoranteve, byrektoreve, \u00ebmb\u00ebltoreve, moteleve dhe lokaleve t\u00eb tjera, ku ka munguar kujdesi i duhur p\u00ebr cil\u00ebsin\u00eb e ushqimit q\u00eb u ofronin pushuesve, ka pasur edhe helmime t\u00eb shpeshta.<br \/>\nKa pasur edhe raste t\u00eb konsumimit t\u00eb drog\u00ebs, nga e cila shum\u00eb t\u00eb rinj dhe t\u00eb reja kan\u00eb r\u00ebn\u00eb viktim\u00eb e grupeve t\u00eb huliganeve, t\u00eb cil\u00ebt n\u00eb Ulqinin turistik i mashtruan shum\u00eb vajza shqiptare, t\u00eb cilat kan\u00eb udh\u00ebtuar pa p\u00ebrcjelljen e prind\u00ebrve.<br \/>\nAndej m\u00eb n\u00eb fund u t\u00ebrhiqet v\u00ebrejtja familjareve ose \u201cprind\u00ebrve q\u00eb nuk jan\u00eb prind\u00ebr\u201d q\u00eb n\u00eb t\u00eb ardhmen t\u00eb mos i l\u00ebshojn\u00eb vajzat e tyre me vetura me kusht q\u00eb t\u00eb mos bien viktima t\u00eb grupeve t\u00eb rrezikshme mafioze, t\u00eb cilat k\u00ebsaj radhe n\u00eb Ulqinin turistik udh\u00ebtuan p\u00ebr te organizua skizofreni me vajzat shqiptare pa prind\u00ebr dhe pa p\u00ebrcjellje. N\u00eb plazhin e bukur t\u00eb Ulqinit takuam edhe grupe t\u00eb nx\u00ebn\u00ebsve t\u00eb shkollave fillore t\u00eb qyteteve dhe t\u00eb fshatrave t\u00eb Kosov\u00ebs me t\u00eb cil\u00ebt nga biseda q\u00eb e zhvilluam me ta m\u00ebsuam s\u00eb k\u00ebto dit\u00eb t\u00eb nxehta vere n\u00eb Ulqinin turistik i kaluan duke u lar\u00eb n\u00eb ujin ngroht\u00eb t\u00eb detit dhe duke u rrezitur n\u00eb r\u00ebr\u00ebn nxeht\u00eb t\u00eb Plazhit t\u00eb Vog\u00ebl. K\u00ebta vog\u00eblush\u00eb pas larjes dhe rrezitjes koh\u00ebn m\u00eb t\u00eb madhe e kalojn\u00eb duke luajtur m\u00eb r\u00ebr\u00eb, duke nd\u00ebrtua sht\u00ebpi dhe objekte t\u00eb tjera nga r\u00ebra.<br \/>\nN\u00eb or\u00ebt e mbr\u00ebmjes f\u00ebmij\u00ebt e t\u00eb rinjt\u00eb koh\u00ebn e lir\u00eb e kalonin me prind\u00ebrit e tyre duke sh\u00ebtitur n\u00eb korzo n\u00eb af\u00ebrsi t\u00eb Plazhit t\u00eb Vog\u00ebl dhe n\u00eb pjes\u00ebt e tjera t\u00eb qytetit t\u00eb bukur t\u00eb Ulqinit, kurse ata q\u00eb kishin \u201cxhepa t\u00eb mbushur\u201d shkonin n\u00ebp\u00ebr tarraca t\u00eb hapura verore t\u00eb hoteleve dhe t\u00eb moteleve p\u00ebr t\u2019i p\u00ebrcjell\u00eb k\u00ebng\u00ebtaret e mir\u00ebnjohur t\u00eb muzik\u00ebs popullore dhe asaj arg\u00ebtuese q\u00eb kishin ardhur nga Kosova, nga Shqip\u00ebria dhe nga viset e tjera shqiptare.<br \/>\nV\u00ebllez\u00ebr ulqinak\u00eb, nj\u00eb dit\u00eb mund t\u00eb pendoheni, por at\u00ebher\u00eb do t\u00eb b\u00ebhet von\u00eb!<br \/>\n<a href=\"http:\/\/www.visit-ulcinj.com\/blog\/wp-content\/uploads\/2011\/08\/Hasan-Hasanramaj-ne-Ulqin.3.jpg\"><img loading=\"lazy\" class=\"alignleft size-full wp-image-49678\" title=\"Hasan Hasanramaj ne Ulqin.3\" src=\"http:\/\/www.visit-ulcinj.com\/blog\/wp-content\/uploads\/2011\/08\/Hasan-Hasanramaj-ne-Ulqin.3.jpg\" alt=\"\" width=\"490\" height=\"576\" \/><\/a><br \/>\nZyrtar\u00ebt e Kuvendit t\u00eb Komun\u00ebs s\u00eb Ulqinit dhe agjencit\u00eb turistike n\u00eb prag t\u00eb fillimit t\u00eb k\u00ebtij sezoni turistik pushuesve t\u00eb Kosov\u00ebs n\u00ebp\u00ebrmjet mjeteve t\u00eb informimit u pat\u00ebn premtuar pos infrastruktur\u00ebs, \u00e7mime m\u00eb t\u00eb favorshme, m\u00eb shum\u00eb past\u00ebrti, jet\u00eb m\u00eb t\u00eb begatshme kulturore, dhe shum\u00eb gjera t\u00eb tjera. P\u00ebr fat t\u00eb keq shum\u00eb prej k\u00ebtyre premtimeve nuk u send\u00ebrtua n\u00eb jet\u00eb dhe n\u00eb vep\u00ebr?! Andaj nj\u00eb fjal\u00eb popullore thot\u00eb: \u201c Aty ku tregojn\u00eb se ka dredh\u00ebza shum\u00eb, merreni shport\u00ebn e vog\u00ebl!\u201d. Edhe gjat\u00eb k\u00ebtij sezoni turistik k\u00ebtu n\u00eb m\u00ebnyr\u00eb m\u00eb drastike jan\u00eb shkelur premtimet e dh\u00ebna nga shum\u00eb ulqinak\u00eb, t\u00eb cil\u00ebt gjat\u00eb muaji korrik, kur e pan\u00eb v\u00ebrshimet e m\u00ebdha t\u00eb qytetar\u00ebve q\u00eb nuk mbahet mend, pa pritur \u00e7mimet p\u00ebr nj\u00eb shtrat i rriten n\u00eb gjasht\u00eb, shtat\u00eb deri n\u00eb pes\u00ebmb\u00ebdhjet\u00eb euro?! \u00c7ka do t\u00eb thot\u00eb p\u00ebr nj\u00eb dhom\u00eb me kat\u00ebr shtret\u00ebr \u00e7mimet silleshin nga dyzet deri n\u00eb gjasht\u00ebdhjet\u00eb euro. Kurse n\u00eb Durr\u00ebs e vendet e tjera n\u00eb Shqip\u00ebri nj\u00eb dhom\u00eb me kat\u00ebr shtret\u00ebr kushton dhjet\u00eb deri n\u00eb pes\u00ebmb\u00ebdhjet\u00eb euro.<br \/>\nEdhe n\u00ebp\u00ebr shitore t\u00eb artikujve ushqimor\u00eb t\u00eb konsumit t\u00eb gjer\u00eb, restorante, kafene, vet\u00ebsh\u00ebrbime, hotele, pushuesit me \u201cxhepa t\u00eb cek\u00ebt\u201d nga Kosova jan\u00eb pla\u00e7kitur n\u00eb forma t\u00eb ndryshme?! T\u00eb gjitha k\u00ebto dhe shum\u00eb dob\u00ebsi t\u00eb tjera q\u00eb u p\u00ebrs\u00ebrit\u00ebn edhe gjat\u00eb k\u00ebtij sezoni turistik, strukturave udh\u00ebheq\u00ebse t\u00eb komun\u00ebs dhe qytetar\u00ebve t\u00eb qytetit t\u00eb Ulqinit &#8211; v\u00ebllez\u00ebrit nga Kosova n\u00eb m\u00ebnyr\u00eb shoq\u00ebrore ua t\u00ebrheqim v\u00ebrejtjen q\u00eb m\u00eb n\u00eb fund t\u00eb mbushen mend dhe t\u2019i mbajn\u00eb premtimet q\u00eb po u japin qytetareve t\u00eb Kosov\u00ebs n\u00eb prag t\u00eb \u00e7do sezoni turistik.<br \/>\n<a href=\"http:\/\/www.visit-ulcinj.com\/blog\/wp-content\/uploads\/2011\/08\/Hasan-Hasanramaj-ne-Ulqin.4.jpg\"><img loading=\"lazy\" class=\"alignleft size-full wp-image-49679\" title=\"Hasan Hasanramaj ne Ulqin.4\" src=\"http:\/\/www.visit-ulcinj.com\/blog\/wp-content\/uploads\/2011\/08\/Hasan-Hasanramaj-ne-Ulqin.4.jpg\" alt=\"\" width=\"490\" height=\"324\" \/><\/a><\/p>\n<p>N\u00eb t\u00eb ardhmen n\u00ebse p\u00ebrs\u00ebriten k\u00ebto dukuri negative shum\u00eb leht\u00eb mund t\u00eb ndodh\u00eb q\u00eb pushuesit e revoltuar nga Kosova ta braktisin bregdetin e Ulqinit dhe t\u00eb orientohen kah bregdeti shqiptar dhe vendet e tjera, ku \u00e7mimet n\u00eb t\u00eb gjitha nivelet jan\u00eb shum\u00eb m\u00eb t\u00eb volitsh\u00ebm p\u00ebr xhepin e qytetar\u00ebve nga Kosova, sesa n\u00eb Ulqinin e bukur turistik. P\u00ebr t\u00eb gjitha k\u00ebto dhe shum\u00eb dob\u00ebsi t\u00eb tjera me t\u00eb cilat u ballafaquan pushuesit nga Kosova me koh\u00eb \u00ebsht\u00eb dashur t\u00eb aktivizohen inspektor\u00ebt n\u00eb t\u00eb gjitha nivelet n\u00eb eliminimin e manipulimeve me \u00e7mime q\u00eb \u00ebsht\u00eb b\u00ebr\u00eb n\u00eb t\u00eb gjitha nivelet, gj\u00eb q\u00eb n\u00eb mas\u00eb t\u00eb madhe i ka revoltuar pushuesit nga Kosova dhe nga viset e tjera.<\/p>\n<p><strong>Bota Sot<\/strong><\/p>\n","protected":false},"excerpt":{"rendered":"<p>Nga Hasan Hasanramaj Nj\u00eb dhom\u00eb me kat\u00ebr shtret\u00ebr n\u00eb Shqip\u00ebri pushuesve u kushtoi dhjet\u00eb deri n\u00eb pes\u00ebmb\u00ebdhjet\u00eb, kurse n\u00eb Ulqin dyzet deri n\u00eb gjasht\u00ebdhjet\u00eb euro. \u00c7mimet e larta t\u00eb \u00e7adrave, manipulimet me \u00e7mime t\u00eb shit\u00ebseve n\u00eb t\u00eb gjitha nivelet, skizofrenia e shum\u00eb vajzave shqiptare t\u00eb ardhura n\u00eb Ulqin pa prind\u00ebr, aplikimi i shtret\u00ebrve dykat\u00ebsh paraqet [&hellip;]<\/p>\n","protected":false},"author":1,"featured_media":0,"comment_status":"open","ping_status":"closed","sticky":false,"template":"","format":"standard","meta":{"spay_email":"","jetpack_publicize_message":"","jetpack_is_tweetstorm":false,"jetpack_publicize_feature_enabled":true},"categories":[14],"tags":[18],"jetpack_publicize_connections":[],"yoast_head":"<!-- This site is optimized with the Yoast SEO plugin v19.1 - https:\/\/yoast.com\/wordpress\/plugins\/seo\/ -->\n<title>Atje ku tregojn\u00eb se ka dredh\u00ebza shum\u00eb, merreni shport\u00ebn e vog\u00ebl! - Lajme nga Ulqini<\/title>\n<meta name=\"description\" content=\"Nga Hasan Hasanramaj Nj\u00eb dhom\u00eb me kat\u00ebr shtret\u00ebr n\u00eb Shqip\u00ebri pushuesve u kushtoi dhjet\u00eb deri n\u00eb pes\u00ebmb\u00ebdhjet\u00eb, kurse n\u00eb Ulqin dyzet deri n\u00eb gjasht\u00ebdhjet\u00eb\" \/>\n<meta name=\"robots\" content=\"index, follow, max-snippet:-1, max-image-preview:large, max-video-preview:-1\" \/>\n<link rel=\"canonical\" href=\"https:\/\/www.visit-ulcinj.com\/blog\/2011\/08\/06\/atje-ku-tregojne-se-ka-dredheza-shume-merreni-shporten-e-vogel\/\" \/>\n<meta property=\"og:locale\" content=\"en_US\" \/>\n<meta property=\"og:type\" content=\"article\" \/>\n<meta property=\"og:title\" content=\"Atje ku tregojn\u00eb se ka dredh\u00ebza shum\u00eb, merreni shport\u00ebn e vog\u00ebl! - Lajme nga Ulqini\" \/>\n<meta property=\"og:description\" content=\"Nga Hasan Hasanramaj Nj\u00eb dhom\u00eb me kat\u00ebr shtret\u00ebr n\u00eb Shqip\u00ebri pushuesve u kushtoi dhjet\u00eb deri n\u00eb pes\u00ebmb\u00ebdhjet\u00eb, kurse n\u00eb Ulqin dyzet deri n\u00eb gjasht\u00ebdhjet\u00eb\" \/>\n<meta property=\"og:url\" content=\"https:\/\/www.visit-ulcinj.com\/blog\/2011\/08\/06\/atje-ku-tregojne-se-ka-dredheza-shume-merreni-shporten-e-vogel\/\" \/>\n<meta property=\"og:site_name\" content=\"Lajme nga Ulqini\" \/>\n<meta property=\"article:published_time\" content=\"2011-08-06T22:27:02+00:00\" \/>\n<meta property=\"article:modified_time\" content=\"2011-08-06T22:27:41+00:00\" \/>\n<meta property=\"og:image\" content=\"http:\/\/www.visit-ulcinj.com\/blog\/wp-content\/uploads\/2011\/08\/Hasan-Hasanramaj-ne-Ulqin.jpg\" \/>\n<meta name=\"twitter:label1\" content=\"Written by\" \/>\n\t<meta name=\"twitter:data1\" content=\"ulqini\" \/>\n\t<meta name=\"twitter:label2\" content=\"Est. reading time\" \/>\n\t<meta name=\"twitter:data2\" content=\"7 minutes\" \/>\n<script type=\"application\/ld+json\" class=\"yoast-schema-graph\">{\"@context\":\"https:\/\/schema.org\",\"@graph\":[{\"@type\":\"WebSite\",\"@id\":\"https:\/\/www.visit-ulcinj.com\/blog\/#website\",\"url\":\"https:\/\/www.visit-ulcinj.com\/blog\/\",\"name\":\"Lajme nga Ulqini\",\"description\":\"Lajme,Vijesti,Ulqini,Ulqin,Crna Gora,Mali i Zi\",\"potentialAction\":[{\"@type\":\"SearchAction\",\"target\":{\"@type\":\"EntryPoint\",\"urlTemplate\":\"https:\/\/www.visit-ulcinj.com\/blog\/?s={search_term_string}\"},\"query-input\":\"required name=search_term_string\"}],\"inLanguage\":\"en-US\"},{\"@type\":\"ImageObject\",\"inLanguage\":\"en-US\",\"@id\":\"https:\/\/www.visit-ulcinj.com\/blog\/2011\/08\/06\/atje-ku-tregojne-se-ka-dredheza-shume-merreni-shporten-e-vogel\/#primaryimage\",\"url\":\"https:\/\/www.visit-ulcinj.com\/blog\/wp-content\/uploads\/2011\/08\/Hasan-Hasanramaj-ne-Ulqin.jpg\",\"contentUrl\":\"https:\/\/www.visit-ulcinj.com\/blog\/wp-content\/uploads\/2011\/08\/Hasan-Hasanramaj-ne-Ulqin.jpg\",\"width\":\"432\",\"height\":\"324\"},{\"@type\":\"WebPage\",\"@id\":\"https:\/\/www.visit-ulcinj.com\/blog\/2011\/08\/06\/atje-ku-tregojne-se-ka-dredheza-shume-merreni-shporten-e-vogel\/#webpage\",\"url\":\"https:\/\/www.visit-ulcinj.com\/blog\/2011\/08\/06\/atje-ku-tregojne-se-ka-dredheza-shume-merreni-shporten-e-vogel\/\",\"name\":\"Atje ku tregojn\u00eb se ka dredh\u00ebza shum\u00eb, merreni shport\u00ebn e vog\u00ebl! - Lajme nga Ulqini\",\"isPartOf\":{\"@id\":\"https:\/\/www.visit-ulcinj.com\/blog\/#website\"},\"primaryImageOfPage\":{\"@id\":\"https:\/\/www.visit-ulcinj.com\/blog\/2011\/08\/06\/atje-ku-tregojne-se-ka-dredheza-shume-merreni-shporten-e-vogel\/#primaryimage\"},\"datePublished\":\"2011-08-06T22:27:02+00:00\",\"dateModified\":\"2011-08-06T22:27:41+00:00\",\"author\":{\"@id\":\"https:\/\/www.visit-ulcinj.com\/blog\/#\/schema\/person\/dcab619c614d3038751c63bc2aadc06d\"},\"description\":\"Nga Hasan Hasanramaj Nj\u00eb dhom\u00eb me kat\u00ebr shtret\u00ebr n\u00eb Shqip\u00ebri pushuesve u kushtoi dhjet\u00eb deri n\u00eb pes\u00ebmb\u00ebdhjet\u00eb, kurse n\u00eb Ulqin dyzet deri n\u00eb gjasht\u00ebdhjet\u00eb\",\"breadcrumb\":{\"@id\":\"https:\/\/www.visit-ulcinj.com\/blog\/2011\/08\/06\/atje-ku-tregojne-se-ka-dredheza-shume-merreni-shporten-e-vogel\/#breadcrumb\"},\"inLanguage\":\"en-US\",\"potentialAction\":[{\"@type\":\"ReadAction\",\"target\":[\"https:\/\/www.visit-ulcinj.com\/blog\/2011\/08\/06\/atje-ku-tregojne-se-ka-dredheza-shume-merreni-shporten-e-vogel\/\"]}]},{\"@type\":\"BreadcrumbList\",\"@id\":\"https:\/\/www.visit-ulcinj.com\/blog\/2011\/08\/06\/atje-ku-tregojne-se-ka-dredheza-shume-merreni-shporten-e-vogel\/#breadcrumb\",\"itemListElement\":[{\"@type\":\"ListItem\",\"position\":1,\"name\":\"Atje ku tregojn\u00eb se ka dredh\u00ebza shum\u00eb, merreni shport\u00ebn e vog\u00ebl!\"}]},{\"@type\":\"Person\",\"@id\":\"https:\/\/www.visit-ulcinj.com\/blog\/#\/schema\/person\/dcab619c614d3038751c63bc2aadc06d\",\"name\":\"ulqini\",\"sameAs\":[\"http:\/\/www.visit-ulcinj.com\"],\"url\":\"https:\/\/www.visit-ulcinj.com\/blog\/author\/admin\/\"}]}<\/script>\n<!-- \/ Yoast SEO plugin. -->","yoast_head_json":{"title":"Atje ku tregojn\u00eb se ka dredh\u00ebza shum\u00eb, merreni shport\u00ebn e vog\u00ebl! - Lajme nga Ulqini","description":"Nga Hasan Hasanramaj Nj\u00eb dhom\u00eb me kat\u00ebr shtret\u00ebr n\u00eb Shqip\u00ebri pushuesve u kushtoi dhjet\u00eb deri n\u00eb pes\u00ebmb\u00ebdhjet\u00eb, kurse n\u00eb Ulqin dyzet deri n\u00eb gjasht\u00ebdhjet\u00eb","robots":{"index":"index","follow":"follow","max-snippet":"max-snippet:-1","max-image-preview":"max-image-preview:large","max-video-preview":"max-video-preview:-1"},"canonical":"https:\/\/www.visit-ulcinj.com\/blog\/2011\/08\/06\/atje-ku-tregojne-se-ka-dredheza-shume-merreni-shporten-e-vogel\/","og_locale":"en_US","og_type":"article","og_title":"Atje ku tregojn\u00eb se ka dredh\u00ebza shum\u00eb, merreni shport\u00ebn e vog\u00ebl! - Lajme nga Ulqini","og_description":"Nga Hasan Hasanramaj Nj\u00eb dhom\u00eb me kat\u00ebr shtret\u00ebr n\u00eb Shqip\u00ebri pushuesve u kushtoi dhjet\u00eb deri n\u00eb pes\u00ebmb\u00ebdhjet\u00eb, kurse n\u00eb Ulqin dyzet deri n\u00eb gjasht\u00ebdhjet\u00eb","og_url":"https:\/\/www.visit-ulcinj.com\/blog\/2011\/08\/06\/atje-ku-tregojne-se-ka-dredheza-shume-merreni-shporten-e-vogel\/","og_site_name":"Lajme nga Ulqini","article_published_time":"2011-08-06T22:27:02+00:00","article_modified_time":"2011-08-06T22:27:41+00:00","og_image":[{"url":"http:\/\/www.visit-ulcinj.com\/blog\/wp-content\/uploads\/2011\/08\/Hasan-Hasanramaj-ne-Ulqin.jpg"}],"twitter_misc":{"Written by":"ulqini","Est. reading time":"7 minutes"},"schema":{"@context":"https:\/\/schema.org","@graph":[{"@type":"WebSite","@id":"https:\/\/www.visit-ulcinj.com\/blog\/#website","url":"https:\/\/www.visit-ulcinj.com\/blog\/","name":"Lajme nga Ulqini","description":"Lajme,Vijesti,Ulqini,Ulqin,Crna Gora,Mali i Zi","potentialAction":[{"@type":"SearchAction","target":{"@type":"EntryPoint","urlTemplate":"https:\/\/www.visit-ulcinj.com\/blog\/?s={search_term_string}"},"query-input":"required name=search_term_string"}],"inLanguage":"en-US"},{"@type":"ImageObject","inLanguage":"en-US","@id":"https:\/\/www.visit-ulcinj.com\/blog\/2011\/08\/06\/atje-ku-tregojne-se-ka-dredheza-shume-merreni-shporten-e-vogel\/#primaryimage","url":"https:\/\/www.visit-ulcinj.com\/blog\/wp-content\/uploads\/2011\/08\/Hasan-Hasanramaj-ne-Ulqin.jpg","contentUrl":"https:\/\/www.visit-ulcinj.com\/blog\/wp-content\/uploads\/2011\/08\/Hasan-Hasanramaj-ne-Ulqin.jpg","width":"432","height":"324"},{"@type":"WebPage","@id":"https:\/\/www.visit-ulcinj.com\/blog\/2011\/08\/06\/atje-ku-tregojne-se-ka-dredheza-shume-merreni-shporten-e-vogel\/#webpage","url":"https:\/\/www.visit-ulcinj.com\/blog\/2011\/08\/06\/atje-ku-tregojne-se-ka-dredheza-shume-merreni-shporten-e-vogel\/","name":"Atje ku tregojn\u00eb se ka dredh\u00ebza shum\u00eb, merreni shport\u00ebn e vog\u00ebl! - Lajme nga Ulqini","isPartOf":{"@id":"https:\/\/www.visit-ulcinj.com\/blog\/#website"},"primaryImageOfPage":{"@id":"https:\/\/www.visit-ulcinj.com\/blog\/2011\/08\/06\/atje-ku-tregojne-se-ka-dredheza-shume-merreni-shporten-e-vogel\/#primaryimage"},"datePublished":"2011-08-06T22:27:02+00:00","dateModified":"2011-08-06T22:27:41+00:00","author":{"@id":"https:\/\/www.visit-ulcinj.com\/blog\/#\/schema\/person\/dcab619c614d3038751c63bc2aadc06d"},"description":"Nga Hasan Hasanramaj Nj\u00eb dhom\u00eb me kat\u00ebr shtret\u00ebr n\u00eb Shqip\u00ebri pushuesve u kushtoi dhjet\u00eb deri n\u00eb pes\u00ebmb\u00ebdhjet\u00eb, kurse n\u00eb Ulqin dyzet deri n\u00eb gjasht\u00ebdhjet\u00eb","breadcrumb":{"@id":"https:\/\/www.visit-ulcinj.com\/blog\/2011\/08\/06\/atje-ku-tregojne-se-ka-dredheza-shume-merreni-shporten-e-vogel\/#breadcrumb"},"inLanguage":"en-US","potentialAction":[{"@type":"ReadAction","target":["https:\/\/www.visit-ulcinj.com\/blog\/2011\/08\/06\/atje-ku-tregojne-se-ka-dredheza-shume-merreni-shporten-e-vogel\/"]}]},{"@type":"BreadcrumbList","@id":"https:\/\/www.visit-ulcinj.com\/blog\/2011\/08\/06\/atje-ku-tregojne-se-ka-dredheza-shume-merreni-shporten-e-vogel\/#breadcrumb","itemListElement":[{"@type":"ListItem","position":1,"name":"Atje ku tregojn\u00eb se ka dredh\u00ebza shum\u00eb, merreni shport\u00ebn e vog\u00ebl!"}]},{"@type":"Person","@id":"https:\/\/www.visit-ulcinj.com\/blog\/#\/schema\/person\/dcab619c614d3038751c63bc2aadc06d","name":"ulqini","sameAs":["http:\/\/www.visit-ulcinj.com"],"url":"https:\/\/www.visit-ulcinj.com\/blog\/author\/admin\/"}]}},"jetpack_featured_media_url":"","jetpack_sharing_enabled":true,"jetpack_shortlink":"https:\/\/wp.me\/pe6lTn-cVc","_links":{"self":[{"href":"https:\/\/www.visit-ulcinj.com\/blog\/wp-json\/wp\/v2\/posts\/49674"}],"collection":[{"href":"https:\/\/www.visit-ulcinj.com\/blog\/wp-json\/wp\/v2\/posts"}],"about":[{"href":"https:\/\/www.visit-ulcinj.com\/blog\/wp-json\/wp\/v2\/types\/post"}],"author":[{"embeddable":true,"href":"https:\/\/www.visit-ulcinj.com\/blog\/wp-json\/wp\/v2\/users\/1"}],"replies":[{"embeddable":true,"href":"https:\/\/www.visit-ulcinj.com\/blog\/wp-json\/wp\/v2\/comments?post=49674"}],"version-history":[{"count":2,"href":"https:\/\/www.visit-ulcinj.com\/blog\/wp-json\/wp\/v2\/posts\/49674\/revisions"}],"predecessor-version":[{"id":49681,"href":"https:\/\/www.visit-ulcinj.com\/blog\/wp-json\/wp\/v2\/posts\/49674\/revisions\/49681"}],"wp:attachment":[{"href":"https:\/\/www.visit-ulcinj.com\/blog\/wp-json\/wp\/v2\/media?parent=49674"}],"wp:term":[{"taxonomy":"category","embeddable":true,"href":"https:\/\/www.visit-ulcinj.com\/blog\/wp-json\/wp\/v2\/categories?post=49674"},{"taxonomy":"post_tag","embeddable":true,"href":"https:\/\/www.visit-ulcinj.com\/blog\/wp-json\/wp\/v2\/tags?post=49674"}],"curies":[{"name":"wp","href":"https:\/\/api.w.org\/{rel}","templated":true}]}}